{"id":33653,"date":"2019-07-18T09:32:48","date_gmt":"2019-07-18T12:32:48","guid":{"rendered":"http:\/\/lavras.tv\/site\/?p=33653"},"modified":"2019-07-18T09:32:48","modified_gmt":"2019-07-18T12:32:48","slug":"repasses-do-governo-de-mg-para-prefeitura-de-lavras-cairam-quase-12-no-primeiro-semestre-de-2019","status":"publish","type":"post","link":"https:\/\/lavras.tv\/site\/2019\/07\/18\/repasses-do-governo-de-mg-para-prefeitura-de-lavras-cairam-quase-12-no-primeiro-semestre-de-2019\/","title":{"rendered":"Repasses do Governo de MG para Prefeitura de Lavras ca\u00edram quase 12% no primeiro semestre de 2019"},"content":{"rendered":"<div class=\"lavra-antes-do-conteudo_2\" id=\"lavra-3962310682\"><div id=\"lavra-slider-27\" class=\"custom-slider lavra-slider-855096352 lavra-slider\"><ul><li><div style=\"margin-left: auto;margin-right: auto;text-align: center;\" id=\"lavra-2546445395\"><a href=\"https:\/\/sistemas.lavras.mg.gov.br\/portalcidadao\/#df1b1a7c7b2a290bcb31e32771e610784662739a88807c0dacac58ede5f391a7530e299dc302d611ee73cb143fc22eaf93592e53e7b5bdb01b00a0b8d28dae460c141dd2ff83412e4dc1c31b16b25f33144a9e5620ea73b13f5bc1c59411d98439ad226e8af03840603796067d87afe130812cf3de24982d0e306f9e61e764e5\" aria-label=\"Lavras-TV&#8211;720x104px (1) (1)\"><img src=\"https:\/\/lavras.tv\/site\/wp-content\/uploads\/2025\/01\/Lavras-TV-720x104px-1-1.png\" alt=\"\"  srcset=\"https:\/\/lavras.tv\/site\/wp-content\/uploads\/2025\/01\/Lavras-TV-720x104px-1-1.png 720w, https:\/\/lavras.tv\/site\/wp-content\/uploads\/2025\/01\/Lavras-TV-720x104px-1-1-470x68.png 470w, https:\/\/lavras.tv\/site\/wp-content\/uploads\/2025\/01\/Lavras-TV-720x104px-1-1-170x25.png 170w, https:\/\/lavras.tv\/site\/wp-content\/uploads\/2025\/01\/Lavras-TV-720x104px-1-1-200x29.png 200w\" sizes=\"(max-width: 720px) 100vw, 720px\" width=\"720\" height=\"104\"  style=\"display: inline-block;\" \/><\/a><\/div><\/li><li><a href=\"https:\/\/sistemas.lavras.mg.gov.br\/portalcidadao\/#df1b1a7c7b2a290bcb31e32771e610784662739a88807c0dacac58ede5f391a7530e299dc302d611ee73cb143fc22eaf93592e53e7b5bdb01b00a0b8d28dae460c141dd2ff83412e4dc1c31b16b25f33144a9e5620ea73b13f5bc1c59411d98439ad226e8af03840603796067d87afe130812cf3de24982d0e306f9e61e764e5\" aria-label=\"Banner_Emprego_PortallavrasTV\"><img src=\"https:\/\/lavras.tv\/site\/wp-content\/uploads\/2025\/03\/Banner_Emprego_PortallavrasTV.png\" alt=\"\"  srcset=\"https:\/\/lavras.tv\/site\/wp-content\/uploads\/2025\/03\/Banner_Emprego_PortallavrasTV.png 720w, https:\/\/lavras.tv\/site\/wp-content\/uploads\/2025\/03\/Banner_Emprego_PortallavrasTV-470x68.png 470w, https:\/\/lavras.tv\/site\/wp-content\/uploads\/2025\/03\/Banner_Emprego_PortallavrasTV-170x25.png 170w, https:\/\/lavras.tv\/site\/wp-content\/uploads\/2025\/03\/Banner_Emprego_PortallavrasTV-200x29.png 200w\" sizes=\"(max-width: 720px) 100vw, 720px\" width=\"720\" height=\"104\"   \/><\/a><\/li><li><a href=\"https:\/\/sistemas.lavras.mg.gov.br\/portalcidadao\/#df1b1a7c7b2a290bcb31e32771e610784662739a88807c0dacac58ede5f391a7530e299dc302d611ee73cb143fc22eaf93592e53e7b5bdb01b00a0b8d28dae460c141dd2ff83412e4dc1c31b16b25f33144a9e5620ea73b13f5bc1c59411d98439ad226e8af03840603796067d87afe130812cf3de24982d0e306f9e61e764e5\" aria-label=\"Banner_Obras_PortallavrasTV\"><img src=\"https:\/\/lavras.tv\/site\/wp-content\/uploads\/2025\/03\/Banner_Obras_PortallavrasTV.png\" alt=\"\"  srcset=\"https:\/\/lavras.tv\/site\/wp-content\/uploads\/2025\/03\/Banner_Obras_PortallavrasTV.png 720w, https:\/\/lavras.tv\/site\/wp-content\/uploads\/2025\/03\/Banner_Obras_PortallavrasTV-470x68.png 470w, https:\/\/lavras.tv\/site\/wp-content\/uploads\/2025\/03\/Banner_Obras_PortallavrasTV-170x25.png 170w, https:\/\/lavras.tv\/site\/wp-content\/uploads\/2025\/03\/Banner_Obras_PortallavrasTV-200x29.png 200w\" sizes=\"(max-width: 720px) 100vw, 720px\" width=\"720\" height=\"104\"   \/><\/a><\/li><li><div style=\"margin-left: auto;margin-right: auto;text-align: center;\" id=\"lavra-2828304906\"><a href=\"https:\/\/sistemas.lavras.mg.gov.br\/portalcidadao\/#df1b1a7c7b2a290bcb31e32771e610784662739a88807c0dacac58ede5f391a7530e299dc302d611ee73cb143fc22eaf93592e53e7b5bdb01b00a0b8d28dae460c141dd2ff83412e4dc1c31b16b25f33144a9e5620ea73b13f5bc1c59411d98439ad226e8af03840603796067d87afe130812cf3de24982d0e306f9e61e764e5\" aria-label=\"Banner_Educa\u00e7\u00e3o_PortallavrasTV\"><img src=\"https:\/\/lavras.tv\/site\/wp-content\/uploads\/2025\/01\/Banner_Educacao_PortallavrasTV.png\" alt=\"\"  srcset=\"https:\/\/lavras.tv\/site\/wp-content\/uploads\/2025\/01\/Banner_Educacao_PortallavrasTV.png 720w, https:\/\/lavras.tv\/site\/wp-content\/uploads\/2025\/01\/Banner_Educacao_PortallavrasTV-470x68.png 470w, https:\/\/lavras.tv\/site\/wp-content\/uploads\/2025\/01\/Banner_Educacao_PortallavrasTV-170x25.png 170w, https:\/\/lavras.tv\/site\/wp-content\/uploads\/2025\/01\/Banner_Educacao_PortallavrasTV-200x29.png 200w\" sizes=\"(max-width: 720px) 100vw, 720px\" width=\"720\" height=\"104\"  style=\"display: inline-block;\" \/><\/a><\/div><\/li><li><a href=\"https:\/\/sistemas.lavras.mg.gov.br\/portalcidadao\/#df1b1a7c7b2a290bcb31e32771e610784662739a88807c0dacac58ede5f391a7530e299dc302d611ee73cb143fc22eaf93592e53e7b5bdb01b00a0b8d28dae460c141dd2ff83412e4dc1c31b16b25f33144a9e5620ea73b13f5bc1c59411d98439ad226e8af03840603796067d87afe130812cf3de24982d0e306f9e61e764e5\" aria-label=\"Banner_Sa\u00fade_PortallavrasTV\"><img src=\"https:\/\/lavras.tv\/site\/wp-content\/uploads\/2025\/03\/Banner_Saude_PortallavrasTV.png\" alt=\"\"  srcset=\"https:\/\/lavras.tv\/site\/wp-content\/uploads\/2025\/03\/Banner_Saude_PortallavrasTV.png 720w, https:\/\/lavras.tv\/site\/wp-content\/uploads\/2025\/03\/Banner_Saude_PortallavrasTV-470x68.png 470w, https:\/\/lavras.tv\/site\/wp-content\/uploads\/2025\/03\/Banner_Saude_PortallavrasTV-170x25.png 170w, https:\/\/lavras.tv\/site\/wp-content\/uploads\/2025\/03\/Banner_Saude_PortallavrasTV-200x29.png 200w\" sizes=\"(max-width: 720px) 100vw, 720px\" width=\"720\" height=\"104\"   \/><\/a><\/li><li><div id=\"lavra-4174020902\" style=\"width:720px;height:104px;background-color:#ddd;overflow:scroll;\">\n\t<strong>Sa\u00edda da depura\u00e7\u00e3o de an\u00fancios<\/strong>\n\t<br><br>\n\tO an\u00fancio n\u00e3o \u00e9 exibido na p\u00e1gina<br><br>post atual: Repasses do Governo de MG para Prefeitura de Lavras ca\u00edram quase 12% no primeiro semestre de 2019, ID: 33653<br><br><span style=\"color: red;\">O post atual n\u00e3o \u00e9 id\u00eantico ao post principal.<\/span><br><br>An\u00fancios: ROXO - TOPO INTERNA - ROTATIVO 2 (197)<br \/>Grupo de an\u00fancios: Princ_Meio01_720x104 (27)<br><br>Condi\u00e7\u00f5es de exibi\u00e7\u00e3o<div style=\"margin-bottom: 20px; white-space: pre-wrap; font-family: monospace; width: 100%; background: #ffe9e9;\"><strong>condi\u00e7\u00f5es gerais<\/strong><table border=\"1\"><thead><tr><th><\/th><th>An\u00fancios<\/th><th>wp_the_query<\/th><\/tr><\/thead><tr><td>is_main_query<\/td><td>1<\/td><td>1<\/td><\/tr><tr><td>is_rest_api<\/td><td>0<\/td><td>1<\/td><\/tr><tr><td>page<\/td><td>0<\/td><td>1<\/td><\/tr><tr><td>numpages<\/td><td>0<\/td><td>1<\/td><\/tr><tr><td>is_archive<\/td><td>1<\/td><td><\/td><\/tr><tr><td>is_search<\/td><td>1<\/td><td><\/td><\/tr><tr><td>is_home<\/td><td>1<\/td><td><\/td><\/tr><tr><td>is_404<\/td><td>1<\/td><td><\/td><\/tr><tr><td>is_attachment<\/td><td>1<\/td><td><\/td><\/tr><tr><td>is_singular<\/td><td>1<\/td><td><\/td><\/tr><tr><td>is_front_page<\/td><td>1<\/td><td><\/td><\/tr><tr><td>is_feed<\/td><td>1<\/td><td><\/td><\/tr><\/table><\/div><br><br><span style=\"color: red;\">Seu site usa HTTPS, mas o c\u00f3digo do an\u00fancio cont\u00e9m HTTP e pode n\u00e3o funcionar.<\/span>\t<br><br>\n\t<a style=\"color: green;\" href=\"https:\/\/wpadvancedads.com\/manual\/ad-debug-mode\/?utm_source=advanced-ads&utm_medium=link&utm_campaign=ad-debug-mode\" target=\"_blank\" rel=\"nofollow\">Encontre solu\u00e7\u00f5es no manual<\/a>\n<\/div>\n<\/li><\/ul><\/div><script>( window.advanced_ads_ready || jQuery( document ).ready ).call( null, function() {var $lavraslider855096352 = jQuery( \".lavra-slider-855096352\" );$lavraslider855096352.on( \"unslider.ready\", function() { jQuery( \"div.custom-slider ul li\" ).css( \"display\", \"block\" ); });$lavraslider855096352.unslider({ delay:4000, autoplay:true, nav:false, arrows:false, infinite:true });$lavraslider855096352.on(\"mouseover\", function() {$lavraslider855096352.unslider(\"stop\");}).on(\"mouseout\", function() {$lavraslider855096352.unslider(\"start\");});});<\/script><\/div><div class=\"mc-column content-text active-extra-styles active-capital-letter\" data-block-type=\"unstyled\" data-block-weight=\"58\" data-block-id=\"2\">\n<p class=\"content-text__container theme-color-primary-first-letter\" data-track-category=\"Link no Texto\" data-track-links=\"\">A transfer\u00eancia de impostos do Governo do Estado para munic\u00edpios caiu 6% entre as 10 cidades que mais receberam repasses no Sul de Minas em 2019. Os dados divulgados, de janeiro a maio, comparados ao mesmo per\u00edodo do ano passado, s\u00e3o do Portal da Transpar\u00eancia do Estado de Minas Gerais e se referem a pagamentos efetivados pelo governo.<\/p>\n<\/div>\n<div class=\"wall protected-content\">\n<div class=\"mc-column content-text active-extra-styles \" data-block-type=\"unstyled\" data-block-weight=\"29\" data-block-id=\"3\">\n<p class=\"content-text__container \" data-track-category=\"Link no Texto\" data-track-links=\"\">Juntas, as 10 cidades do Sul de Minas que mais receberam repasses no 1\u00ba semestre arrecadaram R$ 439,1 milh\u00f5es contra R$ 467,3 milh\u00f5es no mesmo per\u00edodo de 2018.<\/p>\n<p data-track-category=\"Link no Texto\" data-track-links=\"\"><img fetchpriority=\"high\" decoding=\"async\" class=\"alignnone size-full wp-image-1967 aligncenter\" src=\"http:\/\/lavras.tv\/site\/wp-content\/uploads\/2016\/08\/dinheiro.jpg\" alt=\"\" width=\"620\" height=\"465\" srcset=\"https:\/\/lavras.tv\/site\/wp-content\/uploads\/2016\/08\/dinheiro.jpg 620w, https:\/\/lavras.tv\/site\/wp-content\/uploads\/2016\/08\/dinheiro-150x113.jpg 150w, https:\/\/lavras.tv\/site\/wp-content\/uploads\/2016\/08\/dinheiro-300x225.jpg 300w\" sizes=\"(max-width: 620px) 100vw, 620px\" \/><\/p>\n<\/div>\n<div class=\"mc-column content-text active-extra-styles \" data-block-type=\"unstyled\" data-block-weight=\"45\" data-block-id=\"4\">\n<p class=\"content-text__container \" data-track-category=\"Link no Texto\" data-track-links=\"\">Extrema (MG) foi o \u00fanico munic\u00edpio que recebeu mais impostos nos primeiros cinco meses deste ano do que no mesmo per\u00edodo do ano passado. Entre repasses de ICMS, IPI e IPVA, o munic\u00edpio recebeu R$ 77,1 milh\u00f5es neste ano contra R$ 75 milh\u00f5es de 2018.<\/p>\n<\/div>\n<div class=\"mc-column content-text active-extra-styles \" data-block-type=\"unstyled\" data-block-weight=\"36\" data-block-id=\"5\">\n<p class=\"content-text__container \" data-track-category=\"Link no Texto\" data-track-links=\"\">J\u00e1 S\u00e3o Sebasti\u00e3o do Para\u00edso (MG) foi o munic\u00edpio que mais perdeu em transfer\u00eancia de impostos. O munic\u00edpio recebeu R$ 21,5 milh\u00f5es nos cinco primeiros meses de 2018 contra R$ 18,5 milh\u00f5es neste ano.<\/p>\n<\/div>\n<div class=\"row medium-uncollapsed content-text\" data-block-type=\"table-plugin\" data-block-id=\"6\">\n<div class=\"column medium-centered medium-22 large-20\">\n<div class=\"show-table content-media content-media--normal\">\n<p class=\"mc-column show-table__title\">Cidades que mais receberam repasses do governo de MG em 2019<\/p>\n<div class=\"show-table__centralized\">\n<div class=\"show-table__container\">\n<table class=\"show-table__content\n show-table__content--highlight-top show-table__content--highlight-bottom        \"><\/p>\n<tbody>\n<tr>\n<td>Cidade<\/td>\n<td>Recebido em 2019<\/td>\n<td>Recebido em 2018<\/td>\n<td>(%) Varia\u00e7\u00e3o<\/td>\n<\/tr>\n<tr>\n<td>Pouso Alegre<\/td>\n<td>R$ 92,1 milh\u00f5es<\/td>\n<td>R$ 97,4 milh\u00f5es<\/td>\n<td>-5,45<\/td>\n<\/tr>\n<tr>\n<td>Extrema<\/td>\n<td>R$ 77,1 milh\u00f5es<\/td>\n<td>R$ 75 milh\u00f5es<\/td>\n<td>+2,79<\/td>\n<\/tr>\n<tr>\n<td>Po\u00e7os de Caldas<\/td>\n<td>R$ 73,6 milh\u00f5es<\/td>\n<td>R$ 78,4 milh\u00f5es<\/td>\n<td>-6,09<\/td>\n<\/tr>\n<tr>\n<td>Varginha<\/td>\n<td>R$ 50,7 milh\u00f5es<\/td>\n<td>R$ 54,3 milh\u00f5es<\/td>\n<td>-6,67<\/td>\n<\/tr>\n<tr>\n<td>Itajub\u00e1<\/td>\n<td>R$ 29,2 milh\u00f5es<\/td>\n<td>R$ 31,6 milh\u00f5es<\/td>\n<td>-7,35<\/td>\n<\/tr>\n<tr>\n<td>Passos<\/td>\n<td>R$ 28 milh\u00f5es<\/td>\n<td>R$ 31,9 milh\u00f5es<\/td>\n<td>-12,21<\/td>\n<\/tr>\n<tr>\n<td>Alfenas<\/td>\n<td>R$ 24,5 milh\u00f5es<\/td>\n<td>R$ 26 milh\u00f5es<\/td>\n<td>-5,83<\/td>\n<\/tr>\n<tr>\n<td><strong>Lavras<\/strong><\/td>\n<td><strong>R$ 24,1 milh\u00f5es<\/strong><\/td>\n<td><strong>R$ 27,3 milh\u00f5es<\/strong><\/td>\n<td><strong>-11,57<\/strong><\/td>\n<\/tr>\n<tr>\n<td>Tr\u00eas Cora\u00e7\u00f5es<\/td>\n<td>R$ 20,9 milh\u00f5es<\/td>\n<td>R$ 23,5 milh\u00f5es<\/td>\n<td>-11,27<\/td>\n<\/tr>\n<tr>\n<td>S\u00e3o Sebasti\u00e3o do Para\u00edso<\/td>\n<td>R$ 18,5 milh\u00f5es<\/td>\n<td>R$ 21,5 milh\u00f5es<\/td>\n<td>-13,93<\/td>\n<\/tr>\n<tr>\n<td>Total<\/td>\n<td>R$ 439,1 milh\u00f5es<\/td>\n<td>R$ 467,3 milh\u00f5es<\/td>\n<td>-6,03<\/td>\n<\/tr>\n<\/tbody>\n<\/table>\n<\/div>\n<div class=\"show-table__footer\">\n<div class=\"show-table__source\">Fonte: Portal da Transpar\u00eancia do Estado de MG<\/div>\n<\/div>\n<\/div>\n<\/div>\n<\/div>\n<\/div>\n<div class=\"mc-column content-text active-extra-styles\" data-block-type=\"raw\" data-block-weight=\"3\" data-block-id=\"7\">\n<div class=\"content-intertitle\">\n<h2>Disparidade entre munic\u00edpios<\/h2>\n<\/div>\n<\/div>\n<div class=\"mc-column content-text active-extra-styles \" data-block-type=\"unstyled\" data-block-weight=\"56\" data-block-id=\"8\">\n<p class=\"content-text__container \" data-track-category=\"Link no Texto\" data-track-links=\"\">Os n\u00fameros da transfer\u00eancia de impostos mostram uma disparidade entre as 10 cidades que mais recebem os repasses estaduais no Sul de Minas. Pouso Alegre, o munic\u00edpio que mais recebeu repasses na regi\u00e3o (R$ 92,1 milh\u00f5es), arrecadou um montante quase cinco vezes maior que S\u00e3o Sebasti\u00e3o do Para\u00edso, cidade que tem metade de sua popula\u00e7\u00e3o.<\/p>\n<\/div>\n<div class=\"mc-column content-text active-extra-styles \" data-block-type=\"unstyled\" data-block-weight=\"84\" data-block-id=\"10\">\n<p class=\"content-text__container \" data-track-category=\"Link no Texto\" data-track-links=\"\">J\u00e1 Extrema, cidade de apenas 35 mil habitantes, recebe mais impostos (R$ 77,1 milh\u00f5es), do que Po\u00e7os de Caldas (R$ 73,6 milh\u00f5es), que \u00e9 a maior cidade da regi\u00e3o, com 166 mil habitantes. A explica\u00e7\u00e3o para isso \u00e9 o investimento do munic\u00edpio em seu parque industrial, que<a href=\"https:\/\/g1.globo.com\/mg\/sul-de-minas\/noticia\/2018\/12\/19\/extrema-ultrapassa-pocos-de-caldas-e-assume-2a-posicao-entre-os-maiores-pibs-do-sul-de-minas.ghtml\">\u00a0j\u00e1 fez a cidade passar a ter o 2\u00ba maior PIB do Sul de Minas<\/a>. S\u00f3 de ICMS, o Imposto sobre Circula\u00e7\u00e3o de Mercadorias e Servi\u00e7os, Extrema recebeu R$ 72 milh\u00f5es nos primeiros 5 meses do ano.<\/p>\n<\/div>\n<div class=\"mc-column content-text active-extra-styles \" data-block-type=\"unstyled\" data-block-weight=\"45\" data-block-id=\"11\">\n<p class=\"content-text__container \" data-track-category=\"Link no Texto\" data-track-links=\"\">Se levarmos em conta o quanto cada cidade recebe de impostos estaduais em rela\u00e7\u00e3o a cada habitante, Extrema recebe impressionantes R$ 2,1 mil por cada morador, enquanto cidades como Pouso Alegre e Po\u00e7os de Caldas recebem R$ 618,87 e R$ 443,33 por cada habitante, respectivamente.<\/p>\n<\/div>\n<div class=\"mc-column content-text active-extra-styles\" data-block-type=\"raw\" data-block-weight=\"5\" data-block-id=\"12\">\n<div class=\"content-intertitle\">\n<h2>O que diz a Fazenda<\/h2>\n<\/div>\n<\/div>\n<div class=\"mc-column content-text active-extra-styles \" data-block-type=\"unstyled\" data-block-weight=\"82\" data-block-id=\"13\">\n<p class=\"content-text__container \" data-track-category=\"Link no Texto\" data-track-links=\"\">O\u00a0<strong>G1<\/strong>\u00a0entrou em contato com a Secretaria de Estado de Fazenda, que informou que a queda nos repasses nos primeiros cinco meses deste ano sofreu influ\u00eancia do m\u00eas de janeiro, quando n\u00e3o foram repassadas verbas para os munic\u00edpios. Essas verbas, assim como de meses anteriores, entraram em um acordo feito entre o governo e a Associa\u00e7\u00e3o Mineira dos Munic\u00edpios, intermediada pela Justi\u00e7a, cujo prazo de ades\u00e3o terminou nesta semana. No Sul de Minas, apenas quatro munic\u00edpios n\u00e3o aderiram ao acordo.<\/p>\n<\/div>\n<div class=\"mc-column content-text active-extra-styles \" data-block-type=\"unstyled\" data-block-weight=\"21\" data-block-id=\"14\">\n<p class=\"content-text__container \" data-track-category=\"Link no Texto\" data-track-links=\"\">Ainda conforme a secretaria, os repasses dos cinco primeiros meses de 2018 n\u00e3o sofreram atrasos e foram feitos em sua totalidade.<\/p>\n<p data-track-category=\"Link no Texto\" data-track-links=\"\">Fonte: G1<\/p>\n<\/div>\n<\/div>\n","protected":false},"excerpt":{"rendered":"<p>A transfer\u00eancia de impostos do Governo do Estado para munic\u00edpios caiu 6% entre as 10 cidades que mais receberam repasses no Sul de Minas em 2019. Os dados divulgados, de janeiro a maio, comparados ao mesmo per\u00edodo do ano passado, s\u00e3o do Portal da Transpar\u00eancia do Estado de Minas Gerais e se referem a pagamentos [&hellip;]<\/p>\n","protected":false},"author":2,"featured_media":14018,"comment_status":"closed","ping_status":"open","sticky":false,"template":"","format":"standard","meta":{"advgb_blocks_editor_width":"","advgb_blocks_columns_visual_guide":"","_exactmetrics_skip_tracking":false,"_exactmetrics_sitenote_active":false,"_exactmetrics_sitenote_note":"","_exactmetrics_sitenote_category":0,"footnotes":""},"categories":[7,12],"tags":[],"class_list":["post-33653","post","type-post","status-publish","format-standard","has-post-thumbnail","hentry","category-destaques","category-politica"],"better_featured_image":{"id":14018,"alt_text":"","caption":"","description":"","media_type":"image","media_details":{"width":620,"height":465,"file":"2017\/12\/dinheiro.jpg","sizes":{"thumbnail":{"file":"dinheiro-150x113.jpg","width":150,"height":113,"mime-type":"image\/jpeg","source_url":"https:\/\/lavras.tv\/site\/wp-content\/uploads\/2017\/12\/dinheiro-150x113.jpg"},"medium":{"file":"dinheiro-300x225.jpg","width":300,"height":225,"mime-type":"image\/jpeg","source_url":"https:\/\/lavras.tv\/site\/wp-content\/uploads\/2017\/12\/dinheiro-300x225.jpg"},"featured-post-img":{"file":"dinheiro-480x320.jpg","width":480,"height":320,"mime-type":"image\/jpeg","source_url":"https:\/\/lavras.tv\/site\/wp-content\/uploads\/2017\/12\/dinheiro-480x320.jpg"},"sow-carousel-default":{"file":"dinheiro-272x182.jpg","width":272,"height":182,"mime-type":"image\/jpeg","source_url":"https:\/\/lavras.tv\/site\/wp-content\/uploads\/2017\/12\/dinheiro-272x182.jpg"}},"image_meta":{"aperture":"0","credit":"","camera":"","caption":"","created_timestamp":"0","copyright":"","focal_length":"0","iso":"0","shutter_speed":"0","title":"","orientation":"0","keywords":[]}},"post":14017,"source_url":"https:\/\/lavras.tv\/site\/wp-content\/uploads\/2017\/12\/dinheiro.jpg"},"author_meta":{"display_name":"Lavras TV","author_link":"https:\/\/lavras.tv\/site\/author\/lavrastv\/"},"featured_img":"https:\/\/lavras.tv\/site\/wp-content\/uploads\/2017\/12\/dinheiro-300x225.jpg","coauthors":[],"tax_additional":{"categories":{"linked":["<a href=\"https:\/\/lavras.tv\/site\/category\/destaques\/\" class=\"advgb-post-tax-term\">Destaques<\/a>","<a href=\"https:\/\/lavras.tv\/site\/category\/politica\/\" class=\"advgb-post-tax-term\">Pol\u00edtica<\/a>"],"unlinked":["<span class=\"advgb-post-tax-term\">Destaques<\/span>","<span class=\"advgb-post-tax-term\">Pol\u00edtica<\/span>"]}},"comment_count":"0","relative_dates":{"created":"Publicado 7 anos atr\u00e1s","modified":"Atualizado 7 anos atr\u00e1s"},"absolute_dates":{"created":"Publicado em 18 de julho de 2019","modified":"Atualizado em 18 de julho de 2019"},"absolute_dates_time":{"created":"Publicado em 18 de julho de 2019 09:32","modified":"Atualizado em 18 de julho de 2019 09:32"},"featured_img_caption":"","series_order":"","_links":{"self":[{"href":"https:\/\/lavras.tv\/site\/wp-json\/wp\/v2\/posts\/33653","targetHints":{"allow":["GET"]}}],"collection":[{"href":"https:\/\/lavras.tv\/site\/wp-json\/wp\/v2\/posts"}],"about":[{"href":"https:\/\/lavras.tv\/site\/wp-json\/wp\/v2\/types\/post"}],"author":[{"embeddable":true,"href":"https:\/\/lavras.tv\/site\/wp-json\/wp\/v2\/users\/2"}],"replies":[{"embeddable":true,"href":"https:\/\/lavras.tv\/site\/wp-json\/wp\/v2\/comments?post=33653"}],"version-history":[{"count":1,"href":"https:\/\/lavras.tv\/site\/wp-json\/wp\/v2\/posts\/33653\/revisions"}],"predecessor-version":[{"id":33654,"href":"https:\/\/lavras.tv\/site\/wp-json\/wp\/v2\/posts\/33653\/revisions\/33654"}],"wp:featuredmedia":[{"embeddable":true,"href":"https:\/\/lavras.tv\/site\/wp-json\/wp\/v2\/media\/14018"}],"wp:attachment":[{"href":"https:\/\/lavras.tv\/site\/wp-json\/wp\/v2\/media?parent=33653"}],"wp:term":[{"taxonomy":"category","embeddable":true,"href":"https:\/\/lavras.tv\/site\/wp-json\/wp\/v2\/categories?post=33653"},{"taxonomy":"post_tag","embeddable":true,"href":"https:\/\/lavras.tv\/site\/wp-json\/wp\/v2\/tags?post=33653"}],"curies":[{"name":"wp","href":"https:\/\/api.w.org\/{rel}","templated":true}]}}