{"id":3397,"date":"2016-10-28T11:25:21","date_gmt":"2016-10-28T13:25:21","guid":{"rendered":"http:\/\/lavras.tv\/site\/?p=3397"},"modified":"2016-10-28T11:25:21","modified_gmt":"2016-10-28T13:25:21","slug":"governo-do-estado-anuncia-inicio-dos-voos-comerciais-em-lavras-para-2-de-novembro","status":"publish","type":"post","link":"https:\/\/lavras.tv\/site\/2016\/10\/28\/governo-do-estado-anuncia-inicio-dos-voos-comerciais-em-lavras-para-2-de-novembro\/","title":{"rendered":"Governo do Estado anuncia in\u00edcio dos v\u00f4os comerciais em Lavras para 2 de novembro"},"content":{"rendered":"<div class=\"lavra-antes-do-conteudo_2\" id=\"lavra-1048076945\"><div id=\"lavra-slider-27\" class=\"custom-slider lavra-slider-3690993754 lavra-slider\"><ul><li><div style=\"margin-left: auto;margin-right: auto;text-align: center;\" id=\"lavra-1153521323\"><a href=\"https:\/\/sistemas.lavras.mg.gov.br\/portalcidadao\/#df1b1a7c7b2a290bcb31e32771e610784662739a88807c0dacac58ede5f391a7530e299dc302d611ee73cb143fc22eaf93592e53e7b5bdb01b00a0b8d28dae460c141dd2ff83412e4dc1c31b16b25f33144a9e5620ea73b13f5bc1c59411d98439ad226e8af03840603796067d87afe130812cf3de24982d0e306f9e61e764e5\" aria-label=\"Lavras-TV&#8211;720x104px (1) (1)\"><img src=\"https:\/\/lavras.tv\/site\/wp-content\/uploads\/2025\/01\/Lavras-TV-720x104px-1-1.png\" alt=\"\"  srcset=\"https:\/\/lavras.tv\/site\/wp-content\/uploads\/2025\/01\/Lavras-TV-720x104px-1-1.png 720w, https:\/\/lavras.tv\/site\/wp-content\/uploads\/2025\/01\/Lavras-TV-720x104px-1-1-470x68.png 470w, https:\/\/lavras.tv\/site\/wp-content\/uploads\/2025\/01\/Lavras-TV-720x104px-1-1-170x25.png 170w, https:\/\/lavras.tv\/site\/wp-content\/uploads\/2025\/01\/Lavras-TV-720x104px-1-1-200x29.png 200w\" sizes=\"(max-width: 720px) 100vw, 720px\" width=\"720\" height=\"104\"  style=\"display: inline-block;\" \/><\/a><\/div><\/li><li><a href=\"https:\/\/sistemas.lavras.mg.gov.br\/portalcidadao\/#df1b1a7c7b2a290bcb31e32771e610784662739a88807c0dacac58ede5f391a7530e299dc302d611ee73cb143fc22eaf93592e53e7b5bdb01b00a0b8d28dae460c141dd2ff83412e4dc1c31b16b25f33144a9e5620ea73b13f5bc1c59411d98439ad226e8af03840603796067d87afe130812cf3de24982d0e306f9e61e764e5\" aria-label=\"Banner_Emprego_PortallavrasTV\"><img src=\"https:\/\/lavras.tv\/site\/wp-content\/uploads\/2025\/03\/Banner_Emprego_PortallavrasTV.png\" alt=\"\"  srcset=\"https:\/\/lavras.tv\/site\/wp-content\/uploads\/2025\/03\/Banner_Emprego_PortallavrasTV.png 720w, https:\/\/lavras.tv\/site\/wp-content\/uploads\/2025\/03\/Banner_Emprego_PortallavrasTV-470x68.png 470w, https:\/\/lavras.tv\/site\/wp-content\/uploads\/2025\/03\/Banner_Emprego_PortallavrasTV-170x25.png 170w, https:\/\/lavras.tv\/site\/wp-content\/uploads\/2025\/03\/Banner_Emprego_PortallavrasTV-200x29.png 200w\" sizes=\"(max-width: 720px) 100vw, 720px\" width=\"720\" height=\"104\"   \/><\/a><\/li><li><a href=\"https:\/\/sistemas.lavras.mg.gov.br\/portalcidadao\/#df1b1a7c7b2a290bcb31e32771e610784662739a88807c0dacac58ede5f391a7530e299dc302d611ee73cb143fc22eaf93592e53e7b5bdb01b00a0b8d28dae460c141dd2ff83412e4dc1c31b16b25f33144a9e5620ea73b13f5bc1c59411d98439ad226e8af03840603796067d87afe130812cf3de24982d0e306f9e61e764e5\" aria-label=\"Banner_Obras_PortallavrasTV\"><img src=\"https:\/\/lavras.tv\/site\/wp-content\/uploads\/2025\/03\/Banner_Obras_PortallavrasTV.png\" alt=\"\"  srcset=\"https:\/\/lavras.tv\/site\/wp-content\/uploads\/2025\/03\/Banner_Obras_PortallavrasTV.png 720w, https:\/\/lavras.tv\/site\/wp-content\/uploads\/2025\/03\/Banner_Obras_PortallavrasTV-470x68.png 470w, https:\/\/lavras.tv\/site\/wp-content\/uploads\/2025\/03\/Banner_Obras_PortallavrasTV-170x25.png 170w, https:\/\/lavras.tv\/site\/wp-content\/uploads\/2025\/03\/Banner_Obras_PortallavrasTV-200x29.png 200w\" sizes=\"(max-width: 720px) 100vw, 720px\" width=\"720\" height=\"104\"   \/><\/a><\/li><li><div style=\"margin-left: auto;margin-right: auto;text-align: center;\" id=\"lavra-762429331\"><a href=\"https:\/\/sistemas.lavras.mg.gov.br\/portalcidadao\/#df1b1a7c7b2a290bcb31e32771e610784662739a88807c0dacac58ede5f391a7530e299dc302d611ee73cb143fc22eaf93592e53e7b5bdb01b00a0b8d28dae460c141dd2ff83412e4dc1c31b16b25f33144a9e5620ea73b13f5bc1c59411d98439ad226e8af03840603796067d87afe130812cf3de24982d0e306f9e61e764e5\" aria-label=\"Banner_Educa\u00e7\u00e3o_PortallavrasTV\"><img src=\"https:\/\/lavras.tv\/site\/wp-content\/uploads\/2025\/01\/Banner_Educacao_PortallavrasTV.png\" alt=\"\"  srcset=\"https:\/\/lavras.tv\/site\/wp-content\/uploads\/2025\/01\/Banner_Educacao_PortallavrasTV.png 720w, https:\/\/lavras.tv\/site\/wp-content\/uploads\/2025\/01\/Banner_Educacao_PortallavrasTV-470x68.png 470w, https:\/\/lavras.tv\/site\/wp-content\/uploads\/2025\/01\/Banner_Educacao_PortallavrasTV-170x25.png 170w, https:\/\/lavras.tv\/site\/wp-content\/uploads\/2025\/01\/Banner_Educacao_PortallavrasTV-200x29.png 200w\" sizes=\"(max-width: 720px) 100vw, 720px\" width=\"720\" height=\"104\"  style=\"display: inline-block;\" \/><\/a><\/div><\/li><li><a href=\"https:\/\/sistemas.lavras.mg.gov.br\/portalcidadao\/#df1b1a7c7b2a290bcb31e32771e610784662739a88807c0dacac58ede5f391a7530e299dc302d611ee73cb143fc22eaf93592e53e7b5bdb01b00a0b8d28dae460c141dd2ff83412e4dc1c31b16b25f33144a9e5620ea73b13f5bc1c59411d98439ad226e8af03840603796067d87afe130812cf3de24982d0e306f9e61e764e5\" aria-label=\"Banner_Sa\u00fade_PortallavrasTV\"><img src=\"https:\/\/lavras.tv\/site\/wp-content\/uploads\/2025\/03\/Banner_Saude_PortallavrasTV.png\" alt=\"\"  srcset=\"https:\/\/lavras.tv\/site\/wp-content\/uploads\/2025\/03\/Banner_Saude_PortallavrasTV.png 720w, https:\/\/lavras.tv\/site\/wp-content\/uploads\/2025\/03\/Banner_Saude_PortallavrasTV-470x68.png 470w, https:\/\/lavras.tv\/site\/wp-content\/uploads\/2025\/03\/Banner_Saude_PortallavrasTV-170x25.png 170w, https:\/\/lavras.tv\/site\/wp-content\/uploads\/2025\/03\/Banner_Saude_PortallavrasTV-200x29.png 200w\" sizes=\"(max-width: 720px) 100vw, 720px\" width=\"720\" height=\"104\"   \/><\/a><\/li><li><div id=\"lavra-2136135480\" style=\"width:720px;height:104px;background-color:#ddd;overflow:scroll;\">\n\t<strong>Sa\u00edda da depura\u00e7\u00e3o de an\u00fancios<\/strong>\n\t<br><br>\n\tO an\u00fancio n\u00e3o \u00e9 exibido na p\u00e1gina<br><br>post atual: Governo do Estado anuncia in\u00edcio dos v\u00f4os comerciais em Lavras para 2 de novembro, ID: 3397<br><br><span style=\"color: red;\">O post atual n\u00e3o \u00e9 id\u00eantico ao post principal.<\/span><br><br>An\u00fancios: ROXO - TOPO INTERNA - ROTATIVO 2 (197)<br \/>Grupo de an\u00fancios: Princ_Meio01_720x104 (27)<br><br>Condi\u00e7\u00f5es de exibi\u00e7\u00e3o<div style=\"margin-bottom: 20px; white-space: pre-wrap; font-family: monospace; width: 100%; background: #ffe9e9;\"><strong>condi\u00e7\u00f5es gerais<\/strong><table border=\"1\"><thead><tr><th><\/th><th>An\u00fancios<\/th><th>wp_the_query<\/th><\/tr><\/thead><tr><td>is_main_query<\/td><td>1<\/td><td>1<\/td><\/tr><tr><td>is_rest_api<\/td><td>0<\/td><td>1<\/td><\/tr><tr><td>page<\/td><td>0<\/td><td>1<\/td><\/tr><tr><td>numpages<\/td><td>0<\/td><td>1<\/td><\/tr><tr><td>is_archive<\/td><td>1<\/td><td><\/td><\/tr><tr><td>is_search<\/td><td>1<\/td><td><\/td><\/tr><tr><td>is_home<\/td><td>1<\/td><td><\/td><\/tr><tr><td>is_404<\/td><td>1<\/td><td><\/td><\/tr><tr><td>is_attachment<\/td><td>1<\/td><td><\/td><\/tr><tr><td>is_singular<\/td><td>1<\/td><td><\/td><\/tr><tr><td>is_front_page<\/td><td>1<\/td><td><\/td><\/tr><tr><td>is_feed<\/td><td>1<\/td><td><\/td><\/tr><\/table><\/div><br><br><span style=\"color: red;\">Seu site usa HTTPS, mas o c\u00f3digo do an\u00fancio cont\u00e9m HTTP e pode n\u00e3o funcionar.<\/span>\t<br><br>\n\t<a style=\"color: green;\" href=\"https:\/\/wpadvancedads.com\/manual\/ad-debug-mode\/?utm_source=advanced-ads&utm_medium=link&utm_campaign=ad-debug-mode\" target=\"_blank\" rel=\"nofollow\">Encontre solu\u00e7\u00f5es no manual<\/a>\n<\/div>\n<\/li><\/ul><\/div><script>( window.advanced_ads_ready || jQuery( document ).ready ).call( null, function() {var $lavraslider3690993754 = jQuery( \".lavra-slider-3690993754\" );$lavraslider3690993754.on( \"unslider.ready\", function() { jQuery( \"div.custom-slider ul li\" ).css( \"display\", \"block\" ); });$lavraslider3690993754.unslider({ delay:4000, autoplay:true, nav:false, arrows:false, infinite:true });$lavraslider3690993754.on(\"mouseover\", function() {$lavraslider3690993754.unslider(\"stop\");}).on(\"mouseout\", function() {$lavraslider3690993754.unslider(\"start\");});});<\/script><\/div><p class=\"x_MsoNormal\">O Governo do Estado de Minas Gerais, por meio da Companhia de Desenvolvimento Econ\u00f4mico de Minas Gerais (Codemig) e da Secretaria de Estado de Transportes e Obras P\u00fablicas (Setop), inicia a segunda fase do Projeto de Integra\u00e7\u00e3o Regional de Minas Gerais \u2013 Modal A\u00e9reo (PIRMA). <!--more-->Cinco novas cidades foram inclu\u00eddas \u00e0s rotas, que passam a ter, al\u00e9m de voos diretos para o Aeroporto da Pampulha, em Belo Horizonte, op\u00e7\u00f5es de escala, com voos que ligam os munic\u00edpios do interior entre si. Com as mudan\u00e7as, mais dois dos 17 territ\u00f3rios de desenvolvimento definidos pelo Governo do Estado ser\u00e3o atendidos pelo projeto: Sudoeste e Tri\u00e2ngulo Sul.<\/p>\n<p class=\"x_MsoNormal\">\u00a0As novas cidades inclu\u00eddas ao projeto s\u00e3o: Arax\u00e1, Lavras, Manhua\u00e7u, Passos e Pouso Alegre. Elas ter\u00e3o voos de liga\u00e7\u00e3o com Belo Horizonte e ser\u00e3o inclu\u00eddas aos circuitos criados para conex\u00e3o entre os outros 12 munic\u00edpios da primeira fase do projeto: Curvelo, Diamantina, Divin\u00f3polis, Juiz de Fora, Muria\u00e9, Patos de Minas, Ponte Nova, S\u00e3o Jo\u00e3o del-Rei, Te\u00f3filo Otoni, Ub\u00e1, Varginha e Vi\u00e7osa. Com a cria\u00e7\u00e3o dos circuitos, o projeto oferecer\u00e1 voos diretos e voos com mais de um trecho.<\/p>\n<figure id=\"attachment_3398\" aria-describedby=\"caption-attachment-3398\" style=\"width: 512px\" class=\"wp-caption alignright\"><img fetchpriority=\"high\" decoding=\"async\" class=\"size-full wp-image-3398\" src=\"http:\/\/lavras.tv\/site\/wp-content\/uploads\/2016\/10\/aeroportobaunilha.jpg\" alt=\"Aeroporto de Lavras\" width=\"512\" height=\"344\" srcset=\"https:\/\/lavras.tv\/site\/wp-content\/uploads\/2016\/10\/aeroportobaunilha.jpg 512w, https:\/\/lavras.tv\/site\/wp-content\/uploads\/2016\/10\/aeroportobaunilha-150x101.jpg 150w, https:\/\/lavras.tv\/site\/wp-content\/uploads\/2016\/10\/aeroportobaunilha-300x202.jpg 300w, https:\/\/lavras.tv\/site\/wp-content\/uploads\/2016\/10\/aeroportobaunilha-272x182.jpg 272w\" sizes=\"(max-width: 512px) 100vw, 512px\" \/><figcaption id=\"caption-attachment-3398\" class=\"wp-caption-text\">Aeroporto de Lavras<\/figcaption><\/figure>\n<p class=\"x_MsoNormal\">\u00a0\u201cN\u00f3s queremos com essa iniciativa, atrav\u00e9s da Codemig, integrar ainda mais as regi\u00f5es de Minas. Como disse Guimar\u00e3es Rosa, \u2018Minas s\u00e3o muitas\u2019. E eu tenho certeza, que essa iniciativa integra essas v\u00e1rias Minas Gerais, que n\u00f3s temos no nosso estado. O Governo de Minas, o governador Fernando Pimentel e a Codemig cumprem o seu papel, fazendo com que o nosso estado cres\u00e7a e se desenvolva ainda mais\u201d, destaca o secret\u00e1rio de Estado de Governo, Odair Cunha.<\/p>\n<p class=\"x_MsoNormal\">\u00a0As novas rotas est\u00e3o dispon\u00edveis para comercializa\u00e7\u00e3o a partir desta quinta-feira, 27\/10, e os novos voos come\u00e7am na quarta-feira, 02\/11. A venda dos vouchers continua a ser feita pelo site www.voeminasgerais.com.br.<\/p>\n<p class=\"x_MsoNormal\">A plataforma de compras foi aprimorada: agora, o cliente possuir\u00e1 uma conta de usu\u00e1rio, na qual poder\u00e1 acessar seu hist\u00f3rico de compras, atualizar dados pessoais e solicitar reembolsos, reemiss\u00f5es, remarca\u00e7\u00f5es e cancelamentos. Al\u00e9m disso, o web check-in foi viabilizado, a pesquisa de voos oferece resultados mais precisos aos interessados (com op\u00e7\u00f5es do destino para toda a semana), a interface de compras est\u00e1 mais amig\u00e1vel, e o acesso por dispositivos port\u00e1teis foi aperfei\u00e7oado. Desde seu lan\u00e7amento, o site recebeu mais de 110 mil acessos.<\/p>\n<p class=\"x_MsoNormal\">\u00a0O passageiro agora poder\u00e1 adquirir seu voucher at\u00e9 40 minutos antes do voo, havendo disponibilidade. Outra novidade \u00e9 a possibilidade de venda de vouchers no balc\u00e3o de atendimento dos aeroportos. Nos voos com sa\u00edda programada, os usu\u00e1rios poder\u00e3o comprar at\u00e9 a abertura do check-in (venda tipo go-show). Ag\u00eancias tamb\u00e9m poder\u00e3o realizar reserva de bilhete, assegurando o voucher para seus clientes dentro de um prazo pr\u00e9-estabelecido, at\u00e9 a efetiva\u00e7\u00e3o da compra.<\/p>\n<p class=\"x_MsoNormal\">\u00a0As rotas da primeira fase do projeto foram definidas a partir de uma pesquisa, que ouviu mais de 2 mil pessoas em 31 munic\u00edpios. Nesta segunda fase, a partir da avalia\u00e7\u00e3o do primeiro m\u00eas de funcionamento, os voos foram remanejados para garantir a presta\u00e7\u00e3o do servi\u00e7o mais intensa nos locais onde houve maior procura de vouchers e tamb\u00e9m atender a demanda das novas cidades. Tamb\u00e9m foram consideradas as sugest\u00f5es feitas por passageiros e moradores dos munic\u00edpios atendidos na primeira fase do projeto, sobre dias e hor\u00e1rios dos voos.<\/p>\n<p class=\"x_MsoNormal\"><b>\u00a0<\/b><\/p>\n<p class=\"x_MsoNormal\"><b>Experi\u00eancia<\/b><\/p>\n<p class=\"x_MsoNormal\">\u00a0O administrador Rodrigo Sim\u00f5es fez o trajeto de Curvelo a Belo Horizonte, trocando cerca de tr\u00eas horas de estrada por 27 minutos de voo. \u201cFoi muito bom! Avi\u00e3o \u00f3timo, confort\u00e1vel e pessoal competente. Tudo muito bom e n\u00e3o tenho do que reclamar. Espero que o projeto continue, pois pretendo usar bastante. Facilitou minha vida\u201d, afirma.<\/p>\n<p class=\"x_MsoNormal\">\u00a0Outro passageiro que destaca a agilidade e a conveni\u00eancia do transporte a\u00e9reo \u00e9 o m\u00e9dico Guilherme Ant\u00f4nio de Lima e Silva, que viajou de Diamantina at\u00e9 a capital pelo projeto. \u201cToda primeira semana do m\u00eas fa\u00e7o esse trajeto e agora s\u00f3 irei utilizar o PIRMA. Espero, ainda, que incluam mais voos, para ampliar o meu leque de escolhas. Serei cliente costumaz\u201d, diz.<\/p>\n<p class=\"x_MsoNormal\">\u00a0A seguran\u00e7a oferecida nessa modalidade de voos, ao passageiro e ao transporte de cargas, \u00e9 indicada pelo administrador de empresas e palestrante Jos\u00e9 Roberto Caja\u00edba como um dos pontos fortes do PIRMA. Ele fez o percurso entre Patos de Minas e Belo Horizonte e elogiou a iniciativa. \u201cViajo muito a trabalho, portanto, preciso muito voar. O projeto me ajudou muito nesse quesito. Al\u00e9m disso, um avi\u00e3o de pequeno porte e um voo curto s\u00e3o muito mais seguros e velozes que uma viagem de carro ou de \u00f4nibus, principalmente para quem transporta cargas e objetos valiosos\u201d, avalia.<\/p>\n<p class=\"x_MsoNormal\"><b>\u00a0<\/b><\/p>\n<p class=\"x_MsoNormal\"><b>Primeira fase<\/b><\/p>\n<p class=\"x_MsoNormal\">\u00a0O PIRMA foi lan\u00e7ado este ano no dia 17\/08 e realizou, at\u00e9 21\/10, cerca de 350 voos. Segundo o presidente da Codemig, Marco Ant\u00f4nio Castello Branco, trata-se de um processo de cria\u00e7\u00e3o de uma nova cultura: \u201cO uso de aeronaves de pequeno porte para avia\u00e7\u00e3o regional, que \u00e9 comum em outras partes do Pa\u00eds, ainda \u00e9 uma iniciativa in\u00e9dita em Minas Gerais. Por isso, acreditamos em um interesse crescente pelo servi\u00e7o. A procura que tivemos por vouchers na rota de Te\u00f3filo Otoni, por exemplo, comprova que h\u00e1 uma demanda dos mineiros por essa forma de transporte, mais \u00e1gil e segura\u201d.<\/p>\n<p class=\"x_MsoNormal\">\u00a0As tr\u00eas rotas onde houve maior procura de vouchers na primeira fase do projeto s\u00e3o Te\u00f3filo Otoni, Vi\u00e7osa e S\u00e3o Jo\u00e3o del-Rei. Diamantina, Patos de Minas e Juiz de Fora tamb\u00e9m tiveram uma procura de destaque.<\/p>\n<p class=\"x_MsoNormal\">O valor dos vouchers varia de R$ 100 a R$ 550, de acordo com a dist\u00e2ncia percorrida. As aeronaves, modelo Cessna Grand Caravan 208 B, transportam at\u00e9 nove passageiros e, em breve, far\u00e3o tamb\u00e9m transporte de carga.<\/p>\n<p class=\"x_MsoNormal\"><b>\u00a0<\/b><\/p>\n<p class=\"x_MsoNormal\"><b>PIRMA e avia\u00e7\u00e3o<\/b><\/p>\n<p class=\"x_MsoNormal\">\u00a0O Projeto de Integra\u00e7\u00e3o Regional de Minas Gerais \u2013 Modal A\u00e9reo busca fomentar os neg\u00f3cios locais, desenvolver o turismo, integrar as diversas regi\u00f5es do estado e facilitar o deslocamento de moradores do interior para Belo Horizonte, permitindo que tenham acesso r\u00e1pido a eventos e servi\u00e7os dispon\u00edveis na capital.\u00a0 Para Minas Gerais, que possui uma \u00e1rea total de quase 600 mil quil\u00f4metros quadrados, o investimento na regionaliza\u00e7\u00e3o por meio do transporte a\u00e9reo \u00e9 estrat\u00e9gico e indispens\u00e1vel para atender a meta de redu\u00e7\u00e3o das desigualdades nos 17 territ\u00f3rios de desenvolvimento estabelecidos pelo Governo do Estado.<\/p>\n<p class=\"x_MsoNormal\">\u00a0Segundo informa\u00e7\u00f5es da ANAC, Minas Gerais conta atualmente com 121 aer\u00f3dromos privados e 86 p\u00fablicos. A administra\u00e7\u00e3o, a manuten\u00e7\u00e3o e a explora\u00e7\u00e3o dos aer\u00f3dromos p\u00fablicos s\u00e3o atribui\u00e7\u00f5es da Uni\u00e3o. A Setop vem trabalhando em processos de delega\u00e7\u00e3o Uni\u00e3o-Estado, possibilitando investimentos do Governo estadual em reformas, melhorias e posterior delega\u00e7\u00e3o aos munic\u00edpios ou empresas, para opera\u00e7\u00e3o e manuten\u00e7\u00e3o.<\/p>\n<p class=\"x_MsoNormal\"><b>\u00a0<\/b><\/p>\n<p class=\"x_MsoNormal\"><b>Outras informa\u00e7\u00f5es est\u00e3o dispon\u00edveis em:<\/b><\/p>\n<p class=\"x_MsoNormal\">\n<p class=\"x_MsoNormal\">www.voeminasgerais.com.br<\/p>\n<p class=\"x_MsoNormal\">www.facebook.com\/voeminasgerais<\/p>\n<p class=\"x_MsoNormal\">www.twitter.com\/voeminasgerais<\/p>\n<p class=\"x_MsoNormal\">\n<p class=\"x_MsoNormal\">Foto: Blogo Observat\u00f3rio de Lavras<\/p>\n","protected":false},"excerpt":{"rendered":"<p>O Governo do Estado de Minas Gerais, por meio da Companhia de Desenvolvimento Econ\u00f4mico de Minas Gerais (Codemig) e da Secretaria de Estado de Transportes e Obras P\u00fablicas (Setop), inicia a segunda fase do Projeto de Integra\u00e7\u00e3o Regional de Minas Gerais \u2013 Modal A\u00e9reo (PIRMA).<\/p>\n","protected":false},"author":2,"featured_media":3398,"comment_status":"closed","ping_status":"open","sticky":false,"template":"","format":"standard","meta":{"advgb_blocks_editor_width":"","advgb_blocks_columns_visual_guide":"","_exactmetrics_skip_tracking":false,"_exactmetrics_sitenote_active":false,"_exactmetrics_sitenote_note":"","_exactmetrics_sitenote_category":0,"footnotes":""},"categories":[7,2],"tags":[1199,1201,1200],"class_list":["post-3397","post","type-post","status-publish","format-standard","has-post-thumbnail","hentry","category-destaques","category-noticias","tag-aeroporto-de-lavras","tag-prima","tag-voos-comerciais"],"better_featured_image":{"id":3398,"alt_text":"","caption":"Aeroporto de Lavras","description":"","media_type":"image","media_details":{"width":512,"height":344,"file":"2016\/10\/aeroportobaunilha.jpg","sizes":{"thumbnail":{"file":"aeroportobaunilha-150x101.jpg","width":150,"height":101,"mime-type":"image\/jpeg","source_url":"https:\/\/lavras.tv\/site\/wp-content\/uploads\/2016\/10\/aeroportobaunilha-150x101.jpg"},"medium":{"file":"aeroportobaunilha-300x202.jpg","width":300,"height":202,"mime-type":"image\/jpeg","source_url":"https:\/\/lavras.tv\/site\/wp-content\/uploads\/2016\/10\/aeroportobaunilha-300x202.jpg"},"featured-post-img":{"file":"aeroportobaunilha-480x320.jpg","width":480,"height":320,"mime-type":"image\/jpeg","source_url":"https:\/\/lavras.tv\/site\/wp-content\/uploads\/2016\/10\/aeroportobaunilha-480x320.jpg"},"sow-carousel-default":{"file":"aeroportobaunilha-272x182.jpg","width":272,"height":182,"mime-type":"image\/jpeg","source_url":"https:\/\/lavras.tv\/site\/wp-content\/uploads\/2016\/10\/aeroportobaunilha-272x182.jpg"}},"image_meta":{"aperture":"0","credit":"","camera":"","caption":"","created_timestamp":"0","copyright":"","focal_length":"0","iso":"0","shutter_speed":"0","title":"","orientation":"0","keywords":[]}},"post":3397,"source_url":"https:\/\/lavras.tv\/site\/wp-content\/uploads\/2016\/10\/aeroportobaunilha.jpg"},"author_meta":{"display_name":"Lavras TV","author_link":"https:\/\/lavras.tv\/site\/author\/lavrastv\/"},"featured_img":"https:\/\/lavras.tv\/site\/wp-content\/uploads\/2016\/10\/aeroportobaunilha-300x202.jpg","coauthors":[],"tax_additional":{"categories":{"linked":["<a href=\"https:\/\/lavras.tv\/site\/category\/destaques\/\" class=\"advgb-post-tax-term\">Destaques<\/a>","<a href=\"https:\/\/lavras.tv\/site\/category\/noticias\/\" class=\"advgb-post-tax-term\">Not\u00edcias<\/a>"],"unlinked":["<span class=\"advgb-post-tax-term\">Destaques<\/span>","<span class=\"advgb-post-tax-term\">Not\u00edcias<\/span>"]},"tags":{"linked":["<a href=\"https:\/\/lavras.tv\/site\/category\/noticias\/\" class=\"advgb-post-tax-term\">aeroporto de lavras<\/a>","<a href=\"https:\/\/lavras.tv\/site\/category\/noticias\/\" class=\"advgb-post-tax-term\">prima<\/a>","<a href=\"https:\/\/lavras.tv\/site\/category\/noticias\/\" class=\"advgb-post-tax-term\">v\u00f4os comerciais<\/a>"],"unlinked":["<span class=\"advgb-post-tax-term\">aeroporto de lavras<\/span>","<span class=\"advgb-post-tax-term\">prima<\/span>","<span class=\"advgb-post-tax-term\">v\u00f4os comerciais<\/span>"]}},"comment_count":"0","relative_dates":{"created":"Publicado 10 anos atr\u00e1s","modified":"Atualizado 10 anos atr\u00e1s"},"absolute_dates":{"created":"Publicado em 28 de outubro de 2016","modified":"Atualizado em 28 de outubro de 2016"},"absolute_dates_time":{"created":"Publicado em 28 de outubro de 2016 11:25","modified":"Atualizado em 28 de outubro de 2016 11:25"},"featured_img_caption":"Aeroporto de Lavras","series_order":"","_links":{"self":[{"href":"https:\/\/lavras.tv\/site\/wp-json\/wp\/v2\/posts\/3397","targetHints":{"allow":["GET"]}}],"collection":[{"href":"https:\/\/lavras.tv\/site\/wp-json\/wp\/v2\/posts"}],"about":[{"href":"https:\/\/lavras.tv\/site\/wp-json\/wp\/v2\/types\/post"}],"author":[{"embeddable":true,"href":"https:\/\/lavras.tv\/site\/wp-json\/wp\/v2\/users\/2"}],"replies":[{"embeddable":true,"href":"https:\/\/lavras.tv\/site\/wp-json\/wp\/v2\/comments?post=3397"}],"version-history":[{"count":1,"href":"https:\/\/lavras.tv\/site\/wp-json\/wp\/v2\/posts\/3397\/revisions"}],"predecessor-version":[{"id":3399,"href":"https:\/\/lavras.tv\/site\/wp-json\/wp\/v2\/posts\/3397\/revisions\/3399"}],"wp:featuredmedia":[{"embeddable":true,"href":"https:\/\/lavras.tv\/site\/wp-json\/wp\/v2\/media\/3398"}],"wp:attachment":[{"href":"https:\/\/lavras.tv\/site\/wp-json\/wp\/v2\/media?parent=3397"}],"wp:term":[{"taxonomy":"category","embeddable":true,"href":"https:\/\/lavras.tv\/site\/wp-json\/wp\/v2\/categories?post=3397"},{"taxonomy":"post_tag","embeddable":true,"href":"https:\/\/lavras.tv\/site\/wp-json\/wp\/v2\/tags?post=3397"}],"curies":[{"name":"wp","href":"https:\/\/api.w.org\/{rel}","templated":true}]}}