{"id":3410,"date":"2016-10-31T08:16:00","date_gmt":"2016-10-31T10:16:00","guid":{"rendered":"http:\/\/lavras.tv\/site\/?p=3410"},"modified":"2016-10-31T08:16:00","modified_gmt":"2016-10-31T10:16:00","slug":"multas-de-transito-ficarao-mais-caras-a-partir-desta-terca","status":"publish","type":"post","link":"https:\/\/lavras.tv\/site\/2016\/10\/31\/multas-de-transito-ficarao-mais-caras-a-partir-desta-terca\/","title":{"rendered":"Multas de tr\u00e2nsito ficar\u00e3o mais caras a partir desta ter\u00e7a"},"content":{"rendered":"<div class=\"lavra-antes-do-conteudo_2\" id=\"lavra-253703566\"><div id=\"lavra-slider-27\" class=\"custom-slider lavra-slider-1909280956 lavra-slider\"><ul><li><div style=\"margin-left: auto;margin-right: auto;text-align: center;\" id=\"lavra-621977186\"><a href=\"https:\/\/sistemas.lavras.mg.gov.br\/portalcidadao\/#df1b1a7c7b2a290bcb31e32771e610784662739a88807c0dacac58ede5f391a7530e299dc302d611ee73cb143fc22eaf93592e53e7b5bdb01b00a0b8d28dae460c141dd2ff83412e4dc1c31b16b25f33144a9e5620ea73b13f5bc1c59411d98439ad226e8af03840603796067d87afe130812cf3de24982d0e306f9e61e764e5\" aria-label=\"Lavras-TV&#8211;720x104px (1) (1)\"><img src=\"https:\/\/lavras.tv\/site\/wp-content\/uploads\/2025\/01\/Lavras-TV-720x104px-1-1.png\" alt=\"\"  srcset=\"https:\/\/lavras.tv\/site\/wp-content\/uploads\/2025\/01\/Lavras-TV-720x104px-1-1.png 720w, https:\/\/lavras.tv\/site\/wp-content\/uploads\/2025\/01\/Lavras-TV-720x104px-1-1-470x68.png 470w, https:\/\/lavras.tv\/site\/wp-content\/uploads\/2025\/01\/Lavras-TV-720x104px-1-1-170x25.png 170w, https:\/\/lavras.tv\/site\/wp-content\/uploads\/2025\/01\/Lavras-TV-720x104px-1-1-200x29.png 200w\" sizes=\"(max-width: 720px) 100vw, 720px\" width=\"720\" height=\"104\"  style=\"display: inline-block;\" \/><\/a><\/div><\/li><li><a href=\"https:\/\/sistemas.lavras.mg.gov.br\/portalcidadao\/#df1b1a7c7b2a290bcb31e32771e610784662739a88807c0dacac58ede5f391a7530e299dc302d611ee73cb143fc22eaf93592e53e7b5bdb01b00a0b8d28dae460c141dd2ff83412e4dc1c31b16b25f33144a9e5620ea73b13f5bc1c59411d98439ad226e8af03840603796067d87afe130812cf3de24982d0e306f9e61e764e5\" aria-label=\"Banner_Emprego_PortallavrasTV\"><img src=\"https:\/\/lavras.tv\/site\/wp-content\/uploads\/2025\/03\/Banner_Emprego_PortallavrasTV.png\" alt=\"\"  srcset=\"https:\/\/lavras.tv\/site\/wp-content\/uploads\/2025\/03\/Banner_Emprego_PortallavrasTV.png 720w, https:\/\/lavras.tv\/site\/wp-content\/uploads\/2025\/03\/Banner_Emprego_PortallavrasTV-470x68.png 470w, https:\/\/lavras.tv\/site\/wp-content\/uploads\/2025\/03\/Banner_Emprego_PortallavrasTV-170x25.png 170w, https:\/\/lavras.tv\/site\/wp-content\/uploads\/2025\/03\/Banner_Emprego_PortallavrasTV-200x29.png 200w\" sizes=\"(max-width: 720px) 100vw, 720px\" width=\"720\" height=\"104\"   \/><\/a><\/li><li><a href=\"https:\/\/sistemas.lavras.mg.gov.br\/portalcidadao\/#df1b1a7c7b2a290bcb31e32771e610784662739a88807c0dacac58ede5f391a7530e299dc302d611ee73cb143fc22eaf93592e53e7b5bdb01b00a0b8d28dae460c141dd2ff83412e4dc1c31b16b25f33144a9e5620ea73b13f5bc1c59411d98439ad226e8af03840603796067d87afe130812cf3de24982d0e306f9e61e764e5\" aria-label=\"Banner_Obras_PortallavrasTV\"><img src=\"https:\/\/lavras.tv\/site\/wp-content\/uploads\/2025\/03\/Banner_Obras_PortallavrasTV.png\" alt=\"\"  srcset=\"https:\/\/lavras.tv\/site\/wp-content\/uploads\/2025\/03\/Banner_Obras_PortallavrasTV.png 720w, https:\/\/lavras.tv\/site\/wp-content\/uploads\/2025\/03\/Banner_Obras_PortallavrasTV-470x68.png 470w, https:\/\/lavras.tv\/site\/wp-content\/uploads\/2025\/03\/Banner_Obras_PortallavrasTV-170x25.png 170w, https:\/\/lavras.tv\/site\/wp-content\/uploads\/2025\/03\/Banner_Obras_PortallavrasTV-200x29.png 200w\" sizes=\"(max-width: 720px) 100vw, 720px\" width=\"720\" height=\"104\"   \/><\/a><\/li><li><div style=\"margin-left: auto;margin-right: auto;text-align: center;\" id=\"lavra-3256663947\"><a href=\"https:\/\/sistemas.lavras.mg.gov.br\/portalcidadao\/#df1b1a7c7b2a290bcb31e32771e610784662739a88807c0dacac58ede5f391a7530e299dc302d611ee73cb143fc22eaf93592e53e7b5bdb01b00a0b8d28dae460c141dd2ff83412e4dc1c31b16b25f33144a9e5620ea73b13f5bc1c59411d98439ad226e8af03840603796067d87afe130812cf3de24982d0e306f9e61e764e5\" aria-label=\"Banner_Educa\u00e7\u00e3o_PortallavrasTV\"><img src=\"https:\/\/lavras.tv\/site\/wp-content\/uploads\/2025\/01\/Banner_Educacao_PortallavrasTV.png\" alt=\"\"  srcset=\"https:\/\/lavras.tv\/site\/wp-content\/uploads\/2025\/01\/Banner_Educacao_PortallavrasTV.png 720w, https:\/\/lavras.tv\/site\/wp-content\/uploads\/2025\/01\/Banner_Educacao_PortallavrasTV-470x68.png 470w, https:\/\/lavras.tv\/site\/wp-content\/uploads\/2025\/01\/Banner_Educacao_PortallavrasTV-170x25.png 170w, https:\/\/lavras.tv\/site\/wp-content\/uploads\/2025\/01\/Banner_Educacao_PortallavrasTV-200x29.png 200w\" sizes=\"(max-width: 720px) 100vw, 720px\" width=\"720\" height=\"104\"  style=\"display: inline-block;\" \/><\/a><\/div><\/li><li><a href=\"https:\/\/sistemas.lavras.mg.gov.br\/portalcidadao\/#df1b1a7c7b2a290bcb31e32771e610784662739a88807c0dacac58ede5f391a7530e299dc302d611ee73cb143fc22eaf93592e53e7b5bdb01b00a0b8d28dae460c141dd2ff83412e4dc1c31b16b25f33144a9e5620ea73b13f5bc1c59411d98439ad226e8af03840603796067d87afe130812cf3de24982d0e306f9e61e764e5\" aria-label=\"Banner_Sa\u00fade_PortallavrasTV\"><img src=\"https:\/\/lavras.tv\/site\/wp-content\/uploads\/2025\/03\/Banner_Saude_PortallavrasTV.png\" alt=\"\"  srcset=\"https:\/\/lavras.tv\/site\/wp-content\/uploads\/2025\/03\/Banner_Saude_PortallavrasTV.png 720w, https:\/\/lavras.tv\/site\/wp-content\/uploads\/2025\/03\/Banner_Saude_PortallavrasTV-470x68.png 470w, https:\/\/lavras.tv\/site\/wp-content\/uploads\/2025\/03\/Banner_Saude_PortallavrasTV-170x25.png 170w, https:\/\/lavras.tv\/site\/wp-content\/uploads\/2025\/03\/Banner_Saude_PortallavrasTV-200x29.png 200w\" sizes=\"(max-width: 720px) 100vw, 720px\" width=\"720\" height=\"104\"   \/><\/a><\/li><li><div id=\"lavra-3891319329\" style=\"width:720px;height:104px;background-color:#ddd;overflow:scroll;\">\n\t<strong>Sa\u00edda da depura\u00e7\u00e3o de an\u00fancios<\/strong>\n\t<br><br>\n\tO an\u00fancio n\u00e3o \u00e9 exibido na p\u00e1gina<br><br>post atual: Multas de tr\u00e2nsito ficar\u00e3o mais caras a partir desta ter\u00e7a, ID: 3410<br><br><span style=\"color: red;\">O post atual n\u00e3o \u00e9 id\u00eantico ao post principal.<\/span><br><br>An\u00fancios: ROXO - TOPO INTERNA - ROTATIVO 2 (197)<br \/>Grupo de an\u00fancios: Princ_Meio01_720x104 (27)<br><br>Condi\u00e7\u00f5es de exibi\u00e7\u00e3o<div style=\"margin-bottom: 20px; white-space: pre-wrap; font-family: monospace; width: 100%; background: #ffe9e9;\"><strong>condi\u00e7\u00f5es gerais<\/strong><table border=\"1\"><thead><tr><th><\/th><th>An\u00fancios<\/th><th>wp_the_query<\/th><\/tr><\/thead><tr><td>is_main_query<\/td><td>1<\/td><td>1<\/td><\/tr><tr><td>is_rest_api<\/td><td>0<\/td><td>1<\/td><\/tr><tr><td>page<\/td><td>0<\/td><td>1<\/td><\/tr><tr><td>numpages<\/td><td>0<\/td><td>1<\/td><\/tr><tr><td>is_archive<\/td><td>1<\/td><td><\/td><\/tr><tr><td>is_search<\/td><td>1<\/td><td><\/td><\/tr><tr><td>is_home<\/td><td>1<\/td><td><\/td><\/tr><tr><td>is_404<\/td><td>1<\/td><td><\/td><\/tr><tr><td>is_attachment<\/td><td>1<\/td><td><\/td><\/tr><tr><td>is_singular<\/td><td>1<\/td><td><\/td><\/tr><tr><td>is_front_page<\/td><td>1<\/td><td><\/td><\/tr><tr><td>is_feed<\/td><td>1<\/td><td><\/td><\/tr><\/table><\/div><br><br><span style=\"color: red;\">Seu site usa HTTPS, mas o c\u00f3digo do an\u00fancio cont\u00e9m HTTP e pode n\u00e3o funcionar.<\/span>\t<br><br>\n\t<a style=\"color: green;\" href=\"https:\/\/wpadvancedads.com\/manual\/ad-debug-mode\/?utm_source=advanced-ads&utm_medium=link&utm_campaign=ad-debug-mode\" target=\"_blank\" rel=\"nofollow\">Encontre solu\u00e7\u00f5es no manual<\/a>\n<\/div>\n<\/li><\/ul><\/div><script>( window.advanced_ads_ready || jQuery( document ).ready ).call( null, function() {var $lavraslider1909280956 = jQuery( \".lavra-slider-1909280956\" );$lavraslider1909280956.on( \"unslider.ready\", function() { jQuery( \"div.custom-slider ul li\" ).css( \"display\", \"block\" ); });$lavraslider1909280956.unslider({ delay:4000, autoplay:true, nav:false, arrows:false, infinite:true });$lavraslider1909280956.on(\"mouseover\", function() {$lavraslider1909280956.unslider(\"stop\");}).on(\"mouseout\", function() {$lavraslider1909280956.unslider(\"start\");});});<\/script><\/div><p>As infra\u00e7\u00f5es de tr\u00e2nsito cometidas a partir do pr\u00f3ximo dia 1\u00ba ter\u00e3o penalidades mais pesadas. <!--more-->O aumento das multas, anunciado em maio \u00faltimo, ser\u00e1 de at\u00e9 66%, e os valores ir\u00e3o de R$ 88 (infra\u00e7\u00e3o leve) a R$ 293,47 (grav\u00edssima).<\/p>\n<p>Algumas infra\u00e7\u00f5es ser\u00e3o agravadas: usar o celular ao volante, por exemplo, que \u00e9 enquadrado como &#8220;dirigir com apenas uma das m\u00e3os&#8221;, passar\u00e1 de grau m\u00e9dio para grav\u00edssimo.<img fetchpriority=\"high\" decoding=\"async\" class=\"size-full wp-image-3411 aligncenter\" src=\"http:\/\/lavras.tv\/site\/wp-content\/uploads\/2016\/10\/multas_transito.jpg\" alt=\"multas_transito\" width=\"750\" height=\"500\" srcset=\"https:\/\/lavras.tv\/site\/wp-content\/uploads\/2016\/10\/multas_transito.jpg 750w, https:\/\/lavras.tv\/site\/wp-content\/uploads\/2016\/10\/multas_transito-150x100.jpg 150w, https:\/\/lavras.tv\/site\/wp-content\/uploads\/2016\/10\/multas_transito-300x200.jpg 300w, https:\/\/lavras.tv\/site\/wp-content\/uploads\/2016\/10\/multas_transito-480x320.jpg 480w, https:\/\/lavras.tv\/site\/wp-content\/uploads\/2016\/10\/multas_transito-272x182.jpg 272w\" sizes=\"(max-width: 750px) 100vw, 750px\" \/><\/p>\n<p>Assim, a multa saltar\u00e1 dos atuais R$ 85,13 para R$ 293,47, e os pontos na carteira de habilita\u00e7\u00e3o subir\u00e3o de 4 para 7.<\/p>\n<p>Ainda para o celular, o texto da lei passa citar que \u00e9 infra\u00e7\u00e3o segurar ou manusear o aparelho. Assim, o motorista que manda mensagens de texto ou fica olhando sites ou redes sociais tamb\u00e9m poder\u00e1 ser punido, mesmo quando estiver parado no sem\u00e1foro.<\/p>\n<p><strong>Veja o que mudar\u00e1 nos valores de multas a partir de 1\u00ba de novembro:<\/strong><\/p>\n<p><strong>Infra\u00e7\u00e3o leve<\/strong><br \/>\n&#8211; De R$ 53,20 para R$ 88,38 (aumento de 66%)<br \/>\nExemplos: parar sobre a faixa de pedestres ou cal\u00e7ada, usar a buzina em local ou hor\u00e1rio proibidos pela sinaliza\u00e7\u00e3o.<\/p>\n<p><strong>Infra\u00e7\u00e3o m\u00e9dia <\/strong><br \/>\n&#8211; De R$ 85,13 para R$ 130,16 (aumento de 52%)<br \/>\nExemplos: transitar em hor\u00e1rio ou local proibidos (o &#8220;rod\u00edzio&#8221; em S\u00e3o Paulo, por exemplo), dirigir com o bra\u00e7o para fora, farol ou lanterna queimados.<\/p>\n<p><strong>Infra\u00e7\u00e3o grave <\/strong><br \/>\n&#8211; De R$ 127,69 para R$ 195,23 (aumento de 52%)<br \/>\nExemplos: estacionar sobre faixa de pedestres ou ciclovia, n\u00e3o dar seta, conduzir o ve\u00edculo em mau estado de conserva\u00e7\u00e3o (pneu careca, por exemplo).<\/p>\n<p><strong>Infra\u00e7\u00e3o grav\u00edssima <\/strong><br \/>\n&#8211; De R$ 191,54 para R$ 293,47 (aumento de 53%)<br \/>\nExemplos: falar ou manusear celular ao volante, estacionar em vagas reservadas para deficientes e idosos, dirigir sem carteira de habilita\u00e7\u00e3o, disputar racha (multiplicada por 10), for\u00e7ar a ultrapassagem em estradas (multiplicada por 10) e recusar fazer o teste do baf\u00f4metro (multiplicada por 10).<\/p>\n<p><img decoding=\"async\" class=\"alignleft\" src=\"http:\/\/s2.glbimg.com\/erBCwNFgmX6hATzY97kCzBYRHfo=\/s.glbimg.com\/jo\/g1\/f\/original\/2015\/07\/22\/celular2.jpg\" alt=\"Motorista chega a tirar as m\u00e3os do volante para mexer no celular enquanto dirige em Campinas (Foto: Reprodu\u00e7\u00e3o \/ EPTV)\" width=\"415\" height=\"311\" \/><\/p>\n<p><strong>Por que vai subir?<\/strong><br \/>\nAs multas b\u00e1sicas n\u00e3o sofriam reajustes desde 2000, quando o antigo indexador do valor das multas (Ufir) foi extinto. Em 2002, uma resolu\u00e7\u00e3o fixou o valor atual em reais. Desde ent\u00e3o, n\u00e3o houve corre\u00e7\u00e3o. As eleva\u00e7\u00f5es que ocorreram foram para certas infra\u00e7\u00f5es consideradas mais perigosas e por meio de um fator multiplicador.<\/p>\n<p>O pr\u00f3ximo aumento foi anunciado em maio \u00faltimo, com prazo de 180 dias para come\u00e7ar a valer. O Conselho Nacional de Tr\u00e2nsito (Contran) ainda poder\u00e1 corrigir os valores das multas anualmente, com reajuste m\u00e1ximo dado pela infla\u00e7\u00e3o (IPCA) do ano anterior.<\/p>\n<p><strong>Recusa ao baf\u00f4metro<\/strong><br \/>\nQuando a mudan\u00e7a entrar em vigor, as multas mais pesadas, que s\u00e3o as infra\u00e7\u00f5es grav\u00edssimas com multiplicador de 10 vezes, passam a ser de R$ 2.934,70.<\/p>\n<p>Este \u00e9 o valor previsto para quem \u00e9 pego disputando racha ou for\u00e7ando a ultrapassagem em estradas, por exemplo.<\/p>\n<p>Tamb\u00e9m poder\u00e1 pagar o valor m\u00e1ximo quem se recusar a fazer teste de baf\u00f4metro, exame cl\u00ednico ou per\u00edcia para verificar presen\u00e7a de \u00e1lcool ou drogas no corpo.<\/p>\n<p>Neste caso, se ele for reincidente em menos de 1 ano, a multa ser\u00e1 dobrada, chegando a R$ 5.869,40.<\/p>\n<p>Fonte: AutoEsporte<\/p>\n","protected":false},"excerpt":{"rendered":"<p>As infra\u00e7\u00f5es de tr\u00e2nsito cometidas a partir do pr\u00f3ximo dia 1\u00ba ter\u00e3o penalidades mais pesadas.<\/p>\n","protected":false},"author":2,"featured_media":3411,"comment_status":"closed","ping_status":"open","sticky":false,"template":"","format":"standard","meta":{"advgb_blocks_editor_width":"","advgb_blocks_columns_visual_guide":"","_exactmetrics_skip_tracking":false,"_exactmetrics_sitenote_active":false,"_exactmetrics_sitenote_note":"","_exactmetrics_sitenote_category":0,"footnotes":""},"categories":[7,2],"tags":[1202,1204,1203],"class_list":["post-3410","post","type-post","status-publish","format-standard","has-post-thumbnail","hentry","category-destaques","category-noticias","tag-multas-de-transito","tag-novembro","tag-novos-valores"],"better_featured_image":{"id":3411,"alt_text":"","caption":"","description":"","media_type":"image","media_details":{"width":750,"height":500,"file":"2016\/10\/multas_transito.jpg","sizes":{"thumbnail":{"file":"multas_transito-150x100.jpg","width":150,"height":100,"mime-type":"image\/jpeg","source_url":"https:\/\/lavras.tv\/site\/wp-content\/uploads\/2016\/10\/multas_transito-150x100.jpg"},"medium":{"file":"multas_transito-300x200.jpg","width":300,"height":200,"mime-type":"image\/jpeg","source_url":"https:\/\/lavras.tv\/site\/wp-content\/uploads\/2016\/10\/multas_transito-300x200.jpg"},"featured-slider-img":{"file":"multas_transito-640x480.jpg","width":640,"height":480,"mime-type":"image\/jpeg","source_url":"https:\/\/lavras.tv\/site\/wp-content\/uploads\/2016\/10\/multas_transito-640x480.jpg"},"featured-post-img":{"file":"multas_transito-480x320.jpg","width":480,"height":320,"mime-type":"image\/jpeg","source_url":"https:\/\/lavras.tv\/site\/wp-content\/uploads\/2016\/10\/multas_transito-480x320.jpg"},"sow-carousel-default":{"file":"multas_transito-272x182.jpg","width":272,"height":182,"mime-type":"image\/jpeg","source_url":"https:\/\/lavras.tv\/site\/wp-content\/uploads\/2016\/10\/multas_transito-272x182.jpg"}},"image_meta":{"aperture":"0","credit":"","camera":"","caption":"","created_timestamp":"0","copyright":"","focal_length":"0","iso":"0","shutter_speed":"0","title":"","orientation":"0","keywords":[]}},"post":3410,"source_url":"https:\/\/lavras.tv\/site\/wp-content\/uploads\/2016\/10\/multas_transito.jpg"},"author_meta":{"display_name":"Lavras TV","author_link":"https:\/\/lavras.tv\/site\/author\/lavrastv\/"},"featured_img":"https:\/\/lavras.tv\/site\/wp-content\/uploads\/2016\/10\/multas_transito-300x200.jpg","coauthors":[],"tax_additional":{"categories":{"linked":["<a href=\"https:\/\/lavras.tv\/site\/category\/destaques\/\" class=\"advgb-post-tax-term\">Destaques<\/a>","<a href=\"https:\/\/lavras.tv\/site\/category\/noticias\/\" class=\"advgb-post-tax-term\">Not\u00edcias<\/a>"],"unlinked":["<span class=\"advgb-post-tax-term\">Destaques<\/span>","<span class=\"advgb-post-tax-term\">Not\u00edcias<\/span>"]},"tags":{"linked":["<a href=\"https:\/\/lavras.tv\/site\/category\/noticias\/\" class=\"advgb-post-tax-term\">multas de tr\u00e2nsito<\/a>","<a href=\"https:\/\/lavras.tv\/site\/category\/noticias\/\" class=\"advgb-post-tax-term\">novembro<\/a>","<a href=\"https:\/\/lavras.tv\/site\/category\/noticias\/\" class=\"advgb-post-tax-term\">novos valores<\/a>"],"unlinked":["<span class=\"advgb-post-tax-term\">multas de tr\u00e2nsito<\/span>","<span class=\"advgb-post-tax-term\">novembro<\/span>","<span class=\"advgb-post-tax-term\">novos valores<\/span>"]}},"comment_count":"0","relative_dates":{"created":"Publicado 10 anos atr\u00e1s","modified":"Atualizado 10 anos atr\u00e1s"},"absolute_dates":{"created":"Publicado em 31 de outubro de 2016","modified":"Atualizado em 31 de outubro de 2016"},"absolute_dates_time":{"created":"Publicado em 31 de outubro de 2016 08:16","modified":"Atualizado em 31 de outubro de 2016 08:16"},"featured_img_caption":"","series_order":"","_links":{"self":[{"href":"https:\/\/lavras.tv\/site\/wp-json\/wp\/v2\/posts\/3410","targetHints":{"allow":["GET"]}}],"collection":[{"href":"https:\/\/lavras.tv\/site\/wp-json\/wp\/v2\/posts"}],"about":[{"href":"https:\/\/lavras.tv\/site\/wp-json\/wp\/v2\/types\/post"}],"author":[{"embeddable":true,"href":"https:\/\/lavras.tv\/site\/wp-json\/wp\/v2\/users\/2"}],"replies":[{"embeddable":true,"href":"https:\/\/lavras.tv\/site\/wp-json\/wp\/v2\/comments?post=3410"}],"version-history":[{"count":1,"href":"https:\/\/lavras.tv\/site\/wp-json\/wp\/v2\/posts\/3410\/revisions"}],"predecessor-version":[{"id":3412,"href":"https:\/\/lavras.tv\/site\/wp-json\/wp\/v2\/posts\/3410\/revisions\/3412"}],"wp:featuredmedia":[{"embeddable":true,"href":"https:\/\/lavras.tv\/site\/wp-json\/wp\/v2\/media\/3411"}],"wp:attachment":[{"href":"https:\/\/lavras.tv\/site\/wp-json\/wp\/v2\/media?parent=3410"}],"wp:term":[{"taxonomy":"category","embeddable":true,"href":"https:\/\/lavras.tv\/site\/wp-json\/wp\/v2\/categories?post=3410"},{"taxonomy":"post_tag","embeddable":true,"href":"https:\/\/lavras.tv\/site\/wp-json\/wp\/v2\/tags?post=3410"}],"curies":[{"name":"wp","href":"https:\/\/api.w.org\/{rel}","templated":true}]}}