{"id":3413,"date":"2016-10-31T08:23:09","date_gmt":"2016-10-31T10:23:09","guid":{"rendered":"http:\/\/lavras.tv\/site\/?p=3413"},"modified":"2016-10-31T08:23:09","modified_gmt":"2016-10-31T10:23:09","slug":"enem-candidatos-devem-visitar-o-local-de-provas-antes-do-fim-de-semana","status":"publish","type":"post","link":"https:\/\/lavras.tv\/site\/2016\/10\/31\/enem-candidatos-devem-visitar-o-local-de-provas-antes-do-fim-de-semana\/","title":{"rendered":"ENEM: candidatos devem visitar o local de provas antes do fim de semana"},"content":{"rendered":"<div class=\"lavra-antes-do-conteudo_2\" id=\"lavra-307937280\"><div id=\"lavra-slider-27\" class=\"custom-slider lavra-slider-2137741105 lavra-slider\"><ul><li><div style=\"margin-left: auto;margin-right: auto;text-align: center;\" id=\"lavra-2713909163\"><a href=\"https:\/\/sistemas.lavras.mg.gov.br\/portalcidadao\/#df1b1a7c7b2a290bcb31e32771e610784662739a88807c0dacac58ede5f391a7530e299dc302d611ee73cb143fc22eaf93592e53e7b5bdb01b00a0b8d28dae460c141dd2ff83412e4dc1c31b16b25f33144a9e5620ea73b13f5bc1c59411d98439ad226e8af03840603796067d87afe130812cf3de24982d0e306f9e61e764e5\" aria-label=\"Lavras-TV&#8211;720x104px (1) (1)\"><img src=\"https:\/\/lavras.tv\/site\/wp-content\/uploads\/2025\/01\/Lavras-TV-720x104px-1-1.png\" alt=\"\"  srcset=\"https:\/\/lavras.tv\/site\/wp-content\/uploads\/2025\/01\/Lavras-TV-720x104px-1-1.png 720w, https:\/\/lavras.tv\/site\/wp-content\/uploads\/2025\/01\/Lavras-TV-720x104px-1-1-470x68.png 470w, https:\/\/lavras.tv\/site\/wp-content\/uploads\/2025\/01\/Lavras-TV-720x104px-1-1-170x25.png 170w, https:\/\/lavras.tv\/site\/wp-content\/uploads\/2025\/01\/Lavras-TV-720x104px-1-1-200x29.png 200w\" sizes=\"(max-width: 720px) 100vw, 720px\" width=\"720\" height=\"104\"  style=\"display: inline-block;\" \/><\/a><\/div><\/li><li><a href=\"https:\/\/sistemas.lavras.mg.gov.br\/portalcidadao\/#df1b1a7c7b2a290bcb31e32771e610784662739a88807c0dacac58ede5f391a7530e299dc302d611ee73cb143fc22eaf93592e53e7b5bdb01b00a0b8d28dae460c141dd2ff83412e4dc1c31b16b25f33144a9e5620ea73b13f5bc1c59411d98439ad226e8af03840603796067d87afe130812cf3de24982d0e306f9e61e764e5\" aria-label=\"Banner_Emprego_PortallavrasTV\"><img src=\"https:\/\/lavras.tv\/site\/wp-content\/uploads\/2025\/03\/Banner_Emprego_PortallavrasTV.png\" alt=\"\"  srcset=\"https:\/\/lavras.tv\/site\/wp-content\/uploads\/2025\/03\/Banner_Emprego_PortallavrasTV.png 720w, https:\/\/lavras.tv\/site\/wp-content\/uploads\/2025\/03\/Banner_Emprego_PortallavrasTV-470x68.png 470w, https:\/\/lavras.tv\/site\/wp-content\/uploads\/2025\/03\/Banner_Emprego_PortallavrasTV-170x25.png 170w, https:\/\/lavras.tv\/site\/wp-content\/uploads\/2025\/03\/Banner_Emprego_PortallavrasTV-200x29.png 200w\" sizes=\"(max-width: 720px) 100vw, 720px\" width=\"720\" height=\"104\"   \/><\/a><\/li><li><a href=\"https:\/\/sistemas.lavras.mg.gov.br\/portalcidadao\/#df1b1a7c7b2a290bcb31e32771e610784662739a88807c0dacac58ede5f391a7530e299dc302d611ee73cb143fc22eaf93592e53e7b5bdb01b00a0b8d28dae460c141dd2ff83412e4dc1c31b16b25f33144a9e5620ea73b13f5bc1c59411d98439ad226e8af03840603796067d87afe130812cf3de24982d0e306f9e61e764e5\" aria-label=\"Banner_Obras_PortallavrasTV\"><img src=\"https:\/\/lavras.tv\/site\/wp-content\/uploads\/2025\/03\/Banner_Obras_PortallavrasTV.png\" alt=\"\"  srcset=\"https:\/\/lavras.tv\/site\/wp-content\/uploads\/2025\/03\/Banner_Obras_PortallavrasTV.png 720w, https:\/\/lavras.tv\/site\/wp-content\/uploads\/2025\/03\/Banner_Obras_PortallavrasTV-470x68.png 470w, https:\/\/lavras.tv\/site\/wp-content\/uploads\/2025\/03\/Banner_Obras_PortallavrasTV-170x25.png 170w, https:\/\/lavras.tv\/site\/wp-content\/uploads\/2025\/03\/Banner_Obras_PortallavrasTV-200x29.png 200w\" sizes=\"(max-width: 720px) 100vw, 720px\" width=\"720\" height=\"104\"   \/><\/a><\/li><li><div style=\"margin-left: auto;margin-right: auto;text-align: center;\" id=\"lavra-3912790553\"><a href=\"https:\/\/sistemas.lavras.mg.gov.br\/portalcidadao\/#df1b1a7c7b2a290bcb31e32771e610784662739a88807c0dacac58ede5f391a7530e299dc302d611ee73cb143fc22eaf93592e53e7b5bdb01b00a0b8d28dae460c141dd2ff83412e4dc1c31b16b25f33144a9e5620ea73b13f5bc1c59411d98439ad226e8af03840603796067d87afe130812cf3de24982d0e306f9e61e764e5\" aria-label=\"Banner_Educa\u00e7\u00e3o_PortallavrasTV\"><img src=\"https:\/\/lavras.tv\/site\/wp-content\/uploads\/2025\/01\/Banner_Educacao_PortallavrasTV.png\" alt=\"\"  srcset=\"https:\/\/lavras.tv\/site\/wp-content\/uploads\/2025\/01\/Banner_Educacao_PortallavrasTV.png 720w, https:\/\/lavras.tv\/site\/wp-content\/uploads\/2025\/01\/Banner_Educacao_PortallavrasTV-470x68.png 470w, https:\/\/lavras.tv\/site\/wp-content\/uploads\/2025\/01\/Banner_Educacao_PortallavrasTV-170x25.png 170w, https:\/\/lavras.tv\/site\/wp-content\/uploads\/2025\/01\/Banner_Educacao_PortallavrasTV-200x29.png 200w\" sizes=\"(max-width: 720px) 100vw, 720px\" width=\"720\" height=\"104\"  style=\"display: inline-block;\" \/><\/a><\/div><\/li><li><a href=\"https:\/\/sistemas.lavras.mg.gov.br\/portalcidadao\/#df1b1a7c7b2a290bcb31e32771e610784662739a88807c0dacac58ede5f391a7530e299dc302d611ee73cb143fc22eaf93592e53e7b5bdb01b00a0b8d28dae460c141dd2ff83412e4dc1c31b16b25f33144a9e5620ea73b13f5bc1c59411d98439ad226e8af03840603796067d87afe130812cf3de24982d0e306f9e61e764e5\" aria-label=\"Banner_Sa\u00fade_PortallavrasTV\"><img src=\"https:\/\/lavras.tv\/site\/wp-content\/uploads\/2025\/03\/Banner_Saude_PortallavrasTV.png\" alt=\"\"  srcset=\"https:\/\/lavras.tv\/site\/wp-content\/uploads\/2025\/03\/Banner_Saude_PortallavrasTV.png 720w, https:\/\/lavras.tv\/site\/wp-content\/uploads\/2025\/03\/Banner_Saude_PortallavrasTV-470x68.png 470w, https:\/\/lavras.tv\/site\/wp-content\/uploads\/2025\/03\/Banner_Saude_PortallavrasTV-170x25.png 170w, https:\/\/lavras.tv\/site\/wp-content\/uploads\/2025\/03\/Banner_Saude_PortallavrasTV-200x29.png 200w\" sizes=\"(max-width: 720px) 100vw, 720px\" width=\"720\" height=\"104\"   \/><\/a><\/li><li><div id=\"lavra-1713901430\" style=\"width:720px;height:104px;background-color:#ddd;overflow:scroll;\">\n\t<strong>Sa\u00edda da depura\u00e7\u00e3o de an\u00fancios<\/strong>\n\t<br><br>\n\tO an\u00fancio n\u00e3o \u00e9 exibido na p\u00e1gina<br><br>post atual: ENEM: candidatos devem visitar o local de provas antes do fim de semana, ID: 3413<br><br><span style=\"color: red;\">O post atual n\u00e3o \u00e9 id\u00eantico ao post principal.<\/span><br><br>An\u00fancios: ROXO - TOPO INTERNA - ROTATIVO 2 (197)<br \/>Grupo de an\u00fancios: Princ_Meio01_720x104 (27)<br><br>Condi\u00e7\u00f5es de exibi\u00e7\u00e3o<div style=\"margin-bottom: 20px; white-space: pre-wrap; font-family: monospace; width: 100%; background: #ffe9e9;\"><strong>condi\u00e7\u00f5es gerais<\/strong><table border=\"1\"><thead><tr><th><\/th><th>An\u00fancios<\/th><th>wp_the_query<\/th><\/tr><\/thead><tr><td>is_main_query<\/td><td>1<\/td><td>1<\/td><\/tr><tr><td>is_rest_api<\/td><td>0<\/td><td>1<\/td><\/tr><tr><td>page<\/td><td>0<\/td><td>1<\/td><\/tr><tr><td>numpages<\/td><td>0<\/td><td>1<\/td><\/tr><tr><td>is_archive<\/td><td>1<\/td><td><\/td><\/tr><tr><td>is_search<\/td><td>1<\/td><td><\/td><\/tr><tr><td>is_home<\/td><td>1<\/td><td><\/td><\/tr><tr><td>is_404<\/td><td>1<\/td><td><\/td><\/tr><tr><td>is_attachment<\/td><td>1<\/td><td><\/td><\/tr><tr><td>is_singular<\/td><td>1<\/td><td><\/td><\/tr><tr><td>is_front_page<\/td><td>1<\/td><td><\/td><\/tr><tr><td>is_feed<\/td><td>1<\/td><td><\/td><\/tr><\/table><\/div><br><br><span style=\"color: red;\">Seu site usa HTTPS, mas o c\u00f3digo do an\u00fancio cont\u00e9m HTTP e pode n\u00e3o funcionar.<\/span>\t<br><br>\n\t<a style=\"color: green;\" href=\"https:\/\/wpadvancedads.com\/manual\/ad-debug-mode\/?utm_source=advanced-ads&utm_medium=link&utm_campaign=ad-debug-mode\" target=\"_blank\" rel=\"nofollow\">Encontre solu\u00e7\u00f5es no manual<\/a>\n<\/div>\n<\/li><\/ul><\/div><script>( window.advanced_ads_ready || jQuery( document ).ready ).call( null, function() {var $lavraslider2137741105 = jQuery( \".lavra-slider-2137741105\" );$lavraslider2137741105.on( \"unslider.ready\", function() { jQuery( \"div.custom-slider ul li\" ).css( \"display\", \"block\" ); });$lavraslider2137741105.unslider({ delay:4000, autoplay:true, nav:false, arrows:false, infinite:true });$lavraslider2137741105.on(\"mouseover\", function() {$lavraslider2137741105.unslider(\"stop\");}).on(\"mouseout\", function() {$lavraslider2137741105.unslider(\"start\");});});<\/script><\/div><div id=\"content-body-1\" class=\"content-body columns col-centered \">\n<div class=\"col-lg-13 col-md-16 col-centered\">\n<p class=\"content-body__text content-body__text--capital-letter\" data-track-category=\"Link no Texto\" data-track-links=\"\">A edi\u00e7\u00e3o 2016 do Exame Nacional do Ensino M\u00e9dio (Enem) acontece neste s\u00e1bado (5) e domingo (6). \u00a0No total, as provas ser\u00e3o aplicadas em 1.727 munic\u00edpios de todos os estados brasileiros. Os candidatos foram alocados de acordo com o endere\u00e7o residencial indicado no ato da inscri\u00e7\u00e3o. Mas, segundo o edital do exame, o local de provas pode ficar a um raio de at\u00e9 20 km da casa dos participantes.<\/p>\n<\/div>\n<\/div>\n<p><!--more--><\/p>\n<div id=\"content-body-3\" class=\"content-body columns col-centered \">\n<div class=\"col-lg-13 col-md-16 col-centered\">\n<p class=\"content-body__text \" data-track-category=\"Link no Texto\" data-track-links=\"\">Por isso, o Minist\u00e9rio da Educa\u00e7\u00e3o recomenda que os estudantes fa\u00e7am uma visita ao local de provas com anteced\u00eancia, para conhecer o trajeto at\u00e9 l\u00e1 e evitar imprevistos que provoquem atrasos. Os port\u00f5es ser\u00e3o fechados \u00e0s 13h (hor\u00e1rio oficial de Bras\u00edlia), e quem n\u00e3o chegar antes perder\u00e1 o Enem.<\/p>\n<\/div>\n<\/div>\n<div id=\"content-body-4\" class=\"content-body columns col-centered \">\n<div class=\"content-body__media content-body__media--normal col-lg-13 col-md-16 col-centered\">\n<figure>\n<div class=\"media\">\n<div class=\"media\">\n<div class=\"media__container\">\n<div class=\"media__container__placeholder\">\n<div class=\"media__container__placeholder--space\">\n<div class=\"content-body__media__container\"><img fetchpriority=\"high\" decoding=\"async\" class=\"aligncenter\" title=\"Para n\u00e3o se atrasar para o Enem 2016, visite o local de provas antes dos dias do exame (Foto: MARIVALDO OLIVEIRA\/FUTURA PRESS\/FUTURA PRESS\/ESTAD\u00c3O CONTE\u00daDO)\" src=\"http:\/\/s2.glbimg.com\/HQRmBTf_iz7LwRjCmQP__PCN_4g=\/0x0:690x385\/762x425\/smart\/filters:strip_icc()\/i.s3.glbimg.com\/v1\/AUTH_59edd422c0c84a879bd37670ae4f538a\/internal_photos\/bs\/2016\/Z\/4\/Zdfvc8Q0adhy0Ln6Xw2w\/atrasado-enem2015.jpg\" alt=\"Para n\u00e3o se atrasar para o Enem 2016, visite o local de provas antes dos dias do exame (Foto: MARIVALDO OLIVEIRA\/FUTURA PRESS\/FUTURA PRESS\/ESTAD\u00c3O CONTE\u00daDO)\" width=\"762\" height=\"425\" data-src=\"http:\/\/s2.glbimg.com\/HQRmBTf_iz7LwRjCmQP__PCN_4g=\/0x0:690x385\/762x425\/smart\/filters:strip_icc()\/i.s3.glbimg.com\/v1\/AUTH_59edd422c0c84a879bd37670ae4f538a\/internal_photos\/bs\/2016\/Z\/4\/Zdfvc8Q0adhy0Ln6Xw2w\/atrasado-enem2015.jpg\" \/><\/div>\n<\/div>\n<\/div>\n<\/div>\n<div class=\"media__legend\">\n<div class=\"media__legend-icon product-color\"><\/div>\n<\/div>\n<\/div>\n<\/div>\n<\/figure>\n<\/div>\n<\/div>\n<div id=\"content-body-5\" class=\"content-body columns col-centered \">\n<div class=\"col-lg-13 col-md-16 col-centered\">\n<div class=\"content-body__ads\"><\/div>\n<p class=\"content-body__text \" data-track-category=\"Link no Texto\" data-track-links=\"\">O ideal era que os candidatos tivessem usado o fim de semana para conhecer o local de provas, j\u00e1 que o tr\u00e2nsito local \u00e9 diferente aos s\u00e1bados e domingos do que nos dias \u00fateis. Por\u00e9m, quem n\u00e3o teve tempo de fazer isso deve aproveitar a semana para fazer a visita.<\/p>\n<\/div>\n<\/div>\n<div id=\"content-body-6\" class=\"content-body columns col-centered \">\n<div class=\"col-lg-13 col-md-16 col-centered\">\n<p class=\"content-body__text \" data-track-category=\"Link no Texto\" data-track-links=\"\">Cada candidato poder\u00e1 ver o endere\u00e7o do seu local de provas no cart\u00e3o de confirma\u00e7\u00e3o, dispon\u00edvel em <a href=\"http:\/\/enem.inep.gov.br\/participante\" target=\"_blank\" rel=\"noopener nofollow\">http:\/\/enem.inep.gov.br\/participante<\/a>.<\/p>\n<\/div>\n<\/div>\n<div id=\"content-body-7\" class=\"content-body columns col-centered \">\n<div class=\"col-lg-13 col-md-16 col-centered\">\n<p class=\"content-body__text \" data-track-category=\"Link no Texto\" data-track-links=\"\">Veja dicas para planejar o melhor trajeto de sua casa at\u00e9 o Enem:<\/p>\n<\/div>\n<\/div>\n<div id=\"content-body-8\" class=\"content-body columns col-centered \">\n<ul class=\"content-body__unordered-list col-lg-13 col-md-16 col-centered\">\n<li><strong>De carro:<\/strong> Usar os aplicativos de tr\u00e2nsito ajuda a calcular o tempo necess\u00e1rio para chegar ao local de provas. \u00c9 poss\u00edvel fazer esse c\u00e1lculo em v\u00e1rios hor\u00e1rios do dia e entender quanto tempo a mais \u00e9 necess\u00e1rio para fazer o caminho nos hor\u00e1rios de pico. Apesar de, durante o fim de semana, o tr\u00e2nsito seja mais tranquilo, se houver muitas pessoas indo para o mesmo local de provas antes do Enem, h\u00e1 o risco de engarrafamentos nas ruas do entorno.<\/li>\n<li><strong>Estacionamento:<\/strong> Quem for dirigindo at\u00e9 o Enem tamb\u00e9m tem um problema extra: o de encontrar lugar para estacionar o carro. Por isso, uma visita com anteced\u00eancia \u00e9 \u00fatil para saber se existem vagas nas ruas do entorno ou op\u00e7\u00f5es de estacionamentos privados, e evita que essa busca seja feita s\u00f3 no dia das provas, o que pode gerar atrasos.<\/li>\n<li><strong>De transporte p\u00fablico:<\/strong> V\u00e1rios sistemas operacionais tamb\u00e9m t\u00eam op\u00e7\u00f5es de aplicativos que mostram os melhores trajetos de transporte p\u00fablico para ir at\u00e9 um local de prova do Enem. Vale lembrar, por\u00e9m, que, durante os fins de semana, a oferta de \u00f4nibus diminui, e o tempo de parada dos trens aumenta. Alguns apps permitem fazer uma simula\u00e7\u00e3o do tempo de trajeto em diferentes dias da semana. Por isso, vale fazer esses c\u00e1lculos e conhecer em detalhes as rotas dos \u00f4nibus, os locais dos pontos de subida e descida e o tempo de caminhada at\u00e9 o local de provas.<\/li>\n<li><strong>De bicicleta ou a p\u00e9: <\/strong>Quem decidir ir por conta pr\u00f3pria para fazer o Enem deve verificar qual \u00e9 o caminho mais curto e mais seguro. No caso dos ciclistas, \u00e9 preciso saber de antem\u00e3o onde deixar a bicicleta. Nos dois casos, tamb\u00e9m \u00e9 preciso lembrar que, caso a dist\u00e2ncia seja muito grande, existe o risco de chegar at\u00e9 a prova sentindo muito cansa\u00e7o ou fome e, assim, ter que lidar com essas distra\u00e7\u00f5es durante o Enem.<\/li>\n<\/ul>\n<p>Fonte: G1<\/p>\n<\/div>\n","protected":false},"excerpt":{"rendered":"<p>A edi\u00e7\u00e3o 2016 do Exame Nacional do Ensino M\u00e9dio (Enem) acontece neste s\u00e1bado (5) e domingo (6). \u00a0No total, as provas ser\u00e3o aplicadas em 1.727 munic\u00edpios de todos os estados brasileiros. Os candidatos foram alocados de acordo com o endere\u00e7o residencial indicado no ato da inscri\u00e7\u00e3o. Mas, segundo o edital do exame, o local de [&hellip;]<\/p>\n","protected":false},"author":2,"featured_media":3414,"comment_status":"closed","ping_status":"open","sticky":false,"template":"","format":"standard","meta":{"advgb_blocks_editor_width":"","advgb_blocks_columns_visual_guide":"","_exactmetrics_skip_tracking":false,"_exactmetrics_sitenote_active":false,"_exactmetrics_sitenote_note":"","_exactmetrics_sitenote_category":0,"footnotes":""},"categories":[7,2],"tags":[204,1205],"class_list":["post-3413","post","type-post","status-publish","format-standard","has-post-thumbnail","hentry","category-destaques","category-noticias","tag-enem","tag-local-de-prova"],"better_featured_image":{"id":3414,"alt_text":"","caption":"","description":"","media_type":"image","media_details":{"width":597,"height":336,"file":"2016\/10\/enem-2.jpg","sizes":{"thumbnail":{"file":"enem-2-150x84.jpg","width":150,"height":84,"mime-type":"image\/jpeg","source_url":"https:\/\/lavras.tv\/site\/wp-content\/uploads\/2016\/10\/enem-2-150x84.jpg"},"medium":{"file":"enem-2-300x169.jpg","width":300,"height":169,"mime-type":"image\/jpeg","source_url":"https:\/\/lavras.tv\/site\/wp-content\/uploads\/2016\/10\/enem-2-300x169.jpg"},"featured-post-img":{"file":"enem-2-480x320.jpg","width":480,"height":320,"mime-type":"image\/jpeg","source_url":"https:\/\/lavras.tv\/site\/wp-content\/uploads\/2016\/10\/enem-2-480x320.jpg"},"sow-carousel-default":{"file":"enem-2-272x182.jpg","width":272,"height":182,"mime-type":"image\/jpeg","source_url":"https:\/\/lavras.tv\/site\/wp-content\/uploads\/2016\/10\/enem-2-272x182.jpg"}},"image_meta":{"aperture":"0","credit":"","camera":"","caption":"","created_timestamp":"0","copyright":"","focal_length":"0","iso":"0","shutter_speed":"0","title":"","orientation":"0","keywords":[]}},"post":3413,"source_url":"https:\/\/lavras.tv\/site\/wp-content\/uploads\/2016\/10\/enem-2.jpg"},"author_meta":{"display_name":"Lavras TV","author_link":"https:\/\/lavras.tv\/site\/author\/lavrastv\/"},"featured_img":"https:\/\/lavras.tv\/site\/wp-content\/uploads\/2016\/10\/enem-2-300x169.jpg","coauthors":[],"tax_additional":{"categories":{"linked":["<a href=\"https:\/\/lavras.tv\/site\/category\/destaques\/\" class=\"advgb-post-tax-term\">Destaques<\/a>","<a href=\"https:\/\/lavras.tv\/site\/category\/noticias\/\" class=\"advgb-post-tax-term\">Not\u00edcias<\/a>"],"unlinked":["<span class=\"advgb-post-tax-term\">Destaques<\/span>","<span class=\"advgb-post-tax-term\">Not\u00edcias<\/span>"]},"tags":{"linked":["<a href=\"https:\/\/lavras.tv\/site\/category\/noticias\/\" class=\"advgb-post-tax-term\">enem<\/a>","<a href=\"https:\/\/lavras.tv\/site\/category\/noticias\/\" class=\"advgb-post-tax-term\">local de prova<\/a>"],"unlinked":["<span class=\"advgb-post-tax-term\">enem<\/span>","<span class=\"advgb-post-tax-term\">local de prova<\/span>"]}},"comment_count":"0","relative_dates":{"created":"Publicado 10 anos atr\u00e1s","modified":"Atualizado 10 anos atr\u00e1s"},"absolute_dates":{"created":"Publicado em 31 de outubro de 2016","modified":"Atualizado em 31 de outubro de 2016"},"absolute_dates_time":{"created":"Publicado em 31 de outubro de 2016 08:23","modified":"Atualizado em 31 de outubro de 2016 08:23"},"featured_img_caption":"","series_order":"","_links":{"self":[{"href":"https:\/\/lavras.tv\/site\/wp-json\/wp\/v2\/posts\/3413","targetHints":{"allow":["GET"]}}],"collection":[{"href":"https:\/\/lavras.tv\/site\/wp-json\/wp\/v2\/posts"}],"about":[{"href":"https:\/\/lavras.tv\/site\/wp-json\/wp\/v2\/types\/post"}],"author":[{"embeddable":true,"href":"https:\/\/lavras.tv\/site\/wp-json\/wp\/v2\/users\/2"}],"replies":[{"embeddable":true,"href":"https:\/\/lavras.tv\/site\/wp-json\/wp\/v2\/comments?post=3413"}],"version-history":[{"count":1,"href":"https:\/\/lavras.tv\/site\/wp-json\/wp\/v2\/posts\/3413\/revisions"}],"predecessor-version":[{"id":3415,"href":"https:\/\/lavras.tv\/site\/wp-json\/wp\/v2\/posts\/3413\/revisions\/3415"}],"wp:featuredmedia":[{"embeddable":true,"href":"https:\/\/lavras.tv\/site\/wp-json\/wp\/v2\/media\/3414"}],"wp:attachment":[{"href":"https:\/\/lavras.tv\/site\/wp-json\/wp\/v2\/media?parent=3413"}],"wp:term":[{"taxonomy":"category","embeddable":true,"href":"https:\/\/lavras.tv\/site\/wp-json\/wp\/v2\/categories?post=3413"},{"taxonomy":"post_tag","embeddable":true,"href":"https:\/\/lavras.tv\/site\/wp-json\/wp\/v2\/tags?post=3413"}],"curies":[{"name":"wp","href":"https:\/\/api.w.org\/{rel}","templated":true}]}}