{"id":3462,"date":"2016-11-01T08:30:56","date_gmt":"2016-11-01T10:30:56","guid":{"rendered":"http:\/\/lavras.tv\/site\/?p=3462"},"modified":"2016-11-01T08:30:56","modified_gmt":"2016-11-01T10:30:56","slug":"multas-de-transito-ja-estao-mais-caras-e-podem-passar-de-r-17mil","status":"publish","type":"post","link":"https:\/\/lavras.tv\/site\/2016\/11\/01\/multas-de-transito-ja-estao-mais-caras-e-podem-passar-de-r-17mil\/","title":{"rendered":"Multas de tr\u00e2nsito j\u00e1 est\u00e3o mais caras e podem passar de R$ 17mil"},"content":{"rendered":"<div class=\"lavra-antes-do-conteudo_2\" id=\"lavra-2261938173\"><div id=\"lavra-slider-27\" class=\"custom-slider lavra-slider-2267261538 lavra-slider\"><ul><li><div style=\"margin-left: auto;margin-right: auto;text-align: center;\" id=\"lavra-3663175672\"><a href=\"https:\/\/sistemas.lavras.mg.gov.br\/portalcidadao\/#df1b1a7c7b2a290bcb31e32771e610784662739a88807c0dacac58ede5f391a7530e299dc302d611ee73cb143fc22eaf93592e53e7b5bdb01b00a0b8d28dae460c141dd2ff83412e4dc1c31b16b25f33144a9e5620ea73b13f5bc1c59411d98439ad226e8af03840603796067d87afe130812cf3de24982d0e306f9e61e764e5\" aria-label=\"Lavras-TV&#8211;720x104px (1) (1)\"><img src=\"https:\/\/lavras.tv\/site\/wp-content\/uploads\/2025\/01\/Lavras-TV-720x104px-1-1.png\" alt=\"\"  srcset=\"https:\/\/lavras.tv\/site\/wp-content\/uploads\/2025\/01\/Lavras-TV-720x104px-1-1.png 720w, https:\/\/lavras.tv\/site\/wp-content\/uploads\/2025\/01\/Lavras-TV-720x104px-1-1-470x68.png 470w, https:\/\/lavras.tv\/site\/wp-content\/uploads\/2025\/01\/Lavras-TV-720x104px-1-1-170x25.png 170w, https:\/\/lavras.tv\/site\/wp-content\/uploads\/2025\/01\/Lavras-TV-720x104px-1-1-200x29.png 200w\" sizes=\"(max-width: 720px) 100vw, 720px\" width=\"720\" height=\"104\"  style=\"display: inline-block;\" \/><\/a><\/div><\/li><li><a href=\"https:\/\/sistemas.lavras.mg.gov.br\/portalcidadao\/#df1b1a7c7b2a290bcb31e32771e610784662739a88807c0dacac58ede5f391a7530e299dc302d611ee73cb143fc22eaf93592e53e7b5bdb01b00a0b8d28dae460c141dd2ff83412e4dc1c31b16b25f33144a9e5620ea73b13f5bc1c59411d98439ad226e8af03840603796067d87afe130812cf3de24982d0e306f9e61e764e5\" aria-label=\"Banner_Emprego_PortallavrasTV\"><img src=\"https:\/\/lavras.tv\/site\/wp-content\/uploads\/2025\/03\/Banner_Emprego_PortallavrasTV.png\" alt=\"\"  srcset=\"https:\/\/lavras.tv\/site\/wp-content\/uploads\/2025\/03\/Banner_Emprego_PortallavrasTV.png 720w, https:\/\/lavras.tv\/site\/wp-content\/uploads\/2025\/03\/Banner_Emprego_PortallavrasTV-470x68.png 470w, https:\/\/lavras.tv\/site\/wp-content\/uploads\/2025\/03\/Banner_Emprego_PortallavrasTV-170x25.png 170w, https:\/\/lavras.tv\/site\/wp-content\/uploads\/2025\/03\/Banner_Emprego_PortallavrasTV-200x29.png 200w\" sizes=\"(max-width: 720px) 100vw, 720px\" width=\"720\" height=\"104\"   \/><\/a><\/li><li><a href=\"https:\/\/sistemas.lavras.mg.gov.br\/portalcidadao\/#df1b1a7c7b2a290bcb31e32771e610784662739a88807c0dacac58ede5f391a7530e299dc302d611ee73cb143fc22eaf93592e53e7b5bdb01b00a0b8d28dae460c141dd2ff83412e4dc1c31b16b25f33144a9e5620ea73b13f5bc1c59411d98439ad226e8af03840603796067d87afe130812cf3de24982d0e306f9e61e764e5\" aria-label=\"Banner_Obras_PortallavrasTV\"><img src=\"https:\/\/lavras.tv\/site\/wp-content\/uploads\/2025\/03\/Banner_Obras_PortallavrasTV.png\" alt=\"\"  srcset=\"https:\/\/lavras.tv\/site\/wp-content\/uploads\/2025\/03\/Banner_Obras_PortallavrasTV.png 720w, https:\/\/lavras.tv\/site\/wp-content\/uploads\/2025\/03\/Banner_Obras_PortallavrasTV-470x68.png 470w, https:\/\/lavras.tv\/site\/wp-content\/uploads\/2025\/03\/Banner_Obras_PortallavrasTV-170x25.png 170w, https:\/\/lavras.tv\/site\/wp-content\/uploads\/2025\/03\/Banner_Obras_PortallavrasTV-200x29.png 200w\" sizes=\"(max-width: 720px) 100vw, 720px\" width=\"720\" height=\"104\"   \/><\/a><\/li><li><div style=\"margin-left: auto;margin-right: auto;text-align: center;\" id=\"lavra-2446669702\"><a href=\"https:\/\/sistemas.lavras.mg.gov.br\/portalcidadao\/#df1b1a7c7b2a290bcb31e32771e610784662739a88807c0dacac58ede5f391a7530e299dc302d611ee73cb143fc22eaf93592e53e7b5bdb01b00a0b8d28dae460c141dd2ff83412e4dc1c31b16b25f33144a9e5620ea73b13f5bc1c59411d98439ad226e8af03840603796067d87afe130812cf3de24982d0e306f9e61e764e5\" aria-label=\"Banner_Educa\u00e7\u00e3o_PortallavrasTV\"><img src=\"https:\/\/lavras.tv\/site\/wp-content\/uploads\/2025\/01\/Banner_Educacao_PortallavrasTV.png\" alt=\"\"  srcset=\"https:\/\/lavras.tv\/site\/wp-content\/uploads\/2025\/01\/Banner_Educacao_PortallavrasTV.png 720w, https:\/\/lavras.tv\/site\/wp-content\/uploads\/2025\/01\/Banner_Educacao_PortallavrasTV-470x68.png 470w, https:\/\/lavras.tv\/site\/wp-content\/uploads\/2025\/01\/Banner_Educacao_PortallavrasTV-170x25.png 170w, https:\/\/lavras.tv\/site\/wp-content\/uploads\/2025\/01\/Banner_Educacao_PortallavrasTV-200x29.png 200w\" sizes=\"(max-width: 720px) 100vw, 720px\" width=\"720\" height=\"104\"  style=\"display: inline-block;\" \/><\/a><\/div><\/li><li><a href=\"https:\/\/sistemas.lavras.mg.gov.br\/portalcidadao\/#df1b1a7c7b2a290bcb31e32771e610784662739a88807c0dacac58ede5f391a7530e299dc302d611ee73cb143fc22eaf93592e53e7b5bdb01b00a0b8d28dae460c141dd2ff83412e4dc1c31b16b25f33144a9e5620ea73b13f5bc1c59411d98439ad226e8af03840603796067d87afe130812cf3de24982d0e306f9e61e764e5\" aria-label=\"Banner_Sa\u00fade_PortallavrasTV\"><img src=\"https:\/\/lavras.tv\/site\/wp-content\/uploads\/2025\/03\/Banner_Saude_PortallavrasTV.png\" alt=\"\"  srcset=\"https:\/\/lavras.tv\/site\/wp-content\/uploads\/2025\/03\/Banner_Saude_PortallavrasTV.png 720w, https:\/\/lavras.tv\/site\/wp-content\/uploads\/2025\/03\/Banner_Saude_PortallavrasTV-470x68.png 470w, https:\/\/lavras.tv\/site\/wp-content\/uploads\/2025\/03\/Banner_Saude_PortallavrasTV-170x25.png 170w, https:\/\/lavras.tv\/site\/wp-content\/uploads\/2025\/03\/Banner_Saude_PortallavrasTV-200x29.png 200w\" sizes=\"(max-width: 720px) 100vw, 720px\" width=\"720\" height=\"104\"   \/><\/a><\/li><li><div id=\"lavra-3952715732\" style=\"width:720px;height:104px;background-color:#ddd;overflow:scroll;\">\n\t<strong>Sa\u00edda da depura\u00e7\u00e3o de an\u00fancios<\/strong>\n\t<br><br>\n\tO an\u00fancio n\u00e3o \u00e9 exibido na p\u00e1gina<br><br>post atual: Multas de tr\u00e2nsito j\u00e1 est\u00e3o mais caras e podem passar de R$ 17mil, ID: 3462<br><br><span style=\"color: red;\">O post atual n\u00e3o \u00e9 id\u00eantico ao post principal.<\/span><br><br>An\u00fancios: ROXO - TOPO INTERNA - ROTATIVO 2 (197)<br \/>Grupo de an\u00fancios: Princ_Meio01_720x104 (27)<br><br>Condi\u00e7\u00f5es de exibi\u00e7\u00e3o<div style=\"margin-bottom: 20px; white-space: pre-wrap; font-family: monospace; width: 100%; background: #ffe9e9;\"><strong>condi\u00e7\u00f5es gerais<\/strong><table border=\"1\"><thead><tr><th><\/th><th>An\u00fancios<\/th><th>wp_the_query<\/th><\/tr><\/thead><tr><td>is_main_query<\/td><td>1<\/td><td>1<\/td><\/tr><tr><td>is_rest_api<\/td><td>0<\/td><td>1<\/td><\/tr><tr><td>page<\/td><td>0<\/td><td>1<\/td><\/tr><tr><td>numpages<\/td><td>0<\/td><td>1<\/td><\/tr><tr><td>is_archive<\/td><td>1<\/td><td><\/td><\/tr><tr><td>is_search<\/td><td>1<\/td><td><\/td><\/tr><tr><td>is_home<\/td><td>1<\/td><td><\/td><\/tr><tr><td>is_404<\/td><td>1<\/td><td><\/td><\/tr><tr><td>is_attachment<\/td><td>1<\/td><td><\/td><\/tr><tr><td>is_singular<\/td><td>1<\/td><td><\/td><\/tr><tr><td>is_front_page<\/td><td>1<\/td><td><\/td><\/tr><tr><td>is_feed<\/td><td>1<\/td><td><\/td><\/tr><\/table><\/div><br><br><span style=\"color: red;\">Seu site usa HTTPS, mas o c\u00f3digo do an\u00fancio cont\u00e9m HTTP e pode n\u00e3o funcionar.<\/span>\t<br><br>\n\t<a style=\"color: green;\" href=\"https:\/\/wpadvancedads.com\/manual\/ad-debug-mode\/?utm_source=advanced-ads&utm_medium=link&utm_campaign=ad-debug-mode\" target=\"_blank\" rel=\"nofollow\">Encontre solu\u00e7\u00f5es no manual<\/a>\n<\/div>\n<\/li><\/ul><\/div><script>( window.advanced_ads_ready || jQuery( document ).ready ).call( null, function() {var $lavraslider2267261538 = jQuery( \".lavra-slider-2267261538\" );$lavraslider2267261538.on( \"unslider.ready\", function() { jQuery( \"div.custom-slider ul li\" ).css( \"display\", \"block\" ); });$lavraslider2267261538.unslider({ delay:4000, autoplay:true, nav:false, arrows:false, infinite:true });$lavraslider2267261538.on(\"mouseover\", function() {$lavraslider2267261538.unslider(\"stop\");}).on(\"mouseout\", function() {$lavraslider2267261538.unslider(\"start\");});});<\/script><\/div><p>As multas de tr\u00e2nsito ficam \u00a0mais caras a partir desta ter\u00e7a feira, 1\u00ba de novembro. <!--more-->Com os novos valores, previstos a partir da altera\u00e7\u00e3o do C\u00f3digo de Tr\u00e2nsito Brasileiro, multas por infra\u00e7\u00f5es grav\u00edssimas passam de R$ 191,54 para R$ 293,47. Aquelas por infra\u00e7\u00e3o grave aumentam de R$ 127,69 para R$ 195,23. As cobradas por infra\u00e7\u00f5es consideradas m\u00e9dias sobem de R$ 85,13 para R$ 130,16. E as multas leves passam de R$ 53,20 para R$ 88,38.<\/p>\n<p>Tamb\u00e9m foram reajustados os valores das multas aplicadas a motoristas suspeitos de dirigir alcoolizados, que se recusarem a fazer o teste do baf\u00f4metro. Nesse caso, a multa passa de R$ 1.915 para R$ 2.934,70. O motorista ter\u00e1 ainda a habilita\u00e7\u00e3o suspensa pelo prazo de 12 meses.<\/p>\n<p><img fetchpriority=\"high\" decoding=\"async\" class=\"size-full wp-image-3463 aligncenter\" src=\"http:\/\/lavras.tv\/site\/wp-content\/uploads\/2016\/11\/multa.jpg\" alt=\"multa\" width=\"3000\" height=\"2000\" srcset=\"https:\/\/lavras.tv\/site\/wp-content\/uploads\/2016\/11\/multa.jpg 3000w, https:\/\/lavras.tv\/site\/wp-content\/uploads\/2016\/11\/multa-150x100.jpg 150w, https:\/\/lavras.tv\/site\/wp-content\/uploads\/2016\/11\/multa-300x200.jpg 300w, https:\/\/lavras.tv\/site\/wp-content\/uploads\/2016\/11\/multa-1024x683.jpg 1024w, https:\/\/lavras.tv\/site\/wp-content\/uploads\/2016\/11\/multa-480x320.jpg 480w, https:\/\/lavras.tv\/site\/wp-content\/uploads\/2016\/11\/multa-272x182.jpg 272w\" sizes=\"(max-width: 3000px) 100vw, 3000px\" \/><\/p>\n<p>A multas mais altas foram para aquelas infra\u00e7\u00f5es consideradas mais perigosas e para isso foi usado um fator multiplicador.\u00a0Por exemplo, a infra\u00e7\u00e3o de \u201cusar qualquer ve\u00edculo para, deliberadamente, interromper, restringir ou perturbar a circula\u00e7\u00e3o na via sem autoriza\u00e7\u00e3o do \u00f3rg\u00e3o ou entidade de tr\u00e2nsito com circunscri\u00e7\u00e3o sobre ela\u201d ganhou um multiplicador de 20 at\u00e9 60 vezes sobre o valor da multa. Essa passou a ser a infra\u00e7\u00e3o com multa mais cara: o valor de R$ 293,47 ser\u00e1 multiplicado por 60, totalizando R$ 17.608,20.<\/p>\n<p>Com o aumento,\u00a0especialistas de tr\u00e2nsito acreditam na redu\u00e7\u00e3o no n\u00famero de infra\u00e7\u00f5es, desde que haja fiscaliza\u00e7\u00e3o.<\/p>\n<p>Segundo a Secretaria de Estado de Defesa Social (Seds), a\u00e7\u00f5es com o objetivo de punir quem bebe e dirige s\u00e3o realizadas diariamente em Belo Horizonte, com refor\u00e7os, principalmente nos finais de semana.<\/p>\n<p>Ainda de acordo com a Seds, neste ano foram refor\u00e7adas as a\u00e7\u00f5es em 44 munic\u00edpios do interior, com a compra de cem novos etil\u00f4metros. De janeiro a 19 de outubro de 2016, foram abordados 60.775 motoristas, o que j\u00e1 \u00e9 superior ao total de abordagens de 2015, que chegou a 57.770.<\/p>\n<p>No topo do ranking das infra\u00e7\u00f5es mais cometidas no Estado e em Belo Horizonte est\u00e1 o desrespeito \u00e0 velocidade permitida na via. De acordo com dados do Detran, somente at\u00e9 18 de setembro deste ano foram aplicadas em Minas mais de 670 mil multas por transitar em velocidade superior \u00e0 m\u00e1xima permitida em at\u00e9 20%. Na capital, o n\u00famero de registro ultrapassou os 335 mil. Agora, quem ignorar a lei e cometer esse tipo de infra\u00e7\u00e3o (m\u00e9dia) vai ter que desembolsar R$ 130,16.<\/p>\n<p>Por avan\u00e7ar o sinal vermelho, segundo tipo de multa mais aplicada no Estado e na capital, o motorista vai pagar R$ 293,47, j\u00e1 que se trata de uma infra\u00e7\u00e3o grav\u00edssima. O motorista que usa o celular enquanto dirige tamb\u00e9m ser\u00e1 multado com esse mesmo valor. Com as mudan\u00e7as na lei, fazer uso do telefone na dire\u00e7\u00e3o deixa de ser uma infra\u00e7\u00e3o m\u00e9dia e vira grav\u00edssima.<\/p>\n<p>&nbsp;<\/p>\n<p>Fonte: Hoje em Dia<\/p>\n","protected":false},"excerpt":{"rendered":"<p>As multas de tr\u00e2nsito ficam \u00a0mais caras a partir desta ter\u00e7a feira, 1\u00ba de novembro.<\/p>\n","protected":false},"author":2,"featured_media":3463,"comment_status":"closed","ping_status":"open","sticky":false,"template":"","format":"standard","meta":{"advgb_blocks_editor_width":"","advgb_blocks_columns_visual_guide":"","_exactmetrics_skip_tracking":false,"_exactmetrics_sitenote_active":false,"_exactmetrics_sitenote_note":"","_exactmetrics_sitenote_category":0,"footnotes":""},"categories":[7,2],"tags":[1219,1203,1220],"class_list":["post-3462","post","type-post","status-publish","format-standard","has-post-thumbnail","hentry","category-destaques","category-noticias","tag-multas","tag-novos-valores","tag-transito"],"better_featured_image":{"id":3463,"alt_text":"","caption":"","description":"","media_type":"image","media_details":{"width":3000,"height":2000,"file":"2016\/11\/multa.jpg","sizes":{"thumbnail":{"file":"multa-150x100.jpg","width":150,"height":100,"mime-type":"image\/jpeg","source_url":"https:\/\/lavras.tv\/site\/wp-content\/uploads\/2016\/11\/multa-150x100.jpg"},"medium":{"file":"multa-300x200.jpg","width":300,"height":200,"mime-type":"image\/jpeg","source_url":"https:\/\/lavras.tv\/site\/wp-content\/uploads\/2016\/11\/multa-300x200.jpg"},"large":{"file":"multa-1024x683.jpg","width":1024,"height":683,"mime-type":"image\/jpeg","source_url":"https:\/\/lavras.tv\/site\/wp-content\/uploads\/2016\/11\/multa-1024x683.jpg"},"featured-slider-img":{"file":"multa-640x480.jpg","width":640,"height":480,"mime-type":"image\/jpeg","source_url":"https:\/\/lavras.tv\/site\/wp-content\/uploads\/2016\/11\/multa-640x480.jpg"},"featured-post-img":{"file":"multa-480x320.jpg","width":480,"height":320,"mime-type":"image\/jpeg","source_url":"https:\/\/lavras.tv\/site\/wp-content\/uploads\/2016\/11\/multa-480x320.jpg"},"sow-carousel-default":{"file":"multa-272x182.jpg","width":272,"height":182,"mime-type":"image\/jpeg","source_url":"https:\/\/lavras.tv\/site\/wp-content\/uploads\/2016\/11\/multa-272x182.jpg"}},"image_meta":{"aperture":"0","credit":"","camera":"","caption":"","created_timestamp":"0","copyright":"","focal_length":"0","iso":"0","shutter_speed":"0","title":"","orientation":"0","keywords":[]}},"post":3462,"source_url":"https:\/\/lavras.tv\/site\/wp-content\/uploads\/2016\/11\/multa.jpg"},"author_meta":{"display_name":"Lavras TV","author_link":"https:\/\/lavras.tv\/site\/author\/lavrastv\/"},"featured_img":"https:\/\/lavras.tv\/site\/wp-content\/uploads\/2016\/11\/multa-300x200.jpg","coauthors":[],"tax_additional":{"categories":{"linked":["<a href=\"https:\/\/lavras.tv\/site\/category\/destaques\/\" class=\"advgb-post-tax-term\">Destaques<\/a>","<a href=\"https:\/\/lavras.tv\/site\/category\/noticias\/\" class=\"advgb-post-tax-term\">Not\u00edcias<\/a>"],"unlinked":["<span class=\"advgb-post-tax-term\">Destaques<\/span>","<span class=\"advgb-post-tax-term\">Not\u00edcias<\/span>"]},"tags":{"linked":["<a href=\"https:\/\/lavras.tv\/site\/category\/noticias\/\" class=\"advgb-post-tax-term\">multas<\/a>","<a href=\"https:\/\/lavras.tv\/site\/category\/noticias\/\" class=\"advgb-post-tax-term\">novos valores<\/a>","<a href=\"https:\/\/lavras.tv\/site\/category\/noticias\/\" class=\"advgb-post-tax-term\">tr\u00e2nsito<\/a>"],"unlinked":["<span class=\"advgb-post-tax-term\">multas<\/span>","<span class=\"advgb-post-tax-term\">novos valores<\/span>","<span class=\"advgb-post-tax-term\">tr\u00e2nsito<\/span>"]}},"comment_count":"0","relative_dates":{"created":"Publicado 10 anos atr\u00e1s","modified":"Atualizado 10 anos atr\u00e1s"},"absolute_dates":{"created":"Publicado em 1 de novembro de 2016","modified":"Atualizado em 1 de novembro de 2016"},"absolute_dates_time":{"created":"Publicado em 1 de novembro de 2016 08:30","modified":"Atualizado em 1 de novembro de 2016 08:30"},"featured_img_caption":"","series_order":"","_links":{"self":[{"href":"https:\/\/lavras.tv\/site\/wp-json\/wp\/v2\/posts\/3462","targetHints":{"allow":["GET"]}}],"collection":[{"href":"https:\/\/lavras.tv\/site\/wp-json\/wp\/v2\/posts"}],"about":[{"href":"https:\/\/lavras.tv\/site\/wp-json\/wp\/v2\/types\/post"}],"author":[{"embeddable":true,"href":"https:\/\/lavras.tv\/site\/wp-json\/wp\/v2\/users\/2"}],"replies":[{"embeddable":true,"href":"https:\/\/lavras.tv\/site\/wp-json\/wp\/v2\/comments?post=3462"}],"version-history":[{"count":1,"href":"https:\/\/lavras.tv\/site\/wp-json\/wp\/v2\/posts\/3462\/revisions"}],"predecessor-version":[{"id":3464,"href":"https:\/\/lavras.tv\/site\/wp-json\/wp\/v2\/posts\/3462\/revisions\/3464"}],"wp:featuredmedia":[{"embeddable":true,"href":"https:\/\/lavras.tv\/site\/wp-json\/wp\/v2\/media\/3463"}],"wp:attachment":[{"href":"https:\/\/lavras.tv\/site\/wp-json\/wp\/v2\/media?parent=3462"}],"wp:term":[{"taxonomy":"category","embeddable":true,"href":"https:\/\/lavras.tv\/site\/wp-json\/wp\/v2\/categories?post=3462"},{"taxonomy":"post_tag","embeddable":true,"href":"https:\/\/lavras.tv\/site\/wp-json\/wp\/v2\/tags?post=3462"}],"curies":[{"name":"wp","href":"https:\/\/api.w.org\/{rel}","templated":true}]}}