{"id":34658,"date":"2019-07-23T08:06:49","date_gmt":"2019-07-23T11:06:49","guid":{"rendered":"http:\/\/lavras.tv\/site\/?p=34658"},"modified":"2019-07-23T08:07:21","modified_gmt":"2019-07-23T11:07:21","slug":"governo-de-mg-inova-e-concentra-diversos-servicos-publicos-em-um-unico-aplicativo","status":"publish","type":"post","link":"https:\/\/lavras.tv\/site\/2019\/07\/23\/governo-de-mg-inova-e-concentra-diversos-servicos-publicos-em-um-unico-aplicativo\/","title":{"rendered":"Governo de MG inova e concentra diversos servi\u00e7os p\u00fablicos em um \u00fanico aplicativo"},"content":{"rendered":"<div class=\"lavra-antes-do-conteudo_2\" id=\"lavra-2262164289\"><div id=\"lavra-slider-27\" class=\"custom-slider lavra-slider-3877763641 lavra-slider\"><ul><li><div style=\"margin-left: auto;margin-right: auto;text-align: center;\" id=\"lavra-543408673\"><a href=\"https:\/\/sistemas.lavras.mg.gov.br\/portalcidadao\/#df1b1a7c7b2a290bcb31e32771e610784662739a88807c0dacac58ede5f391a7530e299dc302d611ee73cb143fc22eaf93592e53e7b5bdb01b00a0b8d28dae460c141dd2ff83412e4dc1c31b16b25f33144a9e5620ea73b13f5bc1c59411d98439ad226e8af03840603796067d87afe130812cf3de24982d0e306f9e61e764e5\" aria-label=\"Lavras-TV&#8211;720x104px (1) (1)\"><img src=\"https:\/\/lavras.tv\/site\/wp-content\/uploads\/2025\/01\/Lavras-TV-720x104px-1-1.png\" alt=\"\"  srcset=\"https:\/\/lavras.tv\/site\/wp-content\/uploads\/2025\/01\/Lavras-TV-720x104px-1-1.png 720w, https:\/\/lavras.tv\/site\/wp-content\/uploads\/2025\/01\/Lavras-TV-720x104px-1-1-470x68.png 470w, https:\/\/lavras.tv\/site\/wp-content\/uploads\/2025\/01\/Lavras-TV-720x104px-1-1-170x25.png 170w, https:\/\/lavras.tv\/site\/wp-content\/uploads\/2025\/01\/Lavras-TV-720x104px-1-1-200x29.png 200w\" sizes=\"(max-width: 720px) 100vw, 720px\" width=\"720\" height=\"104\"  style=\"display: inline-block;\" \/><\/a><\/div><\/li><li><a href=\"https:\/\/sistemas.lavras.mg.gov.br\/portalcidadao\/#df1b1a7c7b2a290bcb31e32771e610784662739a88807c0dacac58ede5f391a7530e299dc302d611ee73cb143fc22eaf93592e53e7b5bdb01b00a0b8d28dae460c141dd2ff83412e4dc1c31b16b25f33144a9e5620ea73b13f5bc1c59411d98439ad226e8af03840603796067d87afe130812cf3de24982d0e306f9e61e764e5\" aria-label=\"Banner_Emprego_PortallavrasTV\"><img src=\"https:\/\/lavras.tv\/site\/wp-content\/uploads\/2025\/03\/Banner_Emprego_PortallavrasTV.png\" alt=\"\"  srcset=\"https:\/\/lavras.tv\/site\/wp-content\/uploads\/2025\/03\/Banner_Emprego_PortallavrasTV.png 720w, https:\/\/lavras.tv\/site\/wp-content\/uploads\/2025\/03\/Banner_Emprego_PortallavrasTV-470x68.png 470w, https:\/\/lavras.tv\/site\/wp-content\/uploads\/2025\/03\/Banner_Emprego_PortallavrasTV-170x25.png 170w, https:\/\/lavras.tv\/site\/wp-content\/uploads\/2025\/03\/Banner_Emprego_PortallavrasTV-200x29.png 200w\" sizes=\"(max-width: 720px) 100vw, 720px\" width=\"720\" height=\"104\"   \/><\/a><\/li><li><a href=\"https:\/\/sistemas.lavras.mg.gov.br\/portalcidadao\/#df1b1a7c7b2a290bcb31e32771e610784662739a88807c0dacac58ede5f391a7530e299dc302d611ee73cb143fc22eaf93592e53e7b5bdb01b00a0b8d28dae460c141dd2ff83412e4dc1c31b16b25f33144a9e5620ea73b13f5bc1c59411d98439ad226e8af03840603796067d87afe130812cf3de24982d0e306f9e61e764e5\" aria-label=\"Banner_Obras_PortallavrasTV\"><img src=\"https:\/\/lavras.tv\/site\/wp-content\/uploads\/2025\/03\/Banner_Obras_PortallavrasTV.png\" alt=\"\"  srcset=\"https:\/\/lavras.tv\/site\/wp-content\/uploads\/2025\/03\/Banner_Obras_PortallavrasTV.png 720w, https:\/\/lavras.tv\/site\/wp-content\/uploads\/2025\/03\/Banner_Obras_PortallavrasTV-470x68.png 470w, https:\/\/lavras.tv\/site\/wp-content\/uploads\/2025\/03\/Banner_Obras_PortallavrasTV-170x25.png 170w, https:\/\/lavras.tv\/site\/wp-content\/uploads\/2025\/03\/Banner_Obras_PortallavrasTV-200x29.png 200w\" sizes=\"(max-width: 720px) 100vw, 720px\" width=\"720\" height=\"104\"   \/><\/a><\/li><li><div style=\"margin-left: auto;margin-right: auto;text-align: center;\" id=\"lavra-886578019\"><a href=\"https:\/\/sistemas.lavras.mg.gov.br\/portalcidadao\/#df1b1a7c7b2a290bcb31e32771e610784662739a88807c0dacac58ede5f391a7530e299dc302d611ee73cb143fc22eaf93592e53e7b5bdb01b00a0b8d28dae460c141dd2ff83412e4dc1c31b16b25f33144a9e5620ea73b13f5bc1c59411d98439ad226e8af03840603796067d87afe130812cf3de24982d0e306f9e61e764e5\" aria-label=\"Banner_Educa\u00e7\u00e3o_PortallavrasTV\"><img src=\"https:\/\/lavras.tv\/site\/wp-content\/uploads\/2025\/01\/Banner_Educacao_PortallavrasTV.png\" alt=\"\"  srcset=\"https:\/\/lavras.tv\/site\/wp-content\/uploads\/2025\/01\/Banner_Educacao_PortallavrasTV.png 720w, https:\/\/lavras.tv\/site\/wp-content\/uploads\/2025\/01\/Banner_Educacao_PortallavrasTV-470x68.png 470w, https:\/\/lavras.tv\/site\/wp-content\/uploads\/2025\/01\/Banner_Educacao_PortallavrasTV-170x25.png 170w, https:\/\/lavras.tv\/site\/wp-content\/uploads\/2025\/01\/Banner_Educacao_PortallavrasTV-200x29.png 200w\" sizes=\"(max-width: 720px) 100vw, 720px\" width=\"720\" height=\"104\"  style=\"display: inline-block;\" \/><\/a><\/div><\/li><li><a href=\"https:\/\/sistemas.lavras.mg.gov.br\/portalcidadao\/#df1b1a7c7b2a290bcb31e32771e610784662739a88807c0dacac58ede5f391a7530e299dc302d611ee73cb143fc22eaf93592e53e7b5bdb01b00a0b8d28dae460c141dd2ff83412e4dc1c31b16b25f33144a9e5620ea73b13f5bc1c59411d98439ad226e8af03840603796067d87afe130812cf3de24982d0e306f9e61e764e5\" aria-label=\"Banner_Sa\u00fade_PortallavrasTV\"><img src=\"https:\/\/lavras.tv\/site\/wp-content\/uploads\/2025\/03\/Banner_Saude_PortallavrasTV.png\" alt=\"\"  srcset=\"https:\/\/lavras.tv\/site\/wp-content\/uploads\/2025\/03\/Banner_Saude_PortallavrasTV.png 720w, https:\/\/lavras.tv\/site\/wp-content\/uploads\/2025\/03\/Banner_Saude_PortallavrasTV-470x68.png 470w, https:\/\/lavras.tv\/site\/wp-content\/uploads\/2025\/03\/Banner_Saude_PortallavrasTV-170x25.png 170w, https:\/\/lavras.tv\/site\/wp-content\/uploads\/2025\/03\/Banner_Saude_PortallavrasTV-200x29.png 200w\" sizes=\"(max-width: 720px) 100vw, 720px\" width=\"720\" height=\"104\"   \/><\/a><\/li><li><div id=\"lavra-2969049493\" style=\"width:720px;height:104px;background-color:#ddd;overflow:scroll;\">\n\t<strong>Sa\u00edda da depura\u00e7\u00e3o de an\u00fancios<\/strong>\n\t<br><br>\n\tO an\u00fancio n\u00e3o \u00e9 exibido na p\u00e1gina<br><br>post atual: Governo de MG inova e concentra diversos servi\u00e7os p\u00fablicos em um \u00fanico aplicativo, ID: 34658<br><br><span style=\"color: red;\">O post atual n\u00e3o \u00e9 id\u00eantico ao post principal.<\/span><br><br>An\u00fancios: ROXO - TOPO INTERNA - ROTATIVO 2 (197)<br \/>Grupo de an\u00fancios: Princ_Meio01_720x104 (27)<br><br>Condi\u00e7\u00f5es de exibi\u00e7\u00e3o<div style=\"margin-bottom: 20px; white-space: pre-wrap; font-family: monospace; width: 100%; background: #ffe9e9;\"><strong>condi\u00e7\u00f5es gerais<\/strong><table border=\"1\"><thead><tr><th><\/th><th>An\u00fancios<\/th><th>wp_the_query<\/th><\/tr><\/thead><tr><td>is_main_query<\/td><td>1<\/td><td>1<\/td><\/tr><tr><td>is_rest_api<\/td><td>0<\/td><td>1<\/td><\/tr><tr><td>page<\/td><td>0<\/td><td>1<\/td><\/tr><tr><td>numpages<\/td><td>0<\/td><td>1<\/td><\/tr><tr><td>is_archive<\/td><td>1<\/td><td><\/td><\/tr><tr><td>is_search<\/td><td>1<\/td><td><\/td><\/tr><tr><td>is_home<\/td><td>1<\/td><td><\/td><\/tr><tr><td>is_404<\/td><td>1<\/td><td><\/td><\/tr><tr><td>is_attachment<\/td><td>1<\/td><td><\/td><\/tr><tr><td>is_singular<\/td><td>1<\/td><td><\/td><\/tr><tr><td>is_front_page<\/td><td>1<\/td><td><\/td><\/tr><tr><td>is_feed<\/td><td>1<\/td><td><\/td><\/tr><\/table><\/div><br><br><span style=\"color: red;\">Seu site usa HTTPS, mas o c\u00f3digo do an\u00fancio cont\u00e9m HTTP e pode n\u00e3o funcionar.<\/span>\t<br><br>\n\t<a style=\"color: green;\" href=\"https:\/\/wpadvancedads.com\/manual\/ad-debug-mode\/?utm_source=advanced-ads&utm_medium=link&utm_campaign=ad-debug-mode\" target=\"_blank\" rel=\"nofollow\">Encontre solu\u00e7\u00f5es no manual<\/a>\n<\/div>\n<\/li><\/ul><\/div><script>( window.advanced_ads_ready || jQuery( document ).ready ).call( null, function() {var $lavraslider3877763641 = jQuery( \".lavra-slider-3877763641\" );$lavraslider3877763641.on( \"unslider.ready\", function() { jQuery( \"div.custom-slider ul li\" ).css( \"display\", \"block\" ); });$lavraslider3877763641.unslider({ delay:4000, autoplay:true, nav:false, arrows:false, infinite:true });$lavraslider3877763641.on(\"mouseover\", function() {$lavraslider3877763641.unslider(\"stop\");}).on(\"mouseout\", function() {$lavraslider3877763641.unslider(\"start\");});});<\/script><\/div><p>Comodidade, agilidade e facilidade s\u00e3o marcas do Minas Atende, programa lan\u00e7ado recentemente pelo\u00a0Governo do Estado. Pelo aplicativo\u00a0<a href=\"http:\/\/www.mg.gov.br\/mgapp\" target=\"_blank\" rel=\"noopener noreferrer\">MG App<\/a>, o cidad\u00e3o pode ter \u00a0acesso a diversos servi\u00e7os do Executivo, desde os relacionados \u00e0 Sa\u00fade at\u00e9 o Meio Ambiente, trabalho e emprego, entre outros. E tamb\u00e9m a servi\u00e7os prestados por outras institui\u00e7\u00f5es, como o Tribunal Regional Eleitoral (TRE). O objetivo, segundo o governador Romeu Zema, \u00e9 melhorar a presta\u00e7\u00e3o do servi\u00e7os p\u00fablicos estaduais, com a simplifica\u00e7\u00e3o dos procedimentos, ou seja, reduzir a desburocratiza\u00e7\u00e3o e tamb\u00e9m buscar a inova\u00e7\u00e3o.<\/p>\n<p><img fetchpriority=\"high\" decoding=\"async\" class=\"alignnone size-full wp-image-34659 aligncenter\" src=\"http:\/\/lavras.tv\/site\/wp-content\/uploads\/2019\/07\/app-mg.jpg\" alt=\"\" width=\"387\" height=\"308\" srcset=\"https:\/\/lavras.tv\/site\/wp-content\/uploads\/2019\/07\/app-mg.jpg 387w, https:\/\/lavras.tv\/site\/wp-content\/uploads\/2019\/07\/app-mg-150x119.jpg 150w, https:\/\/lavras.tv\/site\/wp-content\/uploads\/2019\/07\/app-mg-300x239.jpg 300w\" sizes=\"(max-width: 387px) 100vw, 387px\" \/><\/p>\n<p>O aplicativo MG App vem com a proposta de reduzir ao m\u00e1ximo a burocracia na presta\u00e7\u00e3o dos servi\u00e7os p\u00fablicos e facilitar a vida do cidad\u00e3o mineiro. Para utiliz\u00e1-lo, \u00e9 f\u00e1cil: basta instalar o aplicativo no celular para ter acesso aos servi\u00e7os oferecidos. Caso tenha dificuldades em utilizar a ferramenta, basta enviar sua mensagem para o Fale com o Governo, dispon\u00edvel na p\u00e1gina inicial do app.<\/p>\n<p>A plataforma digital leva a\u00a018 \u00e1reas , onde \u00a0todos os cidad\u00e3os mineiros, que residem em qualquer parte do estado, podem acessar diversos servi\u00e7os. Um exemplo \u00e9 a consulta de farm\u00e1cias onde determinado medicamento que o cidad\u00e3o necessita est\u00e1 sendo oferecido. Ou mesmo quando ele estar\u00e1 dispon\u00edvel, ou ainda o cadastramento para ter direito a \u00a0ele, de forma gratuita.<\/p>\n<p>Outra facilidade \u00e9 o agendamento de servi\u00e7os, como o \u00a0requerimento do seguro-desemprego, agendamento para doa\u00e7\u00e3o de sangue, nos v\u00e1rios postos do Hemominas, informa\u00e7\u00f5es sobre o descarte de medicamentos, acesso a endere\u00e7os de unidades de sa\u00fade ou de escolas estaduais. Na \u00e1rea de Seguran\u00e7a, \u00e9 poss\u00edvel, pelo MG App, agendar a emiss\u00e3o da carteira de identidade, segunda via do documento, bem como registrar boletins de ocorr\u00eancia de acidente de tr\u00e2nsito sem, v\u00edtimas. \u00c9 poss\u00edvel, ainda, emitir o atestado de antecedentes, registrar perda de \u00a0documentos e objetos diversos.<\/p>\n<p>Na \u00e1rea do Meio Ambiente, o cidad\u00e3o consegue agendar o licenciamento ambiental, bem como\u00a0 dar entrada em processos do direito de uso de Recursos H\u00eddricos.\u00a0 Ao acessar o espa\u00e7o da Copasa ou Cemig, \u00e9 poss\u00edvel acompanhar o seu hist\u00f3rico de pagamento, solicitar segunda via e, no caso de \u00e1gua, avisar sobre um vazamento. Com exce\u00e7\u00e3o de d\u00e9bito referente ao IPVA (somente consulta), \u00e9 acess\u00edvel tamb\u00e9m agendar parcelamentos tribut\u00e1rios, certid\u00f5es de d\u00e9bitos tribut\u00e1rios e documentos fiscais.<\/p>\n<p>Junto ao TRE, \u00e9 poss\u00edvel\u00a0 agendar o alistamento eleitoral, bem como certid\u00e3o, filia\u00e7\u00e3o partid\u00e1ria e quita\u00e7\u00e3o eleitoral. O eleitor pode tamb\u00e9m providenciar o recadastramento biom\u00e9trico e justificar a aus\u00eancia nas elei\u00e7\u00f5es, ap\u00f3s o agendamento digital.<\/p>\n<p>Fonte: Ag\u00eancia Minas<\/p>\n","protected":false},"excerpt":{"rendered":"<p>Comodidade, agilidade e facilidade s\u00e3o marcas do Minas Atende, programa lan\u00e7ado recentemente pelo\u00a0Governo do Estado. Pelo aplicativo\u00a0MG App, o cidad\u00e3o pode ter \u00a0acesso a diversos servi\u00e7os do Executivo, desde os relacionados \u00e0 Sa\u00fade at\u00e9 o Meio Ambiente, trabalho e emprego, entre outros. E tamb\u00e9m a servi\u00e7os prestados por outras institui\u00e7\u00f5es, como o Tribunal Regional Eleitoral [&hellip;]<\/p>\n","protected":false},"author":2,"featured_media":34659,"comment_status":"closed","ping_status":"open","sticky":false,"template":"","format":"standard","meta":{"advgb_blocks_editor_width":"","advgb_blocks_columns_visual_guide":"","_exactmetrics_skip_tracking":false,"_exactmetrics_sitenote_active":false,"_exactmetrics_sitenote_note":"","_exactmetrics_sitenote_category":0,"footnotes":""},"categories":[7,12],"tags":[],"class_list":["post-34658","post","type-post","status-publish","format-standard","has-post-thumbnail","hentry","category-destaques","category-politica"],"better_featured_image":{"id":34659,"alt_text":"","caption":"","description":"","media_type":"image","media_details":{"width":387,"height":308,"file":"2019\/07\/app-mg.jpg","sizes":{"thumbnail":{"file":"app-mg-150x119.jpg","width":150,"height":119,"mime-type":"image\/jpeg","source_url":"https:\/\/lavras.tv\/site\/wp-content\/uploads\/2019\/07\/app-mg-150x119.jpg"},"medium":{"file":"app-mg-300x239.jpg","width":300,"height":239,"mime-type":"image\/jpeg","source_url":"https:\/\/lavras.tv\/site\/wp-content\/uploads\/2019\/07\/app-mg-300x239.jpg"},"sow-carousel-default":{"file":"app-mg-272x182.jpg","width":272,"height":182,"mime-type":"image\/jpeg","source_url":"https:\/\/lavras.tv\/site\/wp-content\/uploads\/2019\/07\/app-mg-272x182.jpg"}},"image_meta":{"aperture":"0","credit":"","camera":"","caption":"","created_timestamp":"0","copyright":"","focal_length":"0","iso":"0","shutter_speed":"0","title":"","orientation":"0","keywords":[]}},"post":34658,"source_url":"https:\/\/lavras.tv\/site\/wp-content\/uploads\/2019\/07\/app-mg.jpg"},"author_meta":{"display_name":"Lavras TV","author_link":"https:\/\/lavras.tv\/site\/author\/lavrastv\/"},"featured_img":"https:\/\/lavras.tv\/site\/wp-content\/uploads\/2019\/07\/app-mg-300x239.jpg","coauthors":[],"tax_additional":{"categories":{"linked":["<a href=\"https:\/\/lavras.tv\/site\/category\/destaques\/\" class=\"advgb-post-tax-term\">Destaques<\/a>","<a href=\"https:\/\/lavras.tv\/site\/category\/politica\/\" class=\"advgb-post-tax-term\">Pol\u00edtica<\/a>"],"unlinked":["<span class=\"advgb-post-tax-term\">Destaques<\/span>","<span class=\"advgb-post-tax-term\">Pol\u00edtica<\/span>"]}},"comment_count":"0","relative_dates":{"created":"Publicado 7 anos atr\u00e1s","modified":"Atualizado 7 anos atr\u00e1s"},"absolute_dates":{"created":"Publicado em 23 de julho de 2019","modified":"Atualizado em 23 de julho de 2019"},"absolute_dates_time":{"created":"Publicado em 23 de julho de 2019 08:06","modified":"Atualizado em 23 de julho de 2019 08:07"},"featured_img_caption":"","series_order":"","_links":{"self":[{"href":"https:\/\/lavras.tv\/site\/wp-json\/wp\/v2\/posts\/34658","targetHints":{"allow":["GET"]}}],"collection":[{"href":"https:\/\/lavras.tv\/site\/wp-json\/wp\/v2\/posts"}],"about":[{"href":"https:\/\/lavras.tv\/site\/wp-json\/wp\/v2\/types\/post"}],"author":[{"embeddable":true,"href":"https:\/\/lavras.tv\/site\/wp-json\/wp\/v2\/users\/2"}],"replies":[{"embeddable":true,"href":"https:\/\/lavras.tv\/site\/wp-json\/wp\/v2\/comments?post=34658"}],"version-history":[{"count":2,"href":"https:\/\/lavras.tv\/site\/wp-json\/wp\/v2\/posts\/34658\/revisions"}],"predecessor-version":[{"id":34661,"href":"https:\/\/lavras.tv\/site\/wp-json\/wp\/v2\/posts\/34658\/revisions\/34661"}],"wp:featuredmedia":[{"embeddable":true,"href":"https:\/\/lavras.tv\/site\/wp-json\/wp\/v2\/media\/34659"}],"wp:attachment":[{"href":"https:\/\/lavras.tv\/site\/wp-json\/wp\/v2\/media?parent=34658"}],"wp:term":[{"taxonomy":"category","embeddable":true,"href":"https:\/\/lavras.tv\/site\/wp-json\/wp\/v2\/categories?post=34658"},{"taxonomy":"post_tag","embeddable":true,"href":"https:\/\/lavras.tv\/site\/wp-json\/wp\/v2\/tags?post=34658"}],"curies":[{"name":"wp","href":"https:\/\/api.w.org\/{rel}","templated":true}]}}