{"id":3466,"date":"2016-11-01T08:42:00","date_gmt":"2016-11-01T10:42:00","guid":{"rendered":"http:\/\/lavras.tv\/site\/?p=3466"},"modified":"2016-11-01T08:42:00","modified_gmt":"2016-11-01T10:42:00","slug":"quem-nao-votou-e-nem-justificou-ausencia-a-urna-deve-procurar-cartorio-eleitoral","status":"publish","type":"post","link":"https:\/\/lavras.tv\/site\/2016\/11\/01\/quem-nao-votou-e-nem-justificou-ausencia-a-urna-deve-procurar-cartorio-eleitoral\/","title":{"rendered":"Quem n\u00e3o votou e nem justificou aus\u00eancia \u00e0 urna deve procurar cart\u00f3rio eleitoral"},"content":{"rendered":"<div class=\"lavra-antes-do-conteudo_2\" id=\"lavra-696622604\"><div id=\"lavra-slider-27\" class=\"custom-slider lavra-slider-3698139508 lavra-slider\"><ul><li><div style=\"margin-left: auto;margin-right: auto;text-align: center;\" id=\"lavra-726465207\"><a href=\"https:\/\/sistemas.lavras.mg.gov.br\/portalcidadao\/#df1b1a7c7b2a290bcb31e32771e610784662739a88807c0dacac58ede5f391a7530e299dc302d611ee73cb143fc22eaf93592e53e7b5bdb01b00a0b8d28dae460c141dd2ff83412e4dc1c31b16b25f33144a9e5620ea73b13f5bc1c59411d98439ad226e8af03840603796067d87afe130812cf3de24982d0e306f9e61e764e5\" aria-label=\"Lavras-TV&#8211;720x104px (1) (1)\"><img src=\"https:\/\/lavras.tv\/site\/wp-content\/uploads\/2025\/01\/Lavras-TV-720x104px-1-1.png\" alt=\"\"  srcset=\"https:\/\/lavras.tv\/site\/wp-content\/uploads\/2025\/01\/Lavras-TV-720x104px-1-1.png 720w, https:\/\/lavras.tv\/site\/wp-content\/uploads\/2025\/01\/Lavras-TV-720x104px-1-1-470x68.png 470w, https:\/\/lavras.tv\/site\/wp-content\/uploads\/2025\/01\/Lavras-TV-720x104px-1-1-170x25.png 170w, https:\/\/lavras.tv\/site\/wp-content\/uploads\/2025\/01\/Lavras-TV-720x104px-1-1-200x29.png 200w\" sizes=\"(max-width: 720px) 100vw, 720px\" width=\"720\" height=\"104\"  style=\"display: inline-block;\" \/><\/a><\/div><\/li><li><a href=\"https:\/\/sistemas.lavras.mg.gov.br\/portalcidadao\/#df1b1a7c7b2a290bcb31e32771e610784662739a88807c0dacac58ede5f391a7530e299dc302d611ee73cb143fc22eaf93592e53e7b5bdb01b00a0b8d28dae460c141dd2ff83412e4dc1c31b16b25f33144a9e5620ea73b13f5bc1c59411d98439ad226e8af03840603796067d87afe130812cf3de24982d0e306f9e61e764e5\" aria-label=\"Banner_Emprego_PortallavrasTV\"><img src=\"https:\/\/lavras.tv\/site\/wp-content\/uploads\/2025\/03\/Banner_Emprego_PortallavrasTV.png\" alt=\"\"  srcset=\"https:\/\/lavras.tv\/site\/wp-content\/uploads\/2025\/03\/Banner_Emprego_PortallavrasTV.png 720w, https:\/\/lavras.tv\/site\/wp-content\/uploads\/2025\/03\/Banner_Emprego_PortallavrasTV-470x68.png 470w, https:\/\/lavras.tv\/site\/wp-content\/uploads\/2025\/03\/Banner_Emprego_PortallavrasTV-170x25.png 170w, https:\/\/lavras.tv\/site\/wp-content\/uploads\/2025\/03\/Banner_Emprego_PortallavrasTV-200x29.png 200w\" sizes=\"(max-width: 720px) 100vw, 720px\" width=\"720\" height=\"104\"   \/><\/a><\/li><li><a href=\"https:\/\/sistemas.lavras.mg.gov.br\/portalcidadao\/#df1b1a7c7b2a290bcb31e32771e610784662739a88807c0dacac58ede5f391a7530e299dc302d611ee73cb143fc22eaf93592e53e7b5bdb01b00a0b8d28dae460c141dd2ff83412e4dc1c31b16b25f33144a9e5620ea73b13f5bc1c59411d98439ad226e8af03840603796067d87afe130812cf3de24982d0e306f9e61e764e5\" aria-label=\"Banner_Obras_PortallavrasTV\"><img src=\"https:\/\/lavras.tv\/site\/wp-content\/uploads\/2025\/03\/Banner_Obras_PortallavrasTV.png\" alt=\"\"  srcset=\"https:\/\/lavras.tv\/site\/wp-content\/uploads\/2025\/03\/Banner_Obras_PortallavrasTV.png 720w, https:\/\/lavras.tv\/site\/wp-content\/uploads\/2025\/03\/Banner_Obras_PortallavrasTV-470x68.png 470w, https:\/\/lavras.tv\/site\/wp-content\/uploads\/2025\/03\/Banner_Obras_PortallavrasTV-170x25.png 170w, https:\/\/lavras.tv\/site\/wp-content\/uploads\/2025\/03\/Banner_Obras_PortallavrasTV-200x29.png 200w\" sizes=\"(max-width: 720px) 100vw, 720px\" width=\"720\" height=\"104\"   \/><\/a><\/li><li><div style=\"margin-left: auto;margin-right: auto;text-align: center;\" id=\"lavra-2487494114\"><a href=\"https:\/\/sistemas.lavras.mg.gov.br\/portalcidadao\/#df1b1a7c7b2a290bcb31e32771e610784662739a88807c0dacac58ede5f391a7530e299dc302d611ee73cb143fc22eaf93592e53e7b5bdb01b00a0b8d28dae460c141dd2ff83412e4dc1c31b16b25f33144a9e5620ea73b13f5bc1c59411d98439ad226e8af03840603796067d87afe130812cf3de24982d0e306f9e61e764e5\" aria-label=\"Banner_Educa\u00e7\u00e3o_PortallavrasTV\"><img src=\"https:\/\/lavras.tv\/site\/wp-content\/uploads\/2025\/01\/Banner_Educacao_PortallavrasTV.png\" alt=\"\"  srcset=\"https:\/\/lavras.tv\/site\/wp-content\/uploads\/2025\/01\/Banner_Educacao_PortallavrasTV.png 720w, https:\/\/lavras.tv\/site\/wp-content\/uploads\/2025\/01\/Banner_Educacao_PortallavrasTV-470x68.png 470w, https:\/\/lavras.tv\/site\/wp-content\/uploads\/2025\/01\/Banner_Educacao_PortallavrasTV-170x25.png 170w, https:\/\/lavras.tv\/site\/wp-content\/uploads\/2025\/01\/Banner_Educacao_PortallavrasTV-200x29.png 200w\" sizes=\"(max-width: 720px) 100vw, 720px\" width=\"720\" height=\"104\"  style=\"display: inline-block;\" \/><\/a><\/div><\/li><li><a href=\"https:\/\/sistemas.lavras.mg.gov.br\/portalcidadao\/#df1b1a7c7b2a290bcb31e32771e610784662739a88807c0dacac58ede5f391a7530e299dc302d611ee73cb143fc22eaf93592e53e7b5bdb01b00a0b8d28dae460c141dd2ff83412e4dc1c31b16b25f33144a9e5620ea73b13f5bc1c59411d98439ad226e8af03840603796067d87afe130812cf3de24982d0e306f9e61e764e5\" aria-label=\"Banner_Sa\u00fade_PortallavrasTV\"><img src=\"https:\/\/lavras.tv\/site\/wp-content\/uploads\/2025\/03\/Banner_Saude_PortallavrasTV.png\" alt=\"\"  srcset=\"https:\/\/lavras.tv\/site\/wp-content\/uploads\/2025\/03\/Banner_Saude_PortallavrasTV.png 720w, https:\/\/lavras.tv\/site\/wp-content\/uploads\/2025\/03\/Banner_Saude_PortallavrasTV-470x68.png 470w, https:\/\/lavras.tv\/site\/wp-content\/uploads\/2025\/03\/Banner_Saude_PortallavrasTV-170x25.png 170w, https:\/\/lavras.tv\/site\/wp-content\/uploads\/2025\/03\/Banner_Saude_PortallavrasTV-200x29.png 200w\" sizes=\"(max-width: 720px) 100vw, 720px\" width=\"720\" height=\"104\"   \/><\/a><\/li><li><div id=\"lavra-4020367860\" style=\"width:720px;height:104px;background-color:#ddd;overflow:scroll;\">\n\t<strong>Sa\u00edda da depura\u00e7\u00e3o de an\u00fancios<\/strong>\n\t<br><br>\n\tO an\u00fancio n\u00e3o \u00e9 exibido na p\u00e1gina<br><br>post atual: Quem n\u00e3o votou e nem justificou aus\u00eancia \u00e0 urna deve procurar cart\u00f3rio eleitoral, ID: 3466<br><br><span style=\"color: red;\">O post atual n\u00e3o \u00e9 id\u00eantico ao post principal.<\/span><br><br>An\u00fancios: ROXO - TOPO INTERNA - ROTATIVO 2 (197)<br \/>Grupo de an\u00fancios: Princ_Meio01_720x104 (27)<br><br>Condi\u00e7\u00f5es de exibi\u00e7\u00e3o<div style=\"margin-bottom: 20px; white-space: pre-wrap; font-family: monospace; width: 100%; background: #ffe9e9;\"><strong>condi\u00e7\u00f5es gerais<\/strong><table border=\"1\"><thead><tr><th><\/th><th>An\u00fancios<\/th><th>wp_the_query<\/th><\/tr><\/thead><tr><td>is_main_query<\/td><td>1<\/td><td>1<\/td><\/tr><tr><td>is_rest_api<\/td><td>0<\/td><td>1<\/td><\/tr><tr><td>page<\/td><td>0<\/td><td>1<\/td><\/tr><tr><td>numpages<\/td><td>0<\/td><td>1<\/td><\/tr><tr><td>is_archive<\/td><td>1<\/td><td><\/td><\/tr><tr><td>is_search<\/td><td>1<\/td><td><\/td><\/tr><tr><td>is_home<\/td><td>1<\/td><td><\/td><\/tr><tr><td>is_404<\/td><td>1<\/td><td><\/td><\/tr><tr><td>is_attachment<\/td><td>1<\/td><td><\/td><\/tr><tr><td>is_singular<\/td><td>1<\/td><td><\/td><\/tr><tr><td>is_front_page<\/td><td>1<\/td><td><\/td><\/tr><tr><td>is_feed<\/td><td>1<\/td><td><\/td><\/tr><\/table><\/div><br><br><span style=\"color: red;\">Seu site usa HTTPS, mas o c\u00f3digo do an\u00fancio cont\u00e9m HTTP e pode n\u00e3o funcionar.<\/span>\t<br><br>\n\t<a style=\"color: green;\" href=\"https:\/\/wpadvancedads.com\/manual\/ad-debug-mode\/?utm_source=advanced-ads&utm_medium=link&utm_campaign=ad-debug-mode\" target=\"_blank\" rel=\"nofollow\">Encontre solu\u00e7\u00f5es no manual<\/a>\n<\/div>\n<\/li><\/ul><\/div><script>( window.advanced_ads_ready || jQuery( document ).ready ).call( null, function() {var $lavraslider3698139508 = jQuery( \".lavra-slider-3698139508\" );$lavraslider3698139508.on( \"unslider.ready\", function() { jQuery( \"div.custom-slider ul li\" ).css( \"display\", \"block\" ); });$lavraslider3698139508.unslider({ delay:4000, autoplay:true, nav:false, arrows:false, infinite:true });$lavraslider3698139508.on(\"mouseover\", function() {$lavraslider3698139508.unslider(\"stop\");}).on(\"mouseout\", function() {$lavraslider3698139508.unslider(\"start\");});});<\/script><\/div><p>O eleitor que n\u00e3o\u00a0p\u00f4de votar nestas elei\u00e7\u00f5es e n\u00e3o justificou a sua aus\u00eancia no mesmo dia do pleito tem prazo de 60 dias, ap\u00f3s a data da vota\u00e7\u00e3o, para apresentar justificativa ao juiz em qualquer cart\u00f3rio eleitoral. <!--more-->O prazo termina no dia 1\u00ba de dezembro com rela\u00e7\u00e3o ao primeiro turno e no dia 29 de dezembro com rela\u00e7\u00e3o ao segundo.<\/p>\n<p>A justificativa \u00e9 v\u00e1lida somente para o turno em que o eleitor n\u00e3o compareceu. Assim, se o eleitor deixou de votar no primeiro e no segundo turno da elei\u00e7\u00e3o, ter\u00e1 de justificar sua aus\u00eancia para cada turno, separadamente, obedecendo aos mesmos requisitos e prazos para cada um deles.<\/p>\n<p><img fetchpriority=\"high\" decoding=\"async\" class=\" wp-image-3467 alignright\" src=\"http:\/\/lavras.tv\/site\/wp-content\/uploads\/2016\/11\/justifica.jpg\" alt=\"justifica\" width=\"393\" height=\"241\" srcset=\"https:\/\/lavras.tv\/site\/wp-content\/uploads\/2016\/11\/justifica.jpg 569w, https:\/\/lavras.tv\/site\/wp-content\/uploads\/2016\/11\/justifica-150x92.jpg 150w, https:\/\/lavras.tv\/site\/wp-content\/uploads\/2016\/11\/justifica-300x184.jpg 300w\" sizes=\"(max-width: 393px) 100vw, 393px\" \/><\/p>\n<p>Para justificar\u00a0a aus\u00eancia, o eleitor deve apresentar o <a href=\"http:\/\/www.tse.jus.br\/eleitor\/justificativa-eleitoral\/requerimento-de-justificativa-eleitoral-pos-eleicao\">Requerimento de Justificativa Eleitoral<\/a> pessoalmente em qualquer cart\u00f3rio, para que\u00a0seja analisada. Confira todos os <a href=\"http:\/\/www.tre-mg.jus.br\/eleitor\/justificativa-eleitoral\/justificativa-eleitoral-1\">detalhes sobre a justificativa<\/a><\/p>\n<p>O servi\u00e7o Disque- Eleitor (148) continuar\u00e1 atendendo os eleitores que ainda tiverem d\u00favidas sobre o processo eleitoral, com \u00eanfase na justificativa, de segunda a sexta-feira, das 7h \u00e0s 19h.<\/p>\n<p><b><br \/>\nImpedimentos<\/b><\/p>\n<p>Sem o comprovante de vota\u00e7\u00e3o ou de quita\u00e7\u00e3o de suas obriga\u00e7\u00f5es eleitorais, o eleitor fica impedido de exercer alguns direitos, tais como: inscrever-se em concurso p\u00fablico, ser empossado em cargo p\u00fablico, obter carteira de identidade ou passaporte, renovar matr\u00edcula em estabelecimento de ensino oficial, obter empr\u00e9stimos em bancos oficiais e participar de concorr\u00eancia p\u00fablica ou administrativa.<\/p>\n<p>Quem n\u00e3o votar em tr\u00eas elei\u00e7\u00f5es consecutivas &#8211; considerando cada turno uma elei\u00e7\u00e3o \u2013 e n\u00e3o justificar\u00a0sua aus\u00eancia ter\u00e1 sua inscri\u00e7\u00e3o eleitoral cancelada.<\/p>\n<p>Essa regra n\u00e3o\u00a0se aplica aos eleitores para quem o voto \u00e9 facultativo \u2013 os analfabetos, os que\u00a0t\u00eam 16 e 17 anos e os maiores de 70 anos &#8211; e aos deficientes para os quais se\u00a0torne imposs\u00edvel ou demasiadamente oneroso o cumprimento das obriga\u00e7\u00f5es eleitorais.<\/p>\n<p><b>Eleitor no exterior<\/b><\/p>\n<p>O brasileiro que\u00a0estava no exterior no dia do pleito tem at\u00e9 30 dias, contados de seu retorno ao Brasil, para justificar\u00a0a aus\u00eancia no cart\u00f3rio eleitoral.<\/p>\n<p>&nbsp;<\/p>\n<p>Fonte: TRE-MG<\/p>\n","protected":false},"excerpt":{"rendered":"<p>O eleitor que n\u00e3o\u00a0p\u00f4de votar nestas elei\u00e7\u00f5es e n\u00e3o justificou a sua aus\u00eancia no mesmo dia do pleito tem prazo de 60 dias, ap\u00f3s a data da vota\u00e7\u00e3o, para apresentar justificativa ao juiz em qualquer cart\u00f3rio eleitoral.<\/p>\n","protected":false},"author":2,"featured_media":3467,"comment_status":"closed","ping_status":"open","sticky":false,"template":"","format":"standard","meta":{"advgb_blocks_editor_width":"","advgb_blocks_columns_visual_guide":"","_exactmetrics_skip_tracking":false,"_exactmetrics_sitenote_active":false,"_exactmetrics_sitenote_note":"","_exactmetrics_sitenote_category":0,"footnotes":""},"categories":[7,12],"tags":[418,1125,1223],"class_list":["post-3466","post","type-post","status-publish","format-standard","has-post-thumbnail","hentry","category-destaques","category-politica","tag-eleicoes-2016","tag-justificativa","tag-prazo"],"better_featured_image":{"id":3467,"alt_text":"","caption":"","description":"","media_type":"image","media_details":{"width":569,"height":349,"file":"2016\/11\/justifica.jpg","sizes":{"thumbnail":{"file":"justifica-150x92.jpg","width":150,"height":92,"mime-type":"image\/jpeg","source_url":"https:\/\/lavras.tv\/site\/wp-content\/uploads\/2016\/11\/justifica-150x92.jpg"},"medium":{"file":"justifica-300x184.jpg","width":300,"height":184,"mime-type":"image\/jpeg","source_url":"https:\/\/lavras.tv\/site\/wp-content\/uploads\/2016\/11\/justifica-300x184.jpg"},"featured-post-img":{"file":"justifica-480x320.jpg","width":480,"height":320,"mime-type":"image\/jpeg","source_url":"https:\/\/lavras.tv\/site\/wp-content\/uploads\/2016\/11\/justifica-480x320.jpg"},"sow-carousel-default":{"file":"justifica-272x182.jpg","width":272,"height":182,"mime-type":"image\/jpeg","source_url":"https:\/\/lavras.tv\/site\/wp-content\/uploads\/2016\/11\/justifica-272x182.jpg"}},"image_meta":{"aperture":"0","credit":"","camera":"","caption":"","created_timestamp":"0","copyright":"","focal_length":"0","iso":"0","shutter_speed":"0","title":"","orientation":"0","keywords":[]}},"post":3466,"source_url":"https:\/\/lavras.tv\/site\/wp-content\/uploads\/2016\/11\/justifica.jpg"},"author_meta":{"display_name":"Lavras TV","author_link":"https:\/\/lavras.tv\/site\/author\/lavrastv\/"},"featured_img":"https:\/\/lavras.tv\/site\/wp-content\/uploads\/2016\/11\/justifica-300x184.jpg","coauthors":[],"tax_additional":{"categories":{"linked":["<a href=\"https:\/\/lavras.tv\/site\/category\/destaques\/\" class=\"advgb-post-tax-term\">Destaques<\/a>","<a href=\"https:\/\/lavras.tv\/site\/category\/politica\/\" class=\"advgb-post-tax-term\">Pol\u00edtica<\/a>"],"unlinked":["<span class=\"advgb-post-tax-term\">Destaques<\/span>","<span class=\"advgb-post-tax-term\">Pol\u00edtica<\/span>"]},"tags":{"linked":["<a href=\"https:\/\/lavras.tv\/site\/category\/politica\/\" class=\"advgb-post-tax-term\">elei\u00e7\u00f5es 2016<\/a>","<a href=\"https:\/\/lavras.tv\/site\/category\/politica\/\" class=\"advgb-post-tax-term\">justificativa<\/a>","<a href=\"https:\/\/lavras.tv\/site\/category\/politica\/\" class=\"advgb-post-tax-term\">prazo<\/a>"],"unlinked":["<span class=\"advgb-post-tax-term\">elei\u00e7\u00f5es 2016<\/span>","<span class=\"advgb-post-tax-term\">justificativa<\/span>","<span class=\"advgb-post-tax-term\">prazo<\/span>"]}},"comment_count":"0","relative_dates":{"created":"Publicado 9 anos atr\u00e1s","modified":"Atualizado 9 anos atr\u00e1s"},"absolute_dates":{"created":"Publicado em 1 de novembro de 2016","modified":"Atualizado em 1 de novembro de 2016"},"absolute_dates_time":{"created":"Publicado em 1 de novembro de 2016 08:42","modified":"Atualizado em 1 de novembro de 2016 08:42"},"featured_img_caption":"","series_order":"","_links":{"self":[{"href":"https:\/\/lavras.tv\/site\/wp-json\/wp\/v2\/posts\/3466","targetHints":{"allow":["GET"]}}],"collection":[{"href":"https:\/\/lavras.tv\/site\/wp-json\/wp\/v2\/posts"}],"about":[{"href":"https:\/\/lavras.tv\/site\/wp-json\/wp\/v2\/types\/post"}],"author":[{"embeddable":true,"href":"https:\/\/lavras.tv\/site\/wp-json\/wp\/v2\/users\/2"}],"replies":[{"embeddable":true,"href":"https:\/\/lavras.tv\/site\/wp-json\/wp\/v2\/comments?post=3466"}],"version-history":[{"count":1,"href":"https:\/\/lavras.tv\/site\/wp-json\/wp\/v2\/posts\/3466\/revisions"}],"predecessor-version":[{"id":3468,"href":"https:\/\/lavras.tv\/site\/wp-json\/wp\/v2\/posts\/3466\/revisions\/3468"}],"wp:featuredmedia":[{"embeddable":true,"href":"https:\/\/lavras.tv\/site\/wp-json\/wp\/v2\/media\/3467"}],"wp:attachment":[{"href":"https:\/\/lavras.tv\/site\/wp-json\/wp\/v2\/media?parent=3466"}],"wp:term":[{"taxonomy":"category","embeddable":true,"href":"https:\/\/lavras.tv\/site\/wp-json\/wp\/v2\/categories?post=3466"},{"taxonomy":"post_tag","embeddable":true,"href":"https:\/\/lavras.tv\/site\/wp-json\/wp\/v2\/tags?post=3466"}],"curies":[{"name":"wp","href":"https:\/\/api.w.org\/{rel}","templated":true}]}}