{"id":3496,"date":"2016-11-03T08:12:37","date_gmt":"2016-11-03T10:12:37","guid":{"rendered":"http:\/\/lavras.tv\/site\/?p=3496"},"modified":"2016-11-03T08:12:37","modified_gmt":"2016-11-03T10:12:37","slug":"apos-27-anos-cruzeiro-volta-a-ficar-duas-temporadas-seguidas-sem-faturar-um-titulo","status":"publish","type":"post","link":"https:\/\/lavras.tv\/site\/2016\/11\/03\/apos-27-anos-cruzeiro-volta-a-ficar-duas-temporadas-seguidas-sem-faturar-um-titulo\/","title":{"rendered":"Ap\u00f3s 27 anos, Cruzeiro volta a ficar duas temporadas seguidas sem faturar um t\u00edtulo"},"content":{"rendered":"<div class=\"lavra-antes-do-conteudo_2\" id=\"lavra-2461229692\"><div id=\"lavra-slider-27\" class=\"custom-slider lavra-slider-1580434324 lavra-slider\"><ul><li><div style=\"margin-left: auto;margin-right: auto;text-align: center;\" id=\"lavra-3943240503\"><a href=\"https:\/\/sistemas.lavras.mg.gov.br\/portalcidadao\/#df1b1a7c7b2a290bcb31e32771e610784662739a88807c0dacac58ede5f391a7530e299dc302d611ee73cb143fc22eaf93592e53e7b5bdb01b00a0b8d28dae460c141dd2ff83412e4dc1c31b16b25f33144a9e5620ea73b13f5bc1c59411d98439ad226e8af03840603796067d87afe130812cf3de24982d0e306f9e61e764e5\" aria-label=\"Lavras-TV&#8211;720x104px (1) (1)\"><img src=\"https:\/\/lavras.tv\/site\/wp-content\/uploads\/2025\/01\/Lavras-TV-720x104px-1-1.png\" alt=\"\"  srcset=\"https:\/\/lavras.tv\/site\/wp-content\/uploads\/2025\/01\/Lavras-TV-720x104px-1-1.png 720w, https:\/\/lavras.tv\/site\/wp-content\/uploads\/2025\/01\/Lavras-TV-720x104px-1-1-470x68.png 470w, https:\/\/lavras.tv\/site\/wp-content\/uploads\/2025\/01\/Lavras-TV-720x104px-1-1-170x25.png 170w, https:\/\/lavras.tv\/site\/wp-content\/uploads\/2025\/01\/Lavras-TV-720x104px-1-1-200x29.png 200w\" sizes=\"(max-width: 720px) 100vw, 720px\" width=\"720\" height=\"104\"  style=\"display: inline-block;\" \/><\/a><\/div><\/li><li><a href=\"https:\/\/sistemas.lavras.mg.gov.br\/portalcidadao\/#df1b1a7c7b2a290bcb31e32771e610784662739a88807c0dacac58ede5f391a7530e299dc302d611ee73cb143fc22eaf93592e53e7b5bdb01b00a0b8d28dae460c141dd2ff83412e4dc1c31b16b25f33144a9e5620ea73b13f5bc1c59411d98439ad226e8af03840603796067d87afe130812cf3de24982d0e306f9e61e764e5\" aria-label=\"Banner_Emprego_PortallavrasTV\"><img src=\"https:\/\/lavras.tv\/site\/wp-content\/uploads\/2025\/03\/Banner_Emprego_PortallavrasTV.png\" alt=\"\"  srcset=\"https:\/\/lavras.tv\/site\/wp-content\/uploads\/2025\/03\/Banner_Emprego_PortallavrasTV.png 720w, https:\/\/lavras.tv\/site\/wp-content\/uploads\/2025\/03\/Banner_Emprego_PortallavrasTV-470x68.png 470w, https:\/\/lavras.tv\/site\/wp-content\/uploads\/2025\/03\/Banner_Emprego_PortallavrasTV-170x25.png 170w, https:\/\/lavras.tv\/site\/wp-content\/uploads\/2025\/03\/Banner_Emprego_PortallavrasTV-200x29.png 200w\" sizes=\"(max-width: 720px) 100vw, 720px\" width=\"720\" height=\"104\"   \/><\/a><\/li><li><a href=\"https:\/\/sistemas.lavras.mg.gov.br\/portalcidadao\/#df1b1a7c7b2a290bcb31e32771e610784662739a88807c0dacac58ede5f391a7530e299dc302d611ee73cb143fc22eaf93592e53e7b5bdb01b00a0b8d28dae460c141dd2ff83412e4dc1c31b16b25f33144a9e5620ea73b13f5bc1c59411d98439ad226e8af03840603796067d87afe130812cf3de24982d0e306f9e61e764e5\" aria-label=\"Banner_Obras_PortallavrasTV\"><img src=\"https:\/\/lavras.tv\/site\/wp-content\/uploads\/2025\/03\/Banner_Obras_PortallavrasTV.png\" alt=\"\"  srcset=\"https:\/\/lavras.tv\/site\/wp-content\/uploads\/2025\/03\/Banner_Obras_PortallavrasTV.png 720w, https:\/\/lavras.tv\/site\/wp-content\/uploads\/2025\/03\/Banner_Obras_PortallavrasTV-470x68.png 470w, https:\/\/lavras.tv\/site\/wp-content\/uploads\/2025\/03\/Banner_Obras_PortallavrasTV-170x25.png 170w, https:\/\/lavras.tv\/site\/wp-content\/uploads\/2025\/03\/Banner_Obras_PortallavrasTV-200x29.png 200w\" sizes=\"(max-width: 720px) 100vw, 720px\" width=\"720\" height=\"104\"   \/><\/a><\/li><li><div style=\"margin-left: auto;margin-right: auto;text-align: center;\" id=\"lavra-1555071181\"><a href=\"https:\/\/sistemas.lavras.mg.gov.br\/portalcidadao\/#df1b1a7c7b2a290bcb31e32771e610784662739a88807c0dacac58ede5f391a7530e299dc302d611ee73cb143fc22eaf93592e53e7b5bdb01b00a0b8d28dae460c141dd2ff83412e4dc1c31b16b25f33144a9e5620ea73b13f5bc1c59411d98439ad226e8af03840603796067d87afe130812cf3de24982d0e306f9e61e764e5\" aria-label=\"Banner_Educa\u00e7\u00e3o_PortallavrasTV\"><img src=\"https:\/\/lavras.tv\/site\/wp-content\/uploads\/2025\/01\/Banner_Educacao_PortallavrasTV.png\" alt=\"\"  srcset=\"https:\/\/lavras.tv\/site\/wp-content\/uploads\/2025\/01\/Banner_Educacao_PortallavrasTV.png 720w, https:\/\/lavras.tv\/site\/wp-content\/uploads\/2025\/01\/Banner_Educacao_PortallavrasTV-470x68.png 470w, https:\/\/lavras.tv\/site\/wp-content\/uploads\/2025\/01\/Banner_Educacao_PortallavrasTV-170x25.png 170w, https:\/\/lavras.tv\/site\/wp-content\/uploads\/2025\/01\/Banner_Educacao_PortallavrasTV-200x29.png 200w\" sizes=\"(max-width: 720px) 100vw, 720px\" width=\"720\" height=\"104\"  style=\"display: inline-block;\" \/><\/a><\/div><\/li><li><a href=\"https:\/\/sistemas.lavras.mg.gov.br\/portalcidadao\/#df1b1a7c7b2a290bcb31e32771e610784662739a88807c0dacac58ede5f391a7530e299dc302d611ee73cb143fc22eaf93592e53e7b5bdb01b00a0b8d28dae460c141dd2ff83412e4dc1c31b16b25f33144a9e5620ea73b13f5bc1c59411d98439ad226e8af03840603796067d87afe130812cf3de24982d0e306f9e61e764e5\" aria-label=\"Banner_Sa\u00fade_PortallavrasTV\"><img src=\"https:\/\/lavras.tv\/site\/wp-content\/uploads\/2025\/03\/Banner_Saude_PortallavrasTV.png\" alt=\"\"  srcset=\"https:\/\/lavras.tv\/site\/wp-content\/uploads\/2025\/03\/Banner_Saude_PortallavrasTV.png 720w, https:\/\/lavras.tv\/site\/wp-content\/uploads\/2025\/03\/Banner_Saude_PortallavrasTV-470x68.png 470w, https:\/\/lavras.tv\/site\/wp-content\/uploads\/2025\/03\/Banner_Saude_PortallavrasTV-170x25.png 170w, https:\/\/lavras.tv\/site\/wp-content\/uploads\/2025\/03\/Banner_Saude_PortallavrasTV-200x29.png 200w\" sizes=\"(max-width: 720px) 100vw, 720px\" width=\"720\" height=\"104\"   \/><\/a><\/li><li><div id=\"lavra-846014281\" style=\"width:720px;height:104px;background-color:#ddd;overflow:scroll;\">\n\t<strong>Sa\u00edda da depura\u00e7\u00e3o de an\u00fancios<\/strong>\n\t<br><br>\n\tO an\u00fancio n\u00e3o \u00e9 exibido na p\u00e1gina<br><br>post atual: Ap\u00f3s 27 anos, Cruzeiro volta a ficar duas temporadas seguidas sem faturar um t\u00edtulo, ID: 3496<br><br><span style=\"color: red;\">O post atual n\u00e3o \u00e9 id\u00eantico ao post principal.<\/span><br><br>An\u00fancios: ROXO - TOPO INTERNA - ROTATIVO 2 (197)<br \/>Grupo de an\u00fancios: Princ_Meio01_720x104 (27)<br><br>Condi\u00e7\u00f5es de exibi\u00e7\u00e3o<div style=\"margin-bottom: 20px; white-space: pre-wrap; font-family: monospace; width: 100%; background: #ffe9e9;\"><strong>condi\u00e7\u00f5es gerais<\/strong><table border=\"1\"><thead><tr><th><\/th><th>An\u00fancios<\/th><th>wp_the_query<\/th><\/tr><\/thead><tr><td>is_main_query<\/td><td>1<\/td><td>1<\/td><\/tr><tr><td>is_rest_api<\/td><td>0<\/td><td>1<\/td><\/tr><tr><td>page<\/td><td>0<\/td><td>1<\/td><\/tr><tr><td>numpages<\/td><td>0<\/td><td>1<\/td><\/tr><tr><td>is_archive<\/td><td>1<\/td><td><\/td><\/tr><tr><td>is_search<\/td><td>1<\/td><td><\/td><\/tr><tr><td>is_home<\/td><td>1<\/td><td><\/td><\/tr><tr><td>is_404<\/td><td>1<\/td><td><\/td><\/tr><tr><td>is_attachment<\/td><td>1<\/td><td><\/td><\/tr><tr><td>is_singular<\/td><td>1<\/td><td><\/td><\/tr><tr><td>is_front_page<\/td><td>1<\/td><td><\/td><\/tr><tr><td>is_feed<\/td><td>1<\/td><td><\/td><\/tr><\/table><\/div><br><br><span style=\"color: red;\">Seu site usa HTTPS, mas o c\u00f3digo do an\u00fancio cont\u00e9m HTTP e pode n\u00e3o funcionar.<\/span>\t<br><br>\n\t<a style=\"color: green;\" href=\"https:\/\/wpadvancedads.com\/manual\/ad-debug-mode\/?utm_source=advanced-ads&utm_medium=link&utm_campaign=ad-debug-mode\" target=\"_blank\" rel=\"nofollow\">Encontre solu\u00e7\u00f5es no manual<\/a>\n<\/div>\n<\/li><\/ul><\/div><script>( window.advanced_ads_ready || jQuery( document ).ready ).call( null, function() {var $lavraslider1580434324 = jQuery( \".lavra-slider-1580434324\" );$lavraslider1580434324.on( \"unslider.ready\", function() { jQuery( \"div.custom-slider ul li\" ).css( \"display\", \"block\" ); });$lavraslider1580434324.unslider({ delay:4000, autoplay:true, nav:false, arrows:false, infinite:true });$lavraslider1580434324.on(\"mouseover\", function() {$lavraslider1580434324.unslider(\"stop\");}).on(\"mouseout\", function() {$lavraslider1580434324.unslider(\"start\");});});<\/script><\/div><p>Eliminado nas semifinais da Copa do Brasil pelo Gr\u00eamio nesta quarta-feira, ao empatar sem gols em Porto Alegre depois de ter perdido por 2 a 0 no jogo de ida, no Mineir\u00e3o, o Cruzeiro desperdi\u00e7ou a \u00faltima chance que tinha de conquistar um t\u00edtulo em 2016. Como tamb\u00e9m n\u00e3o levantou nenhum trof\u00e9u no ano passado, a Raposa j\u00e1 est\u00e1 h\u00e1 duas temporadas seguidas \u2018em branco\u2019, o que n\u00e3o acontecia desde 1988\/1989.<\/p>\n<p><img fetchpriority=\"high\" decoding=\"async\" class=\"wp-image-3497 aligncenter\" src=\"http:\/\/lavras.tv\/site\/wp-content\/uploads\/2016\/11\/cruzeiro.jpg\" alt=\"Cruzeiro\" width=\"566\" height=\"321\" srcset=\"https:\/\/lavras.tv\/site\/wp-content\/uploads\/2016\/11\/cruzeiro.jpg 600w, https:\/\/lavras.tv\/site\/wp-content\/uploads\/2016\/11\/cruzeiro-150x85.jpg 150w, https:\/\/lavras.tv\/site\/wp-content\/uploads\/2016\/11\/cruzeiro-300x170.jpg 300w\" sizes=\"(max-width: 566px) 100vw, 566px\" \/><\/p>\n<p>Desde ent\u00e3o, a equipe celeste sempre conquistou uma ta\u00e7a por ano at\u00e9 2004. Em 2005, o clube n\u00e3o faturou nada, mas ganhou o Mineiro de 2006. Na temporada seguinte, passou em branco de novo, mas soltou o grito de \u2018\u00c9 campe\u00e3o\u2019 nos Estaduais de 2008 e 2009. Uma nova \u2018seca\u2019 de t\u00edtulos voltou a pairar na Toca em 2010 e 2012, no entanto, o bicampeonato brasileiro de 2013 e 2014 recolocou a Raposa em evid\u00eancia no cen\u00e1rio nacional.<\/p>\n<p>Contudo, o desmanche da equipe vitoriosa em 2013 e 2014 prejudicou a sequ\u00eancia do Cruzeiro em 2015, que voltou a ser figurante e n\u00e3o conquistou nada no ano passado. No Campeonato Mineiro, elimina\u00e7\u00e3o na semifinal para o Atl\u00e9tico. A decep\u00e7\u00e3o maior veio na Libertadores, ao perder por 3 a 0 e cair para o River Plate, no Mineir\u00e3o. Na Copa do Brasil, queda para o Palmeiras nas oitavas de final. No Brasileir\u00e3o, o time conviveu com o risco de rebaixamento durante o 1\u00ba turno, mas reagiu e terminou e oitavo.<\/p>\n<p>Com o novo insucesso em 2016 \u2013 elimina\u00e7\u00f5es na fase de grupos da Primeira Liga, na semifinal do Campeonato Mineiro e sem chances no Campeonato Brasileiro (13\u00ba lugar) \u2013 o Cruzeiro tinha na Copa do Brasil o \u00fanico caminho para faturar um t\u00edtulo na temporada e evitar a repeti\u00e7\u00e3o do vexame de 1988 e 1989.<\/p>\n<p><strong>T\u00edtulos do Cruzeiro desde a \u2018seca\u2019 de 1988\/1989:<\/strong><\/p>\n<p>1990: Campeonato Mineiro<\/p>\n<p>1991: Supercopa dos Campe\u00f5es da Libertadores e Copa dos Campe\u00f5es Mineiros<\/p>\n<p>1992: Supercopa dos Campe\u00f5es da Libertadores e Campeonato Mineiro<\/p>\n<p>1993: Copa do Brasil<\/p>\n<p>1994: Campeonato Mineiro<\/p>\n<p>1995: Copa Ouro e Copa Master da Supercopa<\/p>\n<p>1996: Copa do Brasil e Campeonato Mineiro<\/p>\n<p>1997: Copa Libertadores e Campeonato Mineiro<\/p>\n<p>1998: Recopa Sul-Americana e Campeonato Mineiro<\/p>\n<p>1999: Copa Centro-Oeste e Copa dos Campe\u00f5es Mineiros<\/p>\n<p>2000: Copa do Brasil<\/p>\n<p>2001: Copa Sul-Minas<\/p>\n<p>2002: Copa Sul-Minas e Supercampeonato Mineiro<\/p>\n<p>2003: Campeonato Mineiro, Copa do Brasil e Campeonato Brasileiro<\/p>\n<p>2004: Campeonato Mineiro<\/p>\n<p><strong>2005: Nenhum<\/strong><\/p>\n<p>2006: Campeonato Mineiro<\/p>\n<p><strong>2007: Nenhum<\/strong><\/p>\n<p>2008: Campeonato Mineiro<\/p>\n<p>2009: Campeonato Mineiro<\/p>\n<p><strong>2010: Nenhum<\/strong><\/p>\n<p>2011: Campeonato Mineiro<\/p>\n<p><strong>2012: Nenhum<\/strong><\/p>\n<p>2013: Campeonato Brasileiro<\/p>\n<p>2014: Campeonato Brasileiro<\/p>\n<p><strong>2015: Nenhum<\/strong><\/p>\n<p><strong>2016: Nenhum<\/strong><\/p>\n<p>&nbsp;<\/p>\n<p>Fonte: Itatiaia<\/p>\n","protected":false},"excerpt":{"rendered":"<p>Eliminado nas semifinais da Copa do Brasil pelo Gr\u00eamio nesta quarta-feira, ao empatar sem gols em Porto Alegre depois de ter perdido por 2 a 0 no jogo de ida, no Mineir\u00e3o, o Cruzeiro desperdi\u00e7ou a \u00faltima chance que tinha de conquistar um t\u00edtulo em 2016. Como tamb\u00e9m n\u00e3o levantou nenhum trof\u00e9u no ano passado, [&hellip;]<\/p>\n","protected":false},"author":2,"featured_media":3497,"comment_status":"closed","ping_status":"open","sticky":false,"template":"","format":"standard","meta":{"advgb_blocks_editor_width":"","advgb_blocks_columns_visual_guide":"","_exactmetrics_skip_tracking":false,"_exactmetrics_sitenote_active":false,"_exactmetrics_sitenote_note":"","_exactmetrics_sitenote_category":0,"footnotes":""},"categories":[3],"tags":[922,908],"class_list":["post-3496","post","type-post","status-publish","format-standard","has-post-thumbnail","hentry","category-esportes","tag-copa-do-brasil","tag-cruzeiro"],"better_featured_image":{"id":3497,"alt_text":"","caption":"","description":"","media_type":"image","media_details":{"width":600,"height":340,"file":"2016\/11\/cruzeiro.jpg","sizes":{"thumbnail":{"file":"cruzeiro-150x85.jpg","width":150,"height":85,"mime-type":"image\/jpeg","source_url":"https:\/\/lavras.tv\/site\/wp-content\/uploads\/2016\/11\/cruzeiro-150x85.jpg"},"medium":{"file":"cruzeiro-300x170.jpg","width":300,"height":170,"mime-type":"image\/jpeg","source_url":"https:\/\/lavras.tv\/site\/wp-content\/uploads\/2016\/11\/cruzeiro-300x170.jpg"},"featured-post-img":{"file":"cruzeiro-480x320.jpg","width":480,"height":320,"mime-type":"image\/jpeg","source_url":"https:\/\/lavras.tv\/site\/wp-content\/uploads\/2016\/11\/cruzeiro-480x320.jpg"},"sow-carousel-default":{"file":"cruzeiro-272x182.jpg","width":272,"height":182,"mime-type":"image\/jpeg","source_url":"https:\/\/lavras.tv\/site\/wp-content\/uploads\/2016\/11\/cruzeiro-272x182.jpg"}},"image_meta":{"aperture":"2.8","credit":"Washington Alves\/Light Press\/Cru","camera":"NIKON D500","caption":"BELO HORIZONTE \/ BRASIL (26.10.2016) Cruzeiro x Gr\u00eamio, no Mineir\u00e3o, em Belo Horizonte, pela ida da semifinal da Copa do Brasil de 2016.\r\u00a9 Washington Alves\/Light Press\/Cruzeiro","created_timestamp":"1477529636","copyright":"Light Press - Todos os Direitos Reservados","focal_length":"300","iso":"1600","shutter_speed":"0.0004","title":"Cruzeiro x Gremio","orientation":"1","keywords":[]}},"post":3496,"source_url":"https:\/\/lavras.tv\/site\/wp-content\/uploads\/2016\/11\/cruzeiro.jpg"},"author_meta":{"display_name":"Lavras TV","author_link":"https:\/\/lavras.tv\/site\/author\/lavrastv\/"},"featured_img":"https:\/\/lavras.tv\/site\/wp-content\/uploads\/2016\/11\/cruzeiro-300x170.jpg","coauthors":[],"tax_additional":{"categories":{"linked":["<a href=\"https:\/\/lavras.tv\/site\/category\/esportes\/\" class=\"advgb-post-tax-term\">Esportes<\/a>"],"unlinked":["<span class=\"advgb-post-tax-term\">Esportes<\/span>"]},"tags":{"linked":["<a href=\"https:\/\/lavras.tv\/site\/category\/esportes\/\" class=\"advgb-post-tax-term\">copa do brasil<\/a>","<a href=\"https:\/\/lavras.tv\/site\/category\/esportes\/\" class=\"advgb-post-tax-term\">cruzeiro<\/a>"],"unlinked":["<span class=\"advgb-post-tax-term\">copa do brasil<\/span>","<span class=\"advgb-post-tax-term\">cruzeiro<\/span>"]}},"comment_count":"0","relative_dates":{"created":"Publicado 9 anos atr\u00e1s","modified":"Atualizado 9 anos atr\u00e1s"},"absolute_dates":{"created":"Publicado em 3 de novembro de 2016","modified":"Atualizado em 3 de novembro de 2016"},"absolute_dates_time":{"created":"Publicado em 3 de novembro de 2016 08:12","modified":"Atualizado em 3 de novembro de 2016 08:12"},"featured_img_caption":"","series_order":"","_links":{"self":[{"href":"https:\/\/lavras.tv\/site\/wp-json\/wp\/v2\/posts\/3496","targetHints":{"allow":["GET"]}}],"collection":[{"href":"https:\/\/lavras.tv\/site\/wp-json\/wp\/v2\/posts"}],"about":[{"href":"https:\/\/lavras.tv\/site\/wp-json\/wp\/v2\/types\/post"}],"author":[{"embeddable":true,"href":"https:\/\/lavras.tv\/site\/wp-json\/wp\/v2\/users\/2"}],"replies":[{"embeddable":true,"href":"https:\/\/lavras.tv\/site\/wp-json\/wp\/v2\/comments?post=3496"}],"version-history":[{"count":1,"href":"https:\/\/lavras.tv\/site\/wp-json\/wp\/v2\/posts\/3496\/revisions"}],"predecessor-version":[{"id":3498,"href":"https:\/\/lavras.tv\/site\/wp-json\/wp\/v2\/posts\/3496\/revisions\/3498"}],"wp:featuredmedia":[{"embeddable":true,"href":"https:\/\/lavras.tv\/site\/wp-json\/wp\/v2\/media\/3497"}],"wp:attachment":[{"href":"https:\/\/lavras.tv\/site\/wp-json\/wp\/v2\/media?parent=3496"}],"wp:term":[{"taxonomy":"category","embeddable":true,"href":"https:\/\/lavras.tv\/site\/wp-json\/wp\/v2\/categories?post=3496"},{"taxonomy":"post_tag","embeddable":true,"href":"https:\/\/lavras.tv\/site\/wp-json\/wp\/v2\/tags?post=3496"}],"curies":[{"name":"wp","href":"https:\/\/api.w.org\/{rel}","templated":true}]}}