{"id":3509,"date":"2016-11-03T08:48:42","date_gmt":"2016-11-03T10:48:42","guid":{"rendered":"http:\/\/lavras.tv\/site\/?p=3509"},"modified":"2016-11-03T08:48:42","modified_gmt":"2016-11-03T10:48:42","slug":"circuito-cultural-e-atracao-neste-fim-de-semana","status":"publish","type":"post","link":"https:\/\/lavras.tv\/site\/2016\/11\/03\/circuito-cultural-e-atracao-neste-fim-de-semana\/","title":{"rendered":"Circuito Cultural \u00e9 atra\u00e7\u00e3o neste fim de semana"},"content":{"rendered":"<div class=\"lavra-antes-do-conteudo_2\" id=\"lavra-3272709895\"><div id=\"lavra-slider-27\" class=\"custom-slider lavra-slider-4139604156 lavra-slider\"><ul><li><div style=\"margin-left: auto;margin-right: auto;text-align: center;\" id=\"lavra-2840674409\"><a href=\"https:\/\/sistemas.lavras.mg.gov.br\/portalcidadao\/#df1b1a7c7b2a290bcb31e32771e610784662739a88807c0dacac58ede5f391a7530e299dc302d611ee73cb143fc22eaf93592e53e7b5bdb01b00a0b8d28dae460c141dd2ff83412e4dc1c31b16b25f33144a9e5620ea73b13f5bc1c59411d98439ad226e8af03840603796067d87afe130812cf3de24982d0e306f9e61e764e5\" aria-label=\"Lavras-TV&#8211;720x104px (1) (1)\"><img src=\"https:\/\/lavras.tv\/site\/wp-content\/uploads\/2025\/01\/Lavras-TV-720x104px-1-1.png\" alt=\"\"  srcset=\"https:\/\/lavras.tv\/site\/wp-content\/uploads\/2025\/01\/Lavras-TV-720x104px-1-1.png 720w, https:\/\/lavras.tv\/site\/wp-content\/uploads\/2025\/01\/Lavras-TV-720x104px-1-1-470x68.png 470w, https:\/\/lavras.tv\/site\/wp-content\/uploads\/2025\/01\/Lavras-TV-720x104px-1-1-170x25.png 170w, https:\/\/lavras.tv\/site\/wp-content\/uploads\/2025\/01\/Lavras-TV-720x104px-1-1-200x29.png 200w\" sizes=\"(max-width: 720px) 100vw, 720px\" width=\"720\" height=\"104\"  style=\"display: inline-block;\" \/><\/a><\/div><\/li><li><a href=\"https:\/\/sistemas.lavras.mg.gov.br\/portalcidadao\/#df1b1a7c7b2a290bcb31e32771e610784662739a88807c0dacac58ede5f391a7530e299dc302d611ee73cb143fc22eaf93592e53e7b5bdb01b00a0b8d28dae460c141dd2ff83412e4dc1c31b16b25f33144a9e5620ea73b13f5bc1c59411d98439ad226e8af03840603796067d87afe130812cf3de24982d0e306f9e61e764e5\" aria-label=\"Banner_Emprego_PortallavrasTV\"><img src=\"https:\/\/lavras.tv\/site\/wp-content\/uploads\/2025\/03\/Banner_Emprego_PortallavrasTV.png\" alt=\"\"  srcset=\"https:\/\/lavras.tv\/site\/wp-content\/uploads\/2025\/03\/Banner_Emprego_PortallavrasTV.png 720w, https:\/\/lavras.tv\/site\/wp-content\/uploads\/2025\/03\/Banner_Emprego_PortallavrasTV-470x68.png 470w, https:\/\/lavras.tv\/site\/wp-content\/uploads\/2025\/03\/Banner_Emprego_PortallavrasTV-170x25.png 170w, https:\/\/lavras.tv\/site\/wp-content\/uploads\/2025\/03\/Banner_Emprego_PortallavrasTV-200x29.png 200w\" sizes=\"(max-width: 720px) 100vw, 720px\" width=\"720\" height=\"104\"   \/><\/a><\/li><li><a href=\"https:\/\/sistemas.lavras.mg.gov.br\/portalcidadao\/#df1b1a7c7b2a290bcb31e32771e610784662739a88807c0dacac58ede5f391a7530e299dc302d611ee73cb143fc22eaf93592e53e7b5bdb01b00a0b8d28dae460c141dd2ff83412e4dc1c31b16b25f33144a9e5620ea73b13f5bc1c59411d98439ad226e8af03840603796067d87afe130812cf3de24982d0e306f9e61e764e5\" aria-label=\"Banner_Obras_PortallavrasTV\"><img src=\"https:\/\/lavras.tv\/site\/wp-content\/uploads\/2025\/03\/Banner_Obras_PortallavrasTV.png\" alt=\"\"  srcset=\"https:\/\/lavras.tv\/site\/wp-content\/uploads\/2025\/03\/Banner_Obras_PortallavrasTV.png 720w, https:\/\/lavras.tv\/site\/wp-content\/uploads\/2025\/03\/Banner_Obras_PortallavrasTV-470x68.png 470w, https:\/\/lavras.tv\/site\/wp-content\/uploads\/2025\/03\/Banner_Obras_PortallavrasTV-170x25.png 170w, https:\/\/lavras.tv\/site\/wp-content\/uploads\/2025\/03\/Banner_Obras_PortallavrasTV-200x29.png 200w\" sizes=\"(max-width: 720px) 100vw, 720px\" width=\"720\" height=\"104\"   \/><\/a><\/li><li><div style=\"margin-left: auto;margin-right: auto;text-align: center;\" id=\"lavra-1958968504\"><a href=\"https:\/\/sistemas.lavras.mg.gov.br\/portalcidadao\/#df1b1a7c7b2a290bcb31e32771e610784662739a88807c0dacac58ede5f391a7530e299dc302d611ee73cb143fc22eaf93592e53e7b5bdb01b00a0b8d28dae460c141dd2ff83412e4dc1c31b16b25f33144a9e5620ea73b13f5bc1c59411d98439ad226e8af03840603796067d87afe130812cf3de24982d0e306f9e61e764e5\" aria-label=\"Banner_Educa\u00e7\u00e3o_PortallavrasTV\"><img src=\"https:\/\/lavras.tv\/site\/wp-content\/uploads\/2025\/01\/Banner_Educacao_PortallavrasTV.png\" alt=\"\"  srcset=\"https:\/\/lavras.tv\/site\/wp-content\/uploads\/2025\/01\/Banner_Educacao_PortallavrasTV.png 720w, https:\/\/lavras.tv\/site\/wp-content\/uploads\/2025\/01\/Banner_Educacao_PortallavrasTV-470x68.png 470w, https:\/\/lavras.tv\/site\/wp-content\/uploads\/2025\/01\/Banner_Educacao_PortallavrasTV-170x25.png 170w, https:\/\/lavras.tv\/site\/wp-content\/uploads\/2025\/01\/Banner_Educacao_PortallavrasTV-200x29.png 200w\" sizes=\"(max-width: 720px) 100vw, 720px\" width=\"720\" height=\"104\"  style=\"display: inline-block;\" \/><\/a><\/div><\/li><li><a href=\"https:\/\/sistemas.lavras.mg.gov.br\/portalcidadao\/#df1b1a7c7b2a290bcb31e32771e610784662739a88807c0dacac58ede5f391a7530e299dc302d611ee73cb143fc22eaf93592e53e7b5bdb01b00a0b8d28dae460c141dd2ff83412e4dc1c31b16b25f33144a9e5620ea73b13f5bc1c59411d98439ad226e8af03840603796067d87afe130812cf3de24982d0e306f9e61e764e5\" aria-label=\"Banner_Sa\u00fade_PortallavrasTV\"><img src=\"https:\/\/lavras.tv\/site\/wp-content\/uploads\/2025\/03\/Banner_Saude_PortallavrasTV.png\" alt=\"\"  srcset=\"https:\/\/lavras.tv\/site\/wp-content\/uploads\/2025\/03\/Banner_Saude_PortallavrasTV.png 720w, https:\/\/lavras.tv\/site\/wp-content\/uploads\/2025\/03\/Banner_Saude_PortallavrasTV-470x68.png 470w, https:\/\/lavras.tv\/site\/wp-content\/uploads\/2025\/03\/Banner_Saude_PortallavrasTV-170x25.png 170w, https:\/\/lavras.tv\/site\/wp-content\/uploads\/2025\/03\/Banner_Saude_PortallavrasTV-200x29.png 200w\" sizes=\"(max-width: 720px) 100vw, 720px\" width=\"720\" height=\"104\"   \/><\/a><\/li><li><div id=\"lavra-571974763\" style=\"width:720px;height:104px;background-color:#ddd;overflow:scroll;\">\n\t<strong>Sa\u00edda da depura\u00e7\u00e3o de an\u00fancios<\/strong>\n\t<br><br>\n\tO an\u00fancio n\u00e3o \u00e9 exibido na p\u00e1gina<br><br>post atual: Circuito Cultural \u00e9 atra\u00e7\u00e3o neste fim de semana, ID: 3509<br><br><span style=\"color: red;\">O post atual n\u00e3o \u00e9 id\u00eantico ao post principal.<\/span><br><br>An\u00fancios: ROXO - TOPO INTERNA - ROTATIVO 2 (197)<br \/>Grupo de an\u00fancios: Princ_Meio01_720x104 (27)<br><br>Condi\u00e7\u00f5es de exibi\u00e7\u00e3o<div style=\"margin-bottom: 20px; white-space: pre-wrap; font-family: monospace; width: 100%; background: #ffe9e9;\"><strong>condi\u00e7\u00f5es gerais<\/strong><table border=\"1\"><thead><tr><th><\/th><th>An\u00fancios<\/th><th>wp_the_query<\/th><\/tr><\/thead><tr><td>is_main_query<\/td><td>1<\/td><td>1<\/td><\/tr><tr><td>is_rest_api<\/td><td>0<\/td><td>1<\/td><\/tr><tr><td>page<\/td><td>0<\/td><td>1<\/td><\/tr><tr><td>numpages<\/td><td>0<\/td><td>1<\/td><\/tr><tr><td>is_archive<\/td><td>1<\/td><td><\/td><\/tr><tr><td>is_search<\/td><td>1<\/td><td><\/td><\/tr><tr><td>is_home<\/td><td>1<\/td><td><\/td><\/tr><tr><td>is_404<\/td><td>1<\/td><td><\/td><\/tr><tr><td>is_attachment<\/td><td>1<\/td><td><\/td><\/tr><tr><td>is_singular<\/td><td>1<\/td><td><\/td><\/tr><tr><td>is_front_page<\/td><td>1<\/td><td><\/td><\/tr><tr><td>is_feed<\/td><td>1<\/td><td><\/td><\/tr><\/table><\/div><br><br><span style=\"color: red;\">Seu site usa HTTPS, mas o c\u00f3digo do an\u00fancio cont\u00e9m HTTP e pode n\u00e3o funcionar.<\/span>\t<br><br>\n\t<a style=\"color: green;\" href=\"https:\/\/wpadvancedads.com\/manual\/ad-debug-mode\/?utm_source=advanced-ads&utm_medium=link&utm_campaign=ad-debug-mode\" target=\"_blank\" rel=\"nofollow\">Encontre solu\u00e7\u00f5es no manual<\/a>\n<\/div>\n<\/li><\/ul><\/div><script>( window.advanced_ads_ready || jQuery( document ).ready ).call( null, function() {var $lavraslider4139604156 = jQuery( \".lavra-slider-4139604156\" );$lavraslider4139604156.on( \"unslider.ready\", function() { jQuery( \"div.custom-slider ul li\" ).css( \"display\", \"block\" ); });$lavraslider4139604156.unslider({ delay:4000, autoplay:true, nav:false, arrows:false, infinite:true });$lavraslider4139604156.on(\"mouseover\", function() {$lavraslider4139604156.unslider(\"stop\");}).on(\"mouseout\", function() {$lavraslider4139604156.unslider(\"start\");});});<\/script><\/div><p>O Circuito Cultural do Sul de Minas, segunda edi\u00e7\u00e3o, chega \u00e0 Lavras nesta sexta-feira (04\/11), com diversas \u00a0apresenta\u00e7\u00f5es art\u00edsticas \u00a0na Pra\u00e7a Dr. Augusto Silva. <!--more-->Entre as atra\u00e7\u00f5es de teatro e circo, o mais novo espet\u00e1culo infantil do Grupo Rasgac\u00earo, \u201cO Art\u00earo e a Salamandra de Fogo\u201d. O Circuito \u00e9 patrocinado pelo Expresso Gardenia, atrav\u00e9s da Lei Estadual de Incentivo \u00e0 Cultura de Minas Gerais.<\/p>\n<p><a class=\"cboxElement\" href=\"http:\/\/www.lavras24horas.com.br\/portal\/wp-content\/uploads\/2016\/11\/O-Artero-e-a-Salamandra-4.jpg\"><img fetchpriority=\"high\" decoding=\"async\" class=\"aligncenter size-large wp-image-212783 colorbox-212782\" src=\"http:\/\/www.lavras24horas.com.br\/portal\/wp-content\/uploads\/2016\/11\/O-Artero-e-a-Salamandra-4-495x330.jpg\" alt=\"O Art\u00earo e a Salamandra (4)\" width=\"495\" height=\"330\" \/><\/a><\/p>\n<p>As atividades come\u00e7am na sexta-feira, em uma programa\u00e7\u00e3o direcionada para escola, a partir das 14 horas, com o espet\u00e1culo \u201cViralata: o palha\u00e7o t\u00e1 solto!\u201d, de Rodrigo Roble\u00f1o, seguindo do Grupo SolucionArt, de Lavras, que apresenta \u201cHist\u00f3rias da Vov\u00f3 Nana\u201d. A partir das 19 horas, o Grupo Rasgac\u00earo apresenta \u201cO Art\u00earo e a Salamandra de Fogo\u201d. No s\u00e1bado, \u00e0s 10 horas, tem com\u00e9dia de rua com o Palha\u00e7o Tonto. O Circuito Cultural Sul de Minas conta com a produ\u00e7\u00e3o da Mixiricar-Te Cultural, gest\u00e3o da Espa\u00e7o Ampliar e comunica\u00e7\u00e3o da NDg.<\/p>\n<p><a class=\"cboxElement\" href=\"http:\/\/www.lavras24horas.com.br\/portal\/wp-content\/uploads\/2016\/11\/O-Artero-e-a-Salamandra-1.jpg\"><img decoding=\"async\" class=\"aligncenter size-large wp-image-212784 colorbox-212782\" src=\"http:\/\/www.lavras24horas.com.br\/portal\/wp-content\/uploads\/2016\/11\/O-Artero-e-a-Salamandra-1-495x330.jpg\" alt=\"O Art\u00earo e a Salamandra (1)\" width=\"495\" height=\"330\" \/><\/a><\/p>\n<p>A nova montagem do Grupo Rasgac\u00earo, \u00e9 um espet\u00e1culo infantil baseado no livro de cordel \u201cO Juvenal e o Drag\u00e3o\u201d, de Jo\u00e3o Martins de Athayde, escrito em 1974 e conta, de forma l\u00fadica, como Juvenal derrotou a salamandra de fogo que secava o Rio Grande. Na cena um apelo em favor da preserva\u00e7\u00e3o do meio ambiente, recheado de romance e aventura.<\/p>\n<p>No elenco os atores Danielle Marques, Fernando Gon\u00e7alves e Gabriel S\u00e1. Na m\u00fasica Ricardo Malabi e Milton Leite e na manipula\u00e7\u00e3o dos bonecos Kalleb Fernandes e Genaldo Pessoa (Chupeta). A concep\u00e7\u00e3o do espet\u00e1culo \u00e9 de Bibi Rodriguez e os figurinos, bonecos e cen\u00e1rios s\u00e3o assinados por R\u00f4 Lovato e Anderson Almeida, da Oficina da Terra art studio.<\/p>\n<p>Em sua primeira edi\u00e7\u00e3o, o Circuito Cultural foi realizado em cinco cidades e beneficiou mais de 10 escolas, entre p\u00fablicas e privadas, e os espet\u00e1culos foram vistos por cerca de cinco mil pessoas. Segundo Antonio Afonso da Silva, presidente do Expresso Gardenia, a realiza\u00e7\u00e3o do evento \u00e9 um presente para comunidade aonde a empresa atua. \u201cNossa inten\u00e7\u00e3o \u00e9 promover, atrav\u00e9s da arte e da cultura, a integra\u00e7\u00e3o das esferas p\u00fablica e privada, em torno de um grande objetivo, que \u00e9 o de expandir os horizontes e a vis\u00e3o de mundo, principalmente das novas gera\u00e7\u00f5es, relembrando o sucesso alcan\u00e7ado no ano passado\u201d, afirma. Confira e acompanhe a agenda do Circuito atrav\u00e9s do site: www.circuitogardenia.com.br<\/p>\n<p><img decoding=\"async\" class=\"aligncenter\" src=\"http:\/\/www.lavras24horas.com.br\/portal\/wp-content\/uploads\/2016\/11\/Divulgacao-Lavras-e1478099665622.jpg\" alt=\"Fotos e Texto: Divulga\u00e7\u00e3o\" \/><\/p>\n<p>Texto e fotos: Divulga\u00e7\u00e3o<\/p>\n","protected":false},"excerpt":{"rendered":"<p>O Circuito Cultural do Sul de Minas, segunda edi\u00e7\u00e3o, chega \u00e0 Lavras nesta sexta-feira (04\/11), com diversas \u00a0apresenta\u00e7\u00f5es art\u00edsticas \u00a0na Pra\u00e7a Dr. Augusto Silva.<\/p>\n","protected":false},"author":2,"featured_media":3510,"comment_status":"closed","ping_status":"open","sticky":false,"template":"","format":"standard","meta":{"advgb_blocks_editor_width":"","advgb_blocks_columns_visual_guide":"","_exactmetrics_skip_tracking":false,"_exactmetrics_sitenote_active":false,"_exactmetrics_sitenote_note":"","_exactmetrics_sitenote_category":0,"footnotes":""},"categories":[7,2,21],"tags":[1243,1244,1245,34,484],"class_list":["post-3509","post","type-post","status-publish","format-standard","has-post-thumbnail","hentry","category-destaques","category-noticias","category-vem-ai","tag-circuito-cultural","tag-gardenia","tag-gratis","tag-lavras","tag-praca-augusto-silva"],"better_featured_image":{"id":3510,"alt_text":"","caption":"","description":"","media_type":"image","media_details":{"width":495,"height":330,"file":"2016\/11\/cultura.jpg","sizes":{"thumbnail":{"file":"cultura-150x100.jpg","width":150,"height":100,"mime-type":"image\/jpeg","source_url":"https:\/\/lavras.tv\/site\/wp-content\/uploads\/2016\/11\/cultura-150x100.jpg"},"medium":{"file":"cultura-300x200.jpg","width":300,"height":200,"mime-type":"image\/jpeg","source_url":"https:\/\/lavras.tv\/site\/wp-content\/uploads\/2016\/11\/cultura-300x200.jpg"},"featured-post-img":{"file":"cultura-480x320.jpg","width":480,"height":320,"mime-type":"image\/jpeg","source_url":"https:\/\/lavras.tv\/site\/wp-content\/uploads\/2016\/11\/cultura-480x320.jpg"},"sow-carousel-default":{"file":"cultura-272x182.jpg","width":272,"height":182,"mime-type":"image\/jpeg","source_url":"https:\/\/lavras.tv\/site\/wp-content\/uploads\/2016\/11\/cultura-272x182.jpg"}},"image_meta":{"aperture":"0","credit":"","camera":"","caption":"","created_timestamp":"0","copyright":"","focal_length":"0","iso":"0","shutter_speed":"0","title":"","orientation":"0","keywords":[]}},"post":3509,"source_url":"https:\/\/lavras.tv\/site\/wp-content\/uploads\/2016\/11\/cultura.jpg"},"author_meta":{"display_name":"Lavras TV","author_link":"https:\/\/lavras.tv\/site\/author\/lavrastv\/"},"featured_img":"https:\/\/lavras.tv\/site\/wp-content\/uploads\/2016\/11\/cultura-300x200.jpg","coauthors":[],"tax_additional":{"categories":{"linked":["<a href=\"https:\/\/lavras.tv\/site\/category\/destaques\/\" class=\"advgb-post-tax-term\">Destaques<\/a>","<a href=\"https:\/\/lavras.tv\/site\/category\/noticias\/\" class=\"advgb-post-tax-term\">Not\u00edcias<\/a>","<a href=\"https:\/\/lavras.tv\/site\/category\/vem-ai\/\" class=\"advgb-post-tax-term\">Vem a\u00ed<\/a>"],"unlinked":["<span class=\"advgb-post-tax-term\">Destaques<\/span>","<span class=\"advgb-post-tax-term\">Not\u00edcias<\/span>","<span class=\"advgb-post-tax-term\">Vem a\u00ed<\/span>"]},"tags":{"linked":["<a href=\"https:\/\/lavras.tv\/site\/category\/vem-ai\/\" class=\"advgb-post-tax-term\">circuito cultural<\/a>","<a href=\"https:\/\/lavras.tv\/site\/category\/vem-ai\/\" class=\"advgb-post-tax-term\">gard\u00eania<\/a>","<a href=\"https:\/\/lavras.tv\/site\/category\/vem-ai\/\" class=\"advgb-post-tax-term\">gr\u00e1tis<\/a>","<a href=\"https:\/\/lavras.tv\/site\/category\/vem-ai\/\" class=\"advgb-post-tax-term\">lavras<\/a>","<a href=\"https:\/\/lavras.tv\/site\/category\/vem-ai\/\" class=\"advgb-post-tax-term\">pra\u00e7a augusto silva<\/a>"],"unlinked":["<span class=\"advgb-post-tax-term\">circuito cultural<\/span>","<span class=\"advgb-post-tax-term\">gard\u00eania<\/span>","<span class=\"advgb-post-tax-term\">gr\u00e1tis<\/span>","<span class=\"advgb-post-tax-term\">lavras<\/span>","<span class=\"advgb-post-tax-term\">pra\u00e7a augusto silva<\/span>"]}},"comment_count":"0","relative_dates":{"created":"Publicado 9 anos atr\u00e1s","modified":"Atualizado 9 anos atr\u00e1s"},"absolute_dates":{"created":"Publicado em 3 de novembro de 2016","modified":"Atualizado em 3 de novembro de 2016"},"absolute_dates_time":{"created":"Publicado em 3 de novembro de 2016 08:48","modified":"Atualizado em 3 de novembro de 2016 08:48"},"featured_img_caption":"","series_order":"","_links":{"self":[{"href":"https:\/\/lavras.tv\/site\/wp-json\/wp\/v2\/posts\/3509","targetHints":{"allow":["GET"]}}],"collection":[{"href":"https:\/\/lavras.tv\/site\/wp-json\/wp\/v2\/posts"}],"about":[{"href":"https:\/\/lavras.tv\/site\/wp-json\/wp\/v2\/types\/post"}],"author":[{"embeddable":true,"href":"https:\/\/lavras.tv\/site\/wp-json\/wp\/v2\/users\/2"}],"replies":[{"embeddable":true,"href":"https:\/\/lavras.tv\/site\/wp-json\/wp\/v2\/comments?post=3509"}],"version-history":[{"count":1,"href":"https:\/\/lavras.tv\/site\/wp-json\/wp\/v2\/posts\/3509\/revisions"}],"predecessor-version":[{"id":3511,"href":"https:\/\/lavras.tv\/site\/wp-json\/wp\/v2\/posts\/3509\/revisions\/3511"}],"wp:featuredmedia":[{"embeddable":true,"href":"https:\/\/lavras.tv\/site\/wp-json\/wp\/v2\/media\/3510"}],"wp:attachment":[{"href":"https:\/\/lavras.tv\/site\/wp-json\/wp\/v2\/media?parent=3509"}],"wp:term":[{"taxonomy":"category","embeddable":true,"href":"https:\/\/lavras.tv\/site\/wp-json\/wp\/v2\/categories?post=3509"},{"taxonomy":"post_tag","embeddable":true,"href":"https:\/\/lavras.tv\/site\/wp-json\/wp\/v2\/tags?post=3509"}],"curies":[{"name":"wp","href":"https:\/\/api.w.org\/{rel}","templated":true}]}}