{"id":3515,"date":"2016-11-03T09:00:21","date_gmt":"2016-11-03T11:00:21","guid":{"rendered":"http:\/\/lavras.tv\/site\/?p=3515"},"modified":"2016-11-03T09:00:21","modified_gmt":"2016-11-03T11:00:21","slug":"enem-o-quer-levar-nos-dias-de-prova","status":"publish","type":"post","link":"https:\/\/lavras.tv\/site\/2016\/11\/03\/enem-o-quer-levar-nos-dias-de-prova\/","title":{"rendered":"Enem: o quer levar nos dias de prova"},"content":{"rendered":"<div class=\"lavra-antes-do-conteudo_2\" id=\"lavra-1650033291\"><div id=\"lavra-slider-27\" class=\"custom-slider lavra-slider-3412440009 lavra-slider\"><ul><li><div style=\"margin-left: auto;margin-right: auto;text-align: center;\" id=\"lavra-2337123738\"><a href=\"https:\/\/sistemas.lavras.mg.gov.br\/portalcidadao\/#df1b1a7c7b2a290bcb31e32771e610784662739a88807c0dacac58ede5f391a7530e299dc302d611ee73cb143fc22eaf93592e53e7b5bdb01b00a0b8d28dae460c141dd2ff83412e4dc1c31b16b25f33144a9e5620ea73b13f5bc1c59411d98439ad226e8af03840603796067d87afe130812cf3de24982d0e306f9e61e764e5\" aria-label=\"Lavras-TV&#8211;720x104px (1) (1)\"><img src=\"https:\/\/lavras.tv\/site\/wp-content\/uploads\/2025\/01\/Lavras-TV-720x104px-1-1.png\" alt=\"\"  srcset=\"https:\/\/lavras.tv\/site\/wp-content\/uploads\/2025\/01\/Lavras-TV-720x104px-1-1.png 720w, https:\/\/lavras.tv\/site\/wp-content\/uploads\/2025\/01\/Lavras-TV-720x104px-1-1-470x68.png 470w, https:\/\/lavras.tv\/site\/wp-content\/uploads\/2025\/01\/Lavras-TV-720x104px-1-1-170x25.png 170w, https:\/\/lavras.tv\/site\/wp-content\/uploads\/2025\/01\/Lavras-TV-720x104px-1-1-200x29.png 200w\" sizes=\"(max-width: 720px) 100vw, 720px\" width=\"720\" height=\"104\"  style=\"display: inline-block;\" \/><\/a><\/div><\/li><li><a href=\"https:\/\/sistemas.lavras.mg.gov.br\/portalcidadao\/#df1b1a7c7b2a290bcb31e32771e610784662739a88807c0dacac58ede5f391a7530e299dc302d611ee73cb143fc22eaf93592e53e7b5bdb01b00a0b8d28dae460c141dd2ff83412e4dc1c31b16b25f33144a9e5620ea73b13f5bc1c59411d98439ad226e8af03840603796067d87afe130812cf3de24982d0e306f9e61e764e5\" aria-label=\"Banner_Emprego_PortallavrasTV\"><img src=\"https:\/\/lavras.tv\/site\/wp-content\/uploads\/2025\/03\/Banner_Emprego_PortallavrasTV.png\" alt=\"\"  srcset=\"https:\/\/lavras.tv\/site\/wp-content\/uploads\/2025\/03\/Banner_Emprego_PortallavrasTV.png 720w, https:\/\/lavras.tv\/site\/wp-content\/uploads\/2025\/03\/Banner_Emprego_PortallavrasTV-470x68.png 470w, https:\/\/lavras.tv\/site\/wp-content\/uploads\/2025\/03\/Banner_Emprego_PortallavrasTV-170x25.png 170w, https:\/\/lavras.tv\/site\/wp-content\/uploads\/2025\/03\/Banner_Emprego_PortallavrasTV-200x29.png 200w\" sizes=\"(max-width: 720px) 100vw, 720px\" width=\"720\" height=\"104\"   \/><\/a><\/li><li><a href=\"https:\/\/sistemas.lavras.mg.gov.br\/portalcidadao\/#df1b1a7c7b2a290bcb31e32771e610784662739a88807c0dacac58ede5f391a7530e299dc302d611ee73cb143fc22eaf93592e53e7b5bdb01b00a0b8d28dae460c141dd2ff83412e4dc1c31b16b25f33144a9e5620ea73b13f5bc1c59411d98439ad226e8af03840603796067d87afe130812cf3de24982d0e306f9e61e764e5\" aria-label=\"Banner_Obras_PortallavrasTV\"><img src=\"https:\/\/lavras.tv\/site\/wp-content\/uploads\/2025\/03\/Banner_Obras_PortallavrasTV.png\" alt=\"\"  srcset=\"https:\/\/lavras.tv\/site\/wp-content\/uploads\/2025\/03\/Banner_Obras_PortallavrasTV.png 720w, https:\/\/lavras.tv\/site\/wp-content\/uploads\/2025\/03\/Banner_Obras_PortallavrasTV-470x68.png 470w, https:\/\/lavras.tv\/site\/wp-content\/uploads\/2025\/03\/Banner_Obras_PortallavrasTV-170x25.png 170w, https:\/\/lavras.tv\/site\/wp-content\/uploads\/2025\/03\/Banner_Obras_PortallavrasTV-200x29.png 200w\" sizes=\"(max-width: 720px) 100vw, 720px\" width=\"720\" height=\"104\"   \/><\/a><\/li><li><div style=\"margin-left: auto;margin-right: auto;text-align: center;\" id=\"lavra-4247691846\"><a href=\"https:\/\/sistemas.lavras.mg.gov.br\/portalcidadao\/#df1b1a7c7b2a290bcb31e32771e610784662739a88807c0dacac58ede5f391a7530e299dc302d611ee73cb143fc22eaf93592e53e7b5bdb01b00a0b8d28dae460c141dd2ff83412e4dc1c31b16b25f33144a9e5620ea73b13f5bc1c59411d98439ad226e8af03840603796067d87afe130812cf3de24982d0e306f9e61e764e5\" aria-label=\"Banner_Educa\u00e7\u00e3o_PortallavrasTV\"><img src=\"https:\/\/lavras.tv\/site\/wp-content\/uploads\/2025\/01\/Banner_Educacao_PortallavrasTV.png\" alt=\"\"  srcset=\"https:\/\/lavras.tv\/site\/wp-content\/uploads\/2025\/01\/Banner_Educacao_PortallavrasTV.png 720w, https:\/\/lavras.tv\/site\/wp-content\/uploads\/2025\/01\/Banner_Educacao_PortallavrasTV-470x68.png 470w, https:\/\/lavras.tv\/site\/wp-content\/uploads\/2025\/01\/Banner_Educacao_PortallavrasTV-170x25.png 170w, https:\/\/lavras.tv\/site\/wp-content\/uploads\/2025\/01\/Banner_Educacao_PortallavrasTV-200x29.png 200w\" sizes=\"(max-width: 720px) 100vw, 720px\" width=\"720\" height=\"104\"  style=\"display: inline-block;\" \/><\/a><\/div><\/li><li><a href=\"https:\/\/sistemas.lavras.mg.gov.br\/portalcidadao\/#df1b1a7c7b2a290bcb31e32771e610784662739a88807c0dacac58ede5f391a7530e299dc302d611ee73cb143fc22eaf93592e53e7b5bdb01b00a0b8d28dae460c141dd2ff83412e4dc1c31b16b25f33144a9e5620ea73b13f5bc1c59411d98439ad226e8af03840603796067d87afe130812cf3de24982d0e306f9e61e764e5\" aria-label=\"Banner_Sa\u00fade_PortallavrasTV\"><img src=\"https:\/\/lavras.tv\/site\/wp-content\/uploads\/2025\/03\/Banner_Saude_PortallavrasTV.png\" alt=\"\"  srcset=\"https:\/\/lavras.tv\/site\/wp-content\/uploads\/2025\/03\/Banner_Saude_PortallavrasTV.png 720w, https:\/\/lavras.tv\/site\/wp-content\/uploads\/2025\/03\/Banner_Saude_PortallavrasTV-470x68.png 470w, https:\/\/lavras.tv\/site\/wp-content\/uploads\/2025\/03\/Banner_Saude_PortallavrasTV-170x25.png 170w, https:\/\/lavras.tv\/site\/wp-content\/uploads\/2025\/03\/Banner_Saude_PortallavrasTV-200x29.png 200w\" sizes=\"(max-width: 720px) 100vw, 720px\" width=\"720\" height=\"104\"   \/><\/a><\/li><li><div id=\"lavra-576814714\" style=\"width:720px;height:104px;background-color:#ddd;overflow:scroll;\">\n\t<strong>Sa\u00edda da depura\u00e7\u00e3o de an\u00fancios<\/strong>\n\t<br><br>\n\tO an\u00fancio n\u00e3o \u00e9 exibido na p\u00e1gina<br><br>post atual: Enem: o quer levar nos dias de prova, ID: 3515<br><br><span style=\"color: red;\">O post atual n\u00e3o \u00e9 id\u00eantico ao post principal.<\/span><br><br>An\u00fancios: ROXO - TOPO INTERNA - ROTATIVO 2 (197)<br \/>Grupo de an\u00fancios: Princ_Meio01_720x104 (27)<br><br>Condi\u00e7\u00f5es de exibi\u00e7\u00e3o<div style=\"margin-bottom: 20px; white-space: pre-wrap; font-family: monospace; width: 100%; background: #ffe9e9;\"><strong>condi\u00e7\u00f5es gerais<\/strong><table border=\"1\"><thead><tr><th><\/th><th>An\u00fancios<\/th><th>wp_the_query<\/th><\/tr><\/thead><tr><td>is_main_query<\/td><td>1<\/td><td>1<\/td><\/tr><tr><td>is_rest_api<\/td><td>0<\/td><td>1<\/td><\/tr><tr><td>page<\/td><td>0<\/td><td>1<\/td><\/tr><tr><td>numpages<\/td><td>0<\/td><td>1<\/td><\/tr><tr><td>is_archive<\/td><td>1<\/td><td><\/td><\/tr><tr><td>is_search<\/td><td>1<\/td><td><\/td><\/tr><tr><td>is_home<\/td><td>1<\/td><td><\/td><\/tr><tr><td>is_404<\/td><td>1<\/td><td><\/td><\/tr><tr><td>is_attachment<\/td><td>1<\/td><td><\/td><\/tr><tr><td>is_singular<\/td><td>1<\/td><td><\/td><\/tr><tr><td>is_front_page<\/td><td>1<\/td><td><\/td><\/tr><tr><td>is_feed<\/td><td>1<\/td><td><\/td><\/tr><\/table><\/div><br><br><span style=\"color: red;\">Seu site usa HTTPS, mas o c\u00f3digo do an\u00fancio cont\u00e9m HTTP e pode n\u00e3o funcionar.<\/span>\t<br><br>\n\t<a style=\"color: green;\" href=\"https:\/\/wpadvancedads.com\/manual\/ad-debug-mode\/?utm_source=advanced-ads&utm_medium=link&utm_campaign=ad-debug-mode\" target=\"_blank\" rel=\"nofollow\">Encontre solu\u00e7\u00f5es no manual<\/a>\n<\/div>\n<\/li><\/ul><\/div><script>( window.advanced_ads_ready || jQuery( document ).ready ).call( null, function() {var $lavraslider3412440009 = jQuery( \".lavra-slider-3412440009\" );$lavraslider3412440009.on( \"unslider.ready\", function() { jQuery( \"div.custom-slider ul li\" ).css( \"display\", \"block\" ); });$lavraslider3412440009.unslider({ delay:4000, autoplay:true, nav:false, arrows:false, infinite:true });$lavraslider3412440009.on(\"mouseover\", function() {$lavraslider3412440009.unslider(\"stop\");}).on(\"mouseout\", function() {$lavraslider3412440009.unslider(\"start\");});});<\/script><\/div><p>Ap\u00f3s a rotina de estudos e em meio \u00e0 ansiedade nos dias que antecedem o Exame Nacional do Ensino M\u00e9dio (Enem), o estudante deve ficar atento ao material que precisa levar no dia da prova e ao que n\u00e3o \u00e9 permitido durante a aplica\u00e7\u00e3o do exame.<!--more--><\/p>\n<p>Para fazer as provas, a reda\u00e7\u00e3o e preencher o cart\u00e3o de respostas o candidato ter\u00e1 de usar caneta esferogr\u00e1fica de tinta preta, fabricada com material transparente. Outra cor de tinta impossibilita a leitura \u00f3ptica do cart\u00e3o de respostas.<\/p>\n<p>N\u00e3o \u00e9 autorizado o uso de celular ou qualquer aparelho eletr\u00f4nico durante as provas. Os aparelhos ter\u00e3o de ser colocados em um porta-objetos com lacre, que dever\u00e1 ficar embaixo da cadeira at\u00e9 o final das provas.<\/p>\n<p><img fetchpriority=\"high\" decoding=\"async\" class=\"size-full wp-image-3516 alignright\" src=\"http:\/\/lavras.tv\/site\/wp-content\/uploads\/2016\/11\/enem.jpg\" alt=\"enem\" width=\"450\" height=\"338\" srcset=\"https:\/\/lavras.tv\/site\/wp-content\/uploads\/2016\/11\/enem.jpg 450w, https:\/\/lavras.tv\/site\/wp-content\/uploads\/2016\/11\/enem-150x113.jpg 150w, https:\/\/lavras.tv\/site\/wp-content\/uploads\/2016\/11\/enem-300x225.jpg 300w\" sizes=\"(max-width: 450px) 100vw, 450px\" \/><\/p>\n<p>Nas \u00faltimas edi\u00e7\u00f5es do Enem, candidatos foram eliminados por postar imagens da prova em redes sociais. O diretor do Col\u00e9gio Conc\u00f3rdia, de S\u00e3o Paulo, Edson Wander Eller, alerta os estudantes para o risco de tirar fotos e usar redes sociais no exame. \u201cHoje, com a moda dos selfies, \u00e9 comum o aluno entrar na sala e querer fotografar a prova e publicar nas redes sociais. \u00c9 importante lembrar que o Minist\u00e9rio da Educa\u00e7\u00e3o e outros \u00f3rg\u00e3os do governo fazem o acompanhamento disso e podem fazer com que o aluno seja desclassificado\u201d, diz o professor.<\/p>\n<p>O candidato tamb\u00e9m n\u00e3o poder\u00e1 usar l\u00e1pis, lapiseira, borrachas, livros, manuais, impressos, anota\u00e7\u00f5es, \u00f3culos escuros, bon\u00e9, chap\u00e9u, gorro e similares e portar armas de qualquer esp\u00e9cie, mesmo com documento de porte. Se estiver com um desses objetos, eles dever\u00e3o ser colocados no porta-objetos.<\/p>\n<p>Neste ano haver\u00e1, pela primeira vez, identifica\u00e7\u00e3o biom\u00e9trica dos estudantes. O objetivo \u00e9 prevenir fraudes. As impress\u00f5es digitais ser\u00e3o colhidas durante as provas. O Minist\u00e9rio da Educa\u00e7\u00e3o informou que tamb\u00e9m haver\u00e1 fiscaliza\u00e7\u00e3o dos lanches dos candidatos.<\/p>\n<p>Ao receber a prova, \u00e9 importante que o estudante verifique se o caderno de quest\u00f5es e o cart\u00e3o de respostas t\u00eam a mesma quantidade de itens e se n\u00e3o h\u00e1 defeito gr\u00e1fico. \u00c9 recomendado ler e conferir as informa\u00e7\u00f5es no caderno de quest\u00f5es, no cart\u00e3o-resposta, na folha de reda\u00e7\u00e3o e na lista de presen\u00e7a.<\/p>\n<p>O aluno poder\u00e1 deixar o local ap\u00f3s duas horas do in\u00edcio da prova. S\u00f3 \u00e9 poss\u00edvel sair com o caderno de quest\u00f5es nos \u00faltimos 30 minutos antes do fim das provas. Caso descumpra qualquer uma dessas regras, ser\u00e1 eliminado.<\/p>\n<p>O documento de identidade com foto \u00e9 obrigat\u00f3rio para fazer o exame. Pode ser apresentada a carteira de identidade, a identidade expedida pelo Minist\u00e9rio da Justi\u00e7a para estrangeiros, as carteiras expedidas por ordens ou conselhos de classes validadas por lei, a carteira de trabalho, o certificado de reservista, o passaporte ou a carteira de habilita\u00e7\u00e3o.<\/p>\n<p>Se tiver perdido o documento, o estudante deve apresentar boletim de ocorr\u00eancia com data de, no m\u00e1ximo, 90 dias antes da prova.<\/p>\n<p>Fonte: Itatiaia<\/p>\n","protected":false},"excerpt":{"rendered":"<p>Ap\u00f3s a rotina de estudos e em meio \u00e0 ansiedade nos dias que antecedem o Exame Nacional do Ensino M\u00e9dio (Enem), o estudante deve ficar atento ao material que precisa levar no dia da prova e ao que n\u00e3o \u00e9 permitido durante a aplica\u00e7\u00e3o do exame.<\/p>\n","protected":false},"author":2,"featured_media":3516,"comment_status":"closed","ping_status":"open","sticky":false,"template":"","format":"standard","meta":{"advgb_blocks_editor_width":"","advgb_blocks_columns_visual_guide":"","_exactmetrics_skip_tracking":false,"_exactmetrics_sitenote_active":false,"_exactmetrics_sitenote_note":"","_exactmetrics_sitenote_category":0,"footnotes":""},"categories":[7,2],"tags":[204,1247,1248],"class_list":["post-3515","post","type-post","status-publish","format-standard","has-post-thumbnail","hentry","category-destaques","category-noticias","tag-enem","tag-o-que-levar","tag-provas"],"better_featured_image":{"id":3516,"alt_text":"","caption":"","description":"","media_type":"image","media_details":{"width":450,"height":338,"file":"2016\/11\/enem.jpg","sizes":{"thumbnail":{"file":"enem-150x113.jpg","width":150,"height":113,"mime-type":"image\/jpeg","source_url":"https:\/\/lavras.tv\/site\/wp-content\/uploads\/2016\/11\/enem-150x113.jpg"},"medium":{"file":"enem-300x225.jpg","width":300,"height":225,"mime-type":"image\/jpeg","source_url":"https:\/\/lavras.tv\/site\/wp-content\/uploads\/2016\/11\/enem-300x225.jpg"},"featured-post-img":{"file":"enem-450x320.jpg","width":450,"height":320,"mime-type":"image\/jpeg","source_url":"https:\/\/lavras.tv\/site\/wp-content\/uploads\/2016\/11\/enem-450x320.jpg"},"sow-carousel-default":{"file":"enem-272x182.jpg","width":272,"height":182,"mime-type":"image\/jpeg","source_url":"https:\/\/lavras.tv\/site\/wp-content\/uploads\/2016\/11\/enem-272x182.jpg"}},"image_meta":{"aperture":"2.2","credit":"","camera":"NIKON D70s","caption":"","created_timestamp":"1256478417","copyright":"","focal_length":"50","iso":"400","shutter_speed":"0.0166666666667","title":"","orientation":"0","keywords":[]}},"post":3515,"source_url":"https:\/\/lavras.tv\/site\/wp-content\/uploads\/2016\/11\/enem.jpg"},"author_meta":{"display_name":"Lavras TV","author_link":"https:\/\/lavras.tv\/site\/author\/lavrastv\/"},"featured_img":"https:\/\/lavras.tv\/site\/wp-content\/uploads\/2016\/11\/enem-300x225.jpg","coauthors":[],"tax_additional":{"categories":{"linked":["<a href=\"https:\/\/lavras.tv\/site\/category\/destaques\/\" class=\"advgb-post-tax-term\">Destaques<\/a>","<a href=\"https:\/\/lavras.tv\/site\/category\/noticias\/\" class=\"advgb-post-tax-term\">Not\u00edcias<\/a>"],"unlinked":["<span class=\"advgb-post-tax-term\">Destaques<\/span>","<span class=\"advgb-post-tax-term\">Not\u00edcias<\/span>"]},"tags":{"linked":["<a href=\"https:\/\/lavras.tv\/site\/category\/noticias\/\" class=\"advgb-post-tax-term\">enem<\/a>","<a href=\"https:\/\/lavras.tv\/site\/category\/noticias\/\" class=\"advgb-post-tax-term\">o que levar<\/a>","<a href=\"https:\/\/lavras.tv\/site\/category\/noticias\/\" class=\"advgb-post-tax-term\">provas<\/a>"],"unlinked":["<span class=\"advgb-post-tax-term\">enem<\/span>","<span class=\"advgb-post-tax-term\">o que levar<\/span>","<span class=\"advgb-post-tax-term\">provas<\/span>"]}},"comment_count":"0","relative_dates":{"created":"Publicado 9 anos atr\u00e1s","modified":"Atualizado 9 anos atr\u00e1s"},"absolute_dates":{"created":"Publicado em 3 de novembro de 2016","modified":"Atualizado em 3 de novembro de 2016"},"absolute_dates_time":{"created":"Publicado em 3 de novembro de 2016 09:00","modified":"Atualizado em 3 de novembro de 2016 09:00"},"featured_img_caption":"","series_order":"","_links":{"self":[{"href":"https:\/\/lavras.tv\/site\/wp-json\/wp\/v2\/posts\/3515","targetHints":{"allow":["GET"]}}],"collection":[{"href":"https:\/\/lavras.tv\/site\/wp-json\/wp\/v2\/posts"}],"about":[{"href":"https:\/\/lavras.tv\/site\/wp-json\/wp\/v2\/types\/post"}],"author":[{"embeddable":true,"href":"https:\/\/lavras.tv\/site\/wp-json\/wp\/v2\/users\/2"}],"replies":[{"embeddable":true,"href":"https:\/\/lavras.tv\/site\/wp-json\/wp\/v2\/comments?post=3515"}],"version-history":[{"count":1,"href":"https:\/\/lavras.tv\/site\/wp-json\/wp\/v2\/posts\/3515\/revisions"}],"predecessor-version":[{"id":3517,"href":"https:\/\/lavras.tv\/site\/wp-json\/wp\/v2\/posts\/3515\/revisions\/3517"}],"wp:featuredmedia":[{"embeddable":true,"href":"https:\/\/lavras.tv\/site\/wp-json\/wp\/v2\/media\/3516"}],"wp:attachment":[{"href":"https:\/\/lavras.tv\/site\/wp-json\/wp\/v2\/media?parent=3515"}],"wp:term":[{"taxonomy":"category","embeddable":true,"href":"https:\/\/lavras.tv\/site\/wp-json\/wp\/v2\/categories?post=3515"},{"taxonomy":"post_tag","embeddable":true,"href":"https:\/\/lavras.tv\/site\/wp-json\/wp\/v2\/tags?post=3515"}],"curies":[{"name":"wp","href":"https:\/\/api.w.org\/{rel}","templated":true}]}}