{"id":3520,"date":"2016-11-03T09:10:36","date_gmt":"2016-11-03T11:10:36","guid":{"rendered":"http:\/\/lavras.tv\/site\/?p=3520"},"modified":"2016-11-03T09:12:39","modified_gmt":"2016-11-03T11:12:39","slug":"10-novos-radares-comecam-a-operar-nas-estradas-de-mg","status":"publish","type":"post","link":"https:\/\/lavras.tv\/site\/2016\/11\/03\/10-novos-radares-comecam-a-operar-nas-estradas-de-mg\/","title":{"rendered":"10 novos radares come\u00e7am a operar nas estradas de MG"},"content":{"rendered":"<div class=\"lavra-antes-do-conteudo_2\" id=\"lavra-265320766\"><div id=\"lavra-slider-27\" class=\"custom-slider lavra-slider-1641302451 lavra-slider\"><ul><li><div style=\"margin-left: auto;margin-right: auto;text-align: center;\" id=\"lavra-877526172\"><a href=\"https:\/\/sistemas.lavras.mg.gov.br\/portalcidadao\/#df1b1a7c7b2a290bcb31e32771e610784662739a88807c0dacac58ede5f391a7530e299dc302d611ee73cb143fc22eaf93592e53e7b5bdb01b00a0b8d28dae460c141dd2ff83412e4dc1c31b16b25f33144a9e5620ea73b13f5bc1c59411d98439ad226e8af03840603796067d87afe130812cf3de24982d0e306f9e61e764e5\" aria-label=\"Lavras-TV&#8211;720x104px (1) (1)\"><img src=\"https:\/\/lavras.tv\/site\/wp-content\/uploads\/2025\/01\/Lavras-TV-720x104px-1-1.png\" alt=\"\"  srcset=\"https:\/\/lavras.tv\/site\/wp-content\/uploads\/2025\/01\/Lavras-TV-720x104px-1-1.png 720w, https:\/\/lavras.tv\/site\/wp-content\/uploads\/2025\/01\/Lavras-TV-720x104px-1-1-470x68.png 470w, https:\/\/lavras.tv\/site\/wp-content\/uploads\/2025\/01\/Lavras-TV-720x104px-1-1-170x25.png 170w, https:\/\/lavras.tv\/site\/wp-content\/uploads\/2025\/01\/Lavras-TV-720x104px-1-1-200x29.png 200w\" sizes=\"(max-width: 720px) 100vw, 720px\" width=\"720\" height=\"104\"  style=\"display: inline-block;\" \/><\/a><\/div><\/li><li><a href=\"https:\/\/sistemas.lavras.mg.gov.br\/portalcidadao\/#df1b1a7c7b2a290bcb31e32771e610784662739a88807c0dacac58ede5f391a7530e299dc302d611ee73cb143fc22eaf93592e53e7b5bdb01b00a0b8d28dae460c141dd2ff83412e4dc1c31b16b25f33144a9e5620ea73b13f5bc1c59411d98439ad226e8af03840603796067d87afe130812cf3de24982d0e306f9e61e764e5\" aria-label=\"Banner_Emprego_PortallavrasTV\"><img src=\"https:\/\/lavras.tv\/site\/wp-content\/uploads\/2025\/03\/Banner_Emprego_PortallavrasTV.png\" alt=\"\"  srcset=\"https:\/\/lavras.tv\/site\/wp-content\/uploads\/2025\/03\/Banner_Emprego_PortallavrasTV.png 720w, https:\/\/lavras.tv\/site\/wp-content\/uploads\/2025\/03\/Banner_Emprego_PortallavrasTV-470x68.png 470w, https:\/\/lavras.tv\/site\/wp-content\/uploads\/2025\/03\/Banner_Emprego_PortallavrasTV-170x25.png 170w, https:\/\/lavras.tv\/site\/wp-content\/uploads\/2025\/03\/Banner_Emprego_PortallavrasTV-200x29.png 200w\" sizes=\"(max-width: 720px) 100vw, 720px\" width=\"720\" height=\"104\"   \/><\/a><\/li><li><a href=\"https:\/\/sistemas.lavras.mg.gov.br\/portalcidadao\/#df1b1a7c7b2a290bcb31e32771e610784662739a88807c0dacac58ede5f391a7530e299dc302d611ee73cb143fc22eaf93592e53e7b5bdb01b00a0b8d28dae460c141dd2ff83412e4dc1c31b16b25f33144a9e5620ea73b13f5bc1c59411d98439ad226e8af03840603796067d87afe130812cf3de24982d0e306f9e61e764e5\" aria-label=\"Banner_Obras_PortallavrasTV\"><img src=\"https:\/\/lavras.tv\/site\/wp-content\/uploads\/2025\/03\/Banner_Obras_PortallavrasTV.png\" alt=\"\"  srcset=\"https:\/\/lavras.tv\/site\/wp-content\/uploads\/2025\/03\/Banner_Obras_PortallavrasTV.png 720w, https:\/\/lavras.tv\/site\/wp-content\/uploads\/2025\/03\/Banner_Obras_PortallavrasTV-470x68.png 470w, https:\/\/lavras.tv\/site\/wp-content\/uploads\/2025\/03\/Banner_Obras_PortallavrasTV-170x25.png 170w, https:\/\/lavras.tv\/site\/wp-content\/uploads\/2025\/03\/Banner_Obras_PortallavrasTV-200x29.png 200w\" sizes=\"(max-width: 720px) 100vw, 720px\" width=\"720\" height=\"104\"   \/><\/a><\/li><li><div style=\"margin-left: auto;margin-right: auto;text-align: center;\" id=\"lavra-2043178353\"><a href=\"https:\/\/sistemas.lavras.mg.gov.br\/portalcidadao\/#df1b1a7c7b2a290bcb31e32771e610784662739a88807c0dacac58ede5f391a7530e299dc302d611ee73cb143fc22eaf93592e53e7b5bdb01b00a0b8d28dae460c141dd2ff83412e4dc1c31b16b25f33144a9e5620ea73b13f5bc1c59411d98439ad226e8af03840603796067d87afe130812cf3de24982d0e306f9e61e764e5\" aria-label=\"Banner_Educa\u00e7\u00e3o_PortallavrasTV\"><img src=\"https:\/\/lavras.tv\/site\/wp-content\/uploads\/2025\/01\/Banner_Educacao_PortallavrasTV.png\" alt=\"\"  srcset=\"https:\/\/lavras.tv\/site\/wp-content\/uploads\/2025\/01\/Banner_Educacao_PortallavrasTV.png 720w, https:\/\/lavras.tv\/site\/wp-content\/uploads\/2025\/01\/Banner_Educacao_PortallavrasTV-470x68.png 470w, https:\/\/lavras.tv\/site\/wp-content\/uploads\/2025\/01\/Banner_Educacao_PortallavrasTV-170x25.png 170w, https:\/\/lavras.tv\/site\/wp-content\/uploads\/2025\/01\/Banner_Educacao_PortallavrasTV-200x29.png 200w\" sizes=\"(max-width: 720px) 100vw, 720px\" width=\"720\" height=\"104\"  style=\"display: inline-block;\" \/><\/a><\/div><\/li><li><a href=\"https:\/\/sistemas.lavras.mg.gov.br\/portalcidadao\/#df1b1a7c7b2a290bcb31e32771e610784662739a88807c0dacac58ede5f391a7530e299dc302d611ee73cb143fc22eaf93592e53e7b5bdb01b00a0b8d28dae460c141dd2ff83412e4dc1c31b16b25f33144a9e5620ea73b13f5bc1c59411d98439ad226e8af03840603796067d87afe130812cf3de24982d0e306f9e61e764e5\" aria-label=\"Banner_Sa\u00fade_PortallavrasTV\"><img src=\"https:\/\/lavras.tv\/site\/wp-content\/uploads\/2025\/03\/Banner_Saude_PortallavrasTV.png\" alt=\"\"  srcset=\"https:\/\/lavras.tv\/site\/wp-content\/uploads\/2025\/03\/Banner_Saude_PortallavrasTV.png 720w, https:\/\/lavras.tv\/site\/wp-content\/uploads\/2025\/03\/Banner_Saude_PortallavrasTV-470x68.png 470w, https:\/\/lavras.tv\/site\/wp-content\/uploads\/2025\/03\/Banner_Saude_PortallavrasTV-170x25.png 170w, https:\/\/lavras.tv\/site\/wp-content\/uploads\/2025\/03\/Banner_Saude_PortallavrasTV-200x29.png 200w\" sizes=\"(max-width: 720px) 100vw, 720px\" width=\"720\" height=\"104\"   \/><\/a><\/li><li><div id=\"lavra-2734784783\" style=\"width:720px;height:104px;background-color:#ddd;overflow:scroll;\">\n\t<strong>Sa\u00edda da depura\u00e7\u00e3o de an\u00fancios<\/strong>\n\t<br><br>\n\tO an\u00fancio n\u00e3o \u00e9 exibido na p\u00e1gina<br><br>post atual: 10 novos radares come\u00e7am a operar nas estradas de MG, ID: 3520<br><br><span style=\"color: red;\">O post atual n\u00e3o \u00e9 id\u00eantico ao post principal.<\/span><br><br>An\u00fancios: ROXO - TOPO INTERNA - ROTATIVO 2 (197)<br \/>Grupo de an\u00fancios: Princ_Meio01_720x104 (27)<br><br>Condi\u00e7\u00f5es de exibi\u00e7\u00e3o<div style=\"margin-bottom: 20px; white-space: pre-wrap; font-family: monospace; width: 100%; background: #ffe9e9;\"><strong>condi\u00e7\u00f5es gerais<\/strong><table border=\"1\"><thead><tr><th><\/th><th>An\u00fancios<\/th><th>wp_the_query<\/th><\/tr><\/thead><tr><td>is_main_query<\/td><td>1<\/td><td>1<\/td><\/tr><tr><td>is_rest_api<\/td><td>0<\/td><td>1<\/td><\/tr><tr><td>page<\/td><td>0<\/td><td>1<\/td><\/tr><tr><td>numpages<\/td><td>0<\/td><td>1<\/td><\/tr><tr><td>is_archive<\/td><td>1<\/td><td><\/td><\/tr><tr><td>is_search<\/td><td>1<\/td><td><\/td><\/tr><tr><td>is_home<\/td><td>1<\/td><td><\/td><\/tr><tr><td>is_404<\/td><td>1<\/td><td><\/td><\/tr><tr><td>is_attachment<\/td><td>1<\/td><td><\/td><\/tr><tr><td>is_singular<\/td><td>1<\/td><td><\/td><\/tr><tr><td>is_front_page<\/td><td>1<\/td><td><\/td><\/tr><tr><td>is_feed<\/td><td>1<\/td><td><\/td><\/tr><\/table><\/div><br><br><span style=\"color: red;\">Seu site usa HTTPS, mas o c\u00f3digo do an\u00fancio cont\u00e9m HTTP e pode n\u00e3o funcionar.<\/span>\t<br><br>\n\t<a style=\"color: green;\" href=\"https:\/\/wpadvancedads.com\/manual\/ad-debug-mode\/?utm_source=advanced-ads&utm_medium=link&utm_campaign=ad-debug-mode\" target=\"_blank\" rel=\"nofollow\">Encontre solu\u00e7\u00f5es no manual<\/a>\n<\/div>\n<\/li><\/ul><\/div><script>( window.advanced_ads_ready || jQuery( document ).ready ).call( null, function() {var $lavraslider1641302451 = jQuery( \".lavra-slider-1641302451\" );$lavraslider1641302451.on( \"unslider.ready\", function() { jQuery( \"div.custom-slider ul li\" ).css( \"display\", \"block\" ); });$lavraslider1641302451.unslider({ delay:4000, autoplay:true, nav:false, arrows:false, infinite:true });$lavraslider1641302451.on(\"mouseover\", function() {$lavraslider1641302451.unslider(\"stop\");}).on(\"mouseout\", function() {$lavraslider1641302451.unslider(\"start\");});});<\/script><\/div><p>Nesta ter\u00e7a-feira (1\/11), o <a href=\"http:\/\/www.der.mg.gov.br\/\" target=\"_blank\">Departamento de Edifica\u00e7\u00f5es e Estradas de Rodagem de Minas Gerais (DEER\/MG)<\/a> colocou em opera\u00e7\u00e3o, em modo educativo e experimental, mais 10 radares para controle de velocidade nas rodovias mineiras.<br \/>\n<!--more--><br \/>\nOs equipamentos est\u00e3o localizados em Vespasiano (rodovia MG-010, quil\u00f4metros 19 \u2013 sentido Confins\/BH, antes do entroncamento com a MG-424; quil\u00f4metros 21,6 e 22,6 \u2013 sentido BH\/Confins, entre a MG-424 e o trevo de acesso a Vespasiano); em Tiradentes (MGC-383, quil\u00f4metro 89,7); Coronel Xavier Chaves (MGC-383, quil\u00f4metro 83); Tabuleiro (MG-133, quil\u00f4metro 14,9); Merc\u00eas (MG-448, quil\u00f4metro 0,1 e MGC-265, quil\u00f4metro 148) e Patos de Minas (MGC-354, quil\u00f4metros 176,2 e 176,3).<\/p>\n<p><img fetchpriority=\"high\" decoding=\"async\" class=\"size-full wp-image-3521 aligncenter\" src=\"http:\/\/lavras.tv\/site\/wp-content\/uploads\/2016\/11\/radar-1-e1478171390543.jpg\" alt=\"radar\" width=\"514\" height=\"350\" srcset=\"https:\/\/lavras.tv\/site\/wp-content\/uploads\/2016\/11\/radar-1-e1478171390543.jpg 514w, https:\/\/lavras.tv\/site\/wp-content\/uploads\/2016\/11\/radar-1-e1478171390543-150x102.jpg 150w, https:\/\/lavras.tv\/site\/wp-content\/uploads\/2016\/11\/radar-1-e1478171390543-300x204.jpg 300w\" sizes=\"(max-width: 514px) 100vw, 514px\" \/><\/p>\n<p>A partir da pr\u00f3xima ter\u00e7a-feira (8\/11),\u00a0estes radares passar\u00e3o a autuar os ve\u00edculos que excederem a velocidade m\u00e1xima permitida, de acordo com a sinaliza\u00e7\u00e3o instalada em cada segmento.<\/p>\n<p>At\u00e9 o momento, 56 equipamentos fixos j\u00e1 est\u00e3o realizando o controle eletr\u00f4nico de velocidade e coibindo o excesso. A expectativa \u00e9 que at\u00e9 dezembro deste ano sejam instalados um total de 393 equipamentos, conforme previsto no contrato atual.<\/p>\n<p>Os primeiros levantamentos apontam que o respeito aos limites de velocidade vem sendo mantido em diversos trechos onde foram instalados radares, o que contribui para a seguran\u00e7a de quem transita pelas rodovias.<\/p>\n<p>Durante o per\u00edodo educativo, no Territ\u00f3rio Tri\u00e2ngulo Norte, entre os dias 21 e 24 de outubro, os equipamentos que monitoram a LMG-749, a MGC-497, a MGC-452, em Uberl\u00e2ndia, e a MG-223, em Araguari, registraram a passagem de 173 mil ve\u00edculos e 933 com excesso de velocidade, o que representa 0,54% do total de ve\u00edculos. Na Regi\u00e3o Metropolitana de Belo Horizonte, dos 282 mil ve\u00edculos que passaram pelos radares da MG-030, 836 excederam a velocidade m\u00e1xima permitida na via, representando 0,30%, enquanto na MGC-262, do total de 133 mil ve\u00edculos que trafegaram na rodovia 610 ultrapassaram a velocidade m\u00e1xima permitida, representando 0,46%.<\/p>\n<p><strong>Aferi\u00e7\u00e3o dos equipamentos<\/strong><\/p>\n<p>Para entrarem em opera\u00e7\u00e3o, todos os equipamentos, ap\u00f3s instalados, passam por uma s\u00e9rie de verifica\u00e7\u00f5es t\u00e9cnicas e s\u00e3o aferidos pelo <a href=\"http:\/\/www.ipem.mg.gov.br\/\" target=\"_blank\">Ipem-MG (Instituto de Metrologia e Qualidade)<\/a>, \u00f3rg\u00e3o credenciado pelo Inmetro\u00a0no estado de Minas Gerais.<\/p>\n<p>Entre os testes realizados, destaca-se o ensaio em condi\u00e7\u00f5es reais de tr\u00e1fego, no qual um ve\u00edculo equipado com dispositivo de medi\u00e7\u00e3o precisa de velocidade (cronotac\u00f4metro) passa pelos sensores no m\u00ednimo 10 vezes, com velocidade superior a m\u00e1xima permitida na via. O registro do radar dever\u00e1 ser compat\u00edvel com o indicado pelo cronotac\u00f4metro do ve\u00edculo de verifica\u00e7\u00e3o.<\/p>\n<p>Os radares aprovados recebem um certificado de aferi\u00e7\u00e3o, v\u00e1lido por um ano. Em casos de manuten\u00e7\u00e3o corretiva e\/ou transfer\u00eancia de local, os equipamentos s\u00e3o novamente aferidos.<\/p>\n<p><img decoding=\"async\" src=\"http:\/\/www.agenciaminas.mg.gov.br\/ckeditor_assets\/pictures\/1937\/content_mapa-radar-004.jpg\" alt=\"\" \/><\/p>\n<p>&nbsp;<\/p>\n<p><img decoding=\"async\" src=\"http:\/\/www.agenciaminas.mg.gov.br\/ckeditor_assets\/pictures\/1938\/content_mapa-radar-tabela.jpg\" alt=\"\" \/><\/p>\n<p>Fonte: Ag\u00eancia Minas<\/p>\n","protected":false},"excerpt":{"rendered":"<p>Nesta ter\u00e7a-feira (1\/11), o Departamento de Edifica\u00e7\u00f5es e Estradas de Rodagem de Minas Gerais (DEER\/MG) colocou em opera\u00e7\u00e3o, em modo educativo e experimental, mais 10 radares para controle de velocidade nas rodovias mineiras.<\/p>\n","protected":false},"author":2,"featured_media":3521,"comment_status":"closed","ping_status":"open","sticky":false,"template":"","format":"standard","meta":{"advgb_blocks_editor_width":"","advgb_blocks_columns_visual_guide":"","_exactmetrics_skip_tracking":false,"_exactmetrics_sitenote_active":false,"_exactmetrics_sitenote_note":"","_exactmetrics_sitenote_category":0,"footnotes":""},"categories":[7,2],"tags":[1249,1025,1015,1000],"class_list":["post-3520","post","type-post","status-publish","format-standard","has-post-thumbnail","hentry","category-destaques","category-noticias","tag-der","tag-estradas","tag-mg","tag-radares"],"better_featured_image":{"id":3521,"alt_text":"","caption":"","description":"","media_type":"image","media_details":{"width":514,"height":350,"file":"2016\/11\/radar-1-e1478171390543.jpg","sizes":{"thumbnail":{"file":"radar-1-e1478171390543-150x102.jpg","width":150,"height":102,"mime-type":"image\/jpeg","source_url":"https:\/\/lavras.tv\/site\/wp-content\/uploads\/2016\/11\/radar-1-e1478171390543-150x102.jpg"},"medium":{"file":"radar-1-e1478171390543-300x204.jpg","width":300,"height":204,"mime-type":"image\/jpeg","source_url":"https:\/\/lavras.tv\/site\/wp-content\/uploads\/2016\/11\/radar-1-e1478171390543-300x204.jpg"},"featured-slider-img":{"file":"radar-1-640x350.jpg","width":640,"height":350,"mime-type":"image\/jpeg","source_url":"https:\/\/lavras.tv\/site\/wp-content\/uploads\/2016\/11\/radar-1-640x350.jpg"},"featured-post-img":{"file":"radar-1-e1478171390543-480x320.jpg","width":480,"height":320,"mime-type":"image\/jpeg","source_url":"https:\/\/lavras.tv\/site\/wp-content\/uploads\/2016\/11\/radar-1-e1478171390543-480x320.jpg"},"sow-carousel-default":{"file":"radar-1-e1478171390543-272x182.jpg","width":272,"height":182,"mime-type":"image\/jpeg","source_url":"https:\/\/lavras.tv\/site\/wp-content\/uploads\/2016\/11\/radar-1-e1478171390543-272x182.jpg"}},"image_meta":{"aperture":"0","credit":"","camera":"","caption":"","created_timestamp":"0","copyright":"MCL","focal_length":"0","iso":"0","shutter_speed":"0","title":"","orientation":"0","keywords":[]}},"post":3520,"source_url":"https:\/\/lavras.tv\/site\/wp-content\/uploads\/2016\/11\/radar-1-e1478171390543.jpg"},"author_meta":{"display_name":"Lavras TV","author_link":"https:\/\/lavras.tv\/site\/author\/lavrastv\/"},"featured_img":"https:\/\/lavras.tv\/site\/wp-content\/uploads\/2016\/11\/radar-1-e1478171390543-300x204.jpg","coauthors":[],"tax_additional":{"categories":{"linked":["<a href=\"https:\/\/lavras.tv\/site\/category\/destaques\/\" class=\"advgb-post-tax-term\">Destaques<\/a>","<a href=\"https:\/\/lavras.tv\/site\/category\/noticias\/\" class=\"advgb-post-tax-term\">Not\u00edcias<\/a>"],"unlinked":["<span class=\"advgb-post-tax-term\">Destaques<\/span>","<span class=\"advgb-post-tax-term\">Not\u00edcias<\/span>"]},"tags":{"linked":["<a href=\"https:\/\/lavras.tv\/site\/category\/noticias\/\" class=\"advgb-post-tax-term\">DER<\/a>","<a href=\"https:\/\/lavras.tv\/site\/category\/noticias\/\" class=\"advgb-post-tax-term\">estradas<\/a>","<a href=\"https:\/\/lavras.tv\/site\/category\/noticias\/\" class=\"advgb-post-tax-term\">mg<\/a>","<a href=\"https:\/\/lavras.tv\/site\/category\/noticias\/\" class=\"advgb-post-tax-term\">radares<\/a>"],"unlinked":["<span class=\"advgb-post-tax-term\">DER<\/span>","<span class=\"advgb-post-tax-term\">estradas<\/span>","<span class=\"advgb-post-tax-term\">mg<\/span>","<span class=\"advgb-post-tax-term\">radares<\/span>"]}},"comment_count":"0","relative_dates":{"created":"Publicado 9 anos atr\u00e1s","modified":"Atualizado 9 anos atr\u00e1s"},"absolute_dates":{"created":"Publicado em 3 de novembro de 2016","modified":"Atualizado em 3 de novembro de 2016"},"absolute_dates_time":{"created":"Publicado em 3 de novembro de 2016 09:10","modified":"Atualizado em 3 de novembro de 2016 09:12"},"featured_img_caption":"","series_order":"","_links":{"self":[{"href":"https:\/\/lavras.tv\/site\/wp-json\/wp\/v2\/posts\/3520","targetHints":{"allow":["GET"]}}],"collection":[{"href":"https:\/\/lavras.tv\/site\/wp-json\/wp\/v2\/posts"}],"about":[{"href":"https:\/\/lavras.tv\/site\/wp-json\/wp\/v2\/types\/post"}],"author":[{"embeddable":true,"href":"https:\/\/lavras.tv\/site\/wp-json\/wp\/v2\/users\/2"}],"replies":[{"embeddable":true,"href":"https:\/\/lavras.tv\/site\/wp-json\/wp\/v2\/comments?post=3520"}],"version-history":[{"count":2,"href":"https:\/\/lavras.tv\/site\/wp-json\/wp\/v2\/posts\/3520\/revisions"}],"predecessor-version":[{"id":3523,"href":"https:\/\/lavras.tv\/site\/wp-json\/wp\/v2\/posts\/3520\/revisions\/3523"}],"wp:featuredmedia":[{"embeddable":true,"href":"https:\/\/lavras.tv\/site\/wp-json\/wp\/v2\/media\/3521"}],"wp:attachment":[{"href":"https:\/\/lavras.tv\/site\/wp-json\/wp\/v2\/media?parent=3520"}],"wp:term":[{"taxonomy":"category","embeddable":true,"href":"https:\/\/lavras.tv\/site\/wp-json\/wp\/v2\/categories?post=3520"},{"taxonomy":"post_tag","embeddable":true,"href":"https:\/\/lavras.tv\/site\/wp-json\/wp\/v2\/tags?post=3520"}],"curies":[{"name":"wp","href":"https:\/\/api.w.org\/{rel}","templated":true}]}}