{"id":3532,"date":"2016-11-03T15:14:19","date_gmt":"2016-11-03T17:14:19","guid":{"rendered":"http:\/\/lavras.tv\/site\/?p=3532"},"modified":"2016-11-08T09:41:48","modified_gmt":"2016-11-08T11:41:48","slug":"informe-parlamentar-associacao-autista-participa-de-reuniao-com-a-deputada-damina-pereira","status":"publish","type":"post","link":"https:\/\/lavras.tv\/site\/2016\/11\/03\/informe-parlamentar-associacao-autista-participa-de-reuniao-com-a-deputada-damina-pereira\/","title":{"rendered":"[Informe Parlamentar] Associa\u00e7\u00e3o autista participa de reuni\u00e3o com a deputada D\u00e2mina Pereira"},"content":{"rendered":"<div class=\"lavra-antes-do-conteudo_2\" id=\"lavra-3849999627\"><div id=\"lavra-slider-27\" class=\"custom-slider lavra-slider-3216503196 lavra-slider\"><ul><li><div style=\"margin-left: auto;margin-right: auto;text-align: center;\" id=\"lavra-71901722\"><a href=\"https:\/\/sistemas.lavras.mg.gov.br\/portalcidadao\/#df1b1a7c7b2a290bcb31e32771e610784662739a88807c0dacac58ede5f391a7530e299dc302d611ee73cb143fc22eaf93592e53e7b5bdb01b00a0b8d28dae460c141dd2ff83412e4dc1c31b16b25f33144a9e5620ea73b13f5bc1c59411d98439ad226e8af03840603796067d87afe130812cf3de24982d0e306f9e61e764e5\" aria-label=\"Lavras-TV&#8211;720x104px (1) (1)\"><img src=\"https:\/\/lavras.tv\/site\/wp-content\/uploads\/2025\/01\/Lavras-TV-720x104px-1-1.png\" alt=\"\"  srcset=\"https:\/\/lavras.tv\/site\/wp-content\/uploads\/2025\/01\/Lavras-TV-720x104px-1-1.png 720w, https:\/\/lavras.tv\/site\/wp-content\/uploads\/2025\/01\/Lavras-TV-720x104px-1-1-470x68.png 470w, https:\/\/lavras.tv\/site\/wp-content\/uploads\/2025\/01\/Lavras-TV-720x104px-1-1-170x25.png 170w, https:\/\/lavras.tv\/site\/wp-content\/uploads\/2025\/01\/Lavras-TV-720x104px-1-1-200x29.png 200w\" sizes=\"(max-width: 720px) 100vw, 720px\" width=\"720\" height=\"104\"  style=\"display: inline-block;\" \/><\/a><\/div><\/li><li><a href=\"https:\/\/sistemas.lavras.mg.gov.br\/portalcidadao\/#df1b1a7c7b2a290bcb31e32771e610784662739a88807c0dacac58ede5f391a7530e299dc302d611ee73cb143fc22eaf93592e53e7b5bdb01b00a0b8d28dae460c141dd2ff83412e4dc1c31b16b25f33144a9e5620ea73b13f5bc1c59411d98439ad226e8af03840603796067d87afe130812cf3de24982d0e306f9e61e764e5\" aria-label=\"Banner_Emprego_PortallavrasTV\"><img src=\"https:\/\/lavras.tv\/site\/wp-content\/uploads\/2025\/03\/Banner_Emprego_PortallavrasTV.png\" alt=\"\"  srcset=\"https:\/\/lavras.tv\/site\/wp-content\/uploads\/2025\/03\/Banner_Emprego_PortallavrasTV.png 720w, https:\/\/lavras.tv\/site\/wp-content\/uploads\/2025\/03\/Banner_Emprego_PortallavrasTV-470x68.png 470w, https:\/\/lavras.tv\/site\/wp-content\/uploads\/2025\/03\/Banner_Emprego_PortallavrasTV-170x25.png 170w, https:\/\/lavras.tv\/site\/wp-content\/uploads\/2025\/03\/Banner_Emprego_PortallavrasTV-200x29.png 200w\" sizes=\"(max-width: 720px) 100vw, 720px\" width=\"720\" height=\"104\"   \/><\/a><\/li><li><a href=\"https:\/\/sistemas.lavras.mg.gov.br\/portalcidadao\/#df1b1a7c7b2a290bcb31e32771e610784662739a88807c0dacac58ede5f391a7530e299dc302d611ee73cb143fc22eaf93592e53e7b5bdb01b00a0b8d28dae460c141dd2ff83412e4dc1c31b16b25f33144a9e5620ea73b13f5bc1c59411d98439ad226e8af03840603796067d87afe130812cf3de24982d0e306f9e61e764e5\" aria-label=\"Banner_Obras_PortallavrasTV\"><img src=\"https:\/\/lavras.tv\/site\/wp-content\/uploads\/2025\/03\/Banner_Obras_PortallavrasTV.png\" alt=\"\"  srcset=\"https:\/\/lavras.tv\/site\/wp-content\/uploads\/2025\/03\/Banner_Obras_PortallavrasTV.png 720w, https:\/\/lavras.tv\/site\/wp-content\/uploads\/2025\/03\/Banner_Obras_PortallavrasTV-470x68.png 470w, https:\/\/lavras.tv\/site\/wp-content\/uploads\/2025\/03\/Banner_Obras_PortallavrasTV-170x25.png 170w, https:\/\/lavras.tv\/site\/wp-content\/uploads\/2025\/03\/Banner_Obras_PortallavrasTV-200x29.png 200w\" sizes=\"(max-width: 720px) 100vw, 720px\" width=\"720\" height=\"104\"   \/><\/a><\/li><li><div style=\"margin-left: auto;margin-right: auto;text-align: center;\" id=\"lavra-2126464959\"><a href=\"https:\/\/sistemas.lavras.mg.gov.br\/portalcidadao\/#df1b1a7c7b2a290bcb31e32771e610784662739a88807c0dacac58ede5f391a7530e299dc302d611ee73cb143fc22eaf93592e53e7b5bdb01b00a0b8d28dae460c141dd2ff83412e4dc1c31b16b25f33144a9e5620ea73b13f5bc1c59411d98439ad226e8af03840603796067d87afe130812cf3de24982d0e306f9e61e764e5\" aria-label=\"Banner_Educa\u00e7\u00e3o_PortallavrasTV\"><img src=\"https:\/\/lavras.tv\/site\/wp-content\/uploads\/2025\/01\/Banner_Educacao_PortallavrasTV.png\" alt=\"\"  srcset=\"https:\/\/lavras.tv\/site\/wp-content\/uploads\/2025\/01\/Banner_Educacao_PortallavrasTV.png 720w, https:\/\/lavras.tv\/site\/wp-content\/uploads\/2025\/01\/Banner_Educacao_PortallavrasTV-470x68.png 470w, https:\/\/lavras.tv\/site\/wp-content\/uploads\/2025\/01\/Banner_Educacao_PortallavrasTV-170x25.png 170w, https:\/\/lavras.tv\/site\/wp-content\/uploads\/2025\/01\/Banner_Educacao_PortallavrasTV-200x29.png 200w\" sizes=\"(max-width: 720px) 100vw, 720px\" width=\"720\" height=\"104\"  style=\"display: inline-block;\" \/><\/a><\/div><\/li><li><a href=\"https:\/\/sistemas.lavras.mg.gov.br\/portalcidadao\/#df1b1a7c7b2a290bcb31e32771e610784662739a88807c0dacac58ede5f391a7530e299dc302d611ee73cb143fc22eaf93592e53e7b5bdb01b00a0b8d28dae460c141dd2ff83412e4dc1c31b16b25f33144a9e5620ea73b13f5bc1c59411d98439ad226e8af03840603796067d87afe130812cf3de24982d0e306f9e61e764e5\" aria-label=\"Banner_Sa\u00fade_PortallavrasTV\"><img src=\"https:\/\/lavras.tv\/site\/wp-content\/uploads\/2025\/03\/Banner_Saude_PortallavrasTV.png\" alt=\"\"  srcset=\"https:\/\/lavras.tv\/site\/wp-content\/uploads\/2025\/03\/Banner_Saude_PortallavrasTV.png 720w, https:\/\/lavras.tv\/site\/wp-content\/uploads\/2025\/03\/Banner_Saude_PortallavrasTV-470x68.png 470w, https:\/\/lavras.tv\/site\/wp-content\/uploads\/2025\/03\/Banner_Saude_PortallavrasTV-170x25.png 170w, https:\/\/lavras.tv\/site\/wp-content\/uploads\/2025\/03\/Banner_Saude_PortallavrasTV-200x29.png 200w\" sizes=\"(max-width: 720px) 100vw, 720px\" width=\"720\" height=\"104\"   \/><\/a><\/li><li><div id=\"lavra-2115636661\" style=\"width:720px;height:104px;background-color:#ddd;overflow:scroll;\">\n\t<strong>Sa\u00edda da depura\u00e7\u00e3o de an\u00fancios<\/strong>\n\t<br><br>\n\tO an\u00fancio n\u00e3o \u00e9 exibido na p\u00e1gina<br><br>post atual: [Informe Parlamentar] Associa\u00e7\u00e3o autista participa de reuni\u00e3o com a deputada D\u00e2mina Pereira, ID: 3532<br><br><span style=\"color: red;\">O post atual n\u00e3o \u00e9 id\u00eantico ao post principal.<\/span><br><br>An\u00fancios: ROXO - TOPO INTERNA - ROTATIVO 2 (197)<br \/>Grupo de an\u00fancios: Princ_Meio01_720x104 (27)<br><br>Condi\u00e7\u00f5es de exibi\u00e7\u00e3o<div style=\"margin-bottom: 20px; white-space: pre-wrap; font-family: monospace; width: 100%; background: #ffe9e9;\"><strong>condi\u00e7\u00f5es gerais<\/strong><table border=\"1\"><thead><tr><th><\/th><th>An\u00fancios<\/th><th>wp_the_query<\/th><\/tr><\/thead><tr><td>is_main_query<\/td><td>1<\/td><td>1<\/td><\/tr><tr><td>is_rest_api<\/td><td>0<\/td><td>1<\/td><\/tr><tr><td>page<\/td><td>0<\/td><td>1<\/td><\/tr><tr><td>numpages<\/td><td>0<\/td><td>1<\/td><\/tr><tr><td>is_archive<\/td><td>1<\/td><td><\/td><\/tr><tr><td>is_search<\/td><td>1<\/td><td><\/td><\/tr><tr><td>is_home<\/td><td>1<\/td><td><\/td><\/tr><tr><td>is_404<\/td><td>1<\/td><td><\/td><\/tr><tr><td>is_attachment<\/td><td>1<\/td><td><\/td><\/tr><tr><td>is_singular<\/td><td>1<\/td><td><\/td><\/tr><tr><td>is_front_page<\/td><td>1<\/td><td><\/td><\/tr><tr><td>is_feed<\/td><td>1<\/td><td><\/td><\/tr><\/table><\/div><br><br><span style=\"color: red;\">Seu site usa HTTPS, mas o c\u00f3digo do an\u00fancio cont\u00e9m HTTP e pode n\u00e3o funcionar.<\/span>\t<br><br>\n\t<a style=\"color: green;\" href=\"https:\/\/wpadvancedads.com\/manual\/ad-debug-mode\/?utm_source=advanced-ads&utm_medium=link&utm_campaign=ad-debug-mode\" target=\"_blank\" rel=\"nofollow\">Encontre solu\u00e7\u00f5es no manual<\/a>\n<\/div>\n<\/li><\/ul><\/div><script>( window.advanced_ads_ready || jQuery( document ).ready ).call( null, function() {var $lavraslider3216503196 = jQuery( \".lavra-slider-3216503196\" );$lavraslider3216503196.on( \"unslider.ready\", function() { jQuery( \"div.custom-slider ul li\" ).css( \"display\", \"block\" ); });$lavraslider3216503196.unslider({ delay:4000, autoplay:true, nav:false, arrows:false, infinite:true });$lavraslider3216503196.on(\"mouseover\", function() {$lavraslider3216503196.unslider(\"stop\");}).on(\"mouseout\", function() {$lavraslider3216503196.unslider(\"start\");});});<\/script><\/div><p>A Associa\u00e7\u00e3o Contato, que trata da pessoa autista esteve reunida com a deputada federal D\u00e2mina Pereira PSL\/MG em Lavras, para tra\u00e7ar diretrizes que possam trazer melhorias para quem depende da ONG. <!--more-->A entidade n\u00e3o governamental, cuida das necessidades familiares, m\u00e9dicas, educacionais, sociais e econ\u00f4micas, das crian\u00e7as com autismo, em Lavras e regi\u00e3o.<\/p>\n<p>No encontro a parlamentar conheceu as m\u00e3es integrantes da associa\u00e7\u00e3o e conversou sobre os obst\u00e1culos encontrados por elas no dia a dia. \u201cAproveitei a conversa para direcion\u00e1-las em rela\u00e7\u00e3o a demandas que v\u00e3o possibilitar \u00e0s crian\u00e7as com autismo um tratamento m\u00e9dico adequando e profissionais treinados nas escolas, para que o aprendizado seja efetivo\u201d, explicou.<\/p>\n<p>Na oportunidade D\u00e2mina distribuiu a \u2018Cartilha do Autista\u2019, publica\u00e7\u00e3o feita pela a deputada para ser distribu\u00edda a quem trabalha com esse p\u00fablico.<\/p>\n<p><img fetchpriority=\"high\" decoding=\"async\" class=\"alignnone size-full wp-image-3533\" src=\"http:\/\/lavras.tv\/site\/wp-content\/uploads\/2016\/11\/14859901_1799879063560499_5965806744981740543_o-1.jpg\" alt=\"14859901_1799879063560499_5965806744981740543_o-1\" width=\"2048\" height=\"1236\" srcset=\"https:\/\/lavras.tv\/site\/wp-content\/uploads\/2016\/11\/14859901_1799879063560499_5965806744981740543_o-1.jpg 2048w, https:\/\/lavras.tv\/site\/wp-content\/uploads\/2016\/11\/14859901_1799879063560499_5965806744981740543_o-1-150x91.jpg 150w, https:\/\/lavras.tv\/site\/wp-content\/uploads\/2016\/11\/14859901_1799879063560499_5965806744981740543_o-1-300x181.jpg 300w, https:\/\/lavras.tv\/site\/wp-content\/uploads\/2016\/11\/14859901_1799879063560499_5965806744981740543_o-1-1024x618.jpg 1024w\" sizes=\"(max-width: 2048px) 100vw, 2048px\" \/> \u00a0<img decoding=\"async\" class=\"alignnone size-full wp-image-3535\" src=\"http:\/\/lavras.tv\/site\/wp-content\/uploads\/2016\/11\/14876687_1799879396893799_8278200897727043186_o.jpg\" alt=\"14876687_1799879396893799_8278200897727043186_o\" width=\"2048\" height=\"1236\" srcset=\"https:\/\/lavras.tv\/site\/wp-content\/uploads\/2016\/11\/14876687_1799879396893799_8278200897727043186_o.jpg 2048w, https:\/\/lavras.tv\/site\/wp-content\/uploads\/2016\/11\/14876687_1799879396893799_8278200897727043186_o-150x91.jpg 150w, https:\/\/lavras.tv\/site\/wp-content\/uploads\/2016\/11\/14876687_1799879396893799_8278200897727043186_o-300x181.jpg 300w, https:\/\/lavras.tv\/site\/wp-content\/uploads\/2016\/11\/14876687_1799879396893799_8278200897727043186_o-1024x618.jpg 1024w\" sizes=\"(max-width: 2048px) 100vw, 2048px\" \/> <img decoding=\"async\" class=\"alignnone size-full wp-image-3536\" src=\"http:\/\/lavras.tv\/site\/wp-content\/uploads\/2016\/11\/14902923_1799878846893854_8732638790968571333_o-1.jpg\" alt=\"14902923_1799878846893854_8732638790968571333_o-1\" width=\"2048\" height=\"1236\" srcset=\"https:\/\/lavras.tv\/site\/wp-content\/uploads\/2016\/11\/14902923_1799878846893854_8732638790968571333_o-1.jpg 2048w, https:\/\/lavras.tv\/site\/wp-content\/uploads\/2016\/11\/14902923_1799878846893854_8732638790968571333_o-1-150x91.jpg 150w, https:\/\/lavras.tv\/site\/wp-content\/uploads\/2016\/11\/14902923_1799878846893854_8732638790968571333_o-1-300x181.jpg 300w, https:\/\/lavras.tv\/site\/wp-content\/uploads\/2016\/11\/14902923_1799878846893854_8732638790968571333_o-1-1024x618.jpg 1024w\" sizes=\"(max-width: 2048px) 100vw, 2048px\" \/> \u00a0<img loading=\"lazy\" decoding=\"async\" class=\"alignnone size-full wp-image-3538\" src=\"http:\/\/lavras.tv\/site\/wp-content\/uploads\/2016\/11\/14917049_1799879390227133_6895597028101695546_o-1.jpg\" alt=\"14917049_1799879390227133_6895597028101695546_o-1\" width=\"2048\" height=\"1236\" srcset=\"https:\/\/lavras.tv\/site\/wp-content\/uploads\/2016\/11\/14917049_1799879390227133_6895597028101695546_o-1.jpg 2048w, https:\/\/lavras.tv\/site\/wp-content\/uploads\/2016\/11\/14917049_1799879390227133_6895597028101695546_o-1-150x91.jpg 150w, https:\/\/lavras.tv\/site\/wp-content\/uploads\/2016\/11\/14917049_1799879390227133_6895597028101695546_o-1-300x181.jpg 300w, https:\/\/lavras.tv\/site\/wp-content\/uploads\/2016\/11\/14917049_1799879390227133_6895597028101695546_o-1-1024x618.jpg 1024w\" sizes=\"(max-width: 2048px) 100vw, 2048px\" \/> \u00a0<img loading=\"lazy\" decoding=\"async\" class=\"alignnone size-full wp-image-3540\" src=\"http:\/\/lavras.tv\/site\/wp-content\/uploads\/2016\/11\/14918926_1799878700227202_5643151414619364189_o-1-1.jpg\" alt=\"14918926_1799878700227202_5643151414619364189_o-1-1\" width=\"2048\" height=\"1236\" srcset=\"https:\/\/lavras.tv\/site\/wp-content\/uploads\/2016\/11\/14918926_1799878700227202_5643151414619364189_o-1-1.jpg 2048w, https:\/\/lavras.tv\/site\/wp-content\/uploads\/2016\/11\/14918926_1799878700227202_5643151414619364189_o-1-1-150x91.jpg 150w, https:\/\/lavras.tv\/site\/wp-content\/uploads\/2016\/11\/14918926_1799878700227202_5643151414619364189_o-1-1-300x181.jpg 300w, https:\/\/lavras.tv\/site\/wp-content\/uploads\/2016\/11\/14918926_1799878700227202_5643151414619364189_o-1-1-1024x618.jpg 1024w\" sizes=\"(max-width: 2048px) 100vw, 2048px\" \/><\/p>\n<p>Fonte: gabinete da deputada federal D\u00e2mina Pereira<\/p>\n","protected":false},"excerpt":{"rendered":"<p>A Associa\u00e7\u00e3o Contato, que trata da pessoa autista esteve reunida com a deputada federal D\u00e2mina Pereira PSL\/MG em Lavras, para tra\u00e7ar diretrizes que possam trazer melhorias para quem depende da ONG.<\/p>\n","protected":false},"author":2,"featured_media":3534,"comment_status":"closed","ping_status":"open","sticky":false,"template":"","format":"standard","meta":{"advgb_blocks_editor_width":"","advgb_blocks_columns_visual_guide":"","_exactmetrics_skip_tracking":false,"_exactmetrics_sitenote_active":false,"_exactmetrics_sitenote_note":"","_exactmetrics_sitenote_category":0,"footnotes":""},"categories":[7,12],"tags":[1256,1257,671],"class_list":["post-3532","post","type-post","status-publish","format-standard","has-post-thumbnail","hentry","category-destaques","category-politica","tag-associacao-contato","tag-autismo","tag-damina-pereira"],"better_featured_image":{"id":3534,"alt_text":"","caption":"","description":"","media_type":"image","media_details":{"width":2048,"height":1236,"file":"2016\/11\/14859901_1799879063560499_5965806744981740543_o.jpg","sizes":{"thumbnail":{"file":"14859901_1799879063560499_5965806744981740543_o-150x91.jpg","width":150,"height":91,"mime-type":"image\/jpeg","source_url":"https:\/\/lavras.tv\/site\/wp-content\/uploads\/2016\/11\/14859901_1799879063560499_5965806744981740543_o-150x91.jpg"},"medium":{"file":"14859901_1799879063560499_5965806744981740543_o-300x181.jpg","width":300,"height":181,"mime-type":"image\/jpeg","source_url":"https:\/\/lavras.tv\/site\/wp-content\/uploads\/2016\/11\/14859901_1799879063560499_5965806744981740543_o-300x181.jpg"},"large":{"file":"14859901_1799879063560499_5965806744981740543_o-1024x618.jpg","width":1024,"height":618,"mime-type":"image\/jpeg","source_url":"https:\/\/lavras.tv\/site\/wp-content\/uploads\/2016\/11\/14859901_1799879063560499_5965806744981740543_o-1024x618.jpg"},"featured-slider-img":{"file":"14859901_1799879063560499_5965806744981740543_o-640x480.jpg","width":640,"height":480,"mime-type":"image\/jpeg","source_url":"https:\/\/lavras.tv\/site\/wp-content\/uploads\/2016\/11\/14859901_1799879063560499_5965806744981740543_o-640x480.jpg"},"featured-post-img":{"file":"14859901_1799879063560499_5965806744981740543_o-480x320.jpg","width":480,"height":320,"mime-type":"image\/jpeg","source_url":"https:\/\/lavras.tv\/site\/wp-content\/uploads\/2016\/11\/14859901_1799879063560499_5965806744981740543_o-480x320.jpg"},"sow-carousel-default":{"file":"14859901_1799879063560499_5965806744981740543_o-272x182.jpg","width":272,"height":182,"mime-type":"image\/jpeg","source_url":"https:\/\/lavras.tv\/site\/wp-content\/uploads\/2016\/11\/14859901_1799879063560499_5965806744981740543_o-272x182.jpg"}},"image_meta":{"aperture":"0","credit":"","camera":"","caption":"","created_timestamp":"0","copyright":"","focal_length":"0","iso":"0","shutter_speed":"0","title":"","orientation":"0","keywords":[]}},"post":3532,"source_url":"https:\/\/lavras.tv\/site\/wp-content\/uploads\/2016\/11\/14859901_1799879063560499_5965806744981740543_o.jpg"},"author_meta":{"display_name":"Lavras TV","author_link":"https:\/\/lavras.tv\/site\/author\/lavrastv\/"},"featured_img":"https:\/\/lavras.tv\/site\/wp-content\/uploads\/2016\/11\/14859901_1799879063560499_5965806744981740543_o-300x181.jpg","coauthors":[],"tax_additional":{"categories":{"linked":["<a href=\"https:\/\/lavras.tv\/site\/category\/destaques\/\" class=\"advgb-post-tax-term\">Destaques<\/a>","<a href=\"https:\/\/lavras.tv\/site\/category\/politica\/\" class=\"advgb-post-tax-term\">Pol\u00edtica<\/a>"],"unlinked":["<span class=\"advgb-post-tax-term\">Destaques<\/span>","<span class=\"advgb-post-tax-term\">Pol\u00edtica<\/span>"]},"tags":{"linked":["<a href=\"https:\/\/lavras.tv\/site\/category\/politica\/\" class=\"advgb-post-tax-term\">associa\u00e7\u00e3o contato<\/a>","<a href=\"https:\/\/lavras.tv\/site\/category\/politica\/\" class=\"advgb-post-tax-term\">autismo<\/a>","<a href=\"https:\/\/lavras.tv\/site\/category\/politica\/\" class=\"advgb-post-tax-term\">D\u00e2mina Pereira<\/a>"],"unlinked":["<span class=\"advgb-post-tax-term\">associa\u00e7\u00e3o contato<\/span>","<span class=\"advgb-post-tax-term\">autismo<\/span>","<span class=\"advgb-post-tax-term\">D\u00e2mina Pereira<\/span>"]}},"comment_count":"0","relative_dates":{"created":"Publicado 9 anos atr\u00e1s","modified":"Atualizado 9 anos atr\u00e1s"},"absolute_dates":{"created":"Publicado em 3 de novembro de 2016","modified":"Atualizado em 8 de novembro de 2016"},"absolute_dates_time":{"created":"Publicado em 3 de novembro de 2016 15:14","modified":"Atualizado em 8 de novembro de 2016 09:41"},"featured_img_caption":"","series_order":"","_links":{"self":[{"href":"https:\/\/lavras.tv\/site\/wp-json\/wp\/v2\/posts\/3532","targetHints":{"allow":["GET"]}}],"collection":[{"href":"https:\/\/lavras.tv\/site\/wp-json\/wp\/v2\/posts"}],"about":[{"href":"https:\/\/lavras.tv\/site\/wp-json\/wp\/v2\/types\/post"}],"author":[{"embeddable":true,"href":"https:\/\/lavras.tv\/site\/wp-json\/wp\/v2\/users\/2"}],"replies":[{"embeddable":true,"href":"https:\/\/lavras.tv\/site\/wp-json\/wp\/v2\/comments?post=3532"}],"version-history":[{"count":2,"href":"https:\/\/lavras.tv\/site\/wp-json\/wp\/v2\/posts\/3532\/revisions"}],"predecessor-version":[{"id":3668,"href":"https:\/\/lavras.tv\/site\/wp-json\/wp\/v2\/posts\/3532\/revisions\/3668"}],"wp:featuredmedia":[{"embeddable":true,"href":"https:\/\/lavras.tv\/site\/wp-json\/wp\/v2\/media\/3534"}],"wp:attachment":[{"href":"https:\/\/lavras.tv\/site\/wp-json\/wp\/v2\/media?parent=3532"}],"wp:term":[{"taxonomy":"category","embeddable":true,"href":"https:\/\/lavras.tv\/site\/wp-json\/wp\/v2\/categories?post=3532"},{"taxonomy":"post_tag","embeddable":true,"href":"https:\/\/lavras.tv\/site\/wp-json\/wp\/v2\/tags?post=3532"}],"curies":[{"name":"wp","href":"https:\/\/api.w.org\/{rel}","templated":true}]}}