{"id":3576,"date":"2016-11-04T09:04:43","date_gmt":"2016-11-04T11:04:43","guid":{"rendered":"http:\/\/lavras.tv\/site\/?p=3576"},"modified":"2016-11-04T09:04:43","modified_gmt":"2016-11-04T11:04:43","slug":"municipios-ja-podem-se-candidatar-para-sediar-etapas-dos-jogos-de-minas-gerais-e-jemg-2017","status":"publish","type":"post","link":"https:\/\/lavras.tv\/site\/2016\/11\/04\/municipios-ja-podem-se-candidatar-para-sediar-etapas-dos-jogos-de-minas-gerais-e-jemg-2017\/","title":{"rendered":"Munic\u00edpios j\u00e1 podem se candidatar para sediar etapas dos Jogos de Minas Gerais e JEMG 2017"},"content":{"rendered":"<div class=\"lavra-antes-do-conteudo_2\" id=\"lavra-2352808435\"><div id=\"lavra-slider-27\" class=\"custom-slider lavra-slider-1796402694 lavra-slider\"><ul><li><div style=\"margin-left: auto;margin-right: auto;text-align: center;\" id=\"lavra-1836183416\"><a href=\"https:\/\/sistemas.lavras.mg.gov.br\/portalcidadao\/#df1b1a7c7b2a290bcb31e32771e610784662739a88807c0dacac58ede5f391a7530e299dc302d611ee73cb143fc22eaf93592e53e7b5bdb01b00a0b8d28dae460c141dd2ff83412e4dc1c31b16b25f33144a9e5620ea73b13f5bc1c59411d98439ad226e8af03840603796067d87afe130812cf3de24982d0e306f9e61e764e5\" aria-label=\"Lavras-TV&#8211;720x104px (1) (1)\"><img src=\"https:\/\/lavras.tv\/site\/wp-content\/uploads\/2025\/01\/Lavras-TV-720x104px-1-1.png\" alt=\"\"  srcset=\"https:\/\/lavras.tv\/site\/wp-content\/uploads\/2025\/01\/Lavras-TV-720x104px-1-1.png 720w, https:\/\/lavras.tv\/site\/wp-content\/uploads\/2025\/01\/Lavras-TV-720x104px-1-1-470x68.png 470w, https:\/\/lavras.tv\/site\/wp-content\/uploads\/2025\/01\/Lavras-TV-720x104px-1-1-170x25.png 170w, https:\/\/lavras.tv\/site\/wp-content\/uploads\/2025\/01\/Lavras-TV-720x104px-1-1-200x29.png 200w\" sizes=\"(max-width: 720px) 100vw, 720px\" width=\"720\" height=\"104\"  style=\"display: inline-block;\" \/><\/a><\/div><\/li><li><a href=\"https:\/\/sistemas.lavras.mg.gov.br\/portalcidadao\/#df1b1a7c7b2a290bcb31e32771e610784662739a88807c0dacac58ede5f391a7530e299dc302d611ee73cb143fc22eaf93592e53e7b5bdb01b00a0b8d28dae460c141dd2ff83412e4dc1c31b16b25f33144a9e5620ea73b13f5bc1c59411d98439ad226e8af03840603796067d87afe130812cf3de24982d0e306f9e61e764e5\" aria-label=\"Banner_Emprego_PortallavrasTV\"><img src=\"https:\/\/lavras.tv\/site\/wp-content\/uploads\/2025\/03\/Banner_Emprego_PortallavrasTV.png\" alt=\"\"  srcset=\"https:\/\/lavras.tv\/site\/wp-content\/uploads\/2025\/03\/Banner_Emprego_PortallavrasTV.png 720w, https:\/\/lavras.tv\/site\/wp-content\/uploads\/2025\/03\/Banner_Emprego_PortallavrasTV-470x68.png 470w, https:\/\/lavras.tv\/site\/wp-content\/uploads\/2025\/03\/Banner_Emprego_PortallavrasTV-170x25.png 170w, https:\/\/lavras.tv\/site\/wp-content\/uploads\/2025\/03\/Banner_Emprego_PortallavrasTV-200x29.png 200w\" sizes=\"(max-width: 720px) 100vw, 720px\" width=\"720\" height=\"104\"   \/><\/a><\/li><li><a href=\"https:\/\/sistemas.lavras.mg.gov.br\/portalcidadao\/#df1b1a7c7b2a290bcb31e32771e610784662739a88807c0dacac58ede5f391a7530e299dc302d611ee73cb143fc22eaf93592e53e7b5bdb01b00a0b8d28dae460c141dd2ff83412e4dc1c31b16b25f33144a9e5620ea73b13f5bc1c59411d98439ad226e8af03840603796067d87afe130812cf3de24982d0e306f9e61e764e5\" aria-label=\"Banner_Obras_PortallavrasTV\"><img src=\"https:\/\/lavras.tv\/site\/wp-content\/uploads\/2025\/03\/Banner_Obras_PortallavrasTV.png\" alt=\"\"  srcset=\"https:\/\/lavras.tv\/site\/wp-content\/uploads\/2025\/03\/Banner_Obras_PortallavrasTV.png 720w, https:\/\/lavras.tv\/site\/wp-content\/uploads\/2025\/03\/Banner_Obras_PortallavrasTV-470x68.png 470w, https:\/\/lavras.tv\/site\/wp-content\/uploads\/2025\/03\/Banner_Obras_PortallavrasTV-170x25.png 170w, https:\/\/lavras.tv\/site\/wp-content\/uploads\/2025\/03\/Banner_Obras_PortallavrasTV-200x29.png 200w\" sizes=\"(max-width: 720px) 100vw, 720px\" width=\"720\" height=\"104\"   \/><\/a><\/li><li><div style=\"margin-left: auto;margin-right: auto;text-align: center;\" id=\"lavra-4005986961\"><a href=\"https:\/\/sistemas.lavras.mg.gov.br\/portalcidadao\/#df1b1a7c7b2a290bcb31e32771e610784662739a88807c0dacac58ede5f391a7530e299dc302d611ee73cb143fc22eaf93592e53e7b5bdb01b00a0b8d28dae460c141dd2ff83412e4dc1c31b16b25f33144a9e5620ea73b13f5bc1c59411d98439ad226e8af03840603796067d87afe130812cf3de24982d0e306f9e61e764e5\" aria-label=\"Banner_Educa\u00e7\u00e3o_PortallavrasTV\"><img src=\"https:\/\/lavras.tv\/site\/wp-content\/uploads\/2025\/01\/Banner_Educacao_PortallavrasTV.png\" alt=\"\"  srcset=\"https:\/\/lavras.tv\/site\/wp-content\/uploads\/2025\/01\/Banner_Educacao_PortallavrasTV.png 720w, https:\/\/lavras.tv\/site\/wp-content\/uploads\/2025\/01\/Banner_Educacao_PortallavrasTV-470x68.png 470w, https:\/\/lavras.tv\/site\/wp-content\/uploads\/2025\/01\/Banner_Educacao_PortallavrasTV-170x25.png 170w, https:\/\/lavras.tv\/site\/wp-content\/uploads\/2025\/01\/Banner_Educacao_PortallavrasTV-200x29.png 200w\" sizes=\"(max-width: 720px) 100vw, 720px\" width=\"720\" height=\"104\"  style=\"display: inline-block;\" \/><\/a><\/div><\/li><li><a href=\"https:\/\/sistemas.lavras.mg.gov.br\/portalcidadao\/#df1b1a7c7b2a290bcb31e32771e610784662739a88807c0dacac58ede5f391a7530e299dc302d611ee73cb143fc22eaf93592e53e7b5bdb01b00a0b8d28dae460c141dd2ff83412e4dc1c31b16b25f33144a9e5620ea73b13f5bc1c59411d98439ad226e8af03840603796067d87afe130812cf3de24982d0e306f9e61e764e5\" aria-label=\"Banner_Sa\u00fade_PortallavrasTV\"><img src=\"https:\/\/lavras.tv\/site\/wp-content\/uploads\/2025\/03\/Banner_Saude_PortallavrasTV.png\" alt=\"\"  srcset=\"https:\/\/lavras.tv\/site\/wp-content\/uploads\/2025\/03\/Banner_Saude_PortallavrasTV.png 720w, https:\/\/lavras.tv\/site\/wp-content\/uploads\/2025\/03\/Banner_Saude_PortallavrasTV-470x68.png 470w, https:\/\/lavras.tv\/site\/wp-content\/uploads\/2025\/03\/Banner_Saude_PortallavrasTV-170x25.png 170w, https:\/\/lavras.tv\/site\/wp-content\/uploads\/2025\/03\/Banner_Saude_PortallavrasTV-200x29.png 200w\" sizes=\"(max-width: 720px) 100vw, 720px\" width=\"720\" height=\"104\"   \/><\/a><\/li><li><div id=\"lavra-1711390286\" style=\"width:720px;height:104px;background-color:#ddd;overflow:scroll;\">\n\t<strong>Sa\u00edda da depura\u00e7\u00e3o de an\u00fancios<\/strong>\n\t<br><br>\n\tO an\u00fancio n\u00e3o \u00e9 exibido na p\u00e1gina<br><br>post atual: Munic\u00edpios j\u00e1 podem se candidatar para sediar etapas dos Jogos de Minas Gerais e JEMG 2017, ID: 3576<br><br><span style=\"color: red;\">O post atual n\u00e3o \u00e9 id\u00eantico ao post principal.<\/span><br><br>An\u00fancios: ROXO - TOPO INTERNA - ROTATIVO 2 (197)<br \/>Grupo de an\u00fancios: Princ_Meio01_720x104 (27)<br><br>Condi\u00e7\u00f5es de exibi\u00e7\u00e3o<div style=\"margin-bottom: 20px; white-space: pre-wrap; font-family: monospace; width: 100%; background: #ffe9e9;\"><strong>condi\u00e7\u00f5es gerais<\/strong><table border=\"1\"><thead><tr><th><\/th><th>An\u00fancios<\/th><th>wp_the_query<\/th><\/tr><\/thead><tr><td>is_main_query<\/td><td>1<\/td><td>1<\/td><\/tr><tr><td>is_rest_api<\/td><td>0<\/td><td>1<\/td><\/tr><tr><td>page<\/td><td>0<\/td><td>1<\/td><\/tr><tr><td>numpages<\/td><td>0<\/td><td>1<\/td><\/tr><tr><td>is_archive<\/td><td>1<\/td><td><\/td><\/tr><tr><td>is_search<\/td><td>1<\/td><td><\/td><\/tr><tr><td>is_home<\/td><td>1<\/td><td><\/td><\/tr><tr><td>is_404<\/td><td>1<\/td><td><\/td><\/tr><tr><td>is_attachment<\/td><td>1<\/td><td><\/td><\/tr><tr><td>is_singular<\/td><td>1<\/td><td><\/td><\/tr><tr><td>is_front_page<\/td><td>1<\/td><td><\/td><\/tr><tr><td>is_feed<\/td><td>1<\/td><td><\/td><\/tr><\/table><\/div><br><br><span style=\"color: red;\">Seu site usa HTTPS, mas o c\u00f3digo do an\u00fancio cont\u00e9m HTTP e pode n\u00e3o funcionar.<\/span>\t<br><br>\n\t<a style=\"color: green;\" href=\"https:\/\/wpadvancedads.com\/manual\/ad-debug-mode\/?utm_source=advanced-ads&utm_medium=link&utm_campaign=ad-debug-mode\" target=\"_blank\" rel=\"nofollow\">Encontre solu\u00e7\u00f5es no manual<\/a>\n<\/div>\n<\/li><\/ul><\/div><script>( window.advanced_ads_ready || jQuery( document ).ready ).call( null, function() {var $lavraslider1796402694 = jQuery( \".lavra-slider-1796402694\" );$lavraslider1796402694.on( \"unslider.ready\", function() { jQuery( \"div.custom-slider ul li\" ).css( \"display\", \"block\" ); });$lavraslider1796402694.unslider({ delay:4000, autoplay:true, nav:false, arrows:false, infinite:true });$lavraslider1796402694.on(\"mouseover\", function() {$lavraslider1796402694.unslider(\"stop\");}).on(\"mouseout\", function() {$lavraslider1796402694.unslider(\"start\");});});<\/script><\/div><p>A Secretaria de Estado de Esportes (Seesp) e a Secretaria de Estado de Educa\u00e7\u00e3o (SEE), em parceria com a Federa\u00e7\u00e3o de Esportes Estudantis de Minas Gerais (Feemg), deram o sinal verde para as cidades interessadas em receber alguma das fases dos Jogos Escolares de Minas Gerais (Jemg) 2017.<!--more-->\u00a0\u00a0Os projetos de sediamento das etapas microrregional e regional j\u00e1 foram divulgados e podem ser consultados na p\u00e1gina da competi\u00e7\u00e3o.<\/p>\n<p><img fetchpriority=\"high\" decoding=\"async\" class=\"alignnone size-full wp-image-3577\" src=\"http:\/\/lavras.tv\/site\/wp-content\/uploads\/2016\/11\/jogos_de_minas.jpg\" alt=\"jogos_de_minas\" width=\"940\" height=\"350\" srcset=\"https:\/\/lavras.tv\/site\/wp-content\/uploads\/2016\/11\/jogos_de_minas.jpg 940w, https:\/\/lavras.tv\/site\/wp-content\/uploads\/2016\/11\/jogos_de_minas-150x56.jpg 150w, https:\/\/lavras.tv\/site\/wp-content\/uploads\/2016\/11\/jogos_de_minas-300x112.jpg 300w\" sizes=\"(max-width: 940px) 100vw, 940px\" \/><\/p>\n<p>Os munic\u00edpios interessados em receber alguma das fases dos Jogos devem preencher os formul\u00e1rios, dispon\u00edveis no site da competi\u00e7\u00e3o, com informa\u00e7\u00f5es sobre a infraestrutura do munic\u00edpio, locais de realiza\u00e7\u00e3o das reuni\u00f5es t\u00e9cnicas, gin\u00e1sios dispon\u00edveis, servi\u00e7os m\u00e9dicos, restaurantes, hot\u00e9is, alojamentos, entre outras.\u00a0Depois de preenchidos, os projetos de sediamento dever\u00e3o ser enviados para a sede da Feemg, localizada na Rua Boaventura, n\u00ba 754, bairro Indai\u00e1, Belo Horizonte\/MG, CEP: 31.270-020.<\/p>\n<p>Em Lavras, sede da etapa estadual do Jemg em 2016, o evento foi visto como positivo pelo representante da competi\u00e7\u00e3o na cidade, Alexandre Belo. \u201cDurante as disputas, a economia de Lavras foi movimentada em diversos setores, como hotelaria, alimenta\u00e7\u00e3o e transporte\u201d, destacou.<\/p>\n<p><strong>Jogos de Minas Gerais<\/strong><\/p>\n<p>Outra competi\u00e7\u00e3o promovida pela Seesp, os Jogos de Minas Gerais \u2013 programa que contempla atletas e paratletas vinculados \u00e0s Federa\u00e7\u00f5es Esportivas Mineiras \u2013 tamb\u00e9m tiveram os Cadernos de Encargos das etapas microrregional e regional publicados. As cidades que quiserem receber a competi\u00e7\u00e3o devem preencher os formul\u00e1rios,<a href=\"http:\/\/jogosdeminas.esportes.mg.gov.br\/documentos\/projetos-de-sediamento\/\" target=\"_blank\"> dispon\u00edveis no site<\/a>, e encaminh\u00e1-los \u00e0 Superintend\u00eancia de Programas Esportivos da Seesp,\u00a0no endere\u00e7o: Rodovia Papa Jo\u00e3o Paulo II, 4143 \u2013 Pr\u00e9dio Minas &#8211; 8\u00ba andar, Belo Horizonte\/MG.<\/p>\n<p>Diferentemente do Jemg, os Jogos de Minas Gerais possuem prazo para a entrega dos documentos, que vai at\u00e9 20 de dezembro. <a href=\"http:\/\/www.esportes.mg.gov.br\/component\/gmg\/story\/3572-municipios-ja-podem-se-candidatar-para-sediamento-de-etapas-dos-jogos-de-minas-gerais-2017\" target=\"_blank\">Clique aqui para saber mais sobre o tema<\/a>.<\/p>\n<p><strong>Repasse anual do ICMS esportivo<\/strong><\/p>\n<p>O sediamento por parte de um munic\u00edpio de qualquer uma das etapas dos Jogos Escolares de Minas Gerais ou dos\u00a0Jogos de Minas Gerais 2017 \u00e9 um dos crit\u00e9rios para defini\u00e7\u00e3o do valor do repasse anual do ICMS Solid\u00e1rio \u2013 Crit\u00e9rio Esportes. O cumprimento do projeto de sediamento ser\u00e1 avaliado em campo pela Seesp em todas as fases de execu\u00e7\u00e3o do evento.<\/p>\n<p><strong>Endere\u00e7o para envio dos documentos:<\/strong><\/p>\n<p><u><em>Jogos de Minas Gerais<\/em><\/u><em>:<\/em><br \/>\nDiretoria de Eventos Esportivos<br \/>\nSecretaria de Estado de Esportes<br \/>\nRodovia Papa Jo\u00e3o Paulo II, 4143 \u2013 Pr\u00e9dio Minas &#8211; 8\u00ba andar \u2013 Bairro Serra Verde, Belo Horizonte\/MG, CEP: 31.630-901<\/p>\n<p><u><em>Jogos Escolares de Minas Gerais (Jemg)<\/em><\/u>:<br \/>\nFEEMG<br \/>\nRua Boaventura, n\u00ba 754, Bairro Indai\u00e1, Belo Horizonte\/MG, CEP: 31.270-020<\/p>\n","protected":false},"excerpt":{"rendered":"<p>A Secretaria de Estado de Esportes (Seesp) e a Secretaria de Estado de Educa\u00e7\u00e3o (SEE), em parceria com a Federa\u00e7\u00e3o de Esportes Estudantis de Minas Gerais (Feemg), deram o sinal verde para as cidades interessadas em receber alguma das fases dos Jogos Escolares de Minas Gerais (Jemg) 2017.<\/p>\n","protected":false},"author":2,"featured_media":3578,"comment_status":"closed","ping_status":"open","sticky":false,"template":"","format":"standard","meta":{"advgb_blocks_editor_width":"","advgb_blocks_columns_visual_guide":"","_exactmetrics_skip_tracking":false,"_exactmetrics_sitenote_active":false,"_exactmetrics_sitenote_note":"","_exactmetrics_sitenote_category":0,"footnotes":""},"categories":[3],"tags":[1274,639],"class_list":["post-3576","post","type-post","status-publish","format-standard","has-post-thumbnail","hentry","category-esportes","tag-jemg-2017","tag-jogos-de-minas-2017"],"better_featured_image":{"id":3578,"alt_text":"","caption":"","description":"","media_type":"image","media_details":{"width":2770,"height":1847,"file":"2016\/11\/jogos-2.jpg","sizes":{"thumbnail":{"file":"jogos-2-150x100.jpg","width":150,"height":100,"mime-type":"image\/jpeg","source_url":"https:\/\/lavras.tv\/site\/wp-content\/uploads\/2016\/11\/jogos-2-150x100.jpg"},"medium":{"file":"jogos-2-300x200.jpg","width":300,"height":200,"mime-type":"image\/jpeg","source_url":"https:\/\/lavras.tv\/site\/wp-content\/uploads\/2016\/11\/jogos-2-300x200.jpg"},"large":{"file":"jogos-2-1024x683.jpg","width":1024,"height":683,"mime-type":"image\/jpeg","source_url":"https:\/\/lavras.tv\/site\/wp-content\/uploads\/2016\/11\/jogos-2-1024x683.jpg"},"featured-slider-img":{"file":"jogos-2-640x480.jpg","width":640,"height":480,"mime-type":"image\/jpeg","source_url":"https:\/\/lavras.tv\/site\/wp-content\/uploads\/2016\/11\/jogos-2-640x480.jpg"},"featured-post-img":{"file":"jogos-2-480x320.jpg","width":480,"height":320,"mime-type":"image\/jpeg","source_url":"https:\/\/lavras.tv\/site\/wp-content\/uploads\/2016\/11\/jogos-2-480x320.jpg"},"sow-carousel-default":{"file":"jogos-2-272x182.jpg","width":272,"height":182,"mime-type":"image\/jpeg","source_url":"https:\/\/lavras.tv\/site\/wp-content\/uploads\/2016\/11\/jogos-2-272x182.jpg"}},"image_meta":{"aperture":"2.8","credit":"unknown","camera":"Canon EOS 20D","caption":"","created_timestamp":"946684824","copyright":"","focal_length":"17","iso":"200","shutter_speed":"0.0004","title":"","orientation":"0","keywords":[]}},"post":3576,"source_url":"https:\/\/lavras.tv\/site\/wp-content\/uploads\/2016\/11\/jogos-2.jpg"},"author_meta":{"display_name":"Lavras TV","author_link":"https:\/\/lavras.tv\/site\/author\/lavrastv\/"},"featured_img":"https:\/\/lavras.tv\/site\/wp-content\/uploads\/2016\/11\/jogos-2-300x200.jpg","coauthors":[],"tax_additional":{"categories":{"linked":["<a href=\"https:\/\/lavras.tv\/site\/category\/esportes\/\" class=\"advgb-post-tax-term\">Esportes<\/a>"],"unlinked":["<span class=\"advgb-post-tax-term\">Esportes<\/span>"]},"tags":{"linked":["<a href=\"https:\/\/lavras.tv\/site\/category\/esportes\/\" class=\"advgb-post-tax-term\">JEMG 2017<\/a>","<a href=\"https:\/\/lavras.tv\/site\/category\/esportes\/\" class=\"advgb-post-tax-term\">jogos de minas 2017<\/a>"],"unlinked":["<span class=\"advgb-post-tax-term\">JEMG 2017<\/span>","<span class=\"advgb-post-tax-term\">jogos de minas 2017<\/span>"]}},"comment_count":"0","relative_dates":{"created":"Publicado 9 anos atr\u00e1s","modified":"Atualizado 9 anos atr\u00e1s"},"absolute_dates":{"created":"Publicado em 4 de novembro de 2016","modified":"Atualizado em 4 de novembro de 2016"},"absolute_dates_time":{"created":"Publicado em 4 de novembro de 2016 09:04","modified":"Atualizado em 4 de novembro de 2016 09:04"},"featured_img_caption":"","series_order":"","_links":{"self":[{"href":"https:\/\/lavras.tv\/site\/wp-json\/wp\/v2\/posts\/3576","targetHints":{"allow":["GET"]}}],"collection":[{"href":"https:\/\/lavras.tv\/site\/wp-json\/wp\/v2\/posts"}],"about":[{"href":"https:\/\/lavras.tv\/site\/wp-json\/wp\/v2\/types\/post"}],"author":[{"embeddable":true,"href":"https:\/\/lavras.tv\/site\/wp-json\/wp\/v2\/users\/2"}],"replies":[{"embeddable":true,"href":"https:\/\/lavras.tv\/site\/wp-json\/wp\/v2\/comments?post=3576"}],"version-history":[{"count":1,"href":"https:\/\/lavras.tv\/site\/wp-json\/wp\/v2\/posts\/3576\/revisions"}],"predecessor-version":[{"id":3579,"href":"https:\/\/lavras.tv\/site\/wp-json\/wp\/v2\/posts\/3576\/revisions\/3579"}],"wp:featuredmedia":[{"embeddable":true,"href":"https:\/\/lavras.tv\/site\/wp-json\/wp\/v2\/media\/3578"}],"wp:attachment":[{"href":"https:\/\/lavras.tv\/site\/wp-json\/wp\/v2\/media?parent=3576"}],"wp:term":[{"taxonomy":"category","embeddable":true,"href":"https:\/\/lavras.tv\/site\/wp-json\/wp\/v2\/categories?post=3576"},{"taxonomy":"post_tag","embeddable":true,"href":"https:\/\/lavras.tv\/site\/wp-json\/wp\/v2\/tags?post=3576"}],"curies":[{"name":"wp","href":"https:\/\/api.w.org\/{rel}","templated":true}]}}