{"id":3585,"date":"2016-11-04T09:26:14","date_gmt":"2016-11-04T11:26:14","guid":{"rendered":"http:\/\/lavras.tv\/site\/?p=3585"},"modified":"2016-11-04T09:26:14","modified_gmt":"2016-11-04T11:26:14","slug":"ufla-inscricoes-abertas-para-mudanca-interna-transferencia-externa-e-obtencao-de-novo-titulo","status":"publish","type":"post","link":"https:\/\/lavras.tv\/site\/2016\/11\/04\/ufla-inscricoes-abertas-para-mudanca-interna-transferencia-externa-e-obtencao-de-novo-titulo\/","title":{"rendered":"UFLA: Inscri\u00e7\u00f5es abertas para Mudan\u00e7a Interna, Transfer\u00eancia Externa e Obten\u00e7\u00e3o de Novo T\u00edtulo"},"content":{"rendered":"<div class=\"lavra-antes-do-conteudo_2\" id=\"lavra-2434752431\"><div id=\"lavra-slider-27\" class=\"custom-slider lavra-slider-3011637368 lavra-slider\"><ul><li><div style=\"margin-left: auto;margin-right: auto;text-align: center;\" id=\"lavra-4292799821\"><a href=\"https:\/\/sistemas.lavras.mg.gov.br\/portalcidadao\/#df1b1a7c7b2a290bcb31e32771e610784662739a88807c0dacac58ede5f391a7530e299dc302d611ee73cb143fc22eaf93592e53e7b5bdb01b00a0b8d28dae460c141dd2ff83412e4dc1c31b16b25f33144a9e5620ea73b13f5bc1c59411d98439ad226e8af03840603796067d87afe130812cf3de24982d0e306f9e61e764e5\" aria-label=\"Lavras-TV&#8211;720x104px (1) (1)\"><img src=\"https:\/\/lavras.tv\/site\/wp-content\/uploads\/2025\/01\/Lavras-TV-720x104px-1-1.png\" alt=\"\"  srcset=\"https:\/\/lavras.tv\/site\/wp-content\/uploads\/2025\/01\/Lavras-TV-720x104px-1-1.png 720w, https:\/\/lavras.tv\/site\/wp-content\/uploads\/2025\/01\/Lavras-TV-720x104px-1-1-470x68.png 470w, https:\/\/lavras.tv\/site\/wp-content\/uploads\/2025\/01\/Lavras-TV-720x104px-1-1-170x25.png 170w, https:\/\/lavras.tv\/site\/wp-content\/uploads\/2025\/01\/Lavras-TV-720x104px-1-1-200x29.png 200w\" sizes=\"(max-width: 720px) 100vw, 720px\" width=\"720\" height=\"104\"  style=\"display: inline-block;\" \/><\/a><\/div><\/li><li><a href=\"https:\/\/sistemas.lavras.mg.gov.br\/portalcidadao\/#df1b1a7c7b2a290bcb31e32771e610784662739a88807c0dacac58ede5f391a7530e299dc302d611ee73cb143fc22eaf93592e53e7b5bdb01b00a0b8d28dae460c141dd2ff83412e4dc1c31b16b25f33144a9e5620ea73b13f5bc1c59411d98439ad226e8af03840603796067d87afe130812cf3de24982d0e306f9e61e764e5\" aria-label=\"Banner_Emprego_PortallavrasTV\"><img src=\"https:\/\/lavras.tv\/site\/wp-content\/uploads\/2025\/03\/Banner_Emprego_PortallavrasTV.png\" alt=\"\"  srcset=\"https:\/\/lavras.tv\/site\/wp-content\/uploads\/2025\/03\/Banner_Emprego_PortallavrasTV.png 720w, https:\/\/lavras.tv\/site\/wp-content\/uploads\/2025\/03\/Banner_Emprego_PortallavrasTV-470x68.png 470w, https:\/\/lavras.tv\/site\/wp-content\/uploads\/2025\/03\/Banner_Emprego_PortallavrasTV-170x25.png 170w, https:\/\/lavras.tv\/site\/wp-content\/uploads\/2025\/03\/Banner_Emprego_PortallavrasTV-200x29.png 200w\" sizes=\"(max-width: 720px) 100vw, 720px\" width=\"720\" height=\"104\"   \/><\/a><\/li><li><a href=\"https:\/\/sistemas.lavras.mg.gov.br\/portalcidadao\/#df1b1a7c7b2a290bcb31e32771e610784662739a88807c0dacac58ede5f391a7530e299dc302d611ee73cb143fc22eaf93592e53e7b5bdb01b00a0b8d28dae460c141dd2ff83412e4dc1c31b16b25f33144a9e5620ea73b13f5bc1c59411d98439ad226e8af03840603796067d87afe130812cf3de24982d0e306f9e61e764e5\" aria-label=\"Banner_Obras_PortallavrasTV\"><img src=\"https:\/\/lavras.tv\/site\/wp-content\/uploads\/2025\/03\/Banner_Obras_PortallavrasTV.png\" alt=\"\"  srcset=\"https:\/\/lavras.tv\/site\/wp-content\/uploads\/2025\/03\/Banner_Obras_PortallavrasTV.png 720w, https:\/\/lavras.tv\/site\/wp-content\/uploads\/2025\/03\/Banner_Obras_PortallavrasTV-470x68.png 470w, https:\/\/lavras.tv\/site\/wp-content\/uploads\/2025\/03\/Banner_Obras_PortallavrasTV-170x25.png 170w, https:\/\/lavras.tv\/site\/wp-content\/uploads\/2025\/03\/Banner_Obras_PortallavrasTV-200x29.png 200w\" sizes=\"(max-width: 720px) 100vw, 720px\" width=\"720\" height=\"104\"   \/><\/a><\/li><li><div style=\"margin-left: auto;margin-right: auto;text-align: center;\" id=\"lavra-2669922062\"><a href=\"https:\/\/sistemas.lavras.mg.gov.br\/portalcidadao\/#df1b1a7c7b2a290bcb31e32771e610784662739a88807c0dacac58ede5f391a7530e299dc302d611ee73cb143fc22eaf93592e53e7b5bdb01b00a0b8d28dae460c141dd2ff83412e4dc1c31b16b25f33144a9e5620ea73b13f5bc1c59411d98439ad226e8af03840603796067d87afe130812cf3de24982d0e306f9e61e764e5\" aria-label=\"Banner_Educa\u00e7\u00e3o_PortallavrasTV\"><img src=\"https:\/\/lavras.tv\/site\/wp-content\/uploads\/2025\/01\/Banner_Educacao_PortallavrasTV.png\" alt=\"\"  srcset=\"https:\/\/lavras.tv\/site\/wp-content\/uploads\/2025\/01\/Banner_Educacao_PortallavrasTV.png 720w, https:\/\/lavras.tv\/site\/wp-content\/uploads\/2025\/01\/Banner_Educacao_PortallavrasTV-470x68.png 470w, https:\/\/lavras.tv\/site\/wp-content\/uploads\/2025\/01\/Banner_Educacao_PortallavrasTV-170x25.png 170w, https:\/\/lavras.tv\/site\/wp-content\/uploads\/2025\/01\/Banner_Educacao_PortallavrasTV-200x29.png 200w\" sizes=\"(max-width: 720px) 100vw, 720px\" width=\"720\" height=\"104\"  style=\"display: inline-block;\" \/><\/a><\/div><\/li><li><a href=\"https:\/\/sistemas.lavras.mg.gov.br\/portalcidadao\/#df1b1a7c7b2a290bcb31e32771e610784662739a88807c0dacac58ede5f391a7530e299dc302d611ee73cb143fc22eaf93592e53e7b5bdb01b00a0b8d28dae460c141dd2ff83412e4dc1c31b16b25f33144a9e5620ea73b13f5bc1c59411d98439ad226e8af03840603796067d87afe130812cf3de24982d0e306f9e61e764e5\" aria-label=\"Banner_Sa\u00fade_PortallavrasTV\"><img src=\"https:\/\/lavras.tv\/site\/wp-content\/uploads\/2025\/03\/Banner_Saude_PortallavrasTV.png\" alt=\"\"  srcset=\"https:\/\/lavras.tv\/site\/wp-content\/uploads\/2025\/03\/Banner_Saude_PortallavrasTV.png 720w, https:\/\/lavras.tv\/site\/wp-content\/uploads\/2025\/03\/Banner_Saude_PortallavrasTV-470x68.png 470w, https:\/\/lavras.tv\/site\/wp-content\/uploads\/2025\/03\/Banner_Saude_PortallavrasTV-170x25.png 170w, https:\/\/lavras.tv\/site\/wp-content\/uploads\/2025\/03\/Banner_Saude_PortallavrasTV-200x29.png 200w\" sizes=\"(max-width: 720px) 100vw, 720px\" width=\"720\" height=\"104\"   \/><\/a><\/li><li><div id=\"lavra-144884289\" style=\"width:720px;height:104px;background-color:#ddd;overflow:scroll;\">\n\t<strong>Sa\u00edda da depura\u00e7\u00e3o de an\u00fancios<\/strong>\n\t<br><br>\n\tO an\u00fancio n\u00e3o \u00e9 exibido na p\u00e1gina<br><br>post atual: UFLA: Inscri\u00e7\u00f5es abertas para Mudan\u00e7a Interna, Transfer\u00eancia Externa e Obten\u00e7\u00e3o de Novo T\u00edtulo, ID: 3585<br><br><span style=\"color: red;\">O post atual n\u00e3o \u00e9 id\u00eantico ao post principal.<\/span><br><br>An\u00fancios: ROXO - TOPO INTERNA - ROTATIVO 2 (197)<br \/>Grupo de an\u00fancios: Princ_Meio01_720x104 (27)<br><br>Condi\u00e7\u00f5es de exibi\u00e7\u00e3o<div style=\"margin-bottom: 20px; white-space: pre-wrap; font-family: monospace; width: 100%; background: #ffe9e9;\"><strong>condi\u00e7\u00f5es gerais<\/strong><table border=\"1\"><thead><tr><th><\/th><th>An\u00fancios<\/th><th>wp_the_query<\/th><\/tr><\/thead><tr><td>is_main_query<\/td><td>1<\/td><td>1<\/td><\/tr><tr><td>is_rest_api<\/td><td>0<\/td><td>1<\/td><\/tr><tr><td>page<\/td><td>0<\/td><td>1<\/td><\/tr><tr><td>numpages<\/td><td>0<\/td><td>1<\/td><\/tr><tr><td>is_archive<\/td><td>1<\/td><td><\/td><\/tr><tr><td>is_search<\/td><td>1<\/td><td><\/td><\/tr><tr><td>is_home<\/td><td>1<\/td><td><\/td><\/tr><tr><td>is_404<\/td><td>1<\/td><td><\/td><\/tr><tr><td>is_attachment<\/td><td>1<\/td><td><\/td><\/tr><tr><td>is_singular<\/td><td>1<\/td><td><\/td><\/tr><tr><td>is_front_page<\/td><td>1<\/td><td><\/td><\/tr><tr><td>is_feed<\/td><td>1<\/td><td><\/td><\/tr><\/table><\/div><br><br><span style=\"color: red;\">Seu site usa HTTPS, mas o c\u00f3digo do an\u00fancio cont\u00e9m HTTP e pode n\u00e3o funcionar.<\/span>\t<br><br>\n\t<a style=\"color: green;\" href=\"https:\/\/wpadvancedads.com\/manual\/ad-debug-mode\/?utm_source=advanced-ads&utm_medium=link&utm_campaign=ad-debug-mode\" target=\"_blank\" rel=\"nofollow\">Encontre solu\u00e7\u00f5es no manual<\/a>\n<\/div>\n<\/li><\/ul><\/div><script>( window.advanced_ads_ready || jQuery( document ).ready ).call( null, function() {var $lavraslider3011637368 = jQuery( \".lavra-slider-3011637368\" );$lavraslider3011637368.on( \"unslider.ready\", function() { jQuery( \"div.custom-slider ul li\" ).css( \"display\", \"block\" ); });$lavraslider3011637368.unslider({ delay:4000, autoplay:true, nav:false, arrows:false, infinite:true });$lavraslider3011637368.on(\"mouseover\", function() {$lavraslider3011637368.unslider(\"stop\");}).on(\"mouseout\", function() {$lavraslider3011637368.unslider(\"start\");});});<\/script><\/div><p>Come\u00e7ou nesta sexta-feira, dia 4, o per\u00edodo de\u00a0inscri\u00e7\u00f5es nos processos seletivos de Mudan\u00e7a Interna de Curso, Transfer\u00eancia Externa de Curso e Obten\u00e7\u00e3o de Novo T\u00edtulo para cursos presenciais da UFLA. <!--more-->Ser\u00e3o oferecidas, por meio desse edital, 775 vagas para o primeiro per\u00edodo letivo de 2017. O prazo de inscri\u00e7\u00f5es ir\u00e1 at\u00e9 as 23h59 de 28 de novembro de 2016. Como a forma de inscri\u00e7\u00e3o \u00e9 espec\u00edfica para cada modalidade, dever\u00e1 ser consultada no<a href=\"http:\/\/www.dips.ufla.br\/copese\/upload\/File\/2017_1\/TRANS_INT\/Edital_227_transferencia_interna.pdf\">\u00a0Edital Dips 227\/2016<\/a>.<\/p>\n<p>A inscri\u00e7\u00e3o para <strong>a Mudan\u00e7a Interna<\/strong> dever\u00e1 ser feita em\u00a0<a href=\"http:\/\/www.sig.ufla.br\/\">www.sig.ufla.br<\/a>. Para <strong>Transfer\u00eancia Externa<\/strong> e <strong>Obten\u00e7\u00e3o de Novo T\u00edtulo<\/strong>, a inscri\u00e7\u00e3o ser\u00e1 no endere\u00e7o\u00a0<a href=\"http:\/\/www.dips.ufla.br\/\">www.dips.ufla.br<\/a>. Para estas duas modalidades, h\u00e1 uma taxa de inscri\u00e7\u00e3o de R$ 50,00 (cinquenta reais).<\/p>\n<p>Para qualquer uma das formas de ingresso, a classifica\u00e7\u00e3o dos candidatos ser\u00e1 baseada nas notas obtidas no Exame Nacional do Ensino M\u00e9dio (Enem), em exame realizado h\u00e1 no m\u00e1ximo cinco anos (de 2011 em diante). Para a classifica\u00e7\u00e3o, ser\u00e3o obedecidos os pesos das \u00e1reas, deliberados pelos colegiados de cursos.<\/p>\n<p>Das vagas ofertadas, 368 ser\u00e3o destinadas para Mudan\u00e7a Interna; 250 para Transfer\u00eancia Externa; e 157 para obten\u00e7\u00e3o de Novo T\u00edtulo. Nesta \u00faltima modalidade, 50 vagas s\u00e3o ofertadas para o curso de Bacharelado em Qu\u00edmica, j\u00e1 que para concorrer a essas vagas, o candidato dever\u00e1 ser diplomado, obrigatoriamente, em Licenciatura em Qu\u00edmica.<\/p>\n<p>De acordo com o edital, a mudan\u00e7a interna de curso na UFLA ser\u00e1 concedida uma \u00fanica vez por estudante. No entanto, essa norma n\u00e3o se aplica para os alunos que tenham feito a mudan\u00e7a interna at\u00e9 o segundo per\u00edodo letivo de 2011.<\/p>\n<p>Os estudantes que ingressarem na UFLA por meio de Transfer\u00eancia Externa de Curso ou de Obten\u00e7\u00e3o de Novo T\u00edtulo n\u00e3o ter\u00e3o direito de concorrer \u00e0s vagas ofertadas por meio de mudan\u00e7a interna de curso; por\u00e9m, essa norma n\u00e3o se aplica aos estudantes que tenham ingressado na UFLA, por esses meios, at\u00e9 o primeiro per\u00edodo letivo de 2016.<\/p>\n<p>O resultado preliminar do processo seletivo, por forma de ingresso, ser\u00e1 publicado a partir do dia 18 de janeiro de 2017, em\u00a0<a href=\"http:\/\/www.sig.ufla.br\/\">www.sig.ufla.br<\/a>\u00a0(Mudan\u00e7a Interna) e no site da Diretoria de Processos Seletivos \u2013 Dips:\u00a0<a href=\"http:\/\/www.dips.ufla.br\/\">www.dips.ufla.br<\/a> (Transfer\u00eancia Externa e Novo T\u00edtulo).<\/p>\n<ul>\n<li><a href=\"http:\/\/www.dips.ufla.br\/asp\/transferencias\/index.php\">P\u00e1gina de inscri\u00e7\u00f5es<\/a><\/li>\n<li><a href=\"http:\/\/www.dips.ufla.br\/copese\/upload\/File\/2017_1\/TRANS_INT\/Edital_227_transferencia_interna.pdf\">Edital 227 \u2013 Dips\/UFLA (Mudan\u00e7a Interna, Transfer\u00eancia Externa e Obten\u00e7\u00e3o de Novo T\u00edtulo)<\/a><\/li>\n<\/ul>\n<p>Fonte: Diretoria de Comunica\u00e7\u00e3o &#8211; UFLA<\/p>\n","protected":false},"excerpt":{"rendered":"<p>Come\u00e7ou nesta sexta-feira, dia 4, o per\u00edodo de\u00a0inscri\u00e7\u00f5es nos processos seletivos de Mudan\u00e7a Interna de Curso, Transfer\u00eancia Externa de Curso e Obten\u00e7\u00e3o de Novo T\u00edtulo para cursos presenciais da UFLA.<\/p>\n","protected":false},"author":2,"featured_media":1328,"comment_status":"closed","ping_status":"open","sticky":false,"template":"","format":"standard","meta":{"advgb_blocks_editor_width":"","advgb_blocks_columns_visual_guide":"","_exactmetrics_skip_tracking":false,"_exactmetrics_sitenote_active":false,"_exactmetrics_sitenote_note":"","_exactmetrics_sitenote_category":0,"footnotes":""},"categories":[7,2],"tags":[1086,1223,1085,1278,56],"class_list":["post-3585","post","type-post","status-publish","format-standard","has-post-thumbnail","hentry","category-destaques","category-noticias","tag-obtencao-de-novo-titulo","tag-prazo","tag-transferencia-externa","tag-transferencia-interna","tag-ufla"],"better_featured_image":{"id":1328,"alt_text":"","caption":"","description":"","media_type":"image","media_details":{"width":512,"height":384,"file":"2016\/08\/uflacampus.jpg","sizes":{"thumbnail":{"file":"uflacampus-150x113.jpg","width":150,"height":113,"mime-type":"image\/jpeg","source_url":"https:\/\/lavras.tv\/site\/wp-content\/uploads\/2016\/08\/uflacampus-150x113.jpg"},"medium":{"file":"uflacampus-300x225.jpg","width":300,"height":225,"mime-type":"image\/jpeg","source_url":"https:\/\/lavras.tv\/site\/wp-content\/uploads\/2016\/08\/uflacampus-300x225.jpg"},"featured-post-img":{"file":"uflacampus-480x320.jpg","width":480,"height":320,"mime-type":"image\/jpeg","source_url":"https:\/\/lavras.tv\/site\/wp-content\/uploads\/2016\/08\/uflacampus-480x320.jpg"},"sow-carousel-default":{"file":"uflacampus-272x182.jpg","width":272,"height":182,"mime-type":"image\/jpeg","source_url":"https:\/\/lavras.tv\/site\/wp-content\/uploads\/2016\/08\/uflacampus-272x182.jpg"}},"image_meta":{"aperture":"0","credit":"","camera":"","caption":"","created_timestamp":"0","copyright":"","focal_length":"0","iso":"0","shutter_speed":"0","title":"","orientation":"0","keywords":[]}},"post":1327,"source_url":"https:\/\/lavras.tv\/site\/wp-content\/uploads\/2016\/08\/uflacampus.jpg"},"author_meta":{"display_name":"Lavras TV","author_link":"https:\/\/lavras.tv\/site\/author\/lavrastv\/"},"featured_img":"https:\/\/lavras.tv\/site\/wp-content\/uploads\/2016\/08\/uflacampus-300x225.jpg","coauthors":[],"tax_additional":{"categories":{"linked":["<a href=\"https:\/\/lavras.tv\/site\/category\/destaques\/\" class=\"advgb-post-tax-term\">Destaques<\/a>","<a href=\"https:\/\/lavras.tv\/site\/category\/noticias\/\" class=\"advgb-post-tax-term\">Not\u00edcias<\/a>"],"unlinked":["<span class=\"advgb-post-tax-term\">Destaques<\/span>","<span class=\"advgb-post-tax-term\">Not\u00edcias<\/span>"]},"tags":{"linked":["<a href=\"https:\/\/lavras.tv\/site\/category\/noticias\/\" class=\"advgb-post-tax-term\">obten\u00e7\u00e3o de novo t\u00edtulo<\/a>","<a href=\"https:\/\/lavras.tv\/site\/category\/noticias\/\" class=\"advgb-post-tax-term\">prazo<\/a>","<a href=\"https:\/\/lavras.tv\/site\/category\/noticias\/\" class=\"advgb-post-tax-term\">Transfer\u00eancia externa<\/a>","<a href=\"https:\/\/lavras.tv\/site\/category\/noticias\/\" class=\"advgb-post-tax-term\">transfer\u00eancia interna<\/a>","<a href=\"https:\/\/lavras.tv\/site\/category\/noticias\/\" class=\"advgb-post-tax-term\">ufla<\/a>"],"unlinked":["<span class=\"advgb-post-tax-term\">obten\u00e7\u00e3o de novo t\u00edtulo<\/span>","<span class=\"advgb-post-tax-term\">prazo<\/span>","<span class=\"advgb-post-tax-term\">Transfer\u00eancia externa<\/span>","<span class=\"advgb-post-tax-term\">transfer\u00eancia interna<\/span>","<span class=\"advgb-post-tax-term\">ufla<\/span>"]}},"comment_count":"0","relative_dates":{"created":"Publicado 9 anos atr\u00e1s","modified":"Atualizado 9 anos atr\u00e1s"},"absolute_dates":{"created":"Publicado em 4 de novembro de 2016","modified":"Atualizado em 4 de novembro de 2016"},"absolute_dates_time":{"created":"Publicado em 4 de novembro de 2016 09:26","modified":"Atualizado em 4 de novembro de 2016 09:26"},"featured_img_caption":"","series_order":"","_links":{"self":[{"href":"https:\/\/lavras.tv\/site\/wp-json\/wp\/v2\/posts\/3585","targetHints":{"allow":["GET"]}}],"collection":[{"href":"https:\/\/lavras.tv\/site\/wp-json\/wp\/v2\/posts"}],"about":[{"href":"https:\/\/lavras.tv\/site\/wp-json\/wp\/v2\/types\/post"}],"author":[{"embeddable":true,"href":"https:\/\/lavras.tv\/site\/wp-json\/wp\/v2\/users\/2"}],"replies":[{"embeddable":true,"href":"https:\/\/lavras.tv\/site\/wp-json\/wp\/v2\/comments?post=3585"}],"version-history":[{"count":1,"href":"https:\/\/lavras.tv\/site\/wp-json\/wp\/v2\/posts\/3585\/revisions"}],"predecessor-version":[{"id":3586,"href":"https:\/\/lavras.tv\/site\/wp-json\/wp\/v2\/posts\/3585\/revisions\/3586"}],"wp:featuredmedia":[{"embeddable":true,"href":"https:\/\/lavras.tv\/site\/wp-json\/wp\/v2\/media\/1328"}],"wp:attachment":[{"href":"https:\/\/lavras.tv\/site\/wp-json\/wp\/v2\/media?parent=3585"}],"wp:term":[{"taxonomy":"category","embeddable":true,"href":"https:\/\/lavras.tv\/site\/wp-json\/wp\/v2\/categories?post=3585"},{"taxonomy":"post_tag","embeddable":true,"href":"https:\/\/lavras.tv\/site\/wp-json\/wp\/v2\/tags?post=3585"}],"curies":[{"name":"wp","href":"https:\/\/api.w.org\/{rel}","templated":true}]}}