{"id":3607,"date":"2016-11-07T08:32:29","date_gmt":"2016-11-07T10:32:29","guid":{"rendered":"http:\/\/lavras.tv\/site\/?p=3607"},"modified":"2016-11-07T08:32:29","modified_gmt":"2016-11-07T10:32:29","slug":"estudantes-de-perdoes-visitam-a-ufla-para-conhecer-o-processo-de-producao-do-cafe","status":"publish","type":"post","link":"https:\/\/lavras.tv\/site\/2016\/11\/07\/estudantes-de-perdoes-visitam-a-ufla-para-conhecer-o-processo-de-producao-do-cafe\/","title":{"rendered":"Estudantes de Perd\u00f5es visitam a UFLA para conhecer o processo de produ\u00e7\u00e3o do caf\u00e9"},"content":{"rendered":"<div class=\"lavra-antes-do-conteudo_2\" id=\"lavra-3313067877\"><div id=\"lavra-slider-27\" class=\"custom-slider lavra-slider-302355516 lavra-slider\"><ul><li><div style=\"margin-left: auto;margin-right: auto;text-align: center;\" id=\"lavra-2738816119\"><a href=\"https:\/\/sistemas.lavras.mg.gov.br\/portalcidadao\/#df1b1a7c7b2a290bcb31e32771e610784662739a88807c0dacac58ede5f391a7530e299dc302d611ee73cb143fc22eaf93592e53e7b5bdb01b00a0b8d28dae460c141dd2ff83412e4dc1c31b16b25f33144a9e5620ea73b13f5bc1c59411d98439ad226e8af03840603796067d87afe130812cf3de24982d0e306f9e61e764e5\" aria-label=\"Lavras-TV&#8211;720x104px (1) (1)\"><img src=\"https:\/\/lavras.tv\/site\/wp-content\/uploads\/2025\/01\/Lavras-TV-720x104px-1-1.png\" alt=\"\"  srcset=\"https:\/\/lavras.tv\/site\/wp-content\/uploads\/2025\/01\/Lavras-TV-720x104px-1-1.png 720w, https:\/\/lavras.tv\/site\/wp-content\/uploads\/2025\/01\/Lavras-TV-720x104px-1-1-470x68.png 470w, https:\/\/lavras.tv\/site\/wp-content\/uploads\/2025\/01\/Lavras-TV-720x104px-1-1-170x25.png 170w, https:\/\/lavras.tv\/site\/wp-content\/uploads\/2025\/01\/Lavras-TV-720x104px-1-1-200x29.png 200w\" sizes=\"(max-width: 720px) 100vw, 720px\" width=\"720\" height=\"104\"  style=\"display: inline-block;\" \/><\/a><\/div><\/li><li><a href=\"https:\/\/sistemas.lavras.mg.gov.br\/portalcidadao\/#df1b1a7c7b2a290bcb31e32771e610784662739a88807c0dacac58ede5f391a7530e299dc302d611ee73cb143fc22eaf93592e53e7b5bdb01b00a0b8d28dae460c141dd2ff83412e4dc1c31b16b25f33144a9e5620ea73b13f5bc1c59411d98439ad226e8af03840603796067d87afe130812cf3de24982d0e306f9e61e764e5\" aria-label=\"Banner_Emprego_PortallavrasTV\"><img src=\"https:\/\/lavras.tv\/site\/wp-content\/uploads\/2025\/03\/Banner_Emprego_PortallavrasTV.png\" alt=\"\"  srcset=\"https:\/\/lavras.tv\/site\/wp-content\/uploads\/2025\/03\/Banner_Emprego_PortallavrasTV.png 720w, https:\/\/lavras.tv\/site\/wp-content\/uploads\/2025\/03\/Banner_Emprego_PortallavrasTV-470x68.png 470w, https:\/\/lavras.tv\/site\/wp-content\/uploads\/2025\/03\/Banner_Emprego_PortallavrasTV-170x25.png 170w, https:\/\/lavras.tv\/site\/wp-content\/uploads\/2025\/03\/Banner_Emprego_PortallavrasTV-200x29.png 200w\" sizes=\"(max-width: 720px) 100vw, 720px\" width=\"720\" height=\"104\"   \/><\/a><\/li><li><a href=\"https:\/\/sistemas.lavras.mg.gov.br\/portalcidadao\/#df1b1a7c7b2a290bcb31e32771e610784662739a88807c0dacac58ede5f391a7530e299dc302d611ee73cb143fc22eaf93592e53e7b5bdb01b00a0b8d28dae460c141dd2ff83412e4dc1c31b16b25f33144a9e5620ea73b13f5bc1c59411d98439ad226e8af03840603796067d87afe130812cf3de24982d0e306f9e61e764e5\" aria-label=\"Banner_Obras_PortallavrasTV\"><img src=\"https:\/\/lavras.tv\/site\/wp-content\/uploads\/2025\/03\/Banner_Obras_PortallavrasTV.png\" alt=\"\"  srcset=\"https:\/\/lavras.tv\/site\/wp-content\/uploads\/2025\/03\/Banner_Obras_PortallavrasTV.png 720w, https:\/\/lavras.tv\/site\/wp-content\/uploads\/2025\/03\/Banner_Obras_PortallavrasTV-470x68.png 470w, https:\/\/lavras.tv\/site\/wp-content\/uploads\/2025\/03\/Banner_Obras_PortallavrasTV-170x25.png 170w, https:\/\/lavras.tv\/site\/wp-content\/uploads\/2025\/03\/Banner_Obras_PortallavrasTV-200x29.png 200w\" sizes=\"(max-width: 720px) 100vw, 720px\" width=\"720\" height=\"104\"   \/><\/a><\/li><li><div style=\"margin-left: auto;margin-right: auto;text-align: center;\" id=\"lavra-2664952185\"><a href=\"https:\/\/sistemas.lavras.mg.gov.br\/portalcidadao\/#df1b1a7c7b2a290bcb31e32771e610784662739a88807c0dacac58ede5f391a7530e299dc302d611ee73cb143fc22eaf93592e53e7b5bdb01b00a0b8d28dae460c141dd2ff83412e4dc1c31b16b25f33144a9e5620ea73b13f5bc1c59411d98439ad226e8af03840603796067d87afe130812cf3de24982d0e306f9e61e764e5\" aria-label=\"Banner_Educa\u00e7\u00e3o_PortallavrasTV\"><img src=\"https:\/\/lavras.tv\/site\/wp-content\/uploads\/2025\/01\/Banner_Educacao_PortallavrasTV.png\" alt=\"\"  srcset=\"https:\/\/lavras.tv\/site\/wp-content\/uploads\/2025\/01\/Banner_Educacao_PortallavrasTV.png 720w, https:\/\/lavras.tv\/site\/wp-content\/uploads\/2025\/01\/Banner_Educacao_PortallavrasTV-470x68.png 470w, https:\/\/lavras.tv\/site\/wp-content\/uploads\/2025\/01\/Banner_Educacao_PortallavrasTV-170x25.png 170w, https:\/\/lavras.tv\/site\/wp-content\/uploads\/2025\/01\/Banner_Educacao_PortallavrasTV-200x29.png 200w\" sizes=\"(max-width: 720px) 100vw, 720px\" width=\"720\" height=\"104\"  style=\"display: inline-block;\" \/><\/a><\/div><\/li><li><a href=\"https:\/\/sistemas.lavras.mg.gov.br\/portalcidadao\/#df1b1a7c7b2a290bcb31e32771e610784662739a88807c0dacac58ede5f391a7530e299dc302d611ee73cb143fc22eaf93592e53e7b5bdb01b00a0b8d28dae460c141dd2ff83412e4dc1c31b16b25f33144a9e5620ea73b13f5bc1c59411d98439ad226e8af03840603796067d87afe130812cf3de24982d0e306f9e61e764e5\" aria-label=\"Banner_Sa\u00fade_PortallavrasTV\"><img src=\"https:\/\/lavras.tv\/site\/wp-content\/uploads\/2025\/03\/Banner_Saude_PortallavrasTV.png\" alt=\"\"  srcset=\"https:\/\/lavras.tv\/site\/wp-content\/uploads\/2025\/03\/Banner_Saude_PortallavrasTV.png 720w, https:\/\/lavras.tv\/site\/wp-content\/uploads\/2025\/03\/Banner_Saude_PortallavrasTV-470x68.png 470w, https:\/\/lavras.tv\/site\/wp-content\/uploads\/2025\/03\/Banner_Saude_PortallavrasTV-170x25.png 170w, https:\/\/lavras.tv\/site\/wp-content\/uploads\/2025\/03\/Banner_Saude_PortallavrasTV-200x29.png 200w\" sizes=\"(max-width: 720px) 100vw, 720px\" width=\"720\" height=\"104\"   \/><\/a><\/li><li><div id=\"lavra-2580285368\" style=\"width:720px;height:104px;background-color:#ddd;overflow:scroll;\">\n\t<strong>Sa\u00edda da depura\u00e7\u00e3o de an\u00fancios<\/strong>\n\t<br><br>\n\tO an\u00fancio n\u00e3o \u00e9 exibido na p\u00e1gina<br><br>post atual: Estudantes de Perd\u00f5es visitam a UFLA para conhecer o processo de produ\u00e7\u00e3o do caf\u00e9, ID: 3607<br><br><span style=\"color: red;\">O post atual n\u00e3o \u00e9 id\u00eantico ao post principal.<\/span><br><br>An\u00fancios: ROXO - TOPO INTERNA - ROTATIVO 2 (197)<br \/>Grupo de an\u00fancios: Princ_Meio01_720x104 (27)<br><br>Condi\u00e7\u00f5es de exibi\u00e7\u00e3o<div style=\"margin-bottom: 20px; white-space: pre-wrap; font-family: monospace; width: 100%; background: #ffe9e9;\"><strong>condi\u00e7\u00f5es gerais<\/strong><table border=\"1\"><thead><tr><th><\/th><th>An\u00fancios<\/th><th>wp_the_query<\/th><\/tr><\/thead><tr><td>is_main_query<\/td><td>1<\/td><td>1<\/td><\/tr><tr><td>is_rest_api<\/td><td>0<\/td><td>1<\/td><\/tr><tr><td>page<\/td><td>0<\/td><td>1<\/td><\/tr><tr><td>numpages<\/td><td>0<\/td><td>1<\/td><\/tr><tr><td>is_archive<\/td><td>1<\/td><td><\/td><\/tr><tr><td>is_search<\/td><td>1<\/td><td><\/td><\/tr><tr><td>is_home<\/td><td>1<\/td><td><\/td><\/tr><tr><td>is_404<\/td><td>1<\/td><td><\/td><\/tr><tr><td>is_attachment<\/td><td>1<\/td><td><\/td><\/tr><tr><td>is_singular<\/td><td>1<\/td><td><\/td><\/tr><tr><td>is_front_page<\/td><td>1<\/td><td><\/td><\/tr><tr><td>is_feed<\/td><td>1<\/td><td><\/td><\/tr><\/table><\/div><br><br><span style=\"color: red;\">Seu site usa HTTPS, mas o c\u00f3digo do an\u00fancio cont\u00e9m HTTP e pode n\u00e3o funcionar.<\/span>\t<br><br>\n\t<a style=\"color: green;\" href=\"https:\/\/wpadvancedads.com\/manual\/ad-debug-mode\/?utm_source=advanced-ads&utm_medium=link&utm_campaign=ad-debug-mode\" target=\"_blank\" rel=\"nofollow\">Encontre solu\u00e7\u00f5es no manual<\/a>\n<\/div>\n<\/li><\/ul><\/div><script>( window.advanced_ads_ready || jQuery( document ).ready ).call( null, function() {var $lavraslider302355516 = jQuery( \".lavra-slider-302355516\" );$lavraslider302355516.on( \"unslider.ready\", function() { jQuery( \"div.custom-slider ul li\" ).css( \"display\", \"block\" ); });$lavraslider302355516.unslider({ delay:4000, autoplay:true, nav:false, arrows:false, infinite:true });$lavraslider302355516.on(\"mouseover\", function() {$lavraslider302355516.unslider(\"stop\");}).on(\"mouseout\", function() {$lavraslider302355516.unslider(\"start\");});});<\/script><\/div><p>Estudantes do segundo ano do ensino m\u00e9dio e professores de diferentes disciplinas da Escola Estadual Carmelita Carvalho Garcia do munic\u00edpio de Perd\u00f5es (MG) visitaram a Ag\u00eancia de Inova\u00e7\u00e3o do Caf\u00e9 (InovaCaf\u00e9) na \u00faltima sexta-feira (04\/11) para conhecer o processo de produ\u00e7\u00e3o do caf\u00e9 na Universidade Federal de Lavras (UFLA).<!--more--><\/p>\n<p><img fetchpriority=\"high\" decoding=\"async\" class=\"size-full wp-image-3609 aligncenter\" src=\"http:\/\/lavras.tv\/site\/wp-content\/uploads\/2016\/11\/IMG_0015.jpg\" alt=\"img_0015\" width=\"1000\" height=\"667\" srcset=\"https:\/\/lavras.tv\/site\/wp-content\/uploads\/2016\/11\/IMG_0015.jpg 1000w, https:\/\/lavras.tv\/site\/wp-content\/uploads\/2016\/11\/IMG_0015-150x100.jpg 150w, https:\/\/lavras.tv\/site\/wp-content\/uploads\/2016\/11\/IMG_0015-300x200.jpg 300w, https:\/\/lavras.tv\/site\/wp-content\/uploads\/2016\/11\/IMG_0015-480x320.jpg 480w, https:\/\/lavras.tv\/site\/wp-content\/uploads\/2016\/11\/IMG_0015-272x182.jpg 272w\" sizes=\"(max-width: 1000px) 100vw, 1000px\" \/><\/p>\n<p>Com o objetivo de aprender um pouco mais sobre o caf\u00e9 desde a planta\u00e7\u00e3o at\u00e9 a chegada do produto no com\u00e9rcio e na mesa dos estudantes, eles foram conduzidos por integrantes do N\u00facleo de Estudos em Cafeicultura (Necaf) da UFLA e conheceram a lavoura onde \u00e9 produzido o CafEsal \u2013 nome do caf\u00e9 que \u00e9 produzido e comercializado na universidade; processos de produ\u00e7\u00e3o, colheita, processamento, secagem, torra, moagem, classifica\u00e7\u00e3o e embalagem do produto.<\/p>\n<p>Durante a visita alguns estudantes que s\u00e3o filhos e parentes de produtores de caf\u00e9 da regi\u00e3o interagiram falando sobre a sua experi\u00eancia no campo, ressaltando quest\u00f5es pr\u00e1ticas referentes a colheita e moagem do caf\u00e9. Com a visita, os estudantes aprofundaram o seu conhecimento sobre o caf\u00e9 e estar\u00e3o desenvolvendo no final do m\u00eas de novembro uma feira cultura na escola que ir\u00e1 abordar o tema transversal que \u00e9 \u201ctrabalho e consumo de caf\u00e9\u201d.<\/p>\n<p>\u201cO Necaf contribui muito com a troca de conhecimento, falando sobre o ambiente universit\u00e1rio e os estudantes ficaram sabendo que dentro da agronomia \u00e9 poss\u00edvel trabalhar com o caf\u00e9. Fazer a rela\u00e7\u00e3o da escola com a universidade \u00e9 muito importante, uma vez que alguns desses estudantes est\u00e3o fazendo o Programa de Avalia\u00e7\u00e3o Seriada (PAS), apresentar o universo universit\u00e1rio serve como est\u00edmulo para que esses alunos se dediquem mais nos assuntos que eles t\u00eam interesse\u201d explica a professora de matem\u00e1tica, respons\u00e1vel pela visita, Mariane Mattos Ferreira.<\/p>\n<p><img decoding=\"async\" class=\"size-full wp-image-3608 aligncenter\" src=\"http:\/\/lavras.tv\/site\/wp-content\/uploads\/2016\/11\/IMG_0046.jpg\" alt=\"img_0046\" width=\"1000\" height=\"667\" srcset=\"https:\/\/lavras.tv\/site\/wp-content\/uploads\/2016\/11\/IMG_0046.jpg 1000w, https:\/\/lavras.tv\/site\/wp-content\/uploads\/2016\/11\/IMG_0046-150x100.jpg 150w, https:\/\/lavras.tv\/site\/wp-content\/uploads\/2016\/11\/IMG_0046-300x200.jpg 300w, https:\/\/lavras.tv\/site\/wp-content\/uploads\/2016\/11\/IMG_0046-480x320.jpg 480w, https:\/\/lavras.tv\/site\/wp-content\/uploads\/2016\/11\/IMG_0046-272x182.jpg 272w\" sizes=\"(max-width: 1000px) 100vw, 1000px\" \/><\/p>\n<p>Finalizando a manh\u00e3, os estudantes tiveram a oportunidade de conhecer o modelo de neg\u00f3cio da Cafeteria Escola CafEsal, degustaram o caf\u00e9 espresso e tamb\u00e9m conheceram a prensa italiana, um dos m\u00e9todos de preparo de caf\u00e9 utilizado na cafeteria.<\/p>\n<p>Texto e Fotos: ASCOM InovaCaf\u00e9<\/p>\n","protected":false},"excerpt":{"rendered":"<p>Estudantes do segundo ano do ensino m\u00e9dio e professores de diferentes disciplinas da Escola Estadual Carmelita Carvalho Garcia do munic\u00edpio de Perd\u00f5es (MG) visitaram a Ag\u00eancia de Inova\u00e7\u00e3o do Caf\u00e9 (InovaCaf\u00e9) na \u00faltima sexta-feira (04\/11) para conhecer o processo de produ\u00e7\u00e3o do caf\u00e9 na Universidade Federal de Lavras (UFLA).<\/p>\n","protected":false},"author":2,"featured_media":3609,"comment_status":"closed","ping_status":"open","sticky":false,"template":"","format":"standard","meta":{"advgb_blocks_editor_width":"","advgb_blocks_columns_visual_guide":"","_exactmetrics_skip_tracking":false,"_exactmetrics_sitenote_active":false,"_exactmetrics_sitenote_note":"","_exactmetrics_sitenote_category":0,"footnotes":""},"categories":[7,2],"tags":[1285,997,552,56],"class_list":["post-3607","post","type-post","status-publish","format-standard","has-post-thumbnail","hentry","category-destaques","category-noticias","tag-escola-estadual-carmelita-carvalho-garcia","tag-inovacafe","tag-perdoes","tag-ufla"],"better_featured_image":{"id":3609,"alt_text":"","caption":"","description":"","media_type":"image","media_details":{"width":1000,"height":667,"file":"2016\/11\/IMG_0015.jpg","sizes":{"thumbnail":{"file":"IMG_0015-150x100.jpg","width":150,"height":100,"mime-type":"image\/jpeg","source_url":"https:\/\/lavras.tv\/site\/wp-content\/uploads\/2016\/11\/IMG_0015-150x100.jpg"},"medium":{"file":"IMG_0015-300x200.jpg","width":300,"height":200,"mime-type":"image\/jpeg","source_url":"https:\/\/lavras.tv\/site\/wp-content\/uploads\/2016\/11\/IMG_0015-300x200.jpg"},"featured-slider-img":{"file":"IMG_0015-640x480.jpg","width":640,"height":480,"mime-type":"image\/jpeg","source_url":"https:\/\/lavras.tv\/site\/wp-content\/uploads\/2016\/11\/IMG_0015-640x480.jpg"},"featured-post-img":{"file":"IMG_0015-480x320.jpg","width":480,"height":320,"mime-type":"image\/jpeg","source_url":"https:\/\/lavras.tv\/site\/wp-content\/uploads\/2016\/11\/IMG_0015-480x320.jpg"},"sow-carousel-default":{"file":"IMG_0015-272x182.jpg","width":272,"height":182,"mime-type":"image\/jpeg","source_url":"https:\/\/lavras.tv\/site\/wp-content\/uploads\/2016\/11\/IMG_0015-272x182.jpg"}},"image_meta":{"aperture":"3.5","credit":"","camera":"Canon EOS REBEL T5i","caption":"","created_timestamp":"1378424879","copyright":"","focal_length":"18","iso":"800","shutter_speed":"0.0333333333333","title":"","orientation":"0","keywords":[]}},"post":3607,"source_url":"https:\/\/lavras.tv\/site\/wp-content\/uploads\/2016\/11\/IMG_0015.jpg"},"author_meta":{"display_name":"Lavras TV","author_link":"https:\/\/lavras.tv\/site\/author\/lavrastv\/"},"featured_img":"https:\/\/lavras.tv\/site\/wp-content\/uploads\/2016\/11\/IMG_0015-300x200.jpg","coauthors":[],"tax_additional":{"categories":{"linked":["<a href=\"https:\/\/lavras.tv\/site\/category\/destaques\/\" class=\"advgb-post-tax-term\">Destaques<\/a>","<a href=\"https:\/\/lavras.tv\/site\/category\/noticias\/\" class=\"advgb-post-tax-term\">Not\u00edcias<\/a>"],"unlinked":["<span class=\"advgb-post-tax-term\">Destaques<\/span>","<span class=\"advgb-post-tax-term\">Not\u00edcias<\/span>"]},"tags":{"linked":["<a href=\"https:\/\/lavras.tv\/site\/category\/noticias\/\" class=\"advgb-post-tax-term\">Escola Estadual Carmelita Carvalho Garcia<\/a>","<a href=\"https:\/\/lavras.tv\/site\/category\/noticias\/\" class=\"advgb-post-tax-term\">Inovacaf\u00e9<\/a>","<a href=\"https:\/\/lavras.tv\/site\/category\/noticias\/\" class=\"advgb-post-tax-term\">perd\u00f5es<\/a>","<a href=\"https:\/\/lavras.tv\/site\/category\/noticias\/\" class=\"advgb-post-tax-term\">ufla<\/a>"],"unlinked":["<span class=\"advgb-post-tax-term\">Escola Estadual Carmelita Carvalho Garcia<\/span>","<span class=\"advgb-post-tax-term\">Inovacaf\u00e9<\/span>","<span class=\"advgb-post-tax-term\">perd\u00f5es<\/span>","<span class=\"advgb-post-tax-term\">ufla<\/span>"]}},"comment_count":"0","relative_dates":{"created":"Publicado 9 anos atr\u00e1s","modified":"Atualizado 9 anos atr\u00e1s"},"absolute_dates":{"created":"Publicado em 7 de novembro de 2016","modified":"Atualizado em 7 de novembro de 2016"},"absolute_dates_time":{"created":"Publicado em 7 de novembro de 2016 08:32","modified":"Atualizado em 7 de novembro de 2016 08:32"},"featured_img_caption":"","series_order":"","_links":{"self":[{"href":"https:\/\/lavras.tv\/site\/wp-json\/wp\/v2\/posts\/3607","targetHints":{"allow":["GET"]}}],"collection":[{"href":"https:\/\/lavras.tv\/site\/wp-json\/wp\/v2\/posts"}],"about":[{"href":"https:\/\/lavras.tv\/site\/wp-json\/wp\/v2\/types\/post"}],"author":[{"embeddable":true,"href":"https:\/\/lavras.tv\/site\/wp-json\/wp\/v2\/users\/2"}],"replies":[{"embeddable":true,"href":"https:\/\/lavras.tv\/site\/wp-json\/wp\/v2\/comments?post=3607"}],"version-history":[{"count":1,"href":"https:\/\/lavras.tv\/site\/wp-json\/wp\/v2\/posts\/3607\/revisions"}],"predecessor-version":[{"id":3610,"href":"https:\/\/lavras.tv\/site\/wp-json\/wp\/v2\/posts\/3607\/revisions\/3610"}],"wp:featuredmedia":[{"embeddable":true,"href":"https:\/\/lavras.tv\/site\/wp-json\/wp\/v2\/media\/3609"}],"wp:attachment":[{"href":"https:\/\/lavras.tv\/site\/wp-json\/wp\/v2\/media?parent=3607"}],"wp:term":[{"taxonomy":"category","embeddable":true,"href":"https:\/\/lavras.tv\/site\/wp-json\/wp\/v2\/categories?post=3607"},{"taxonomy":"post_tag","embeddable":true,"href":"https:\/\/lavras.tv\/site\/wp-json\/wp\/v2\/tags?post=3607"}],"curies":[{"name":"wp","href":"https:\/\/api.w.org\/{rel}","templated":true}]}}