{"id":3625,"date":"2016-11-07T09:10:56","date_gmt":"2016-11-07T11:10:56","guid":{"rendered":"http:\/\/lavras.tv\/site\/?p=3625"},"modified":"2016-11-07T09:10:56","modified_gmt":"2016-11-07T11:10:56","slug":"atletico-joga-mal-perde-para-o-coritiba-e-ve-titulo-do-brasileirao-cada-vez-mais-longe","status":"publish","type":"post","link":"https:\/\/lavras.tv\/site\/2016\/11\/07\/atletico-joga-mal-perde-para-o-coritiba-e-ve-titulo-do-brasileirao-cada-vez-mais-longe\/","title":{"rendered":"Atl\u00e9tico joga mal, perde para o Coritiba e v\u00ea t\u00edtulo do Brasileir\u00e3o cada vez mais longe"},"content":{"rendered":"<div class=\"lavra-antes-do-conteudo_2\" id=\"lavra-659768013\"><div id=\"lavra-slider-27\" class=\"custom-slider lavra-slider-414756327 lavra-slider\"><ul><li><div style=\"margin-left: auto;margin-right: auto;text-align: center;\" id=\"lavra-1647201799\"><a href=\"https:\/\/sistemas.lavras.mg.gov.br\/portalcidadao\/#df1b1a7c7b2a290bcb31e32771e610784662739a88807c0dacac58ede5f391a7530e299dc302d611ee73cb143fc22eaf93592e53e7b5bdb01b00a0b8d28dae460c141dd2ff83412e4dc1c31b16b25f33144a9e5620ea73b13f5bc1c59411d98439ad226e8af03840603796067d87afe130812cf3de24982d0e306f9e61e764e5\" aria-label=\"Lavras-TV&#8211;720x104px (1) (1)\"><img src=\"https:\/\/lavras.tv\/site\/wp-content\/uploads\/2025\/01\/Lavras-TV-720x104px-1-1.png\" alt=\"\"  srcset=\"https:\/\/lavras.tv\/site\/wp-content\/uploads\/2025\/01\/Lavras-TV-720x104px-1-1.png 720w, https:\/\/lavras.tv\/site\/wp-content\/uploads\/2025\/01\/Lavras-TV-720x104px-1-1-470x68.png 470w, https:\/\/lavras.tv\/site\/wp-content\/uploads\/2025\/01\/Lavras-TV-720x104px-1-1-170x25.png 170w, https:\/\/lavras.tv\/site\/wp-content\/uploads\/2025\/01\/Lavras-TV-720x104px-1-1-200x29.png 200w\" sizes=\"(max-width: 720px) 100vw, 720px\" width=\"720\" height=\"104\"  style=\"display: inline-block;\" \/><\/a><\/div><\/li><li><a href=\"https:\/\/sistemas.lavras.mg.gov.br\/portalcidadao\/#df1b1a7c7b2a290bcb31e32771e610784662739a88807c0dacac58ede5f391a7530e299dc302d611ee73cb143fc22eaf93592e53e7b5bdb01b00a0b8d28dae460c141dd2ff83412e4dc1c31b16b25f33144a9e5620ea73b13f5bc1c59411d98439ad226e8af03840603796067d87afe130812cf3de24982d0e306f9e61e764e5\" aria-label=\"Banner_Emprego_PortallavrasTV\"><img src=\"https:\/\/lavras.tv\/site\/wp-content\/uploads\/2025\/03\/Banner_Emprego_PortallavrasTV.png\" alt=\"\"  srcset=\"https:\/\/lavras.tv\/site\/wp-content\/uploads\/2025\/03\/Banner_Emprego_PortallavrasTV.png 720w, https:\/\/lavras.tv\/site\/wp-content\/uploads\/2025\/03\/Banner_Emprego_PortallavrasTV-470x68.png 470w, https:\/\/lavras.tv\/site\/wp-content\/uploads\/2025\/03\/Banner_Emprego_PortallavrasTV-170x25.png 170w, https:\/\/lavras.tv\/site\/wp-content\/uploads\/2025\/03\/Banner_Emprego_PortallavrasTV-200x29.png 200w\" sizes=\"(max-width: 720px) 100vw, 720px\" width=\"720\" height=\"104\"   \/><\/a><\/li><li><a href=\"https:\/\/sistemas.lavras.mg.gov.br\/portalcidadao\/#df1b1a7c7b2a290bcb31e32771e610784662739a88807c0dacac58ede5f391a7530e299dc302d611ee73cb143fc22eaf93592e53e7b5bdb01b00a0b8d28dae460c141dd2ff83412e4dc1c31b16b25f33144a9e5620ea73b13f5bc1c59411d98439ad226e8af03840603796067d87afe130812cf3de24982d0e306f9e61e764e5\" aria-label=\"Banner_Obras_PortallavrasTV\"><img src=\"https:\/\/lavras.tv\/site\/wp-content\/uploads\/2025\/03\/Banner_Obras_PortallavrasTV.png\" alt=\"\"  srcset=\"https:\/\/lavras.tv\/site\/wp-content\/uploads\/2025\/03\/Banner_Obras_PortallavrasTV.png 720w, https:\/\/lavras.tv\/site\/wp-content\/uploads\/2025\/03\/Banner_Obras_PortallavrasTV-470x68.png 470w, https:\/\/lavras.tv\/site\/wp-content\/uploads\/2025\/03\/Banner_Obras_PortallavrasTV-170x25.png 170w, https:\/\/lavras.tv\/site\/wp-content\/uploads\/2025\/03\/Banner_Obras_PortallavrasTV-200x29.png 200w\" sizes=\"(max-width: 720px) 100vw, 720px\" width=\"720\" height=\"104\"   \/><\/a><\/li><li><div style=\"margin-left: auto;margin-right: auto;text-align: center;\" id=\"lavra-3644735355\"><a href=\"https:\/\/sistemas.lavras.mg.gov.br\/portalcidadao\/#df1b1a7c7b2a290bcb31e32771e610784662739a88807c0dacac58ede5f391a7530e299dc302d611ee73cb143fc22eaf93592e53e7b5bdb01b00a0b8d28dae460c141dd2ff83412e4dc1c31b16b25f33144a9e5620ea73b13f5bc1c59411d98439ad226e8af03840603796067d87afe130812cf3de24982d0e306f9e61e764e5\" aria-label=\"Banner_Educa\u00e7\u00e3o_PortallavrasTV\"><img src=\"https:\/\/lavras.tv\/site\/wp-content\/uploads\/2025\/01\/Banner_Educacao_PortallavrasTV.png\" alt=\"\"  srcset=\"https:\/\/lavras.tv\/site\/wp-content\/uploads\/2025\/01\/Banner_Educacao_PortallavrasTV.png 720w, https:\/\/lavras.tv\/site\/wp-content\/uploads\/2025\/01\/Banner_Educacao_PortallavrasTV-470x68.png 470w, https:\/\/lavras.tv\/site\/wp-content\/uploads\/2025\/01\/Banner_Educacao_PortallavrasTV-170x25.png 170w, https:\/\/lavras.tv\/site\/wp-content\/uploads\/2025\/01\/Banner_Educacao_PortallavrasTV-200x29.png 200w\" sizes=\"(max-width: 720px) 100vw, 720px\" width=\"720\" height=\"104\"  style=\"display: inline-block;\" \/><\/a><\/div><\/li><li><a href=\"https:\/\/sistemas.lavras.mg.gov.br\/portalcidadao\/#df1b1a7c7b2a290bcb31e32771e610784662739a88807c0dacac58ede5f391a7530e299dc302d611ee73cb143fc22eaf93592e53e7b5bdb01b00a0b8d28dae460c141dd2ff83412e4dc1c31b16b25f33144a9e5620ea73b13f5bc1c59411d98439ad226e8af03840603796067d87afe130812cf3de24982d0e306f9e61e764e5\" aria-label=\"Banner_Sa\u00fade_PortallavrasTV\"><img src=\"https:\/\/lavras.tv\/site\/wp-content\/uploads\/2025\/03\/Banner_Saude_PortallavrasTV.png\" alt=\"\"  srcset=\"https:\/\/lavras.tv\/site\/wp-content\/uploads\/2025\/03\/Banner_Saude_PortallavrasTV.png 720w, https:\/\/lavras.tv\/site\/wp-content\/uploads\/2025\/03\/Banner_Saude_PortallavrasTV-470x68.png 470w, https:\/\/lavras.tv\/site\/wp-content\/uploads\/2025\/03\/Banner_Saude_PortallavrasTV-170x25.png 170w, https:\/\/lavras.tv\/site\/wp-content\/uploads\/2025\/03\/Banner_Saude_PortallavrasTV-200x29.png 200w\" sizes=\"(max-width: 720px) 100vw, 720px\" width=\"720\" height=\"104\"   \/><\/a><\/li><li><div id=\"lavra-1040387013\" style=\"width:720px;height:104px;background-color:#ddd;overflow:scroll;\">\n\t<strong>Sa\u00edda da depura\u00e7\u00e3o de an\u00fancios<\/strong>\n\t<br><br>\n\tO an\u00fancio n\u00e3o \u00e9 exibido na p\u00e1gina<br><br>post atual: Atl\u00e9tico joga mal, perde para o Coritiba e v\u00ea t\u00edtulo do Brasileir\u00e3o cada vez mais longe, ID: 3625<br><br><span style=\"color: red;\">O post atual n\u00e3o \u00e9 id\u00eantico ao post principal.<\/span><br><br>An\u00fancios: ROXO - TOPO INTERNA - ROTATIVO 2 (197)<br \/>Grupo de an\u00fancios: Princ_Meio01_720x104 (27)<br><br>Condi\u00e7\u00f5es de exibi\u00e7\u00e3o<div style=\"margin-bottom: 20px; white-space: pre-wrap; font-family: monospace; width: 100%; background: #ffe9e9;\"><strong>condi\u00e7\u00f5es gerais<\/strong><table border=\"1\"><thead><tr><th><\/th><th>An\u00fancios<\/th><th>wp_the_query<\/th><\/tr><\/thead><tr><td>is_main_query<\/td><td>1<\/td><td>1<\/td><\/tr><tr><td>is_rest_api<\/td><td>0<\/td><td>1<\/td><\/tr><tr><td>page<\/td><td>0<\/td><td>1<\/td><\/tr><tr><td>numpages<\/td><td>0<\/td><td>1<\/td><\/tr><tr><td>is_archive<\/td><td>1<\/td><td><\/td><\/tr><tr><td>is_search<\/td><td>1<\/td><td><\/td><\/tr><tr><td>is_home<\/td><td>1<\/td><td><\/td><\/tr><tr><td>is_404<\/td><td>1<\/td><td><\/td><\/tr><tr><td>is_attachment<\/td><td>1<\/td><td><\/td><\/tr><tr><td>is_singular<\/td><td>1<\/td><td><\/td><\/tr><tr><td>is_front_page<\/td><td>1<\/td><td><\/td><\/tr><tr><td>is_feed<\/td><td>1<\/td><td><\/td><\/tr><\/table><\/div><br><br><span style=\"color: red;\">Seu site usa HTTPS, mas o c\u00f3digo do an\u00fancio cont\u00e9m HTTP e pode n\u00e3o funcionar.<\/span>\t<br><br>\n\t<a style=\"color: green;\" href=\"https:\/\/wpadvancedads.com\/manual\/ad-debug-mode\/?utm_source=advanced-ads&utm_medium=link&utm_campaign=ad-debug-mode\" target=\"_blank\" rel=\"nofollow\">Encontre solu\u00e7\u00f5es no manual<\/a>\n<\/div>\n<\/li><\/ul><\/div><script>( window.advanced_ads_ready || jQuery( document ).ready ).call( null, function() {var $lavraslider414756327 = jQuery( \".lavra-slider-414756327\" );$lavraslider414756327.on( \"unslider.ready\", function() { jQuery( \"div.custom-slider ul li\" ).css( \"display\", \"block\" ); });$lavraslider414756327.unslider({ delay:4000, autoplay:true, nav:false, arrows:false, infinite:true });$lavraslider414756327.on(\"mouseover\", function() {$lavraslider414756327.unslider(\"stop\");}).on(\"mouseout\", function() {$lavraslider414756327.unslider(\"start\");});});<\/script><\/div><p>O sonho do bi do Brasileir\u00e3o para o Atl\u00e9tico ficou ainda mais distante neste domingo. <!--more-->O time do t\u00e9cnico Marcelo Oliveira voltou a jogar mal e perdeu para o Coritiba por 2 x 0, no Couto Pereira, em jogo v\u00e1lido pela 34\u00aa rodada.Os gols da partida foram marcados por Raphael Veiga e Kleber, de p\u00eanalti, no segundo tempo.<\/p>\n<p><img fetchpriority=\"high\" decoding=\"async\" class=\"size-full wp-image-3626 aligncenter\" src=\"http:\/\/lavras.tv\/site\/wp-content\/uploads\/2016\/11\/atletico-1.jpg\" alt=\"atletico\" width=\"600\" height=\"337\" srcset=\"https:\/\/lavras.tv\/site\/wp-content\/uploads\/2016\/11\/atletico-1.jpg 600w, https:\/\/lavras.tv\/site\/wp-content\/uploads\/2016\/11\/atletico-1-150x84.jpg 150w, https:\/\/lavras.tv\/site\/wp-content\/uploads\/2016\/11\/atletico-1-300x169.jpg 300w\" sizes=\"(max-width: 600px) 100vw, 600px\" \/><\/p>\n<p>Com o resultado, o Galo permanece estacionado no quarto lugar, com 60 pontos. Dos times que brigam pelas primeiras posi\u00e7\u00f5es, o Atl\u00e9tico foi o \u00fanico que perdeu na rodada. Santos e Palmeiras venceram, enquanto o Flamengo empatou. Na matem\u00e1tica do t\u00edtulo, o alvinegro leva desvantagem.\u00a0A diferen\u00e7a para o l\u00edder \u00e9 de dez pontos. A quatro rodadas do fim, resta ao Atl\u00e9tico brigar pelo vice-campeonato ou o terceiro lugar, posi\u00e7\u00f5es que garantem vaga direta na fase de grupos.<\/p>\n<p>J\u00e1 o Coritiba deu uma passo importante para se livrar do rebaixamento. Chegou a 42 pontos, quatro de vantagem sobre o Internacional, primeiro na zona da degola.<\/p>\n<p>O Atl\u00e9tico ter\u00e1 11 dias para se preparar para o jogo contra o Palmeiras, no Independ\u00eancia. J\u00e1 o Coritiba recebe o Santa Cruz, no dia 16 de novembro, tamb\u00e9m em casa.<\/p>\n<p><strong>Jogo<\/strong><\/p>\n<p>Depois de in\u00edcio sonolento, Victor, aos 17 minutos da etapa inicial, salvou o Atl\u00e9tico de levar o primeiro gol em chute de Kleber, que recebeu da esquerda, dominou e bateu de direita. O goleiro alvinegro caiu \u00e0 esquerda para fazer a defesa. No minuto seguinte Iago cabeceou na rede pelo lado de fora, aproveitando cruzamento da direita. O Atl\u00e9tico encontrava dificuldades para romper a defesa advers\u00e1ria.<\/p>\n<p>No entanto, aos 21 minutos, o time alvinegro conseguiu boa trama em tabela de Lucas Pratto e F\u00e1bio Santos. Ao receber para a finaliza\u00e7\u00e3o, por\u00e9m, o argentino foi travado por Amaral. Do outro lado, Victor fez outra excelente defesa em cobran\u00e7a de falta pr\u00f3ximo \u00e0 \u00e1rea por C\u00e9sar Gonzalez, aos 29 minutos.<\/p>\n<p>O Coritiba era melhor em campo. No que j\u00e1 havia se transformado em um duelo com Kleber, Victor impediu, mais uma vez, que o atacante abrisse o placar em chute da direita aos 36 minutos, na \u00faltima boa chance antes do intervalo.<\/p>\n<p>J\u00e1 na segunda etapa, o Coritiba, enfim, chegou ao gol aos 8 minutos. O placar foi alterado em chute de fora da \u00e1rea de Raphael Veiga, no \u00e2ngulo, sem chances para Victor. A bola ainda bateu na trave antes de entrar.<\/p>\n<p>Aos 12 minutos, Otero experimentou de fora da \u00e1rea, mas Wilson defendeu. Atr\u00e1s no placar, o Atl\u00e9tico-MG passou a pressionar. O time mantinha a bola no campo advers\u00e1rio, mas sem finaliza\u00e7\u00e3o. Aos 21 minutos, Kazim chutou forte e Victor espalmou pra fora. A bola ainda raspou o travess\u00e3o antes de sair.<\/p>\n<p>Robinho, que entrou em substitui\u00e7\u00e3o a Luan, chutou pr\u00f3ximo da grande \u00e1rea aos 27 minutos, mas errou por muito, por cima da meta de Wilson. Marcelo Oliveira ainda trocou Otero por Fred, tamb\u00e9m para tentar a rea\u00e7\u00e3o, sem sucesso. Ao longo de todo o segundo tempo, o time de Minas conseguiu apenas uma finaliza\u00e7\u00e3o, a de Otero, aos 12 minutos.<\/p>\n<p>J\u00e1 nos acr\u00e9scimos, aos 48 minutos, o juiz marcou p\u00eanalti de Patric em Kazim. Kleber bateu e sacramentou a vit\u00f3ria em casa.<\/p>\n<p>&nbsp;<\/p>\n<p>Fonte: Itatiaia<\/p>\n","protected":false},"excerpt":{"rendered":"<p>O sonho do bi do Brasileir\u00e3o para o Atl\u00e9tico ficou ainda mais distante neste domingo.<\/p>\n","protected":false},"author":2,"featured_media":3626,"comment_status":"closed","ping_status":"open","sticky":false,"template":"","format":"standard","meta":{"advgb_blocks_editor_width":"","advgb_blocks_columns_visual_guide":"","_exactmetrics_skip_tracking":false,"_exactmetrics_sitenote_active":false,"_exactmetrics_sitenote_note":"","_exactmetrics_sitenote_category":0,"footnotes":""},"categories":[3],"tags":[923,939],"class_list":["post-3625","post","type-post","status-publish","format-standard","has-post-thumbnail","hentry","category-esportes","tag-atletico","tag-campeonato-brasileiro"],"better_featured_image":{"id":3626,"alt_text":"","caption":"","description":"","media_type":"image","media_details":{"width":600,"height":337,"file":"2016\/11\/atletico-1.jpg","sizes":{"thumbnail":{"file":"atletico-1-150x84.jpg","width":150,"height":84,"mime-type":"image\/jpeg","source_url":"https:\/\/lavras.tv\/site\/wp-content\/uploads\/2016\/11\/atletico-1-150x84.jpg"},"medium":{"file":"atletico-1-300x169.jpg","width":300,"height":169,"mime-type":"image\/jpeg","source_url":"https:\/\/lavras.tv\/site\/wp-content\/uploads\/2016\/11\/atletico-1-300x169.jpg"},"featured-post-img":{"file":"atletico-1-480x320.jpg","width":480,"height":320,"mime-type":"image\/jpeg","source_url":"https:\/\/lavras.tv\/site\/wp-content\/uploads\/2016\/11\/atletico-1-480x320.jpg"},"sow-carousel-default":{"file":"atletico-1-272x182.jpg","width":272,"height":182,"mime-type":"image\/jpeg","source_url":"https:\/\/lavras.tv\/site\/wp-content\/uploads\/2016\/11\/atletico-1-272x182.jpg"}},"image_meta":{"aperture":"0","credit":"","camera":"","caption":"","created_timestamp":"0","copyright":"","focal_length":"0","iso":"0","shutter_speed":"0","title":"","orientation":"1","keywords":[]}},"post":3625,"source_url":"https:\/\/lavras.tv\/site\/wp-content\/uploads\/2016\/11\/atletico-1.jpg"},"author_meta":{"display_name":"Lavras TV","author_link":"https:\/\/lavras.tv\/site\/author\/lavrastv\/"},"featured_img":"https:\/\/lavras.tv\/site\/wp-content\/uploads\/2016\/11\/atletico-1-300x169.jpg","coauthors":[],"tax_additional":{"categories":{"linked":["<a href=\"https:\/\/lavras.tv\/site\/category\/esportes\/\" class=\"advgb-post-tax-term\">Esportes<\/a>"],"unlinked":["<span class=\"advgb-post-tax-term\">Esportes<\/span>"]},"tags":{"linked":["<a href=\"https:\/\/lavras.tv\/site\/category\/esportes\/\" class=\"advgb-post-tax-term\">atl\u00e9tico<\/a>","<a href=\"https:\/\/lavras.tv\/site\/category\/esportes\/\" class=\"advgb-post-tax-term\">campeonato brasileiro<\/a>"],"unlinked":["<span class=\"advgb-post-tax-term\">atl\u00e9tico<\/span>","<span class=\"advgb-post-tax-term\">campeonato brasileiro<\/span>"]}},"comment_count":"0","relative_dates":{"created":"Publicado 9 anos atr\u00e1s","modified":"Atualizado 9 anos atr\u00e1s"},"absolute_dates":{"created":"Publicado em 7 de novembro de 2016","modified":"Atualizado em 7 de novembro de 2016"},"absolute_dates_time":{"created":"Publicado em 7 de novembro de 2016 09:10","modified":"Atualizado em 7 de novembro de 2016 09:10"},"featured_img_caption":"","series_order":"","_links":{"self":[{"href":"https:\/\/lavras.tv\/site\/wp-json\/wp\/v2\/posts\/3625","targetHints":{"allow":["GET"]}}],"collection":[{"href":"https:\/\/lavras.tv\/site\/wp-json\/wp\/v2\/posts"}],"about":[{"href":"https:\/\/lavras.tv\/site\/wp-json\/wp\/v2\/types\/post"}],"author":[{"embeddable":true,"href":"https:\/\/lavras.tv\/site\/wp-json\/wp\/v2\/users\/2"}],"replies":[{"embeddable":true,"href":"https:\/\/lavras.tv\/site\/wp-json\/wp\/v2\/comments?post=3625"}],"version-history":[{"count":2,"href":"https:\/\/lavras.tv\/site\/wp-json\/wp\/v2\/posts\/3625\/revisions"}],"predecessor-version":[{"id":3628,"href":"https:\/\/lavras.tv\/site\/wp-json\/wp\/v2\/posts\/3625\/revisions\/3628"}],"wp:featuredmedia":[{"embeddable":true,"href":"https:\/\/lavras.tv\/site\/wp-json\/wp\/v2\/media\/3626"}],"wp:attachment":[{"href":"https:\/\/lavras.tv\/site\/wp-json\/wp\/v2\/media?parent=3625"}],"wp:term":[{"taxonomy":"category","embeddable":true,"href":"https:\/\/lavras.tv\/site\/wp-json\/wp\/v2\/categories?post=3625"},{"taxonomy":"post_tag","embeddable":true,"href":"https:\/\/lavras.tv\/site\/wp-json\/wp\/v2\/tags?post=3625"}],"curies":[{"name":"wp","href":"https:\/\/api.w.org\/{rel}","templated":true}]}}