{"id":3635,"date":"2016-11-07T09:50:32","date_gmt":"2016-11-07T11:50:32","guid":{"rendered":"http:\/\/lavras.tv\/site\/?p=3635"},"modified":"2016-11-07T09:50:32","modified_gmt":"2016-11-07T11:50:32","slug":"deputados-da-assembleia-de-minas-tem-pauta-cheia-ate-dezembro","status":"publish","type":"post","link":"https:\/\/lavras.tv\/site\/2016\/11\/07\/deputados-da-assembleia-de-minas-tem-pauta-cheia-ate-dezembro\/","title":{"rendered":"Deputados da Assembleia de Minas t\u00eam pauta cheia at\u00e9 dezembro"},"content":{"rendered":"<div class=\"lavra-antes-do-conteudo_2\" id=\"lavra-3888222105\"><div id=\"lavra-slider-27\" class=\"custom-slider lavra-slider-760872296 lavra-slider\"><ul><li><div style=\"margin-left: auto;margin-right: auto;text-align: center;\" id=\"lavra-4151691271\"><a href=\"https:\/\/sistemas.lavras.mg.gov.br\/portalcidadao\/#df1b1a7c7b2a290bcb31e32771e610784662739a88807c0dacac58ede5f391a7530e299dc302d611ee73cb143fc22eaf93592e53e7b5bdb01b00a0b8d28dae460c141dd2ff83412e4dc1c31b16b25f33144a9e5620ea73b13f5bc1c59411d98439ad226e8af03840603796067d87afe130812cf3de24982d0e306f9e61e764e5\" aria-label=\"Lavras-TV&#8211;720x104px (1) (1)\"><img src=\"https:\/\/lavras.tv\/site\/wp-content\/uploads\/2025\/01\/Lavras-TV-720x104px-1-1.png\" alt=\"\"  srcset=\"https:\/\/lavras.tv\/site\/wp-content\/uploads\/2025\/01\/Lavras-TV-720x104px-1-1.png 720w, https:\/\/lavras.tv\/site\/wp-content\/uploads\/2025\/01\/Lavras-TV-720x104px-1-1-470x68.png 470w, https:\/\/lavras.tv\/site\/wp-content\/uploads\/2025\/01\/Lavras-TV-720x104px-1-1-170x25.png 170w, https:\/\/lavras.tv\/site\/wp-content\/uploads\/2025\/01\/Lavras-TV-720x104px-1-1-200x29.png 200w\" sizes=\"(max-width: 720px) 100vw, 720px\" width=\"720\" height=\"104\"  style=\"display: inline-block;\" \/><\/a><\/div><\/li><li><a href=\"https:\/\/sistemas.lavras.mg.gov.br\/portalcidadao\/#df1b1a7c7b2a290bcb31e32771e610784662739a88807c0dacac58ede5f391a7530e299dc302d611ee73cb143fc22eaf93592e53e7b5bdb01b00a0b8d28dae460c141dd2ff83412e4dc1c31b16b25f33144a9e5620ea73b13f5bc1c59411d98439ad226e8af03840603796067d87afe130812cf3de24982d0e306f9e61e764e5\" aria-label=\"Banner_Emprego_PortallavrasTV\"><img src=\"https:\/\/lavras.tv\/site\/wp-content\/uploads\/2025\/03\/Banner_Emprego_PortallavrasTV.png\" alt=\"\"  srcset=\"https:\/\/lavras.tv\/site\/wp-content\/uploads\/2025\/03\/Banner_Emprego_PortallavrasTV.png 720w, https:\/\/lavras.tv\/site\/wp-content\/uploads\/2025\/03\/Banner_Emprego_PortallavrasTV-470x68.png 470w, https:\/\/lavras.tv\/site\/wp-content\/uploads\/2025\/03\/Banner_Emprego_PortallavrasTV-170x25.png 170w, https:\/\/lavras.tv\/site\/wp-content\/uploads\/2025\/03\/Banner_Emprego_PortallavrasTV-200x29.png 200w\" sizes=\"(max-width: 720px) 100vw, 720px\" width=\"720\" height=\"104\"   \/><\/a><\/li><li><a href=\"https:\/\/sistemas.lavras.mg.gov.br\/portalcidadao\/#df1b1a7c7b2a290bcb31e32771e610784662739a88807c0dacac58ede5f391a7530e299dc302d611ee73cb143fc22eaf93592e53e7b5bdb01b00a0b8d28dae460c141dd2ff83412e4dc1c31b16b25f33144a9e5620ea73b13f5bc1c59411d98439ad226e8af03840603796067d87afe130812cf3de24982d0e306f9e61e764e5\" aria-label=\"Banner_Obras_PortallavrasTV\"><img src=\"https:\/\/lavras.tv\/site\/wp-content\/uploads\/2025\/03\/Banner_Obras_PortallavrasTV.png\" alt=\"\"  srcset=\"https:\/\/lavras.tv\/site\/wp-content\/uploads\/2025\/03\/Banner_Obras_PortallavrasTV.png 720w, https:\/\/lavras.tv\/site\/wp-content\/uploads\/2025\/03\/Banner_Obras_PortallavrasTV-470x68.png 470w, https:\/\/lavras.tv\/site\/wp-content\/uploads\/2025\/03\/Banner_Obras_PortallavrasTV-170x25.png 170w, https:\/\/lavras.tv\/site\/wp-content\/uploads\/2025\/03\/Banner_Obras_PortallavrasTV-200x29.png 200w\" sizes=\"(max-width: 720px) 100vw, 720px\" width=\"720\" height=\"104\"   \/><\/a><\/li><li><div style=\"margin-left: auto;margin-right: auto;text-align: center;\" id=\"lavra-1977822784\"><a href=\"https:\/\/sistemas.lavras.mg.gov.br\/portalcidadao\/#df1b1a7c7b2a290bcb31e32771e610784662739a88807c0dacac58ede5f391a7530e299dc302d611ee73cb143fc22eaf93592e53e7b5bdb01b00a0b8d28dae460c141dd2ff83412e4dc1c31b16b25f33144a9e5620ea73b13f5bc1c59411d98439ad226e8af03840603796067d87afe130812cf3de24982d0e306f9e61e764e5\" aria-label=\"Banner_Educa\u00e7\u00e3o_PortallavrasTV\"><img src=\"https:\/\/lavras.tv\/site\/wp-content\/uploads\/2025\/01\/Banner_Educacao_PortallavrasTV.png\" alt=\"\"  srcset=\"https:\/\/lavras.tv\/site\/wp-content\/uploads\/2025\/01\/Banner_Educacao_PortallavrasTV.png 720w, https:\/\/lavras.tv\/site\/wp-content\/uploads\/2025\/01\/Banner_Educacao_PortallavrasTV-470x68.png 470w, https:\/\/lavras.tv\/site\/wp-content\/uploads\/2025\/01\/Banner_Educacao_PortallavrasTV-170x25.png 170w, https:\/\/lavras.tv\/site\/wp-content\/uploads\/2025\/01\/Banner_Educacao_PortallavrasTV-200x29.png 200w\" sizes=\"(max-width: 720px) 100vw, 720px\" width=\"720\" height=\"104\"  style=\"display: inline-block;\" \/><\/a><\/div><\/li><li><a href=\"https:\/\/sistemas.lavras.mg.gov.br\/portalcidadao\/#df1b1a7c7b2a290bcb31e32771e610784662739a88807c0dacac58ede5f391a7530e299dc302d611ee73cb143fc22eaf93592e53e7b5bdb01b00a0b8d28dae460c141dd2ff83412e4dc1c31b16b25f33144a9e5620ea73b13f5bc1c59411d98439ad226e8af03840603796067d87afe130812cf3de24982d0e306f9e61e764e5\" aria-label=\"Banner_Sa\u00fade_PortallavrasTV\"><img src=\"https:\/\/lavras.tv\/site\/wp-content\/uploads\/2025\/03\/Banner_Saude_PortallavrasTV.png\" alt=\"\"  srcset=\"https:\/\/lavras.tv\/site\/wp-content\/uploads\/2025\/03\/Banner_Saude_PortallavrasTV.png 720w, https:\/\/lavras.tv\/site\/wp-content\/uploads\/2025\/03\/Banner_Saude_PortallavrasTV-470x68.png 470w, https:\/\/lavras.tv\/site\/wp-content\/uploads\/2025\/03\/Banner_Saude_PortallavrasTV-170x25.png 170w, https:\/\/lavras.tv\/site\/wp-content\/uploads\/2025\/03\/Banner_Saude_PortallavrasTV-200x29.png 200w\" sizes=\"(max-width: 720px) 100vw, 720px\" width=\"720\" height=\"104\"   \/><\/a><\/li><li><div id=\"lavra-3716829715\" style=\"width:720px;height:104px;background-color:#ddd;overflow:scroll;\">\n\t<strong>Sa\u00edda da depura\u00e7\u00e3o de an\u00fancios<\/strong>\n\t<br><br>\n\tO an\u00fancio n\u00e3o \u00e9 exibido na p\u00e1gina<br><br>post atual: Deputados da Assembleia de Minas t\u00eam pauta cheia at\u00e9 dezembro, ID: 3635<br><br><span style=\"color: red;\">O post atual n\u00e3o \u00e9 id\u00eantico ao post principal.<\/span><br><br>An\u00fancios: ROXO - TOPO INTERNA - ROTATIVO 2 (197)<br \/>Grupo de an\u00fancios: Princ_Meio01_720x104 (27)<br><br>Condi\u00e7\u00f5es de exibi\u00e7\u00e3o<div style=\"margin-bottom: 20px; white-space: pre-wrap; font-family: monospace; width: 100%; background: #ffe9e9;\"><strong>condi\u00e7\u00f5es gerais<\/strong><table border=\"1\"><thead><tr><th><\/th><th>An\u00fancios<\/th><th>wp_the_query<\/th><\/tr><\/thead><tr><td>is_main_query<\/td><td>1<\/td><td>1<\/td><\/tr><tr><td>is_rest_api<\/td><td>0<\/td><td>1<\/td><\/tr><tr><td>page<\/td><td>0<\/td><td>1<\/td><\/tr><tr><td>numpages<\/td><td>0<\/td><td>1<\/td><\/tr><tr><td>is_archive<\/td><td>1<\/td><td><\/td><\/tr><tr><td>is_search<\/td><td>1<\/td><td><\/td><\/tr><tr><td>is_home<\/td><td>1<\/td><td><\/td><\/tr><tr><td>is_404<\/td><td>1<\/td><td><\/td><\/tr><tr><td>is_attachment<\/td><td>1<\/td><td><\/td><\/tr><tr><td>is_singular<\/td><td>1<\/td><td><\/td><\/tr><tr><td>is_front_page<\/td><td>1<\/td><td><\/td><\/tr><tr><td>is_feed<\/td><td>1<\/td><td><\/td><\/tr><\/table><\/div><br><br><span style=\"color: red;\">Seu site usa HTTPS, mas o c\u00f3digo do an\u00fancio cont\u00e9m HTTP e pode n\u00e3o funcionar.<\/span>\t<br><br>\n\t<a style=\"color: green;\" href=\"https:\/\/wpadvancedads.com\/manual\/ad-debug-mode\/?utm_source=advanced-ads&utm_medium=link&utm_campaign=ad-debug-mode\" target=\"_blank\" rel=\"nofollow\">Encontre solu\u00e7\u00f5es no manual<\/a>\n<\/div>\n<\/li><\/ul><\/div><script>( window.advanced_ads_ready || jQuery( document ).ready ).call( null, function() {var $lavraslider760872296 = jQuery( \".lavra-slider-760872296\" );$lavraslider760872296.on( \"unslider.ready\", function() { jQuery( \"div.custom-slider ul li\" ).css( \"display\", \"block\" ); });$lavraslider760872296.unslider({ delay:4000, autoplay:true, nav:false, arrows:false, infinite:true });$lavraslider760872296.on(\"mouseover\", function() {$lavraslider760872296.unslider(\"stop\");}).on(\"mouseout\", function() {$lavraslider760872296.unslider(\"start\");});});<\/script><\/div><p>Depois de passar toda a campanha eleitoral praticamente sem votar, os deputados estaduais de Minas Gerais t\u00eam uma pauta cheia para cobrir at\u00e9 dezembro, com vetos, projetos do Executivo e o or\u00e7amento para o ano que vem.<!--more--> A Casa voltou ao trabalho na v\u00e9spera do feriado de Finados e deu in\u00edcio ao processo que vai tomar a aten\u00e7\u00e3o dos parlamentares pelo menos at\u00e9 o fim deste m\u00eas: o pedido do Superior Tribunal de Justi\u00e7a para processar o governador Fernando Pimentel (PT) por crimes investigados na Opera\u00e7\u00e3o Acr\u00f4nimo.<\/p>\n<p><img fetchpriority=\"high\" decoding=\"async\" class=\"size-full wp-image-3636 aligncenter\" src=\"http:\/\/lavras.tv\/site\/wp-content\/uploads\/2016\/11\/almg.jpg\" alt=\"almg\" width=\"750\" height=\"498\" srcset=\"https:\/\/lavras.tv\/site\/wp-content\/uploads\/2016\/11\/almg.jpg 750w, https:\/\/lavras.tv\/site\/wp-content\/uploads\/2016\/11\/almg-150x100.jpg 150w, https:\/\/lavras.tv\/site\/wp-content\/uploads\/2016\/11\/almg-300x199.jpg 300w, https:\/\/lavras.tv\/site\/wp-content\/uploads\/2016\/11\/almg-480x320.jpg 480w, https:\/\/lavras.tv\/site\/wp-content\/uploads\/2016\/11\/almg-272x182.jpg 272w\" sizes=\"(max-width: 750px) 100vw, 750px\" \/><br \/>\nDurante a campanha, que come\u00e7ou em 15 de agosto, tamb\u00e9m m\u00eas da Olimp\u00edada no Rio, apenas duas sess\u00f5es resultaram em vota\u00e7\u00e3o. Nos dias 23 e 24 de agosto, os deputados aprovaram a reforma administrativa enviada pelo Executivo. Em 33 reuni\u00f5es convocadas para o per\u00edodo, 21 n\u00e3o foram sequer abertas por falta de quorum \u2013 havia menos de 26 parlamentares presentes, n\u00famero m\u00ednimo necess\u00e1rio para realizar as reuni\u00f5es.<br \/>\nA pauta est\u00e1 trancada por oito vetos do Executivo a propostas aprovadas pelo Legislativo. Um deles trata de projeto da reforma administrativa relativo a atribui\u00e7\u00f5es de \u00f3rg\u00e3os e secretarias. No veto, tamb\u00e9m foi barrado trecho que define exonera\u00e7\u00f5es. Outros vetos na fila s\u00e3o relativos a mat\u00e9rias sobre militares, registro de pessoas que atuam no com\u00e9rcio, plano de preven\u00e7\u00e3o de inc\u00eandio e cobran\u00e7a de d\u00e9bitos nas \u00e1reas ambiental e de sa\u00fade.<br \/>\nEntre os projetos tramitando est\u00e3o o que atualiza a lei org\u00e2nica da Defensoria P\u00fablica e o que autoriza o Executivo a receber os im\u00f3veis da Cidade Administrativa constru\u00eddos pela Companhia de Desenvolvimento de Minas Gerais (Codemig). Os parlamentares dever\u00e3o discutir e apresentar emendas, ainda, sobre o Plano Plurianual de A\u00e7\u00f5es Governamentais (PPAG) e o or\u00e7amento de 2017.<br \/>\nUm ano depois da maior trag\u00e9dia ambiental em Minas Gerais, que dizimou o distrito de Bento Rodrigues, em Mariana, tamb\u00e9m aguardam vota\u00e7\u00e3o tr\u00eas projetos de lei que tratam de regras para a explora\u00e7\u00e3o de barragens de rejeitos. Os textos, que trazem novas regras para o licenciamento ambiental e a fiscaliza\u00e7\u00e3o da atividade, ficaram parados durante todo o per\u00edodo eleitoral.<br \/>\nOutra proposta que tramita na Assembleia cria um fundo para o Tribunal de Contas do Estado. Os recursos seriam para implantar, expandir e aperfei\u00e7oar a\u00e7\u00f5es do TCE. O governador enviou projetos que fixam os efetivos dos policiais e bombeiros militares e, ainda, o que trata da gest\u00e3o dos distritos industriais. At\u00e9 o dia 23, segundo a previs\u00e3o da base governista, os deputados devem tamb\u00e9m apreciar o pedido do STF para instaurar a\u00e7\u00e3o penal contra Pimentel. O Legislativo definiu o rito de tramita\u00e7\u00e3o e notificou Pimentel na ter\u00e7a-feira. O petista tem at\u00e9 dez sess\u00f5es plen\u00e1rias para apresentar sua defesa. Para autorizar o processo s\u00e3o necess\u00e1rios 52 votos.<br \/>\nPara encerrar o ano, os deputados ter\u00e3o de votar o or\u00e7amento de 2017, que prev\u00ea um d\u00e9ficit fiscal de cerca de R$ 8 bilh\u00f5es para o estado. O texto estima a receita em R$ 87,2 bilh\u00f5es e a despesa em R$ 95,3 bilh\u00f5es. J\u00e1 na revis\u00e3o do PPAG, a mudan\u00e7a trazida \u00e9 a vincula\u00e7\u00e3o dos programas do governo aos 17 objetivos de desenvolvimento sustent\u00e1vel da Organiza\u00e7\u00e3o das Na\u00e7\u00f5es Unidas (ONU).<\/p>\n<p>Fonte: Portal UAI<\/p>\n","protected":false},"excerpt":{"rendered":"<p>Depois de passar toda a campanha eleitoral praticamente sem votar, os deputados estaduais de Minas Gerais t\u00eam uma pauta cheia para cobrir at\u00e9 dezembro, com vetos, projetos do Executivo e o or\u00e7amento para o ano que vem.<\/p>\n","protected":false},"author":2,"featured_media":3636,"comment_status":"closed","ping_status":"open","sticky":false,"template":"","format":"standard","meta":{"advgb_blocks_editor_width":"","advgb_blocks_columns_visual_guide":"","_exactmetrics_skip_tracking":false,"_exactmetrics_sitenote_active":false,"_exactmetrics_sitenote_note":"","_exactmetrics_sitenote_category":0,"footnotes":""},"categories":[12],"tags":[531,1297,1296],"class_list":["post-3635","post","type-post","status-publish","format-standard","has-post-thumbnail","hentry","category-politica","tag-almg","tag-assembleia-legislativa-de-mg","tag-deputados"],"better_featured_image":{"id":3636,"alt_text":"","caption":"","description":"","media_type":"image","media_details":{"width":750,"height":498,"file":"2016\/11\/almg.jpg","sizes":{"thumbnail":{"file":"almg-150x100.jpg","width":150,"height":100,"mime-type":"image\/jpeg","source_url":"https:\/\/lavras.tv\/site\/wp-content\/uploads\/2016\/11\/almg-150x100.jpg"},"medium":{"file":"almg-300x199.jpg","width":300,"height":199,"mime-type":"image\/jpeg","source_url":"https:\/\/lavras.tv\/site\/wp-content\/uploads\/2016\/11\/almg-300x199.jpg"},"featured-slider-img":{"file":"almg-640x480.jpg","width":640,"height":480,"mime-type":"image\/jpeg","source_url":"https:\/\/lavras.tv\/site\/wp-content\/uploads\/2016\/11\/almg-640x480.jpg"},"featured-post-img":{"file":"almg-480x320.jpg","width":480,"height":320,"mime-type":"image\/jpeg","source_url":"https:\/\/lavras.tv\/site\/wp-content\/uploads\/2016\/11\/almg-480x320.jpg"},"sow-carousel-default":{"file":"almg-272x182.jpg","width":272,"height":182,"mime-type":"image\/jpeg","source_url":"https:\/\/lavras.tv\/site\/wp-content\/uploads\/2016\/11\/almg-272x182.jpg"}},"image_meta":{"aperture":"0","credit":"","camera":"","caption":"","created_timestamp":"0","copyright":"","focal_length":"0","iso":"0","shutter_speed":"0","title":"","orientation":"0","keywords":[]}},"post":3635,"source_url":"https:\/\/lavras.tv\/site\/wp-content\/uploads\/2016\/11\/almg.jpg"},"author_meta":{"display_name":"Lavras TV","author_link":"https:\/\/lavras.tv\/site\/author\/lavrastv\/"},"featured_img":"https:\/\/lavras.tv\/site\/wp-content\/uploads\/2016\/11\/almg-300x199.jpg","coauthors":[],"tax_additional":{"categories":{"linked":["<a href=\"https:\/\/lavras.tv\/site\/category\/politica\/\" class=\"advgb-post-tax-term\">Pol\u00edtica<\/a>"],"unlinked":["<span class=\"advgb-post-tax-term\">Pol\u00edtica<\/span>"]},"tags":{"linked":["<a href=\"https:\/\/lavras.tv\/site\/category\/politica\/\" class=\"advgb-post-tax-term\">almg<\/a>","<a href=\"https:\/\/lavras.tv\/site\/category\/politica\/\" class=\"advgb-post-tax-term\">assembleia legislativa de MG<\/a>","<a href=\"https:\/\/lavras.tv\/site\/category\/politica\/\" class=\"advgb-post-tax-term\">deputados<\/a>"],"unlinked":["<span class=\"advgb-post-tax-term\">almg<\/span>","<span class=\"advgb-post-tax-term\">assembleia legislativa de MG<\/span>","<span class=\"advgb-post-tax-term\">deputados<\/span>"]}},"comment_count":"0","relative_dates":{"created":"Publicado 9 anos atr\u00e1s","modified":"Atualizado 9 anos atr\u00e1s"},"absolute_dates":{"created":"Publicado em 7 de novembro de 2016","modified":"Atualizado em 7 de novembro de 2016"},"absolute_dates_time":{"created":"Publicado em 7 de novembro de 2016 09:50","modified":"Atualizado em 7 de novembro de 2016 09:50"},"featured_img_caption":"","series_order":"","_links":{"self":[{"href":"https:\/\/lavras.tv\/site\/wp-json\/wp\/v2\/posts\/3635","targetHints":{"allow":["GET"]}}],"collection":[{"href":"https:\/\/lavras.tv\/site\/wp-json\/wp\/v2\/posts"}],"about":[{"href":"https:\/\/lavras.tv\/site\/wp-json\/wp\/v2\/types\/post"}],"author":[{"embeddable":true,"href":"https:\/\/lavras.tv\/site\/wp-json\/wp\/v2\/users\/2"}],"replies":[{"embeddable":true,"href":"https:\/\/lavras.tv\/site\/wp-json\/wp\/v2\/comments?post=3635"}],"version-history":[{"count":1,"href":"https:\/\/lavras.tv\/site\/wp-json\/wp\/v2\/posts\/3635\/revisions"}],"predecessor-version":[{"id":3637,"href":"https:\/\/lavras.tv\/site\/wp-json\/wp\/v2\/posts\/3635\/revisions\/3637"}],"wp:featuredmedia":[{"embeddable":true,"href":"https:\/\/lavras.tv\/site\/wp-json\/wp\/v2\/media\/3636"}],"wp:attachment":[{"href":"https:\/\/lavras.tv\/site\/wp-json\/wp\/v2\/media?parent=3635"}],"wp:term":[{"taxonomy":"category","embeddable":true,"href":"https:\/\/lavras.tv\/site\/wp-json\/wp\/v2\/categories?post=3635"},{"taxonomy":"post_tag","embeddable":true,"href":"https:\/\/lavras.tv\/site\/wp-json\/wp\/v2\/tags?post=3635"}],"curies":[{"name":"wp","href":"https:\/\/api.w.org\/{rel}","templated":true}]}}