{"id":36527,"date":"2019-08-01T09:24:39","date_gmt":"2019-08-01T12:24:39","guid":{"rendered":"http:\/\/lavras.tv\/site\/?p=36527"},"modified":"2019-08-01T09:24:39","modified_gmt":"2019-08-01T12:24:39","slug":"presidente-da-oab-pede-no-stf-para-bolsonaro-explicar-morte-do-pai","status":"publish","type":"post","link":"https:\/\/lavras.tv\/site\/2019\/08\/01\/presidente-da-oab-pede-no-stf-para-bolsonaro-explicar-morte-do-pai\/","title":{"rendered":"Presidente da OAB pede no STF para Bolsonaro explicar morte do pai"},"content":{"rendered":"<div class=\"lavra-antes-do-conteudo_2\" id=\"lavra-3026599887\"><div id=\"lavra-slider-27\" class=\"custom-slider lavra-slider-1364112963 lavra-slider\"><ul><li><div style=\"margin-left: auto;margin-right: auto;text-align: center;\" id=\"lavra-2420366005\"><a href=\"https:\/\/sistemas.lavras.mg.gov.br\/portalcidadao\/#df1b1a7c7b2a290bcb31e32771e610784662739a88807c0dacac58ede5f391a7530e299dc302d611ee73cb143fc22eaf93592e53e7b5bdb01b00a0b8d28dae460c141dd2ff83412e4dc1c31b16b25f33144a9e5620ea73b13f5bc1c59411d98439ad226e8af03840603796067d87afe130812cf3de24982d0e306f9e61e764e5\" aria-label=\"Lavras-TV&#8211;720x104px (1) (1)\"><img src=\"https:\/\/lavras.tv\/site\/wp-content\/uploads\/2025\/01\/Lavras-TV-720x104px-1-1.png\" alt=\"\"  srcset=\"https:\/\/lavras.tv\/site\/wp-content\/uploads\/2025\/01\/Lavras-TV-720x104px-1-1.png 720w, https:\/\/lavras.tv\/site\/wp-content\/uploads\/2025\/01\/Lavras-TV-720x104px-1-1-470x68.png 470w, https:\/\/lavras.tv\/site\/wp-content\/uploads\/2025\/01\/Lavras-TV-720x104px-1-1-170x25.png 170w, https:\/\/lavras.tv\/site\/wp-content\/uploads\/2025\/01\/Lavras-TV-720x104px-1-1-200x29.png 200w\" sizes=\"(max-width: 720px) 100vw, 720px\" width=\"720\" height=\"104\"  style=\"display: inline-block;\" \/><\/a><\/div><\/li><li><a href=\"https:\/\/sistemas.lavras.mg.gov.br\/portalcidadao\/#df1b1a7c7b2a290bcb31e32771e610784662739a88807c0dacac58ede5f391a7530e299dc302d611ee73cb143fc22eaf93592e53e7b5bdb01b00a0b8d28dae460c141dd2ff83412e4dc1c31b16b25f33144a9e5620ea73b13f5bc1c59411d98439ad226e8af03840603796067d87afe130812cf3de24982d0e306f9e61e764e5\" aria-label=\"Banner_Emprego_PortallavrasTV\"><img src=\"https:\/\/lavras.tv\/site\/wp-content\/uploads\/2025\/03\/Banner_Emprego_PortallavrasTV.png\" alt=\"\"  srcset=\"https:\/\/lavras.tv\/site\/wp-content\/uploads\/2025\/03\/Banner_Emprego_PortallavrasTV.png 720w, https:\/\/lavras.tv\/site\/wp-content\/uploads\/2025\/03\/Banner_Emprego_PortallavrasTV-470x68.png 470w, https:\/\/lavras.tv\/site\/wp-content\/uploads\/2025\/03\/Banner_Emprego_PortallavrasTV-170x25.png 170w, https:\/\/lavras.tv\/site\/wp-content\/uploads\/2025\/03\/Banner_Emprego_PortallavrasTV-200x29.png 200w\" sizes=\"(max-width: 720px) 100vw, 720px\" width=\"720\" height=\"104\"   \/><\/a><\/li><li><a href=\"https:\/\/sistemas.lavras.mg.gov.br\/portalcidadao\/#df1b1a7c7b2a290bcb31e32771e610784662739a88807c0dacac58ede5f391a7530e299dc302d611ee73cb143fc22eaf93592e53e7b5bdb01b00a0b8d28dae460c141dd2ff83412e4dc1c31b16b25f33144a9e5620ea73b13f5bc1c59411d98439ad226e8af03840603796067d87afe130812cf3de24982d0e306f9e61e764e5\" aria-label=\"Banner_Obras_PortallavrasTV\"><img src=\"https:\/\/lavras.tv\/site\/wp-content\/uploads\/2025\/03\/Banner_Obras_PortallavrasTV.png\" alt=\"\"  srcset=\"https:\/\/lavras.tv\/site\/wp-content\/uploads\/2025\/03\/Banner_Obras_PortallavrasTV.png 720w, https:\/\/lavras.tv\/site\/wp-content\/uploads\/2025\/03\/Banner_Obras_PortallavrasTV-470x68.png 470w, https:\/\/lavras.tv\/site\/wp-content\/uploads\/2025\/03\/Banner_Obras_PortallavrasTV-170x25.png 170w, https:\/\/lavras.tv\/site\/wp-content\/uploads\/2025\/03\/Banner_Obras_PortallavrasTV-200x29.png 200w\" sizes=\"(max-width: 720px) 100vw, 720px\" width=\"720\" height=\"104\"   \/><\/a><\/li><li><div style=\"margin-left: auto;margin-right: auto;text-align: center;\" id=\"lavra-2546807453\"><a href=\"https:\/\/sistemas.lavras.mg.gov.br\/portalcidadao\/#df1b1a7c7b2a290bcb31e32771e610784662739a88807c0dacac58ede5f391a7530e299dc302d611ee73cb143fc22eaf93592e53e7b5bdb01b00a0b8d28dae460c141dd2ff83412e4dc1c31b16b25f33144a9e5620ea73b13f5bc1c59411d98439ad226e8af03840603796067d87afe130812cf3de24982d0e306f9e61e764e5\" aria-label=\"Banner_Educa\u00e7\u00e3o_PortallavrasTV\"><img src=\"https:\/\/lavras.tv\/site\/wp-content\/uploads\/2025\/01\/Banner_Educacao_PortallavrasTV.png\" alt=\"\"  srcset=\"https:\/\/lavras.tv\/site\/wp-content\/uploads\/2025\/01\/Banner_Educacao_PortallavrasTV.png 720w, https:\/\/lavras.tv\/site\/wp-content\/uploads\/2025\/01\/Banner_Educacao_PortallavrasTV-470x68.png 470w, https:\/\/lavras.tv\/site\/wp-content\/uploads\/2025\/01\/Banner_Educacao_PortallavrasTV-170x25.png 170w, https:\/\/lavras.tv\/site\/wp-content\/uploads\/2025\/01\/Banner_Educacao_PortallavrasTV-200x29.png 200w\" sizes=\"(max-width: 720px) 100vw, 720px\" width=\"720\" height=\"104\"  style=\"display: inline-block;\" \/><\/a><\/div><\/li><li><a href=\"https:\/\/sistemas.lavras.mg.gov.br\/portalcidadao\/#df1b1a7c7b2a290bcb31e32771e610784662739a88807c0dacac58ede5f391a7530e299dc302d611ee73cb143fc22eaf93592e53e7b5bdb01b00a0b8d28dae460c141dd2ff83412e4dc1c31b16b25f33144a9e5620ea73b13f5bc1c59411d98439ad226e8af03840603796067d87afe130812cf3de24982d0e306f9e61e764e5\" aria-label=\"Banner_Sa\u00fade_PortallavrasTV\"><img src=\"https:\/\/lavras.tv\/site\/wp-content\/uploads\/2025\/03\/Banner_Saude_PortallavrasTV.png\" alt=\"\"  srcset=\"https:\/\/lavras.tv\/site\/wp-content\/uploads\/2025\/03\/Banner_Saude_PortallavrasTV.png 720w, https:\/\/lavras.tv\/site\/wp-content\/uploads\/2025\/03\/Banner_Saude_PortallavrasTV-470x68.png 470w, https:\/\/lavras.tv\/site\/wp-content\/uploads\/2025\/03\/Banner_Saude_PortallavrasTV-170x25.png 170w, https:\/\/lavras.tv\/site\/wp-content\/uploads\/2025\/03\/Banner_Saude_PortallavrasTV-200x29.png 200w\" sizes=\"(max-width: 720px) 100vw, 720px\" width=\"720\" height=\"104\"   \/><\/a><\/li><li><div id=\"lavra-3724749064\" style=\"width:720px;height:104px;background-color:#ddd;overflow:scroll;\">\n\t<strong>Sa\u00edda da depura\u00e7\u00e3o de an\u00fancios<\/strong>\n\t<br><br>\n\tO an\u00fancio n\u00e3o \u00e9 exibido na p\u00e1gina<br><br>post atual: Presidente da OAB pede no STF para Bolsonaro explicar morte do pai, ID: 36527<br><br><span style=\"color: red;\">O post atual n\u00e3o \u00e9 id\u00eantico ao post principal.<\/span><br><br>An\u00fancios: ROXO - TOPO INTERNA - ROTATIVO 2 (197)<br \/>Grupo de an\u00fancios: Princ_Meio01_720x104 (27)<br><br>Condi\u00e7\u00f5es de exibi\u00e7\u00e3o<div style=\"margin-bottom: 20px; white-space: pre-wrap; font-family: monospace; width: 100%; background: #ffe9e9;\"><strong>condi\u00e7\u00f5es gerais<\/strong><table border=\"1\"><thead><tr><th><\/th><th>An\u00fancios<\/th><th>wp_the_query<\/th><\/tr><\/thead><tr><td>is_main_query<\/td><td>1<\/td><td>1<\/td><\/tr><tr><td>is_rest_api<\/td><td>0<\/td><td>1<\/td><\/tr><tr><td>page<\/td><td>0<\/td><td>1<\/td><\/tr><tr><td>numpages<\/td><td>0<\/td><td>1<\/td><\/tr><tr><td>is_archive<\/td><td>1<\/td><td><\/td><\/tr><tr><td>is_search<\/td><td>1<\/td><td><\/td><\/tr><tr><td>is_home<\/td><td>1<\/td><td><\/td><\/tr><tr><td>is_404<\/td><td>1<\/td><td><\/td><\/tr><tr><td>is_attachment<\/td><td>1<\/td><td><\/td><\/tr><tr><td>is_singular<\/td><td>1<\/td><td><\/td><\/tr><tr><td>is_front_page<\/td><td>1<\/td><td><\/td><\/tr><tr><td>is_feed<\/td><td>1<\/td><td><\/td><\/tr><\/table><\/div><br><br><span style=\"color: red;\">Seu site usa HTTPS, mas o c\u00f3digo do an\u00fancio cont\u00e9m HTTP e pode n\u00e3o funcionar.<\/span>\t<br><br>\n\t<a style=\"color: green;\" href=\"https:\/\/wpadvancedads.com\/manual\/ad-debug-mode\/?utm_source=advanced-ads&utm_medium=link&utm_campaign=ad-debug-mode\" target=\"_blank\" rel=\"nofollow\">Encontre solu\u00e7\u00f5es no manual<\/a>\n<\/div>\n<\/li><\/ul><\/div><script>( window.advanced_ads_ready || jQuery( document ).ready ).call( null, function() {var $lavraslider1364112963 = jQuery( \".lavra-slider-1364112963\" );$lavraslider1364112963.on( \"unslider.ready\", function() { jQuery( \"div.custom-slider ul li\" ).css( \"display\", \"block\" ); });$lavraslider1364112963.unslider({ delay:4000, autoplay:true, nav:false, arrows:false, infinite:true });$lavraslider1364112963.on(\"mouseover\", function() {$lavraslider1364112963.unslider(\"stop\");}).on(\"mouseout\", function() {$lavraslider1364112963.unslider(\"start\");});});<\/script><\/div><p>O presidente da Ordem dos Advogados do Brasil (OAB), Felipe de Santa Cruz Oliveira, acionou o Supremo Tribunal Federal (STF) na tarde desta quarta-feira para pedir explica\u00e7\u00f5es do presidente Jair Bolsonaro a respeito da vers\u00e3o sobre a morte do desaparecido pol\u00edtico Fernando Augusto de Santa Cruz Oliveira. Fernando \u00e9 pai de Santa Cruz e foi integrante do grupo A\u00e7\u00e3o Popular (AP). A vers\u00e3o apresentada por Bolsonaro n\u00e3o tem respaldo em informa\u00e7\u00f5es oficiais.<\/p>\n<p>Para Santa Cruz \u00e9 &#8220;intoler\u00e1vel&#8221; que Bolsonaro procure &#8220;enxovalhar a honra de quem fora covardemente assassinado pelo aparelho repressivo estatal&#8221;.<\/p>\n<p>Bolsonaro afirmou ter ci\u00eancia de como Fernando Augusto de Santa Cruz Oliveira, integrante do grupo A\u00e7\u00e3o Popular, &#8220;desapareceu no per\u00edodo militar&#8221;. Depois, disse que o militante foi morto por correligion\u00e1rios na d\u00e9cada de 1970. A declara\u00e7\u00e3o contraria uma lei vigente e uma decis\u00e3o judicial que reconhecem a responsabilidade da Uni\u00e3o no sequestro e desaparecimento do ent\u00e3o estudante de Direito em 1974.<\/p>\n<p>Na pe\u00e7a protocolada nesta quarta, o presidente da OAB pede para Bolsonaro explicar os seguintes pontos: se efetivamente tem conhecimento das circunst\u00e2ncias, dos locais, dos fatos e dos nomes das pessoas que causaram o desaparecimento for\u00e7ado e assassinato de Fernando Augusto de Santa Cruz Oliveira; em caso positivo, quais informa\u00e7\u00f5es det\u00e9m, como as obteve e como as comprova; se sabe e pode nominar os autores do crime e onde est\u00e1 o corpo do pai do presidente da OAB; ainda, em caso afirmativo, a raz\u00e3o por n\u00e3o ter denunciado ou mandado apurar a conduta criminosa revelada; e se realmente afirmou a ve\u00edculos de imprensa que Fernando Augusto de Santa Cruz Oliveira teria sido assassinado n\u00e3o por militares, mas por seus companheiros da A\u00e7\u00e3o Popular.<\/p>\n<p><img fetchpriority=\"high\" decoding=\"async\" class=\"alignnone size-full wp-image-36528 aligncenter\" src=\"http:\/\/lavras.tv\/site\/wp-content\/uploads\/2019\/08\/oab.png\" alt=\"\" width=\"680\" height=\"453\" srcset=\"https:\/\/lavras.tv\/site\/wp-content\/uploads\/2019\/08\/oab.png 680w, https:\/\/lavras.tv\/site\/wp-content\/uploads\/2019\/08\/oab-150x100.png 150w, https:\/\/lavras.tv\/site\/wp-content\/uploads\/2019\/08\/oab-300x200.png 300w, https:\/\/lavras.tv\/site\/wp-content\/uploads\/2019\/08\/oab-480x320.png 480w, https:\/\/lavras.tv\/site\/wp-content\/uploads\/2019\/08\/oab-272x182.png 272w\" sizes=\"(max-width: 680px) 100vw, 680px\" \/><\/p>\n<p><strong>Mem\u00f3ria<\/strong><\/p>\n<p>Segundo o presidente da OAB, esta n\u00e3o \u00e9 a primeira vez que Bolsonaro lhe ataca e tenta &#8220;desqualificar a mem\u00f3ria&#8221; de seu pai.<\/p>\n<p>&#8220;A diferen\u00e7a \u00e9 que, agora, na condi\u00e7\u00e3o de presidente da Rep\u00fablica, ele confessa publicamente saber da forma e da circunst\u00e2ncia em que cometido um grave crime contra a humanidade a saber, o desaparecimento for\u00e7ado de Fernando de Santa Cruz, al\u00e9m de ofender a mem\u00f3ria da v\u00edtima, bem como o direito ao luto e \u00e0 dignidade de seus familiares&#8221;, afirmou Santa Cruz.<\/p>\n<p>O presidente da OAB destaca que relat\u00f3rio da Comiss\u00e3o Nacional da Verdade, grupo criado para esclarecer viola\u00e7\u00f5es de direitos humanos praticadas de 1946 a 1988, concluiu que seu pai &#8220;foi preso e morto por agentes do Estado brasileiro e permanece desaparecido, sem que os seus restos mortais tenham sido entregues \u00e0 sua fam\u00edlia&#8221;.<\/p>\n<p>&#8220;As declara\u00e7\u00f5es do Presidente da Rep\u00fablica, al\u00e9m de n\u00e3o estarem lastreadas em documentos oficiais, contrariam a posi\u00e7\u00e3o oficial do Estado brasileiro, que reconheceu e declarou o desaparecimento for\u00e7ado de Fernando de Santa Cruz, em cumprimento \u00e0 legisla\u00e7\u00e3o interna e aos compromissos internacionais assumidos pelo Brasil&#8221;, afirma Santa Cruz.<\/p>\n<p>Procurado, o Pal\u00e1cio do Planalto ainda n\u00e3o se manifestou.<\/p>\n<p>Fonte: Itatiaia<\/p>\n","protected":false},"excerpt":{"rendered":"<p>O presidente da Ordem dos Advogados do Brasil (OAB), Felipe de Santa Cruz Oliveira, acionou o Supremo Tribunal Federal (STF) na tarde desta quarta-feira para pedir explica\u00e7\u00f5es do presidente Jair Bolsonaro a respeito da vers\u00e3o sobre a morte do desaparecido pol\u00edtico Fernando Augusto de Santa Cruz Oliveira. Fernando \u00e9 pai de Santa Cruz e foi [&hellip;]<\/p>\n","protected":false},"author":2,"featured_media":36528,"comment_status":"closed","ping_status":"open","sticky":false,"template":"","format":"standard","meta":{"advgb_blocks_editor_width":"","advgb_blocks_columns_visual_guide":"","_exactmetrics_skip_tracking":false,"_exactmetrics_sitenote_active":false,"_exactmetrics_sitenote_note":"","_exactmetrics_sitenote_category":0,"footnotes":""},"categories":[7,12],"tags":[],"class_list":["post-36527","post","type-post","status-publish","format-standard","has-post-thumbnail","hentry","category-destaques","category-politica"],"better_featured_image":{"id":36528,"alt_text":"","caption":"","description":"","media_type":"image","media_details":{"width":680,"height":453,"file":"2019\/08\/oab.png","sizes":{"thumbnail":{"file":"oab-150x100.png","width":150,"height":100,"mime-type":"image\/png","source_url":"https:\/\/lavras.tv\/site\/wp-content\/uploads\/2019\/08\/oab-150x100.png"},"medium":{"file":"oab-300x200.png","width":300,"height":200,"mime-type":"image\/png","source_url":"https:\/\/lavras.tv\/site\/wp-content\/uploads\/2019\/08\/oab-300x200.png"},"featured-slider-img":{"file":"oab-640x453.png","width":640,"height":453,"mime-type":"image\/png","source_url":"https:\/\/lavras.tv\/site\/wp-content\/uploads\/2019\/08\/oab-640x453.png"},"featured-post-img":{"file":"oab-480x320.png","width":480,"height":320,"mime-type":"image\/png","source_url":"https:\/\/lavras.tv\/site\/wp-content\/uploads\/2019\/08\/oab-480x320.png"},"sow-carousel-default":{"file":"oab-272x182.png","width":272,"height":182,"mime-type":"image\/png","source_url":"https:\/\/lavras.tv\/site\/wp-content\/uploads\/2019\/08\/oab-272x182.png"}},"image_meta":{"aperture":"0","credit":"","camera":"","caption":"","created_timestamp":"0","copyright":"","focal_length":"0","iso":"0","shutter_speed":"0","title":"","orientation":"0","keywords":[]}},"post":36527,"source_url":"https:\/\/lavras.tv\/site\/wp-content\/uploads\/2019\/08\/oab.png"},"author_meta":{"display_name":"Lavras TV","author_link":"https:\/\/lavras.tv\/site\/author\/lavrastv\/"},"featured_img":"https:\/\/lavras.tv\/site\/wp-content\/uploads\/2019\/08\/oab-300x200.png","coauthors":[],"tax_additional":{"categories":{"linked":["<a href=\"https:\/\/lavras.tv\/site\/category\/destaques\/\" class=\"advgb-post-tax-term\">Destaques<\/a>","<a href=\"https:\/\/lavras.tv\/site\/category\/politica\/\" class=\"advgb-post-tax-term\">Pol\u00edtica<\/a>"],"unlinked":["<span class=\"advgb-post-tax-term\">Destaques<\/span>","<span class=\"advgb-post-tax-term\">Pol\u00edtica<\/span>"]}},"comment_count":"0","relative_dates":{"created":"Publicado 7 anos atr\u00e1s","modified":"Atualizado 7 anos atr\u00e1s"},"absolute_dates":{"created":"Publicado em 1 de agosto de 2019","modified":"Atualizado em 1 de agosto de 2019"},"absolute_dates_time":{"created":"Publicado em 1 de agosto de 2019 09:24","modified":"Atualizado em 1 de agosto de 2019 09:24"},"featured_img_caption":"","series_order":"","_links":{"self":[{"href":"https:\/\/lavras.tv\/site\/wp-json\/wp\/v2\/posts\/36527","targetHints":{"allow":["GET"]}}],"collection":[{"href":"https:\/\/lavras.tv\/site\/wp-json\/wp\/v2\/posts"}],"about":[{"href":"https:\/\/lavras.tv\/site\/wp-json\/wp\/v2\/types\/post"}],"author":[{"embeddable":true,"href":"https:\/\/lavras.tv\/site\/wp-json\/wp\/v2\/users\/2"}],"replies":[{"embeddable":true,"href":"https:\/\/lavras.tv\/site\/wp-json\/wp\/v2\/comments?post=36527"}],"version-history":[{"count":1,"href":"https:\/\/lavras.tv\/site\/wp-json\/wp\/v2\/posts\/36527\/revisions"}],"predecessor-version":[{"id":36529,"href":"https:\/\/lavras.tv\/site\/wp-json\/wp\/v2\/posts\/36527\/revisions\/36529"}],"wp:featuredmedia":[{"embeddable":true,"href":"https:\/\/lavras.tv\/site\/wp-json\/wp\/v2\/media\/36528"}],"wp:attachment":[{"href":"https:\/\/lavras.tv\/site\/wp-json\/wp\/v2\/media?parent=36527"}],"wp:term":[{"taxonomy":"category","embeddable":true,"href":"https:\/\/lavras.tv\/site\/wp-json\/wp\/v2\/categories?post=36527"},{"taxonomy":"post_tag","embeddable":true,"href":"https:\/\/lavras.tv\/site\/wp-json\/wp\/v2\/tags?post=36527"}],"curies":[{"name":"wp","href":"https:\/\/api.w.org\/{rel}","templated":true}]}}