{"id":3660,"date":"2016-11-08T09:34:19","date_gmt":"2016-11-08T11:34:19","guid":{"rendered":"http:\/\/lavras.tv\/site\/?p=3660"},"modified":"2016-11-08T09:34:19","modified_gmt":"2016-11-08T11:34:19","slug":"ufla-desenvolve-projeto-que-capacita-estudantes-para-atuar-no-mercado-de-cafes-de-alta-qualidade","status":"publish","type":"post","link":"https:\/\/lavras.tv\/site\/2016\/11\/08\/ufla-desenvolve-projeto-que-capacita-estudantes-para-atuar-no-mercado-de-cafes-de-alta-qualidade\/","title":{"rendered":"UFLA desenvolve projeto que capacita estudantes para atuar no mercado de caf\u00e9s de alta qualidade"},"content":{"rendered":"<div class=\"lavra-antes-do-conteudo_2\" id=\"lavra-1258188031\"><div id=\"lavra-slider-27\" class=\"custom-slider lavra-slider-3365121797 lavra-slider\"><ul><li><div style=\"margin-left: auto;margin-right: auto;text-align: center;\" id=\"lavra-10963949\"><a href=\"https:\/\/sistemas.lavras.mg.gov.br\/portalcidadao\/#df1b1a7c7b2a290bcb31e32771e610784662739a88807c0dacac58ede5f391a7530e299dc302d611ee73cb143fc22eaf93592e53e7b5bdb01b00a0b8d28dae460c141dd2ff83412e4dc1c31b16b25f33144a9e5620ea73b13f5bc1c59411d98439ad226e8af03840603796067d87afe130812cf3de24982d0e306f9e61e764e5\" aria-label=\"Lavras-TV&#8211;720x104px (1) (1)\"><img src=\"https:\/\/lavras.tv\/site\/wp-content\/uploads\/2025\/01\/Lavras-TV-720x104px-1-1.png\" alt=\"\"  srcset=\"https:\/\/lavras.tv\/site\/wp-content\/uploads\/2025\/01\/Lavras-TV-720x104px-1-1.png 720w, https:\/\/lavras.tv\/site\/wp-content\/uploads\/2025\/01\/Lavras-TV-720x104px-1-1-470x68.png 470w, https:\/\/lavras.tv\/site\/wp-content\/uploads\/2025\/01\/Lavras-TV-720x104px-1-1-170x25.png 170w, https:\/\/lavras.tv\/site\/wp-content\/uploads\/2025\/01\/Lavras-TV-720x104px-1-1-200x29.png 200w\" sizes=\"(max-width: 720px) 100vw, 720px\" width=\"720\" height=\"104\"  style=\"display: inline-block;\" \/><\/a><\/div><\/li><li><a href=\"https:\/\/sistemas.lavras.mg.gov.br\/portalcidadao\/#df1b1a7c7b2a290bcb31e32771e610784662739a88807c0dacac58ede5f391a7530e299dc302d611ee73cb143fc22eaf93592e53e7b5bdb01b00a0b8d28dae460c141dd2ff83412e4dc1c31b16b25f33144a9e5620ea73b13f5bc1c59411d98439ad226e8af03840603796067d87afe130812cf3de24982d0e306f9e61e764e5\" aria-label=\"Banner_Emprego_PortallavrasTV\"><img src=\"https:\/\/lavras.tv\/site\/wp-content\/uploads\/2025\/03\/Banner_Emprego_PortallavrasTV.png\" alt=\"\"  srcset=\"https:\/\/lavras.tv\/site\/wp-content\/uploads\/2025\/03\/Banner_Emprego_PortallavrasTV.png 720w, https:\/\/lavras.tv\/site\/wp-content\/uploads\/2025\/03\/Banner_Emprego_PortallavrasTV-470x68.png 470w, https:\/\/lavras.tv\/site\/wp-content\/uploads\/2025\/03\/Banner_Emprego_PortallavrasTV-170x25.png 170w, https:\/\/lavras.tv\/site\/wp-content\/uploads\/2025\/03\/Banner_Emprego_PortallavrasTV-200x29.png 200w\" sizes=\"(max-width: 720px) 100vw, 720px\" width=\"720\" height=\"104\"   \/><\/a><\/li><li><a href=\"https:\/\/sistemas.lavras.mg.gov.br\/portalcidadao\/#df1b1a7c7b2a290bcb31e32771e610784662739a88807c0dacac58ede5f391a7530e299dc302d611ee73cb143fc22eaf93592e53e7b5bdb01b00a0b8d28dae460c141dd2ff83412e4dc1c31b16b25f33144a9e5620ea73b13f5bc1c59411d98439ad226e8af03840603796067d87afe130812cf3de24982d0e306f9e61e764e5\" aria-label=\"Banner_Obras_PortallavrasTV\"><img src=\"https:\/\/lavras.tv\/site\/wp-content\/uploads\/2025\/03\/Banner_Obras_PortallavrasTV.png\" alt=\"\"  srcset=\"https:\/\/lavras.tv\/site\/wp-content\/uploads\/2025\/03\/Banner_Obras_PortallavrasTV.png 720w, https:\/\/lavras.tv\/site\/wp-content\/uploads\/2025\/03\/Banner_Obras_PortallavrasTV-470x68.png 470w, https:\/\/lavras.tv\/site\/wp-content\/uploads\/2025\/03\/Banner_Obras_PortallavrasTV-170x25.png 170w, https:\/\/lavras.tv\/site\/wp-content\/uploads\/2025\/03\/Banner_Obras_PortallavrasTV-200x29.png 200w\" sizes=\"(max-width: 720px) 100vw, 720px\" width=\"720\" height=\"104\"   \/><\/a><\/li><li><div style=\"margin-left: auto;margin-right: auto;text-align: center;\" id=\"lavra-3543884029\"><a href=\"https:\/\/sistemas.lavras.mg.gov.br\/portalcidadao\/#df1b1a7c7b2a290bcb31e32771e610784662739a88807c0dacac58ede5f391a7530e299dc302d611ee73cb143fc22eaf93592e53e7b5bdb01b00a0b8d28dae460c141dd2ff83412e4dc1c31b16b25f33144a9e5620ea73b13f5bc1c59411d98439ad226e8af03840603796067d87afe130812cf3de24982d0e306f9e61e764e5\" aria-label=\"Banner_Educa\u00e7\u00e3o_PortallavrasTV\"><img src=\"https:\/\/lavras.tv\/site\/wp-content\/uploads\/2025\/01\/Banner_Educacao_PortallavrasTV.png\" alt=\"\"  srcset=\"https:\/\/lavras.tv\/site\/wp-content\/uploads\/2025\/01\/Banner_Educacao_PortallavrasTV.png 720w, https:\/\/lavras.tv\/site\/wp-content\/uploads\/2025\/01\/Banner_Educacao_PortallavrasTV-470x68.png 470w, https:\/\/lavras.tv\/site\/wp-content\/uploads\/2025\/01\/Banner_Educacao_PortallavrasTV-170x25.png 170w, https:\/\/lavras.tv\/site\/wp-content\/uploads\/2025\/01\/Banner_Educacao_PortallavrasTV-200x29.png 200w\" sizes=\"(max-width: 720px) 100vw, 720px\" width=\"720\" height=\"104\"  style=\"display: inline-block;\" \/><\/a><\/div><\/li><li><a href=\"https:\/\/sistemas.lavras.mg.gov.br\/portalcidadao\/#df1b1a7c7b2a290bcb31e32771e610784662739a88807c0dacac58ede5f391a7530e299dc302d611ee73cb143fc22eaf93592e53e7b5bdb01b00a0b8d28dae460c141dd2ff83412e4dc1c31b16b25f33144a9e5620ea73b13f5bc1c59411d98439ad226e8af03840603796067d87afe130812cf3de24982d0e306f9e61e764e5\" aria-label=\"Banner_Sa\u00fade_PortallavrasTV\"><img src=\"https:\/\/lavras.tv\/site\/wp-content\/uploads\/2025\/03\/Banner_Saude_PortallavrasTV.png\" alt=\"\"  srcset=\"https:\/\/lavras.tv\/site\/wp-content\/uploads\/2025\/03\/Banner_Saude_PortallavrasTV.png 720w, https:\/\/lavras.tv\/site\/wp-content\/uploads\/2025\/03\/Banner_Saude_PortallavrasTV-470x68.png 470w, https:\/\/lavras.tv\/site\/wp-content\/uploads\/2025\/03\/Banner_Saude_PortallavrasTV-170x25.png 170w, https:\/\/lavras.tv\/site\/wp-content\/uploads\/2025\/03\/Banner_Saude_PortallavrasTV-200x29.png 200w\" sizes=\"(max-width: 720px) 100vw, 720px\" width=\"720\" height=\"104\"   \/><\/a><\/li><li><div id=\"lavra-2702513469\" style=\"width:720px;height:104px;background-color:#ddd;overflow:scroll;\">\n\t<strong>Sa\u00edda da depura\u00e7\u00e3o de an\u00fancios<\/strong>\n\t<br><br>\n\tO an\u00fancio n\u00e3o \u00e9 exibido na p\u00e1gina<br><br>post atual: UFLA desenvolve projeto que capacita estudantes para atuar no mercado de caf\u00e9s de alta qualidade, ID: 3660<br><br><span style=\"color: red;\">O post atual n\u00e3o \u00e9 id\u00eantico ao post principal.<\/span><br><br>An\u00fancios: ROXO - TOPO INTERNA - ROTATIVO 2 (197)<br \/>Grupo de an\u00fancios: Princ_Meio01_720x104 (27)<br><br>Condi\u00e7\u00f5es de exibi\u00e7\u00e3o<div style=\"margin-bottom: 20px; white-space: pre-wrap; font-family: monospace; width: 100%; background: #ffe9e9;\"><strong>condi\u00e7\u00f5es gerais<\/strong><table border=\"1\"><thead><tr><th><\/th><th>An\u00fancios<\/th><th>wp_the_query<\/th><\/tr><\/thead><tr><td>is_main_query<\/td><td>1<\/td><td>1<\/td><\/tr><tr><td>is_rest_api<\/td><td>0<\/td><td>1<\/td><\/tr><tr><td>page<\/td><td>0<\/td><td>1<\/td><\/tr><tr><td>numpages<\/td><td>0<\/td><td>1<\/td><\/tr><tr><td>is_archive<\/td><td>1<\/td><td><\/td><\/tr><tr><td>is_search<\/td><td>1<\/td><td><\/td><\/tr><tr><td>is_home<\/td><td>1<\/td><td><\/td><\/tr><tr><td>is_404<\/td><td>1<\/td><td><\/td><\/tr><tr><td>is_attachment<\/td><td>1<\/td><td><\/td><\/tr><tr><td>is_singular<\/td><td>1<\/td><td><\/td><\/tr><tr><td>is_front_page<\/td><td>1<\/td><td><\/td><\/tr><tr><td>is_feed<\/td><td>1<\/td><td><\/td><\/tr><\/table><\/div><br><br><span style=\"color: red;\">Seu site usa HTTPS, mas o c\u00f3digo do an\u00fancio cont\u00e9m HTTP e pode n\u00e3o funcionar.<\/span>\t<br><br>\n\t<a style=\"color: green;\" href=\"https:\/\/wpadvancedads.com\/manual\/ad-debug-mode\/?utm_source=advanced-ads&utm_medium=link&utm_campaign=ad-debug-mode\" target=\"_blank\" rel=\"nofollow\">Encontre solu\u00e7\u00f5es no manual<\/a>\n<\/div>\n<\/li><\/ul><\/div><script>( window.advanced_ads_ready || jQuery( document ).ready ).call( null, function() {var $lavraslider3365121797 = jQuery( \".lavra-slider-3365121797\" );$lavraslider3365121797.on( \"unslider.ready\", function() { jQuery( \"div.custom-slider ul li\" ).css( \"display\", \"block\" ); });$lavraslider3365121797.unslider({ delay:4000, autoplay:true, nav:false, arrows:false, infinite:true });$lavraslider3365121797.on(\"mouseover\", function() {$lavraslider3365121797.unslider(\"stop\");}).on(\"mouseout\", function() {$lavraslider3365121797.unslider(\"start\");});});<\/script><\/div><p>Com o objetivo de promover a troca de informa\u00e7\u00f5es e disseminar conhecimento sobre os caf\u00e9s de alta qualidade, o projeto desenvolvido pelo professor do departamento de agricultura da UFLA, com \u00eanfase na \u00e1rea de colheita, p\u00f3s-colheita e qualidade do caf\u00e9, Virg\u00edlio Anast\u00e1cio da Silva e pelo doutorando do programa de p\u00f3s-gradua\u00e7\u00e3o em fitotecnia e degustador de caf\u00e9, Bruno Ribeiro vem em pleno desenvolvimento na Universidade.<!--more--><\/p>\n<p><img fetchpriority=\"high\" decoding=\"async\" class=\"size-full wp-image-3663 aligncenter\" src=\"http:\/\/lavras.tv\/site\/wp-content\/uploads\/2016\/11\/IMG_9939.jpg\" alt=\"img_9939\" width=\"1000\" height=\"667\" srcset=\"https:\/\/lavras.tv\/site\/wp-content\/uploads\/2016\/11\/IMG_9939.jpg 1000w, https:\/\/lavras.tv\/site\/wp-content\/uploads\/2016\/11\/IMG_9939-150x100.jpg 150w, https:\/\/lavras.tv\/site\/wp-content\/uploads\/2016\/11\/IMG_9939-300x200.jpg 300w, https:\/\/lavras.tv\/site\/wp-content\/uploads\/2016\/11\/IMG_9939-480x320.jpg 480w, https:\/\/lavras.tv\/site\/wp-content\/uploads\/2016\/11\/IMG_9939-272x182.jpg 272w\" sizes=\"(max-width: 1000px) 100vw, 1000px\" \/><\/p>\n<p>Com sua primeira turma em andamento, o grupo \u00e9 formado por estudantes de gradua\u00e7\u00e3o do curso de agronomia da UFLA. Os encontros acontecem a cada quinze dias onde s\u00e3o debatidos de forma pr\u00e1tica as etapas pelas quais o caf\u00e9 \u00e9 submetido e como cada processo influencia na qualidade da bebida. No \u00faltimo encontro realizado no dia 01 de novembro na InovaCaf\u00e9, foram discutidas a postura na degusta\u00e7\u00e3o, atributos de caf\u00e9s especiais, diferencia\u00e7\u00e3o dos produtos, os protocolos de degusta\u00e7\u00e3o e as normas vigentes.<\/p>\n<p><img decoding=\"async\" class=\"size-full wp-image-3661 aligncenter\" src=\"http:\/\/lavras.tv\/site\/wp-content\/uploads\/2016\/11\/IMG_9964.jpg\" alt=\"img_9964\" width=\"1000\" height=\"667\" srcset=\"https:\/\/lavras.tv\/site\/wp-content\/uploads\/2016\/11\/IMG_9964.jpg 1000w, https:\/\/lavras.tv\/site\/wp-content\/uploads\/2016\/11\/IMG_9964-150x100.jpg 150w, https:\/\/lavras.tv\/site\/wp-content\/uploads\/2016\/11\/IMG_9964-300x200.jpg 300w, https:\/\/lavras.tv\/site\/wp-content\/uploads\/2016\/11\/IMG_9964-480x320.jpg 480w, https:\/\/lavras.tv\/site\/wp-content\/uploads\/2016\/11\/IMG_9964-272x182.jpg 272w\" sizes=\"(max-width: 1000px) 100vw, 1000px\" \/><\/p>\n<p>A ideia dos tutores surgiu ap\u00f3s perceberem a demanda por caf\u00e9s especiais, do crescente mercado que procura profissionais diferenciados que conhe\u00e7am o processo, as origens e como chegar a esse produto, \u201cvimos a oportunidade de trabalhar com um grupo de interessados, criamos o projeto em parceria com eles, com cronogramas, organiza\u00e7\u00f5es, atribui\u00e7\u00f5es, que segue uma estrutura de atua\u00e7\u00e3o j\u00e1 consolidada no vinho e que vem se concretizando cada vez mais, na cafeicultura\u201d, comenta Bruno.<\/p>\n<p>&nbsp;<\/p>\n<p><strong>FUTURO PROFISSIONAL\u00a0<\/strong><\/p>\n<p>De acordo com o professor Virg\u00edlio, \u201ca principal import\u00e2ncia desse projeto \u00e9 que esses estudantes v\u00e3o ter conhecimento sobre classifica\u00e7\u00e3o e avalia\u00e7\u00e3o de qualidade de caf\u00e9 a n\u00edvel internacional, ou seja, atrav\u00e9s do curso eles v\u00e3o conhecer o protocolo da Associa\u00e7\u00e3o Americana de Caf\u00e9s Especiais (SCAA) que \u00e9 utilizado mundialmente, com a conclus\u00e3o do curso eles estar\u00e3o aptos a fazer uma avalia\u00e7\u00e3o dos caf\u00e9s a n\u00edvel internacional, mediante ao credenciamento junto ao CQI \u2013 Coffee Quality Institute\u201d.<\/p>\n<p><img decoding=\"async\" class=\"size-full wp-image-3664 aligncenter\" src=\"http:\/\/lavras.tv\/site\/wp-content\/uploads\/2016\/11\/IMG_9887.jpg\" alt=\"img_9887\" width=\"1000\" height=\"692\" srcset=\"https:\/\/lavras.tv\/site\/wp-content\/uploads\/2016\/11\/IMG_9887.jpg 1000w, https:\/\/lavras.tv\/site\/wp-content\/uploads\/2016\/11\/IMG_9887-150x104.jpg 150w, https:\/\/lavras.tv\/site\/wp-content\/uploads\/2016\/11\/IMG_9887-300x208.jpg 300w\" sizes=\"(max-width: 1000px) 100vw, 1000px\" \/><\/p>\n<p>Virg\u00edlio analisa que apesar do Brasil ser o maior produtor de caf\u00e9 do mundo, existem poucos provadores Q-grader (classificador de caf\u00e9 qualificado pelo Coffee Quality Institute (CQI) e que segue o protocolo da SCAA), hoje em dia. \u201cSe voc\u00ea visitar as cafeterias, cooperativas e produtores, eles t\u00eam uma necessidade muito grande de profissionais nessa \u00e1rea, porque a maioria dos produtores vende os seus produtos sem saber a qualidade do caf\u00e9 que eles tem na propriedade, ent\u00e3o as vezes um caf\u00e9 que teria um valor de R$ 800,00 a saca eles vendem por R$ 450,00, esses estudantes dentro de pouco tempo estar\u00e3o aptos a julgar esse caf\u00e9 e mostrar para o produtor o que eles tem na m\u00e3o, de repente ele tem um diamante que se lapidado pode virar um brilhante\u201d, ressalta.<\/p>\n<p>&nbsp;<\/p>\n<p><strong>PR\u00d3XIMOS PASSOS\u00a0<\/strong><\/p>\n<p>\u201cA nossa inten\u00e7\u00e3o \u00e9 trabalhar por etapas, visando o conhecimento geral de caf\u00e9s \u201cdas lavouras \u00e0 xicara\u201d, discutir as demandas nacionais e internacionais nos \u00e2mbitos desses profissionais, nas quais os estudantes possam compreender o processo pelo qual o produto \u00e9 submetido: com anos de treinamentos, observando \u00a0as intera\u00e7\u00f5es entre ambientes, variedades, processos , a import\u00e2ncia de seguir normas na torra\u00e7\u00e3o, a degusta\u00e7\u00e3o, a postura profissional, temos absoluta certeza do sucesso e inser\u00e7\u00e3o dos participantes nos mercados de trabalhos e ai sim, posicionaremos a forma\u00e7\u00e3o de um novo grupo. Compreender os aspectos relacionados a qualidade de caf\u00e9s, demanda de estudos, foco, atitudes, sintonia do grupo e com toda a certeza, o fortalecimento do conhecimento ser\u00e1 com o tempo e afinidade com os assuntos\u201d, explica Bruno, ressaltando que a inten\u00e7\u00e3o dos tutores \u00e9 \u00a0de ofertar novas turmas onde as vagas ser\u00e3o abertas para as pessoas que tenham interesse no caf\u00e9, n\u00e3o necessariamente pessoas ligadas a agronomia, mas pessoas que querem fazer o diferencial como os filhos de produtores, o pr\u00f3prio produtor ou pessoas ligadas ao ramo cafeeiro que queiram se aprofundar sobre o assunto, \u201cmas tudo isso s\u00f3 ser\u00e1 poss\u00edvel ap\u00f3s firmamos parcerias para dar for\u00e7a ao projeto, da\u00ed projetamos novos grupos fortalecendo o mercado\u201d, pontua.<\/p>\n<p><img loading=\"lazy\" decoding=\"async\" class=\"size-full wp-image-3662 aligncenter\" src=\"http:\/\/lavras.tv\/site\/wp-content\/uploads\/2016\/11\/IMG_9944.jpg\" alt=\"img_9944\" width=\"667\" height=\"1000\" srcset=\"https:\/\/lavras.tv\/site\/wp-content\/uploads\/2016\/11\/IMG_9944.jpg 667w, https:\/\/lavras.tv\/site\/wp-content\/uploads\/2016\/11\/IMG_9944-100x150.jpg 100w, https:\/\/lavras.tv\/site\/wp-content\/uploads\/2016\/11\/IMG_9944-200x300.jpg 200w\" sizes=\"(max-width: 667px) 100vw, 667px\" \/><\/p>\n<p>Texto e Fotos: Ascom InovaCaf\u00e9<\/p>\n","protected":false},"excerpt":{"rendered":"<p>Com o objetivo de promover a troca de informa\u00e7\u00f5es e disseminar conhecimento sobre os caf\u00e9s de alta qualidade, o projeto desenvolvido pelo professor do departamento de agricultura da UFLA, com \u00eanfase na \u00e1rea de colheita, p\u00f3s-colheita e qualidade do caf\u00e9, Virg\u00edlio Anast\u00e1cio da Silva e pelo doutorando do programa de p\u00f3s-gradua\u00e7\u00e3o em fitotecnia e degustador [&hellip;]<\/p>\n","protected":false},"author":2,"featured_media":3664,"comment_status":"closed","ping_status":"open","sticky":false,"template":"","format":"standard","meta":{"advgb_blocks_editor_width":"","advgb_blocks_columns_visual_guide":"","_exactmetrics_skip_tracking":false,"_exactmetrics_sitenote_active":false,"_exactmetrics_sitenote_note":"","_exactmetrics_sitenote_category":0,"footnotes":""},"categories":[7,2],"tags":[1310,1311,657,56],"class_list":["post-3660","post","type-post","status-publish","format-standard","has-post-thumbnail","hentry","category-destaques","category-noticias","tag-coffee-hunters","tag-curso-cafe","tag-inova-cafe","tag-ufla"],"better_featured_image":{"id":3664,"alt_text":"","caption":"","description":"","media_type":"image","media_details":{"width":1000,"height":692,"file":"2016\/11\/IMG_9887.jpg","sizes":{"thumbnail":{"file":"IMG_9887-150x104.jpg","width":150,"height":104,"mime-type":"image\/jpeg","source_url":"https:\/\/lavras.tv\/site\/wp-content\/uploads\/2016\/11\/IMG_9887-150x104.jpg"},"medium":{"file":"IMG_9887-300x208.jpg","width":300,"height":208,"mime-type":"image\/jpeg","source_url":"https:\/\/lavras.tv\/site\/wp-content\/uploads\/2016\/11\/IMG_9887-300x208.jpg"},"featured-slider-img":{"file":"IMG_9887-640x480.jpg","width":640,"height":480,"mime-type":"image\/jpeg","source_url":"https:\/\/lavras.tv\/site\/wp-content\/uploads\/2016\/11\/IMG_9887-640x480.jpg"},"featured-post-img":{"file":"IMG_9887-480x320.jpg","width":480,"height":320,"mime-type":"image\/jpeg","source_url":"https:\/\/lavras.tv\/site\/wp-content\/uploads\/2016\/11\/IMG_9887-480x320.jpg"},"sow-carousel-default":{"file":"IMG_9887-272x182.jpg","width":272,"height":182,"mime-type":"image\/jpeg","source_url":"https:\/\/lavras.tv\/site\/wp-content\/uploads\/2016\/11\/IMG_9887-272x182.jpg"}},"image_meta":{"aperture":"4","credit":"","camera":"Canon EOS REBEL T5i","caption":"","created_timestamp":"1378198858","copyright":"","focal_length":"24","iso":"250","shutter_speed":"0.0333333333333","title":"","orientation":"0","keywords":[]}},"post":3660,"source_url":"https:\/\/lavras.tv\/site\/wp-content\/uploads\/2016\/11\/IMG_9887.jpg"},"author_meta":{"display_name":"Lavras TV","author_link":"https:\/\/lavras.tv\/site\/author\/lavrastv\/"},"featured_img":"https:\/\/lavras.tv\/site\/wp-content\/uploads\/2016\/11\/IMG_9887-300x208.jpg","coauthors":[],"tax_additional":{"categories":{"linked":["<a href=\"https:\/\/lavras.tv\/site\/category\/destaques\/\" class=\"advgb-post-tax-term\">Destaques<\/a>","<a href=\"https:\/\/lavras.tv\/site\/category\/noticias\/\" class=\"advgb-post-tax-term\">Not\u00edcias<\/a>"],"unlinked":["<span class=\"advgb-post-tax-term\">Destaques<\/span>","<span class=\"advgb-post-tax-term\">Not\u00edcias<\/span>"]},"tags":{"linked":["<a href=\"https:\/\/lavras.tv\/site\/category\/noticias\/\" class=\"advgb-post-tax-term\">Coffee Hunters<\/a>","<a href=\"https:\/\/lavras.tv\/site\/category\/noticias\/\" class=\"advgb-post-tax-term\">curso caf\u00e9<\/a>","<a href=\"https:\/\/lavras.tv\/site\/category\/noticias\/\" class=\"advgb-post-tax-term\">Inova Caf\u00e9<\/a>","<a href=\"https:\/\/lavras.tv\/site\/category\/noticias\/\" class=\"advgb-post-tax-term\">ufla<\/a>"],"unlinked":["<span class=\"advgb-post-tax-term\">Coffee Hunters<\/span>","<span class=\"advgb-post-tax-term\">curso caf\u00e9<\/span>","<span class=\"advgb-post-tax-term\">Inova Caf\u00e9<\/span>","<span class=\"advgb-post-tax-term\">ufla<\/span>"]}},"comment_count":"0","relative_dates":{"created":"Publicado 9 anos atr\u00e1s","modified":"Atualizado 9 anos atr\u00e1s"},"absolute_dates":{"created":"Publicado em 8 de novembro de 2016","modified":"Atualizado em 8 de novembro de 2016"},"absolute_dates_time":{"created":"Publicado em 8 de novembro de 2016 09:34","modified":"Atualizado em 8 de novembro de 2016 09:34"},"featured_img_caption":"","series_order":"","_links":{"self":[{"href":"https:\/\/lavras.tv\/site\/wp-json\/wp\/v2\/posts\/3660","targetHints":{"allow":["GET"]}}],"collection":[{"href":"https:\/\/lavras.tv\/site\/wp-json\/wp\/v2\/posts"}],"about":[{"href":"https:\/\/lavras.tv\/site\/wp-json\/wp\/v2\/types\/post"}],"author":[{"embeddable":true,"href":"https:\/\/lavras.tv\/site\/wp-json\/wp\/v2\/users\/2"}],"replies":[{"embeddable":true,"href":"https:\/\/lavras.tv\/site\/wp-json\/wp\/v2\/comments?post=3660"}],"version-history":[{"count":1,"href":"https:\/\/lavras.tv\/site\/wp-json\/wp\/v2\/posts\/3660\/revisions"}],"predecessor-version":[{"id":3665,"href":"https:\/\/lavras.tv\/site\/wp-json\/wp\/v2\/posts\/3660\/revisions\/3665"}],"wp:featuredmedia":[{"embeddable":true,"href":"https:\/\/lavras.tv\/site\/wp-json\/wp\/v2\/media\/3664"}],"wp:attachment":[{"href":"https:\/\/lavras.tv\/site\/wp-json\/wp\/v2\/media?parent=3660"}],"wp:term":[{"taxonomy":"category","embeddable":true,"href":"https:\/\/lavras.tv\/site\/wp-json\/wp\/v2\/categories?post=3660"},{"taxonomy":"post_tag","embeddable":true,"href":"https:\/\/lavras.tv\/site\/wp-json\/wp\/v2\/tags?post=3660"}],"curies":[{"name":"wp","href":"https:\/\/api.w.org\/{rel}","templated":true}]}}