{"id":3694,"date":"2016-11-09T08:56:36","date_gmt":"2016-11-09T10:56:36","guid":{"rendered":"http:\/\/lavras.tv\/site\/?p=3694"},"modified":"2016-11-09T08:56:36","modified_gmt":"2016-11-09T10:56:36","slug":"menos-azul-e-mais-atletico-mg-cidade-do-galo-no-retorno-da-argentina-a-bh","status":"publish","type":"post","link":"https:\/\/lavras.tv\/site\/2016\/11\/09\/menos-azul-e-mais-atletico-mg-cidade-do-galo-no-retorno-da-argentina-a-bh\/","title":{"rendered":"Menos azul e mais Atl\u00e9tico-MG: Cidade do Galo no retorno da Argentina a BH"},"content":{"rendered":"<div class=\"lavra-antes-do-conteudo_2\" id=\"lavra-2649647407\"><div id=\"lavra-slider-27\" class=\"custom-slider lavra-slider-4100175833 lavra-slider\"><ul><li><div style=\"margin-left: auto;margin-right: auto;text-align: center;\" id=\"lavra-2967145957\"><a href=\"https:\/\/sistemas.lavras.mg.gov.br\/portalcidadao\/#df1b1a7c7b2a290bcb31e32771e610784662739a88807c0dacac58ede5f391a7530e299dc302d611ee73cb143fc22eaf93592e53e7b5bdb01b00a0b8d28dae460c141dd2ff83412e4dc1c31b16b25f33144a9e5620ea73b13f5bc1c59411d98439ad226e8af03840603796067d87afe130812cf3de24982d0e306f9e61e764e5\" aria-label=\"Lavras-TV&#8211;720x104px (1) (1)\"><img src=\"https:\/\/lavras.tv\/site\/wp-content\/uploads\/2025\/01\/Lavras-TV-720x104px-1-1.png\" alt=\"\"  srcset=\"https:\/\/lavras.tv\/site\/wp-content\/uploads\/2025\/01\/Lavras-TV-720x104px-1-1.png 720w, https:\/\/lavras.tv\/site\/wp-content\/uploads\/2025\/01\/Lavras-TV-720x104px-1-1-470x68.png 470w, https:\/\/lavras.tv\/site\/wp-content\/uploads\/2025\/01\/Lavras-TV-720x104px-1-1-170x25.png 170w, https:\/\/lavras.tv\/site\/wp-content\/uploads\/2025\/01\/Lavras-TV-720x104px-1-1-200x29.png 200w\" sizes=\"(max-width: 720px) 100vw, 720px\" width=\"720\" height=\"104\"  style=\"display: inline-block;\" \/><\/a><\/div><\/li><li><a href=\"https:\/\/sistemas.lavras.mg.gov.br\/portalcidadao\/#df1b1a7c7b2a290bcb31e32771e610784662739a88807c0dacac58ede5f391a7530e299dc302d611ee73cb143fc22eaf93592e53e7b5bdb01b00a0b8d28dae460c141dd2ff83412e4dc1c31b16b25f33144a9e5620ea73b13f5bc1c59411d98439ad226e8af03840603796067d87afe130812cf3de24982d0e306f9e61e764e5\" aria-label=\"Banner_Emprego_PortallavrasTV\"><img src=\"https:\/\/lavras.tv\/site\/wp-content\/uploads\/2025\/03\/Banner_Emprego_PortallavrasTV.png\" alt=\"\"  srcset=\"https:\/\/lavras.tv\/site\/wp-content\/uploads\/2025\/03\/Banner_Emprego_PortallavrasTV.png 720w, https:\/\/lavras.tv\/site\/wp-content\/uploads\/2025\/03\/Banner_Emprego_PortallavrasTV-470x68.png 470w, https:\/\/lavras.tv\/site\/wp-content\/uploads\/2025\/03\/Banner_Emprego_PortallavrasTV-170x25.png 170w, https:\/\/lavras.tv\/site\/wp-content\/uploads\/2025\/03\/Banner_Emprego_PortallavrasTV-200x29.png 200w\" sizes=\"(max-width: 720px) 100vw, 720px\" width=\"720\" height=\"104\"   \/><\/a><\/li><li><a href=\"https:\/\/sistemas.lavras.mg.gov.br\/portalcidadao\/#df1b1a7c7b2a290bcb31e32771e610784662739a88807c0dacac58ede5f391a7530e299dc302d611ee73cb143fc22eaf93592e53e7b5bdb01b00a0b8d28dae460c141dd2ff83412e4dc1c31b16b25f33144a9e5620ea73b13f5bc1c59411d98439ad226e8af03840603796067d87afe130812cf3de24982d0e306f9e61e764e5\" aria-label=\"Banner_Obras_PortallavrasTV\"><img src=\"https:\/\/lavras.tv\/site\/wp-content\/uploads\/2025\/03\/Banner_Obras_PortallavrasTV.png\" alt=\"\"  srcset=\"https:\/\/lavras.tv\/site\/wp-content\/uploads\/2025\/03\/Banner_Obras_PortallavrasTV.png 720w, https:\/\/lavras.tv\/site\/wp-content\/uploads\/2025\/03\/Banner_Obras_PortallavrasTV-470x68.png 470w, https:\/\/lavras.tv\/site\/wp-content\/uploads\/2025\/03\/Banner_Obras_PortallavrasTV-170x25.png 170w, https:\/\/lavras.tv\/site\/wp-content\/uploads\/2025\/03\/Banner_Obras_PortallavrasTV-200x29.png 200w\" sizes=\"(max-width: 720px) 100vw, 720px\" width=\"720\" height=\"104\"   \/><\/a><\/li><li><div style=\"margin-left: auto;margin-right: auto;text-align: center;\" id=\"lavra-4266865767\"><a href=\"https:\/\/sistemas.lavras.mg.gov.br\/portalcidadao\/#df1b1a7c7b2a290bcb31e32771e610784662739a88807c0dacac58ede5f391a7530e299dc302d611ee73cb143fc22eaf93592e53e7b5bdb01b00a0b8d28dae460c141dd2ff83412e4dc1c31b16b25f33144a9e5620ea73b13f5bc1c59411d98439ad226e8af03840603796067d87afe130812cf3de24982d0e306f9e61e764e5\" aria-label=\"Banner_Educa\u00e7\u00e3o_PortallavrasTV\"><img src=\"https:\/\/lavras.tv\/site\/wp-content\/uploads\/2025\/01\/Banner_Educacao_PortallavrasTV.png\" alt=\"\"  srcset=\"https:\/\/lavras.tv\/site\/wp-content\/uploads\/2025\/01\/Banner_Educacao_PortallavrasTV.png 720w, https:\/\/lavras.tv\/site\/wp-content\/uploads\/2025\/01\/Banner_Educacao_PortallavrasTV-470x68.png 470w, https:\/\/lavras.tv\/site\/wp-content\/uploads\/2025\/01\/Banner_Educacao_PortallavrasTV-170x25.png 170w, https:\/\/lavras.tv\/site\/wp-content\/uploads\/2025\/01\/Banner_Educacao_PortallavrasTV-200x29.png 200w\" sizes=\"(max-width: 720px) 100vw, 720px\" width=\"720\" height=\"104\"  style=\"display: inline-block;\" \/><\/a><\/div><\/li><li><a href=\"https:\/\/sistemas.lavras.mg.gov.br\/portalcidadao\/#df1b1a7c7b2a290bcb31e32771e610784662739a88807c0dacac58ede5f391a7530e299dc302d611ee73cb143fc22eaf93592e53e7b5bdb01b00a0b8d28dae460c141dd2ff83412e4dc1c31b16b25f33144a9e5620ea73b13f5bc1c59411d98439ad226e8af03840603796067d87afe130812cf3de24982d0e306f9e61e764e5\" aria-label=\"Banner_Sa\u00fade_PortallavrasTV\"><img src=\"https:\/\/lavras.tv\/site\/wp-content\/uploads\/2025\/03\/Banner_Saude_PortallavrasTV.png\" alt=\"\"  srcset=\"https:\/\/lavras.tv\/site\/wp-content\/uploads\/2025\/03\/Banner_Saude_PortallavrasTV.png 720w, https:\/\/lavras.tv\/site\/wp-content\/uploads\/2025\/03\/Banner_Saude_PortallavrasTV-470x68.png 470w, https:\/\/lavras.tv\/site\/wp-content\/uploads\/2025\/03\/Banner_Saude_PortallavrasTV-170x25.png 170w, https:\/\/lavras.tv\/site\/wp-content\/uploads\/2025\/03\/Banner_Saude_PortallavrasTV-200x29.png 200w\" sizes=\"(max-width: 720px) 100vw, 720px\" width=\"720\" height=\"104\"   \/><\/a><\/li><li><div id=\"lavra-2256706674\" style=\"width:720px;height:104px;background-color:#ddd;overflow:scroll;\">\n\t<strong>Sa\u00edda da depura\u00e7\u00e3o de an\u00fancios<\/strong>\n\t<br><br>\n\tO an\u00fancio n\u00e3o \u00e9 exibido na p\u00e1gina<br><br>post atual: Menos azul e mais Atl\u00e9tico-MG: Cidade do Galo no retorno da Argentina a BH, ID: 3694<br><br><span style=\"color: red;\">O post atual n\u00e3o \u00e9 id\u00eantico ao post principal.<\/span><br><br>An\u00fancios: ROXO - TOPO INTERNA - ROTATIVO 2 (197)<br \/>Grupo de an\u00fancios: Princ_Meio01_720x104 (27)<br><br>Condi\u00e7\u00f5es de exibi\u00e7\u00e3o<div style=\"margin-bottom: 20px; white-space: pre-wrap; font-family: monospace; width: 100%; background: #ffe9e9;\"><strong>condi\u00e7\u00f5es gerais<\/strong><table border=\"1\"><thead><tr><th><\/th><th>An\u00fancios<\/th><th>wp_the_query<\/th><\/tr><\/thead><tr><td>is_main_query<\/td><td>1<\/td><td>1<\/td><\/tr><tr><td>is_rest_api<\/td><td>0<\/td><td>1<\/td><\/tr><tr><td>page<\/td><td>0<\/td><td>1<\/td><\/tr><tr><td>numpages<\/td><td>0<\/td><td>1<\/td><\/tr><tr><td>is_archive<\/td><td>1<\/td><td><\/td><\/tr><tr><td>is_search<\/td><td>1<\/td><td><\/td><\/tr><tr><td>is_home<\/td><td>1<\/td><td><\/td><\/tr><tr><td>is_404<\/td><td>1<\/td><td><\/td><\/tr><tr><td>is_attachment<\/td><td>1<\/td><td><\/td><\/tr><tr><td>is_singular<\/td><td>1<\/td><td><\/td><\/tr><tr><td>is_front_page<\/td><td>1<\/td><td><\/td><\/tr><tr><td>is_feed<\/td><td>1<\/td><td><\/td><\/tr><\/table><\/div><br><br><span style=\"color: red;\">Seu site usa HTTPS, mas o c\u00f3digo do an\u00fancio cont\u00e9m HTTP e pode n\u00e3o funcionar.<\/span>\t<br><br>\n\t<a style=\"color: green;\" href=\"https:\/\/wpadvancedads.com\/manual\/ad-debug-mode\/?utm_source=advanced-ads&utm_medium=link&utm_campaign=ad-debug-mode\" target=\"_blank\" rel=\"nofollow\">Encontre solu\u00e7\u00f5es no manual<\/a>\n<\/div>\n<\/li><\/ul><\/div><script>( window.advanced_ads_ready || jQuery( document ).ready ).call( null, function() {var $lavraslider4100175833 = jQuery( \".lavra-slider-4100175833\" );$lavraslider4100175833.on( \"unslider.ready\", function() { jQuery( \"div.custom-slider ul li\" ).css( \"display\", \"block\" ); });$lavraslider4100175833.unslider({ delay:4000, autoplay:true, nav:false, arrows:false, infinite:true });$lavraslider4100175833.on(\"mouseover\", function() {$lavraslider4100175833.unslider(\"stop\");}).on(\"mouseout\", function() {$lavraslider4100175833.unslider(\"start\");});});<\/script><\/div><p>De volta a Belo Horizonte, a sele\u00e7\u00e3o argentina usar\u00e1 a Cidade do Galo como seu quartel general antes do cl\u00e1ssico contra o Brasil, nesta quinta-feira, \u00e0s 21h45 (de Bras\u00edlia), no Mineir\u00e3o, pelas eliminat\u00f3rias da Copa do Mundo de 2018. <!--more-->Assim como fizeram durante a Copa do Mundo 2014, novamente o centro de treinamentos do Atl\u00e9tico-MG ser\u00e1 a casa dos hermanos, mas desta vez com muitas diferen\u00e7as.<\/p>\n<div id=\"cf9f402d-800b-29fd-9bf0-ccadd9a13578\" class=\"foto componente-conteudo\"><img fetchpriority=\"high\" decoding=\"async\" class=\"aligncenter\" title=\"Cidade do Galo com a Argentina (Foto: Rafael Ara\u00fajo)\" src=\"http:\/\/s2.glbimg.com\/U0lK6v6683sGrbfkcKEWLWVLwp0=\/0x27:1920x917\/690x320\/s.glbimg.com\/es\/ge\/f\/original\/2016\/11\/07\/dsc09519.jpg\" alt=\"Cidade do Galo com a Argentina (Foto: Rafael Ara\u00fajo)\" width=\"690\" height=\"320\" \/><\/div>\n<p>Para a Copa do Mundo, a Cidade do Galo foi bastante modificada para virar um pedacinho da Argentina em Belo Horizonte. Lounge para os jogadores, faixas de incentivo e muitos detalhes em azul e branco, cores da bandeira argentina. Desta feita, poucas altera\u00e7\u00f5es. Dois banners para entrevistas e algumas placas de publicidade da Associa\u00e7\u00e3o de Futebol Argentina (AFA) foram instaladas. O audit\u00f3rio principal, onde ocorreram as coletivas na Copa 2014, foi o \u00fanico lugar que manteve a mesma cara.<\/p>\n<p>A principal diferen\u00e7a estar\u00e1 no elenco. Dos 23 convocados por Alejandro Sabella para a disputa do mundial, apenas 12 retornam \u00e0 Cidade do Galo para se preparar para o duelo contra o Brasil: Romero, Zabaleta, Demichelis, Rojo, Mascherano, Biglia, Enzo Perez, Di Maria, Lavezzi, Aguero, Higua\u00edn e Messi, um time completo. E que time!<\/p>\n<div id=\"6b62f50c-9980-586a-cc94-23ef4bc8db6e\" class=\"foto componente-conteudo\"><img decoding=\"async\" class=\"alignleft\" title=\"Lucas Pratto - Argentina (Foto: Rafael Ara\u00fajo)\" src=\"http:\/\/s2.glbimg.com\/4C7CkfYqQxbxLqglLozCZGulrjI=\/510x0:1920x1079\/300x230\/s.glbimg.com\/es\/ge\/f\/original\/2016\/11\/07\/dsc09495.jpg\" alt=\"Lucas Pratto - Argentina (Foto: Rafael Ara\u00fajo)\" width=\"300\" height=\"230\" \/><\/div>\n<p>Outra diferen\u00e7a \u00e9 a presen\u00e7a de dois bons conhecedores da casa tempor\u00e1ria da Argentina. Lucas Pratto, atacante do Atl\u00e9tico-MG, treina diariamente no CT e \u00e9 um anfitri\u00e3o para os compatriotas. Quem tamb\u00e9m conhece a Cidade do Galo \u00e9 o zagueiro Otamendi, que defendeu o time mineiro no primeiro semestre de 2014 e sabe bem o funcionamento das coisas, mesmo n\u00e3o estando no time da Copa 2014.<\/p>\n<p>No comando t\u00e9cnico, outra mudan\u00e7a: sai Alejandro Sabella e entra Edgardo Bauza. Dois estilos diferentes de comando, e que vivem situa\u00e7\u00f5es diferentes. Sabella chegou \u00e0 Cidade do Galo com a melhor campanha das eliminat\u00f3rias para a Copa 2014 e foi at\u00e9 a decis\u00e3o. J\u00e1 Pat\u00f3n est\u00e1 bastante questionado e pressionado pelos resultados recentes. A Argentina \u00e9 a atual sexta colocada nas eliminat\u00f3rias e, se a competi\u00e7\u00e3o terminasse hoje, estaria fora da Copa do Mundo pela primeira vez desde 1970.<\/p>\n<div id=\"7c10b1d0-d24f-c00f-5180-bf6d96dd8cd2\" class=\"foto componente-conteudo\"><img decoding=\"async\" class=\"aligncenter\" title=\"Audit\u00f3rio da Cidade do Galo (Foto: GloboEsporte.com)\" src=\"http:\/\/s2.glbimg.com\/BIuthfU2kpzlWdUST0NX34TJ-8g=\/0x34:689x354\/690x320\/s.glbimg.com\/es\/ge\/f\/original\/2016\/11\/07\/cidade_do_galo.jpg\" alt=\"Audit\u00f3rio da Cidade do Galo (Foto: GloboEsporte.com)\" width=\"690\" height=\"320\" \/><\/div>\n<div class=\"foto componente-conteudo\"><\/div>\n<div class=\"foto componente-conteudo\">Fonte: Globoesporte<\/div>\n","protected":false},"excerpt":{"rendered":"<p>De volta a Belo Horizonte, a sele\u00e7\u00e3o argentina usar\u00e1 a Cidade do Galo como seu quartel general antes do cl\u00e1ssico contra o Brasil, nesta quinta-feira, \u00e0s 21h45 (de Bras\u00edlia), no Mineir\u00e3o, pelas eliminat\u00f3rias da Copa do Mundo de 2018.<\/p>\n","protected":false},"author":2,"featured_media":3695,"comment_status":"closed","ping_status":"open","sticky":false,"template":"","format":"standard","meta":{"advgb_blocks_editor_width":"","advgb_blocks_columns_visual_guide":"","_exactmetrics_skip_tracking":false,"_exactmetrics_sitenote_active":false,"_exactmetrics_sitenote_note":"","_exactmetrics_sitenote_category":0,"footnotes":""},"categories":[3],"tags":[907,1162,1227,1331],"class_list":["post-3694","post","type-post","status-publish","format-standard","has-post-thumbnail","hentry","category-esportes","tag-atletico-mg","tag-brasil-x-argentina","tag-cidade-do-galo","tag-selecao-argentina"],"better_featured_image":{"id":3695,"alt_text":"","caption":"","description":"","media_type":"image","media_details":{"width":690,"height":390,"file":"2016\/11\/argentina.jpg","sizes":{"thumbnail":{"file":"argentina-150x85.jpg","width":150,"height":85,"mime-type":"image\/jpeg","source_url":"https:\/\/lavras.tv\/site\/wp-content\/uploads\/2016\/11\/argentina-150x85.jpg"},"medium":{"file":"argentina-300x170.jpg","width":300,"height":170,"mime-type":"image\/jpeg","source_url":"https:\/\/lavras.tv\/site\/wp-content\/uploads\/2016\/11\/argentina-300x170.jpg"},"featured-slider-img":{"file":"argentina-640x390.jpg","width":640,"height":390,"mime-type":"image\/jpeg","source_url":"https:\/\/lavras.tv\/site\/wp-content\/uploads\/2016\/11\/argentina-640x390.jpg"},"featured-post-img":{"file":"argentina-480x320.jpg","width":480,"height":320,"mime-type":"image\/jpeg","source_url":"https:\/\/lavras.tv\/site\/wp-content\/uploads\/2016\/11\/argentina-480x320.jpg"},"sow-carousel-default":{"file":"argentina-272x182.jpg","width":272,"height":182,"mime-type":"image\/jpeg","source_url":"https:\/\/lavras.tv\/site\/wp-content\/uploads\/2016\/11\/argentina-272x182.jpg"}},"image_meta":{"aperture":"0","credit":"","camera":"","caption":"","created_timestamp":"0","copyright":"","focal_length":"0","iso":"0","shutter_speed":"0","title":"","orientation":"0","keywords":[]}},"post":3694,"source_url":"https:\/\/lavras.tv\/site\/wp-content\/uploads\/2016\/11\/argentina.jpg"},"author_meta":{"display_name":"Lavras TV","author_link":"https:\/\/lavras.tv\/site\/author\/lavrastv\/"},"featured_img":"https:\/\/lavras.tv\/site\/wp-content\/uploads\/2016\/11\/argentina-300x170.jpg","coauthors":[],"tax_additional":{"categories":{"linked":["<a href=\"https:\/\/lavras.tv\/site\/category\/esportes\/\" class=\"advgb-post-tax-term\">Esportes<\/a>"],"unlinked":["<span class=\"advgb-post-tax-term\">Esportes<\/span>"]},"tags":{"linked":["<a href=\"https:\/\/lavras.tv\/site\/category\/esportes\/\" class=\"advgb-post-tax-term\">atl\u00e9tico mg<\/a>","<a href=\"https:\/\/lavras.tv\/site\/category\/esportes\/\" class=\"advgb-post-tax-term\">brasil x argentina<\/a>","<a href=\"https:\/\/lavras.tv\/site\/category\/esportes\/\" class=\"advgb-post-tax-term\">cidade do galo<\/a>","<a href=\"https:\/\/lavras.tv\/site\/category\/esportes\/\" class=\"advgb-post-tax-term\">sele\u00e7\u00e3o argentina<\/a>"],"unlinked":["<span class=\"advgb-post-tax-term\">atl\u00e9tico mg<\/span>","<span class=\"advgb-post-tax-term\">brasil x argentina<\/span>","<span class=\"advgb-post-tax-term\">cidade do galo<\/span>","<span class=\"advgb-post-tax-term\">sele\u00e7\u00e3o argentina<\/span>"]}},"comment_count":"0","relative_dates":{"created":"Publicado 9 anos atr\u00e1s","modified":"Atualizado 9 anos atr\u00e1s"},"absolute_dates":{"created":"Publicado em 9 de novembro de 2016","modified":"Atualizado em 9 de novembro de 2016"},"absolute_dates_time":{"created":"Publicado em 9 de novembro de 2016 08:56","modified":"Atualizado em 9 de novembro de 2016 08:56"},"featured_img_caption":"","series_order":"","_links":{"self":[{"href":"https:\/\/lavras.tv\/site\/wp-json\/wp\/v2\/posts\/3694","targetHints":{"allow":["GET"]}}],"collection":[{"href":"https:\/\/lavras.tv\/site\/wp-json\/wp\/v2\/posts"}],"about":[{"href":"https:\/\/lavras.tv\/site\/wp-json\/wp\/v2\/types\/post"}],"author":[{"embeddable":true,"href":"https:\/\/lavras.tv\/site\/wp-json\/wp\/v2\/users\/2"}],"replies":[{"embeddable":true,"href":"https:\/\/lavras.tv\/site\/wp-json\/wp\/v2\/comments?post=3694"}],"version-history":[{"count":1,"href":"https:\/\/lavras.tv\/site\/wp-json\/wp\/v2\/posts\/3694\/revisions"}],"predecessor-version":[{"id":3696,"href":"https:\/\/lavras.tv\/site\/wp-json\/wp\/v2\/posts\/3694\/revisions\/3696"}],"wp:featuredmedia":[{"embeddable":true,"href":"https:\/\/lavras.tv\/site\/wp-json\/wp\/v2\/media\/3695"}],"wp:attachment":[{"href":"https:\/\/lavras.tv\/site\/wp-json\/wp\/v2\/media?parent=3694"}],"wp:term":[{"taxonomy":"category","embeddable":true,"href":"https:\/\/lavras.tv\/site\/wp-json\/wp\/v2\/categories?post=3694"},{"taxonomy":"post_tag","embeddable":true,"href":"https:\/\/lavras.tv\/site\/wp-json\/wp\/v2\/tags?post=3694"}],"curies":[{"name":"wp","href":"https:\/\/api.w.org\/{rel}","templated":true}]}}