{"id":3697,"date":"2016-11-09T09:01:00","date_gmt":"2016-11-09T11:01:00","guid":{"rendered":"http:\/\/lavras.tv\/site\/?p=3697"},"modified":"2016-11-09T09:01:00","modified_gmt":"2016-11-09T11:01:00","slug":"atletas-mineiros-disputam-em-joao-pessoa-a-maior-competicao-esportiva-estudantil-do-pais","status":"publish","type":"post","link":"https:\/\/lavras.tv\/site\/2016\/11\/09\/atletas-mineiros-disputam-em-joao-pessoa-a-maior-competicao-esportiva-estudantil-do-pais\/","title":{"rendered":"Atletas mineiros disputam em Jo\u00e3o Pessoa a maior competi\u00e7\u00e3o esportiva estudantil do pa\u00eds"},"content":{"rendered":"<div class=\"lavra-antes-do-conteudo_2\" id=\"lavra-3137179180\"><div id=\"lavra-slider-27\" class=\"custom-slider lavra-slider-3300874427 lavra-slider\"><ul><li><div style=\"margin-left: auto;margin-right: auto;text-align: center;\" id=\"lavra-4064163975\"><a href=\"https:\/\/sistemas.lavras.mg.gov.br\/portalcidadao\/#df1b1a7c7b2a290bcb31e32771e610784662739a88807c0dacac58ede5f391a7530e299dc302d611ee73cb143fc22eaf93592e53e7b5bdb01b00a0b8d28dae460c141dd2ff83412e4dc1c31b16b25f33144a9e5620ea73b13f5bc1c59411d98439ad226e8af03840603796067d87afe130812cf3de24982d0e306f9e61e764e5\" aria-label=\"Lavras-TV&#8211;720x104px (1) (1)\"><img src=\"https:\/\/lavras.tv\/site\/wp-content\/uploads\/2025\/01\/Lavras-TV-720x104px-1-1.png\" alt=\"\"  srcset=\"https:\/\/lavras.tv\/site\/wp-content\/uploads\/2025\/01\/Lavras-TV-720x104px-1-1.png 720w, https:\/\/lavras.tv\/site\/wp-content\/uploads\/2025\/01\/Lavras-TV-720x104px-1-1-470x68.png 470w, https:\/\/lavras.tv\/site\/wp-content\/uploads\/2025\/01\/Lavras-TV-720x104px-1-1-170x25.png 170w, https:\/\/lavras.tv\/site\/wp-content\/uploads\/2025\/01\/Lavras-TV-720x104px-1-1-200x29.png 200w\" sizes=\"(max-width: 720px) 100vw, 720px\" width=\"720\" height=\"104\"  style=\"display: inline-block;\" \/><\/a><\/div><\/li><li><a href=\"https:\/\/sistemas.lavras.mg.gov.br\/portalcidadao\/#df1b1a7c7b2a290bcb31e32771e610784662739a88807c0dacac58ede5f391a7530e299dc302d611ee73cb143fc22eaf93592e53e7b5bdb01b00a0b8d28dae460c141dd2ff83412e4dc1c31b16b25f33144a9e5620ea73b13f5bc1c59411d98439ad226e8af03840603796067d87afe130812cf3de24982d0e306f9e61e764e5\" aria-label=\"Banner_Emprego_PortallavrasTV\"><img src=\"https:\/\/lavras.tv\/site\/wp-content\/uploads\/2025\/03\/Banner_Emprego_PortallavrasTV.png\" alt=\"\"  srcset=\"https:\/\/lavras.tv\/site\/wp-content\/uploads\/2025\/03\/Banner_Emprego_PortallavrasTV.png 720w, https:\/\/lavras.tv\/site\/wp-content\/uploads\/2025\/03\/Banner_Emprego_PortallavrasTV-470x68.png 470w, https:\/\/lavras.tv\/site\/wp-content\/uploads\/2025\/03\/Banner_Emprego_PortallavrasTV-170x25.png 170w, https:\/\/lavras.tv\/site\/wp-content\/uploads\/2025\/03\/Banner_Emprego_PortallavrasTV-200x29.png 200w\" sizes=\"(max-width: 720px) 100vw, 720px\" width=\"720\" height=\"104\"   \/><\/a><\/li><li><a href=\"https:\/\/sistemas.lavras.mg.gov.br\/portalcidadao\/#df1b1a7c7b2a290bcb31e32771e610784662739a88807c0dacac58ede5f391a7530e299dc302d611ee73cb143fc22eaf93592e53e7b5bdb01b00a0b8d28dae460c141dd2ff83412e4dc1c31b16b25f33144a9e5620ea73b13f5bc1c59411d98439ad226e8af03840603796067d87afe130812cf3de24982d0e306f9e61e764e5\" aria-label=\"Banner_Obras_PortallavrasTV\"><img src=\"https:\/\/lavras.tv\/site\/wp-content\/uploads\/2025\/03\/Banner_Obras_PortallavrasTV.png\" alt=\"\"  srcset=\"https:\/\/lavras.tv\/site\/wp-content\/uploads\/2025\/03\/Banner_Obras_PortallavrasTV.png 720w, https:\/\/lavras.tv\/site\/wp-content\/uploads\/2025\/03\/Banner_Obras_PortallavrasTV-470x68.png 470w, https:\/\/lavras.tv\/site\/wp-content\/uploads\/2025\/03\/Banner_Obras_PortallavrasTV-170x25.png 170w, https:\/\/lavras.tv\/site\/wp-content\/uploads\/2025\/03\/Banner_Obras_PortallavrasTV-200x29.png 200w\" sizes=\"(max-width: 720px) 100vw, 720px\" width=\"720\" height=\"104\"   \/><\/a><\/li><li><div style=\"margin-left: auto;margin-right: auto;text-align: center;\" id=\"lavra-4090856056\"><a href=\"https:\/\/sistemas.lavras.mg.gov.br\/portalcidadao\/#df1b1a7c7b2a290bcb31e32771e610784662739a88807c0dacac58ede5f391a7530e299dc302d611ee73cb143fc22eaf93592e53e7b5bdb01b00a0b8d28dae460c141dd2ff83412e4dc1c31b16b25f33144a9e5620ea73b13f5bc1c59411d98439ad226e8af03840603796067d87afe130812cf3de24982d0e306f9e61e764e5\" aria-label=\"Banner_Educa\u00e7\u00e3o_PortallavrasTV\"><img src=\"https:\/\/lavras.tv\/site\/wp-content\/uploads\/2025\/01\/Banner_Educacao_PortallavrasTV.png\" alt=\"\"  srcset=\"https:\/\/lavras.tv\/site\/wp-content\/uploads\/2025\/01\/Banner_Educacao_PortallavrasTV.png 720w, https:\/\/lavras.tv\/site\/wp-content\/uploads\/2025\/01\/Banner_Educacao_PortallavrasTV-470x68.png 470w, https:\/\/lavras.tv\/site\/wp-content\/uploads\/2025\/01\/Banner_Educacao_PortallavrasTV-170x25.png 170w, https:\/\/lavras.tv\/site\/wp-content\/uploads\/2025\/01\/Banner_Educacao_PortallavrasTV-200x29.png 200w\" sizes=\"(max-width: 720px) 100vw, 720px\" width=\"720\" height=\"104\"  style=\"display: inline-block;\" \/><\/a><\/div><\/li><li><a href=\"https:\/\/sistemas.lavras.mg.gov.br\/portalcidadao\/#df1b1a7c7b2a290bcb31e32771e610784662739a88807c0dacac58ede5f391a7530e299dc302d611ee73cb143fc22eaf93592e53e7b5bdb01b00a0b8d28dae460c141dd2ff83412e4dc1c31b16b25f33144a9e5620ea73b13f5bc1c59411d98439ad226e8af03840603796067d87afe130812cf3de24982d0e306f9e61e764e5\" aria-label=\"Banner_Sa\u00fade_PortallavrasTV\"><img src=\"https:\/\/lavras.tv\/site\/wp-content\/uploads\/2025\/03\/Banner_Saude_PortallavrasTV.png\" alt=\"\"  srcset=\"https:\/\/lavras.tv\/site\/wp-content\/uploads\/2025\/03\/Banner_Saude_PortallavrasTV.png 720w, https:\/\/lavras.tv\/site\/wp-content\/uploads\/2025\/03\/Banner_Saude_PortallavrasTV-470x68.png 470w, https:\/\/lavras.tv\/site\/wp-content\/uploads\/2025\/03\/Banner_Saude_PortallavrasTV-170x25.png 170w, https:\/\/lavras.tv\/site\/wp-content\/uploads\/2025\/03\/Banner_Saude_PortallavrasTV-200x29.png 200w\" sizes=\"(max-width: 720px) 100vw, 720px\" width=\"720\" height=\"104\"   \/><\/a><\/li><li><div id=\"lavra-92862908\" style=\"width:720px;height:104px;background-color:#ddd;overflow:scroll;\">\n\t<strong>Sa\u00edda da depura\u00e7\u00e3o de an\u00fancios<\/strong>\n\t<br><br>\n\tO an\u00fancio n\u00e3o \u00e9 exibido na p\u00e1gina<br><br>post atual: Atletas mineiros disputam em Jo\u00e3o Pessoa a maior competi\u00e7\u00e3o esportiva estudantil do pa\u00eds, ID: 3697<br><br><span style=\"color: red;\">O post atual n\u00e3o \u00e9 id\u00eantico ao post principal.<\/span><br><br>An\u00fancios: ROXO - TOPO INTERNA - ROTATIVO 2 (197)<br \/>Grupo de an\u00fancios: Princ_Meio01_720x104 (27)<br><br>Condi\u00e7\u00f5es de exibi\u00e7\u00e3o<div style=\"margin-bottom: 20px; white-space: pre-wrap; font-family: monospace; width: 100%; background: #ffe9e9;\"><strong>condi\u00e7\u00f5es gerais<\/strong><table border=\"1\"><thead><tr><th><\/th><th>An\u00fancios<\/th><th>wp_the_query<\/th><\/tr><\/thead><tr><td>is_main_query<\/td><td>1<\/td><td>1<\/td><\/tr><tr><td>is_rest_api<\/td><td>0<\/td><td>1<\/td><\/tr><tr><td>page<\/td><td>0<\/td><td>1<\/td><\/tr><tr><td>numpages<\/td><td>0<\/td><td>1<\/td><\/tr><tr><td>is_archive<\/td><td>1<\/td><td><\/td><\/tr><tr><td>is_search<\/td><td>1<\/td><td><\/td><\/tr><tr><td>is_home<\/td><td>1<\/td><td><\/td><\/tr><tr><td>is_404<\/td><td>1<\/td><td><\/td><\/tr><tr><td>is_attachment<\/td><td>1<\/td><td><\/td><\/tr><tr><td>is_singular<\/td><td>1<\/td><td><\/td><\/tr><tr><td>is_front_page<\/td><td>1<\/td><td><\/td><\/tr><tr><td>is_feed<\/td><td>1<\/td><td><\/td><\/tr><\/table><\/div><br><br><span style=\"color: red;\">Seu site usa HTTPS, mas o c\u00f3digo do an\u00fancio cont\u00e9m HTTP e pode n\u00e3o funcionar.<\/span>\t<br><br>\n\t<a style=\"color: green;\" href=\"https:\/\/wpadvancedads.com\/manual\/ad-debug-mode\/?utm_source=advanced-ads&utm_medium=link&utm_campaign=ad-debug-mode\" target=\"_blank\" rel=\"nofollow\">Encontre solu\u00e7\u00f5es no manual<\/a>\n<\/div>\n<\/li><\/ul><\/div><script>( window.advanced_ads_ready || jQuery( document ).ready ).call( null, function() {var $lavraslider3300874427 = jQuery( \".lavra-slider-3300874427\" );$lavraslider3300874427.on( \"unslider.ready\", function() { jQuery( \"div.custom-slider ul li\" ).css( \"display\", \"block\" ); });$lavraslider3300874427.unslider({ delay:4000, autoplay:true, nav:false, arrows:false, infinite:true });$lavraslider3300874427.on(\"mouseover\", function() {$lavraslider3300874427.unslider(\"stop\");}).on(\"mouseout\", function() {$lavraslider3300874427.unslider(\"start\");});});<\/script><\/div><p>Os campe\u00f5es dos Jogos Escolares de Minas Gerais (JEMG) embarcam\u00a0 nesta quarta-feira (9\/11) para Jo\u00e3o Pessoa, na Para\u00edba, para disputar os Jogos Escolares da Juventude (JEJ).<!--more--><\/p>\n<p>O Time MG conta com 156 alunos-atletas de 65 escolas mineiras, que competir\u00e3o nas modalidades de atletismo, basquete, ciclismo, futsal, gin\u00e1stica r\u00edtmica, handebol, jud\u00f4, luta ol\u00edmpica, nata\u00e7\u00e3o, t\u00eanis de mesa, v\u00f4lei, v\u00f4lei de praia e xadrez.<\/p>\n<p><img fetchpriority=\"high\" decoding=\"async\" class=\"size-full wp-image-3698 aligncenter\" src=\"http:\/\/lavras.tv\/site\/wp-content\/uploads\/2016\/11\/handebol_masculino_jej2.jpg\" alt=\"handebol_masculino_jej2\" width=\"940\" height=\"350\" \/><\/p>\n<p>Os estudantes s\u00e3o dos munic\u00edpios de Alfenas, Araguari, Barbacena, Belo Horizonte, Betim, Carangola, Contagem, Divin\u00f3polis, Itajub\u00e1, Itutinga, Japara\u00edba, Juiz de Fora, Lagoa da Prata, Lagoa Santa, Lavras, Montes Claros, Ouro Preto, Po\u00e7o Fundo, Po\u00e7os de Caldas, Pouso Alegre, Prat\u00e1polis, Ribeir\u00e3o das Neves, Santa Luzia, Santa Vit\u00f3ria, Santana do Para\u00edso, S\u00e3o Gon\u00e7alo do Par\u00e1, Tr\u00eas Pontas, Ub\u00e1, Uberaba, Uberl\u00e2ndia, Varginha, Vazante e Vi\u00e7osa.<\/p>\n<p>Para chegar ao JEJ \u00e9 preciso participar das seletivas municipais e estaduais. Em Minas Gerais o JEMG \u00e9 organizado pela Secretaria de Estado de Esportes com o apoio da Secretaria de Estado de Educa\u00e7\u00e3o. A competi\u00e7\u00e3o mineira \u00e9 realizada em tr\u00eas etapas (microrregional, regional e estadual) e neste ano contou com a participa\u00e7\u00e3o de quase 40 mil jovens, de 2 mil escolas localizadas em 829 munic\u00edpios.<\/p>\n<p>J\u00e1 os Jogos Escolares da Juventude s\u00e3o organizados pelo Comit\u00ea Ol\u00edmpico do Brasil (COB) desde 2005, e constituem o maior evento estudantil esportivo do Brasil. A competi\u00e7\u00e3o \u00e9 realizada em duas fases que englobam provas individuais e coletivas de escolas p\u00fablicas e particulares do Brasil. A primeira, com jovens de 12 a 14 anos, foi realizada em setembro, tamb\u00e9m em Jo\u00e3o Pessoa; a segunda abarca mais de 3.900 atletas de 15 a 17 anos.<\/p>\n<p>Tido como o maior celeiro de atletas ol\u00edmpicos do pa\u00eds, o JEJ revela a cada ano novos talentos para o esporte brasileiro. Da delega\u00e7\u00e3o composta por 465 atletas do Time Brasil nos Jogos Ol\u00edmpicos Rio 2016, um total de 52 participaram dos Jogos Escolares da Juventude, entre eles os mineiros N\u00fabia Soares, do atletismo, e Raul Neto, do basquete.<\/p>\n<p>Fonte: Ag\u00eancia Minas<\/p>\n","protected":false},"excerpt":{"rendered":"<p>Os campe\u00f5es dos Jogos Escolares de Minas Gerais (JEMG) embarcam\u00a0 nesta quarta-feira (9\/11) para Jo\u00e3o Pessoa, na Para\u00edba, para disputar os Jogos Escolares da Juventude (JEJ).<\/p>\n","protected":false},"author":2,"featured_media":3698,"comment_status":"closed","ping_status":"open","sticky":false,"template":"","format":"standard","meta":{"advgb_blocks_editor_width":"","advgb_blocks_columns_visual_guide":"","_exactmetrics_skip_tracking":false,"_exactmetrics_sitenote_active":false,"_exactmetrics_sitenote_note":"","_exactmetrics_sitenote_category":0,"footnotes":""},"categories":[3],"tags":[966,1335,193,1334,1333,1332,44,530],"class_list":["post-3697","post","type-post","status-publish","format-standard","has-post-thumbnail","hentry","category-esportes","tag-esporte","tag-jej","tag-jemg","tag-joao-pessoa","tag-jogos-escolares-da-juventude","tag-jogos-estudantis","tag-lavras-mg","tag-minas-gerais"],"better_featured_image":{"id":3698,"alt_text":"","caption":"","description":"","media_type":"image","media_details":{"width":420,"height":350,"file":"2016\/11\/handebol_masculino_jej2-e1478689249566.jpg","sizes":{"thumbnail":{"file":"handebol_masculino_jej2-e1478689249566-150x125.jpg","width":150,"height":125,"mime-type":"image\/jpeg","source_url":"https:\/\/lavras.tv\/site\/wp-content\/uploads\/2016\/11\/handebol_masculino_jej2-e1478689249566-150x125.jpg"},"medium":{"file":"handebol_masculino_jej2-e1478689249566-300x250.jpg","width":300,"height":250,"mime-type":"image\/jpeg","source_url":"https:\/\/lavras.tv\/site\/wp-content\/uploads\/2016\/11\/handebol_masculino_jej2-e1478689249566-300x250.jpg"},"featured-slider-img":{"file":"handebol_masculino_jej2-640x350.jpg","width":640,"height":350,"mime-type":"image\/jpeg","source_url":"https:\/\/lavras.tv\/site\/wp-content\/uploads\/2016\/11\/handebol_masculino_jej2-640x350.jpg"},"featured-post-img":{"file":"handebol_masculino_jej2-e1478689249566-420x320.jpg","width":420,"height":320,"mime-type":"image\/jpeg","source_url":"https:\/\/lavras.tv\/site\/wp-content\/uploads\/2016\/11\/handebol_masculino_jej2-e1478689249566-420x320.jpg"},"sow-carousel-default":{"file":"handebol_masculino_jej2-e1478689249566-272x182.jpg","width":272,"height":182,"mime-type":"image\/jpeg","source_url":"https:\/\/lavras.tv\/site\/wp-content\/uploads\/2016\/11\/handebol_masculino_jej2-e1478689249566-272x182.jpg"}},"image_meta":{"aperture":"4","credit":"Tiago Ciccarini","camera":"Canon PowerShot SX50 HS","caption":"","created_timestamp":"1410529512","copyright":"","focal_length":"6.968","iso":"800","shutter_speed":"0.0333333333333","title":"","orientation":"1","keywords":[]}},"post":3697,"source_url":"https:\/\/lavras.tv\/site\/wp-content\/uploads\/2016\/11\/handebol_masculino_jej2-e1478689249566.jpg"},"author_meta":{"display_name":"Lavras TV","author_link":"https:\/\/lavras.tv\/site\/author\/lavrastv\/"},"featured_img":"https:\/\/lavras.tv\/site\/wp-content\/uploads\/2016\/11\/handebol_masculino_jej2-e1478689249566-300x250.jpg","coauthors":[],"tax_additional":{"categories":{"linked":["<a href=\"https:\/\/lavras.tv\/site\/category\/esportes\/\" class=\"advgb-post-tax-term\">Esportes<\/a>"],"unlinked":["<span class=\"advgb-post-tax-term\">Esportes<\/span>"]},"tags":{"linked":["<a href=\"https:\/\/lavras.tv\/site\/category\/esportes\/\" class=\"advgb-post-tax-term\">esporte<\/a>","<a href=\"https:\/\/lavras.tv\/site\/category\/esportes\/\" class=\"advgb-post-tax-term\">JEJ<\/a>","<a href=\"https:\/\/lavras.tv\/site\/category\/esportes\/\" class=\"advgb-post-tax-term\">jemg<\/a>","<a href=\"https:\/\/lavras.tv\/site\/category\/esportes\/\" class=\"advgb-post-tax-term\">jo\u00e3o pessoa<\/a>","<a href=\"https:\/\/lavras.tv\/site\/category\/esportes\/\" class=\"advgb-post-tax-term\">jogos escolares da juventude<\/a>","<a href=\"https:\/\/lavras.tv\/site\/category\/esportes\/\" class=\"advgb-post-tax-term\">jogos estudantis<\/a>","<a href=\"https:\/\/lavras.tv\/site\/category\/esportes\/\" class=\"advgb-post-tax-term\">lavras mg<\/a>","<a href=\"https:\/\/lavras.tv\/site\/category\/esportes\/\" class=\"advgb-post-tax-term\">minas gerais<\/a>"],"unlinked":["<span class=\"advgb-post-tax-term\">esporte<\/span>","<span class=\"advgb-post-tax-term\">JEJ<\/span>","<span class=\"advgb-post-tax-term\">jemg<\/span>","<span class=\"advgb-post-tax-term\">jo\u00e3o pessoa<\/span>","<span class=\"advgb-post-tax-term\">jogos escolares da juventude<\/span>","<span class=\"advgb-post-tax-term\">jogos estudantis<\/span>","<span class=\"advgb-post-tax-term\">lavras mg<\/span>","<span class=\"advgb-post-tax-term\">minas gerais<\/span>"]}},"comment_count":"0","relative_dates":{"created":"Publicado 9 anos atr\u00e1s","modified":"Atualizado 9 anos atr\u00e1s"},"absolute_dates":{"created":"Publicado em 9 de novembro de 2016","modified":"Atualizado em 9 de novembro de 2016"},"absolute_dates_time":{"created":"Publicado em 9 de novembro de 2016 09:01","modified":"Atualizado em 9 de novembro de 2016 09:01"},"featured_img_caption":"","series_order":"","_links":{"self":[{"href":"https:\/\/lavras.tv\/site\/wp-json\/wp\/v2\/posts\/3697","targetHints":{"allow":["GET"]}}],"collection":[{"href":"https:\/\/lavras.tv\/site\/wp-json\/wp\/v2\/posts"}],"about":[{"href":"https:\/\/lavras.tv\/site\/wp-json\/wp\/v2\/types\/post"}],"author":[{"embeddable":true,"href":"https:\/\/lavras.tv\/site\/wp-json\/wp\/v2\/users\/2"}],"replies":[{"embeddable":true,"href":"https:\/\/lavras.tv\/site\/wp-json\/wp\/v2\/comments?post=3697"}],"version-history":[{"count":1,"href":"https:\/\/lavras.tv\/site\/wp-json\/wp\/v2\/posts\/3697\/revisions"}],"predecessor-version":[{"id":3699,"href":"https:\/\/lavras.tv\/site\/wp-json\/wp\/v2\/posts\/3697\/revisions\/3699"}],"wp:featuredmedia":[{"embeddable":true,"href":"https:\/\/lavras.tv\/site\/wp-json\/wp\/v2\/media\/3698"}],"wp:attachment":[{"href":"https:\/\/lavras.tv\/site\/wp-json\/wp\/v2\/media?parent=3697"}],"wp:term":[{"taxonomy":"category","embeddable":true,"href":"https:\/\/lavras.tv\/site\/wp-json\/wp\/v2\/categories?post=3697"},{"taxonomy":"post_tag","embeddable":true,"href":"https:\/\/lavras.tv\/site\/wp-json\/wp\/v2\/tags?post=3697"}],"curies":[{"name":"wp","href":"https:\/\/api.w.org\/{rel}","templated":true}]}}