{"id":3703,"date":"2016-11-09T09:13:05","date_gmt":"2016-11-09T11:13:05","guid":{"rendered":"http:\/\/lavras.tv\/site\/?p=3703"},"modified":"2016-11-09T09:13:05","modified_gmt":"2016-11-09T11:13:05","slug":"iv-conexao-publica-acontece-de-911-a-1111-inscricoes-abertas","status":"publish","type":"post","link":"https:\/\/lavras.tv\/site\/2016\/11\/09\/iv-conexao-publica-acontece-de-911-a-1111-inscricoes-abertas\/","title":{"rendered":"IV Conex\u00e3o P\u00fablica acontece de 9\/11 a 11\/11 \u2013 inscri\u00e7\u00f5es abertas"},"content":{"rendered":"<div class=\"lavra-antes-do-conteudo_2\" id=\"lavra-177182495\"><div id=\"lavra-slider-27\" class=\"custom-slider lavra-slider-671478423 lavra-slider\"><ul><li><div style=\"margin-left: auto;margin-right: auto;text-align: center;\" id=\"lavra-3985769881\"><a href=\"https:\/\/sistemas.lavras.mg.gov.br\/portalcidadao\/#df1b1a7c7b2a290bcb31e32771e610784662739a88807c0dacac58ede5f391a7530e299dc302d611ee73cb143fc22eaf93592e53e7b5bdb01b00a0b8d28dae460c141dd2ff83412e4dc1c31b16b25f33144a9e5620ea73b13f5bc1c59411d98439ad226e8af03840603796067d87afe130812cf3de24982d0e306f9e61e764e5\" aria-label=\"Lavras-TV&#8211;720x104px (1) (1)\"><img src=\"https:\/\/lavras.tv\/site\/wp-content\/uploads\/2025\/01\/Lavras-TV-720x104px-1-1.png\" alt=\"\"  srcset=\"https:\/\/lavras.tv\/site\/wp-content\/uploads\/2025\/01\/Lavras-TV-720x104px-1-1.png 720w, https:\/\/lavras.tv\/site\/wp-content\/uploads\/2025\/01\/Lavras-TV-720x104px-1-1-470x68.png 470w, https:\/\/lavras.tv\/site\/wp-content\/uploads\/2025\/01\/Lavras-TV-720x104px-1-1-170x25.png 170w, https:\/\/lavras.tv\/site\/wp-content\/uploads\/2025\/01\/Lavras-TV-720x104px-1-1-200x29.png 200w\" sizes=\"(max-width: 720px) 100vw, 720px\" width=\"720\" height=\"104\"  style=\"display: inline-block;\" \/><\/a><\/div><\/li><li><a href=\"https:\/\/sistemas.lavras.mg.gov.br\/portalcidadao\/#df1b1a7c7b2a290bcb31e32771e610784662739a88807c0dacac58ede5f391a7530e299dc302d611ee73cb143fc22eaf93592e53e7b5bdb01b00a0b8d28dae460c141dd2ff83412e4dc1c31b16b25f33144a9e5620ea73b13f5bc1c59411d98439ad226e8af03840603796067d87afe130812cf3de24982d0e306f9e61e764e5\" aria-label=\"Banner_Emprego_PortallavrasTV\"><img src=\"https:\/\/lavras.tv\/site\/wp-content\/uploads\/2025\/03\/Banner_Emprego_PortallavrasTV.png\" alt=\"\"  srcset=\"https:\/\/lavras.tv\/site\/wp-content\/uploads\/2025\/03\/Banner_Emprego_PortallavrasTV.png 720w, https:\/\/lavras.tv\/site\/wp-content\/uploads\/2025\/03\/Banner_Emprego_PortallavrasTV-470x68.png 470w, https:\/\/lavras.tv\/site\/wp-content\/uploads\/2025\/03\/Banner_Emprego_PortallavrasTV-170x25.png 170w, https:\/\/lavras.tv\/site\/wp-content\/uploads\/2025\/03\/Banner_Emprego_PortallavrasTV-200x29.png 200w\" sizes=\"(max-width: 720px) 100vw, 720px\" width=\"720\" height=\"104\"   \/><\/a><\/li><li><a href=\"https:\/\/sistemas.lavras.mg.gov.br\/portalcidadao\/#df1b1a7c7b2a290bcb31e32771e610784662739a88807c0dacac58ede5f391a7530e299dc302d611ee73cb143fc22eaf93592e53e7b5bdb01b00a0b8d28dae460c141dd2ff83412e4dc1c31b16b25f33144a9e5620ea73b13f5bc1c59411d98439ad226e8af03840603796067d87afe130812cf3de24982d0e306f9e61e764e5\" aria-label=\"Banner_Obras_PortallavrasTV\"><img src=\"https:\/\/lavras.tv\/site\/wp-content\/uploads\/2025\/03\/Banner_Obras_PortallavrasTV.png\" alt=\"\"  srcset=\"https:\/\/lavras.tv\/site\/wp-content\/uploads\/2025\/03\/Banner_Obras_PortallavrasTV.png 720w, https:\/\/lavras.tv\/site\/wp-content\/uploads\/2025\/03\/Banner_Obras_PortallavrasTV-470x68.png 470w, https:\/\/lavras.tv\/site\/wp-content\/uploads\/2025\/03\/Banner_Obras_PortallavrasTV-170x25.png 170w, https:\/\/lavras.tv\/site\/wp-content\/uploads\/2025\/03\/Banner_Obras_PortallavrasTV-200x29.png 200w\" sizes=\"(max-width: 720px) 100vw, 720px\" width=\"720\" height=\"104\"   \/><\/a><\/li><li><div style=\"margin-left: auto;margin-right: auto;text-align: center;\" id=\"lavra-2720744469\"><a href=\"https:\/\/sistemas.lavras.mg.gov.br\/portalcidadao\/#df1b1a7c7b2a290bcb31e32771e610784662739a88807c0dacac58ede5f391a7530e299dc302d611ee73cb143fc22eaf93592e53e7b5bdb01b00a0b8d28dae460c141dd2ff83412e4dc1c31b16b25f33144a9e5620ea73b13f5bc1c59411d98439ad226e8af03840603796067d87afe130812cf3de24982d0e306f9e61e764e5\" aria-label=\"Banner_Educa\u00e7\u00e3o_PortallavrasTV\"><img src=\"https:\/\/lavras.tv\/site\/wp-content\/uploads\/2025\/01\/Banner_Educacao_PortallavrasTV.png\" alt=\"\"  srcset=\"https:\/\/lavras.tv\/site\/wp-content\/uploads\/2025\/01\/Banner_Educacao_PortallavrasTV.png 720w, https:\/\/lavras.tv\/site\/wp-content\/uploads\/2025\/01\/Banner_Educacao_PortallavrasTV-470x68.png 470w, https:\/\/lavras.tv\/site\/wp-content\/uploads\/2025\/01\/Banner_Educacao_PortallavrasTV-170x25.png 170w, https:\/\/lavras.tv\/site\/wp-content\/uploads\/2025\/01\/Banner_Educacao_PortallavrasTV-200x29.png 200w\" sizes=\"(max-width: 720px) 100vw, 720px\" width=\"720\" height=\"104\"  style=\"display: inline-block;\" \/><\/a><\/div><\/li><li><a href=\"https:\/\/sistemas.lavras.mg.gov.br\/portalcidadao\/#df1b1a7c7b2a290bcb31e32771e610784662739a88807c0dacac58ede5f391a7530e299dc302d611ee73cb143fc22eaf93592e53e7b5bdb01b00a0b8d28dae460c141dd2ff83412e4dc1c31b16b25f33144a9e5620ea73b13f5bc1c59411d98439ad226e8af03840603796067d87afe130812cf3de24982d0e306f9e61e764e5\" aria-label=\"Banner_Sa\u00fade_PortallavrasTV\"><img src=\"https:\/\/lavras.tv\/site\/wp-content\/uploads\/2025\/03\/Banner_Saude_PortallavrasTV.png\" alt=\"\"  srcset=\"https:\/\/lavras.tv\/site\/wp-content\/uploads\/2025\/03\/Banner_Saude_PortallavrasTV.png 720w, https:\/\/lavras.tv\/site\/wp-content\/uploads\/2025\/03\/Banner_Saude_PortallavrasTV-470x68.png 470w, https:\/\/lavras.tv\/site\/wp-content\/uploads\/2025\/03\/Banner_Saude_PortallavrasTV-170x25.png 170w, https:\/\/lavras.tv\/site\/wp-content\/uploads\/2025\/03\/Banner_Saude_PortallavrasTV-200x29.png 200w\" sizes=\"(max-width: 720px) 100vw, 720px\" width=\"720\" height=\"104\"   \/><\/a><\/li><li><div id=\"lavra-3941509053\" style=\"width:720px;height:104px;background-color:#ddd;overflow:scroll;\">\n\t<strong>Sa\u00edda da depura\u00e7\u00e3o de an\u00fancios<\/strong>\n\t<br><br>\n\tO an\u00fancio n\u00e3o \u00e9 exibido na p\u00e1gina<br><br>post atual: IV Conex\u00e3o P\u00fablica acontece de 9\/11 a 11\/11 \u2013 inscri\u00e7\u00f5es abertas, ID: 3703<br><br><span style=\"color: red;\">O post atual n\u00e3o \u00e9 id\u00eantico ao post principal.<\/span><br><br>An\u00fancios: ROXO - TOPO INTERNA - ROTATIVO 2 (197)<br \/>Grupo de an\u00fancios: Princ_Meio01_720x104 (27)<br><br>Condi\u00e7\u00f5es de exibi\u00e7\u00e3o<div style=\"margin-bottom: 20px; white-space: pre-wrap; font-family: monospace; width: 100%; background: #ffe9e9;\"><strong>condi\u00e7\u00f5es gerais<\/strong><table border=\"1\"><thead><tr><th><\/th><th>An\u00fancios<\/th><th>wp_the_query<\/th><\/tr><\/thead><tr><td>is_main_query<\/td><td>1<\/td><td>1<\/td><\/tr><tr><td>is_rest_api<\/td><td>0<\/td><td>1<\/td><\/tr><tr><td>page<\/td><td>0<\/td><td>1<\/td><\/tr><tr><td>numpages<\/td><td>0<\/td><td>1<\/td><\/tr><tr><td>is_archive<\/td><td>1<\/td><td><\/td><\/tr><tr><td>is_search<\/td><td>1<\/td><td><\/td><\/tr><tr><td>is_home<\/td><td>1<\/td><td><\/td><\/tr><tr><td>is_404<\/td><td>1<\/td><td><\/td><\/tr><tr><td>is_attachment<\/td><td>1<\/td><td><\/td><\/tr><tr><td>is_singular<\/td><td>1<\/td><td><\/td><\/tr><tr><td>is_front_page<\/td><td>1<\/td><td><\/td><\/tr><tr><td>is_feed<\/td><td>1<\/td><td><\/td><\/tr><\/table><\/div><br><br><span style=\"color: red;\">Seu site usa HTTPS, mas o c\u00f3digo do an\u00fancio cont\u00e9m HTTP e pode n\u00e3o funcionar.<\/span>\t<br><br>\n\t<a style=\"color: green;\" href=\"https:\/\/wpadvancedads.com\/manual\/ad-debug-mode\/?utm_source=advanced-ads&utm_medium=link&utm_campaign=ad-debug-mode\" target=\"_blank\" rel=\"nofollow\">Encontre solu\u00e7\u00f5es no manual<\/a>\n<\/div>\n<\/li><\/ul><\/div><script>( window.advanced_ads_ready || jQuery( document ).ready ).call( null, function() {var $lavraslider671478423 = jQuery( \".lavra-slider-671478423\" );$lavraslider671478423.on( \"unslider.ready\", function() { jQuery( \"div.custom-slider ul li\" ).css( \"display\", \"block\" ); });$lavraslider671478423.unslider({ delay:4000, autoplay:true, nav:false, arrows:false, infinite:true });$lavraslider671478423.on(\"mouseover\", function() {$lavraslider671478423.unslider(\"stop\");}).on(\"mouseout\", function() {$lavraslider671478423.unslider(\"start\");});});<\/script><\/div><p>Nos dias 9, 10 e 11 de novembro ocorrer\u00e1 a quarta edi\u00e7\u00e3o do Conex\u00e3o P\u00fablica, evento promovido \u00a0pelo Centro Acad\u00eamico de Administra\u00e7\u00e3o P\u00fablica (CenAAP) da Universidade Federal de Lavras (UFLA). <!--more-->O tema central desta edi\u00e7\u00e3o ser\u00e1 <em>\u201cOs Tr\u00eas Poderes do Estado: desafios e possibilidades\u201d<\/em>. Graduandos, p\u00f3s-graduandos, egressos e professores do curso de Administra\u00e7\u00e3o P\u00fablica s\u00e3o convidados a participar. O evento tamb\u00e9m \u00e9 aberto a toda a comunidade interessada pela tem\u00e1tica.<img fetchpriority=\"high\" decoding=\"async\" class=\" wp-image-3704 alignright\" src=\"http:\/\/lavras.tv\/site\/wp-content\/uploads\/2016\/11\/IV-Conex\u00e3o-P\u00fablica.png\" alt=\"iv-conexao-publica\" width=\"562\" height=\"795\" \/><\/p>\n<p>O Conex\u00e3o P\u00falblica ser\u00e1 realizado pelo quarto ano consecutivo com o objetivo de promover a integra\u00e7\u00e3o entre os interessados pela Administra\u00e7\u00e3o P\u00fablica, proporcionando maior conhecimento pr\u00e1tico aos participantes. H\u00e1, ainda, a necessidade constante de qualificar a administra\u00e7\u00e3o p\u00fablica nas diversas esferas governamentais, de forma a potencializar as pol\u00edticas p\u00fablicas, otimizar os gastos p\u00fablicos e maximizar o bem-estar social da popula\u00e7\u00e3o. Da\u00ed a import\u00e2ncia da promo\u00e7\u00e3o de um espa\u00e7o de troca de saberes e estabelecimentos de v\u00ednculos profissionais.<\/p>\n<p>As inscri\u00e7\u00f5es podem ser feitas no CenAAP (localizado no pr\u00e9dio do Diret\u00f3rio dos Centros Estudantis -DCE) de segunda a sexta-feira, das 16h \u00e0s 19h e das 20h40 \u00e0s 21h. O investimento necess\u00e1rio \u00e9 de R$35,00. Os participantes receber\u00e3o certificado.<\/p>\n<p>Outras informa\u00e7\u00f5es podem ser obtidas pelo telefone (35) 3829-5258, pelo e-mail caadmpublica@hotmail.com ou na p\u00e1gina do CenAAP no facebook: <a href=\"https:\/\/www.facebook.com\/caadmpublicaufla\">https:\/\/www.facebook.com\/caadmpublicaufla<\/a><\/p>\n<p><strong>Programa\u00e7\u00e3o:<\/strong><\/p>\n<p><strong>Dia 09\/11<\/strong><\/p>\n<p>\uf0d8 1\u00aa Palestra: Os Tr\u00eas Poderes do Estado \u2013 O poder Legislativo: as fun\u00e7\u00f5es do Legislativo.\u00a0Convidado: Ant\u00f4nio Jos\u00e9 Calhau de Resende (analista-consultor da ALMG)<br \/>\n\uf0d8 2\u00aa Palestra \u2013 Uma problematiza\u00e7\u00e3o acerca do Poder Legislativo.\u00a0Convidado: Professor David Gomes (professor DIR\/UFLA)<\/p>\n<p><strong>Dia 10 de Novembro<\/strong><br \/>\n\uf0d8 1\u00aa Palestra: O Poder Executivo \u2013 Os novos desafios dos mandat\u00e1rios.\u00a0Convidado: Nelson Basile Neto (advogado e professor na Faculdade Metropolitana de Caieiras)<br \/>\n\uf0d8 2\u00aa Palestra \u2013 O poder Judici\u00e1rio: uma vis\u00e3o cr\u00edtica.\u00a0Convidado: Eduardo de Paula Machado (promotor de Justi\u00e7a no MP\/MG)<\/p>\n<p><strong>Dia 11 de Novembro<\/strong><br \/>\n\uf0d8 Palestra de Encerramento \u2013 O exerc\u00edcio dos Poderes: um relato de experi\u00eancia.\u00a0Convidado: Antonio Carlos Arantes- (Deputado Estadual\/MG)<\/p>\n<p>&nbsp;<\/p>\n","protected":false},"excerpt":{"rendered":"<p>Nos dias 9, 10 e 11 de novembro ocorrer\u00e1 a quarta edi\u00e7\u00e3o do Conex\u00e3o P\u00fablica, evento promovido \u00a0pelo Centro Acad\u00eamico de Administra\u00e7\u00e3o P\u00fablica (CenAAP) da Universidade Federal de Lavras (UFLA).<\/p>\n","protected":false},"author":2,"featured_media":3704,"comment_status":"closed","ping_status":"open","sticky":false,"template":"","format":"standard","meta":{"advgb_blocks_editor_width":"","advgb_blocks_columns_visual_guide":"","_exactmetrics_skip_tracking":false,"_exactmetrics_sitenote_active":false,"_exactmetrics_sitenote_note":"","_exactmetrics_sitenote_category":0,"footnotes":""},"categories":[7,12],"tags":[161,1341,56],"class_list":["post-3703","post","type-post","status-publish","format-standard","has-post-thumbnail","hentry","category-destaques","category-politica","tag-adm-publica-ufla","tag-conexao-publica","tag-ufla"],"better_featured_image":{"id":3704,"alt_text":"","caption":"","description":"","media_type":"image","media_details":{"width":842,"height":800,"file":"2016\/11\/IV-Conex\u00e3o-P\u00fablica-e1478689952621.png","sizes":{"thumbnail":{"file":"IV-Conex\u00e3o-P\u00fablica-e1478689952621-150x143.png","width":150,"height":143,"mime-type":"image\/png","source_url":"https:\/\/lavras.tv\/site\/wp-content\/uploads\/2016\/11\/IV-Conex\u00e3o-P\u00fablica-e1478689952621-150x143.png"},"medium":{"file":"IV-Conex\u00e3o-P\u00fablica-e1478689952621-300x285.png","width":300,"height":285,"mime-type":"image\/png","source_url":"https:\/\/lavras.tv\/site\/wp-content\/uploads\/2016\/11\/IV-Conex\u00e3o-P\u00fablica-e1478689952621-300x285.png"},"large":{"file":"IV-Conex\u00e3o-P\u00fablica-724x1024.png","width":724,"height":1024,"mime-type":"image\/png","source_url":"https:\/\/lavras.tv\/site\/wp-content\/uploads\/2016\/11\/IV-Conex\u00e3o-P\u00fablica-724x1024.png"},"featured-slider-img":{"file":"IV-Conex\u00e3o-P\u00fablica-e1478689952621-640x480.png","width":640,"height":480,"mime-type":"image\/png","source_url":"https:\/\/lavras.tv\/site\/wp-content\/uploads\/2016\/11\/IV-Conex\u00e3o-P\u00fablica-e1478689952621-640x480.png"},"featured-post-img":{"file":"IV-Conex\u00e3o-P\u00fablica-e1478689952621-480x320.png","width":480,"height":320,"mime-type":"image\/png","source_url":"https:\/\/lavras.tv\/site\/wp-content\/uploads\/2016\/11\/IV-Conex\u00e3o-P\u00fablica-e1478689952621-480x320.png"},"sow-carousel-default":{"file":"IV-Conex\u00e3o-P\u00fablica-e1478689952621-272x182.png","width":272,"height":182,"mime-type":"image\/png","source_url":"https:\/\/lavras.tv\/site\/wp-content\/uploads\/2016\/11\/IV-Conex\u00e3o-P\u00fablica-e1478689952621-272x182.png"}},"image_meta":{"aperture":"0","credit":"","camera":"","caption":"","created_timestamp":"0","copyright":"","focal_length":"0","iso":"0","shutter_speed":"0","title":"","orientation":"0","keywords":[]}},"post":3703,"source_url":"https:\/\/lavras.tv\/site\/wp-content\/uploads\/2016\/11\/IV-Conex\u00e3o-P\u00fablica-e1478689952621.png"},"author_meta":{"display_name":"Lavras TV","author_link":"https:\/\/lavras.tv\/site\/author\/lavrastv\/"},"featured_img":"https:\/\/lavras.tv\/site\/wp-content\/uploads\/2016\/11\/IV-Conex\u00e3o-P\u00fablica-e1478689952621-300x285.png","coauthors":[],"tax_additional":{"categories":{"linked":["<a href=\"https:\/\/lavras.tv\/site\/category\/destaques\/\" class=\"advgb-post-tax-term\">Destaques<\/a>","<a href=\"https:\/\/lavras.tv\/site\/category\/politica\/\" class=\"advgb-post-tax-term\">Pol\u00edtica<\/a>"],"unlinked":["<span class=\"advgb-post-tax-term\">Destaques<\/span>","<span class=\"advgb-post-tax-term\">Pol\u00edtica<\/span>"]},"tags":{"linked":["<a href=\"https:\/\/lavras.tv\/site\/category\/politica\/\" class=\"advgb-post-tax-term\">adm publica ufla<\/a>","<a href=\"https:\/\/lavras.tv\/site\/category\/politica\/\" class=\"advgb-post-tax-term\">conex\u00e3o p\u00fablica<\/a>","<a href=\"https:\/\/lavras.tv\/site\/category\/politica\/\" class=\"advgb-post-tax-term\">ufla<\/a>"],"unlinked":["<span class=\"advgb-post-tax-term\">adm publica ufla<\/span>","<span class=\"advgb-post-tax-term\">conex\u00e3o p\u00fablica<\/span>","<span class=\"advgb-post-tax-term\">ufla<\/span>"]}},"comment_count":"0","relative_dates":{"created":"Publicado 9 anos atr\u00e1s","modified":"Atualizado 9 anos atr\u00e1s"},"absolute_dates":{"created":"Publicado em 9 de novembro de 2016","modified":"Atualizado em 9 de novembro de 2016"},"absolute_dates_time":{"created":"Publicado em 9 de novembro de 2016 09:13","modified":"Atualizado em 9 de novembro de 2016 09:13"},"featured_img_caption":"","series_order":"","_links":{"self":[{"href":"https:\/\/lavras.tv\/site\/wp-json\/wp\/v2\/posts\/3703","targetHints":{"allow":["GET"]}}],"collection":[{"href":"https:\/\/lavras.tv\/site\/wp-json\/wp\/v2\/posts"}],"about":[{"href":"https:\/\/lavras.tv\/site\/wp-json\/wp\/v2\/types\/post"}],"author":[{"embeddable":true,"href":"https:\/\/lavras.tv\/site\/wp-json\/wp\/v2\/users\/2"}],"replies":[{"embeddable":true,"href":"https:\/\/lavras.tv\/site\/wp-json\/wp\/v2\/comments?post=3703"}],"version-history":[{"count":1,"href":"https:\/\/lavras.tv\/site\/wp-json\/wp\/v2\/posts\/3703\/revisions"}],"predecessor-version":[{"id":3705,"href":"https:\/\/lavras.tv\/site\/wp-json\/wp\/v2\/posts\/3703\/revisions\/3705"}],"wp:featuredmedia":[{"embeddable":true,"href":"https:\/\/lavras.tv\/site\/wp-json\/wp\/v2\/media\/3704"}],"wp:attachment":[{"href":"https:\/\/lavras.tv\/site\/wp-json\/wp\/v2\/media?parent=3703"}],"wp:term":[{"taxonomy":"category","embeddable":true,"href":"https:\/\/lavras.tv\/site\/wp-json\/wp\/v2\/categories?post=3703"},{"taxonomy":"post_tag","embeddable":true,"href":"https:\/\/lavras.tv\/site\/wp-json\/wp\/v2\/tags?post=3703"}],"curies":[{"name":"wp","href":"https:\/\/api.w.org\/{rel}","templated":true}]}}