{"id":3708,"date":"2016-11-09T09:23:10","date_gmt":"2016-11-09T11:23:10","guid":{"rendered":"http:\/\/lavras.tv\/site\/?p=3708"},"modified":"2016-11-09T09:23:10","modified_gmt":"2016-11-09T11:23:10","slug":"programa-de-repatriacao-deve-liberar-quase-r-2-milhoes-para-prefeitura-de-lavras","status":"publish","type":"post","link":"https:\/\/lavras.tv\/site\/2016\/11\/09\/programa-de-repatriacao-deve-liberar-quase-r-2-milhoes-para-prefeitura-de-lavras\/","title":{"rendered":"Programa de repatria\u00e7\u00e3o deve liberar quase R$ 2 milh\u00f5es para Prefeitura de Lavras"},"content":{"rendered":"<div class=\"lavra-antes-do-conteudo_2\" id=\"lavra-500713805\"><div id=\"lavra-slider-27\" class=\"custom-slider lavra-slider-3204030564 lavra-slider\"><ul><li><div style=\"margin-left: auto;margin-right: auto;text-align: center;\" id=\"lavra-2976513529\"><a href=\"https:\/\/sistemas.lavras.mg.gov.br\/portalcidadao\/#df1b1a7c7b2a290bcb31e32771e610784662739a88807c0dacac58ede5f391a7530e299dc302d611ee73cb143fc22eaf93592e53e7b5bdb01b00a0b8d28dae460c141dd2ff83412e4dc1c31b16b25f33144a9e5620ea73b13f5bc1c59411d98439ad226e8af03840603796067d87afe130812cf3de24982d0e306f9e61e764e5\" aria-label=\"Lavras-TV&#8211;720x104px (1) (1)\"><img src=\"https:\/\/lavras.tv\/site\/wp-content\/uploads\/2025\/01\/Lavras-TV-720x104px-1-1.png\" alt=\"\"  srcset=\"https:\/\/lavras.tv\/site\/wp-content\/uploads\/2025\/01\/Lavras-TV-720x104px-1-1.png 720w, https:\/\/lavras.tv\/site\/wp-content\/uploads\/2025\/01\/Lavras-TV-720x104px-1-1-470x68.png 470w, https:\/\/lavras.tv\/site\/wp-content\/uploads\/2025\/01\/Lavras-TV-720x104px-1-1-170x25.png 170w, https:\/\/lavras.tv\/site\/wp-content\/uploads\/2025\/01\/Lavras-TV-720x104px-1-1-200x29.png 200w\" sizes=\"(max-width: 720px) 100vw, 720px\" width=\"720\" height=\"104\"  style=\"display: inline-block;\" \/><\/a><\/div><\/li><li><a href=\"https:\/\/sistemas.lavras.mg.gov.br\/portalcidadao\/#df1b1a7c7b2a290bcb31e32771e610784662739a88807c0dacac58ede5f391a7530e299dc302d611ee73cb143fc22eaf93592e53e7b5bdb01b00a0b8d28dae460c141dd2ff83412e4dc1c31b16b25f33144a9e5620ea73b13f5bc1c59411d98439ad226e8af03840603796067d87afe130812cf3de24982d0e306f9e61e764e5\" aria-label=\"Banner_Emprego_PortallavrasTV\"><img src=\"https:\/\/lavras.tv\/site\/wp-content\/uploads\/2025\/03\/Banner_Emprego_PortallavrasTV.png\" alt=\"\"  srcset=\"https:\/\/lavras.tv\/site\/wp-content\/uploads\/2025\/03\/Banner_Emprego_PortallavrasTV.png 720w, https:\/\/lavras.tv\/site\/wp-content\/uploads\/2025\/03\/Banner_Emprego_PortallavrasTV-470x68.png 470w, https:\/\/lavras.tv\/site\/wp-content\/uploads\/2025\/03\/Banner_Emprego_PortallavrasTV-170x25.png 170w, https:\/\/lavras.tv\/site\/wp-content\/uploads\/2025\/03\/Banner_Emprego_PortallavrasTV-200x29.png 200w\" sizes=\"(max-width: 720px) 100vw, 720px\" width=\"720\" height=\"104\"   \/><\/a><\/li><li><a href=\"https:\/\/sistemas.lavras.mg.gov.br\/portalcidadao\/#df1b1a7c7b2a290bcb31e32771e610784662739a88807c0dacac58ede5f391a7530e299dc302d611ee73cb143fc22eaf93592e53e7b5bdb01b00a0b8d28dae460c141dd2ff83412e4dc1c31b16b25f33144a9e5620ea73b13f5bc1c59411d98439ad226e8af03840603796067d87afe130812cf3de24982d0e306f9e61e764e5\" aria-label=\"Banner_Obras_PortallavrasTV\"><img src=\"https:\/\/lavras.tv\/site\/wp-content\/uploads\/2025\/03\/Banner_Obras_PortallavrasTV.png\" alt=\"\"  srcset=\"https:\/\/lavras.tv\/site\/wp-content\/uploads\/2025\/03\/Banner_Obras_PortallavrasTV.png 720w, https:\/\/lavras.tv\/site\/wp-content\/uploads\/2025\/03\/Banner_Obras_PortallavrasTV-470x68.png 470w, https:\/\/lavras.tv\/site\/wp-content\/uploads\/2025\/03\/Banner_Obras_PortallavrasTV-170x25.png 170w, https:\/\/lavras.tv\/site\/wp-content\/uploads\/2025\/03\/Banner_Obras_PortallavrasTV-200x29.png 200w\" sizes=\"(max-width: 720px) 100vw, 720px\" width=\"720\" height=\"104\"   \/><\/a><\/li><li><div style=\"margin-left: auto;margin-right: auto;text-align: center;\" id=\"lavra-1493122832\"><a href=\"https:\/\/sistemas.lavras.mg.gov.br\/portalcidadao\/#df1b1a7c7b2a290bcb31e32771e610784662739a88807c0dacac58ede5f391a7530e299dc302d611ee73cb143fc22eaf93592e53e7b5bdb01b00a0b8d28dae460c141dd2ff83412e4dc1c31b16b25f33144a9e5620ea73b13f5bc1c59411d98439ad226e8af03840603796067d87afe130812cf3de24982d0e306f9e61e764e5\" aria-label=\"Banner_Educa\u00e7\u00e3o_PortallavrasTV\"><img src=\"https:\/\/lavras.tv\/site\/wp-content\/uploads\/2025\/01\/Banner_Educacao_PortallavrasTV.png\" alt=\"\"  srcset=\"https:\/\/lavras.tv\/site\/wp-content\/uploads\/2025\/01\/Banner_Educacao_PortallavrasTV.png 720w, https:\/\/lavras.tv\/site\/wp-content\/uploads\/2025\/01\/Banner_Educacao_PortallavrasTV-470x68.png 470w, https:\/\/lavras.tv\/site\/wp-content\/uploads\/2025\/01\/Banner_Educacao_PortallavrasTV-170x25.png 170w, https:\/\/lavras.tv\/site\/wp-content\/uploads\/2025\/01\/Banner_Educacao_PortallavrasTV-200x29.png 200w\" sizes=\"(max-width: 720px) 100vw, 720px\" width=\"720\" height=\"104\"  style=\"display: inline-block;\" \/><\/a><\/div><\/li><li><a href=\"https:\/\/sistemas.lavras.mg.gov.br\/portalcidadao\/#df1b1a7c7b2a290bcb31e32771e610784662739a88807c0dacac58ede5f391a7530e299dc302d611ee73cb143fc22eaf93592e53e7b5bdb01b00a0b8d28dae460c141dd2ff83412e4dc1c31b16b25f33144a9e5620ea73b13f5bc1c59411d98439ad226e8af03840603796067d87afe130812cf3de24982d0e306f9e61e764e5\" aria-label=\"Banner_Sa\u00fade_PortallavrasTV\"><img src=\"https:\/\/lavras.tv\/site\/wp-content\/uploads\/2025\/03\/Banner_Saude_PortallavrasTV.png\" alt=\"\"  srcset=\"https:\/\/lavras.tv\/site\/wp-content\/uploads\/2025\/03\/Banner_Saude_PortallavrasTV.png 720w, https:\/\/lavras.tv\/site\/wp-content\/uploads\/2025\/03\/Banner_Saude_PortallavrasTV-470x68.png 470w, https:\/\/lavras.tv\/site\/wp-content\/uploads\/2025\/03\/Banner_Saude_PortallavrasTV-170x25.png 170w, https:\/\/lavras.tv\/site\/wp-content\/uploads\/2025\/03\/Banner_Saude_PortallavrasTV-200x29.png 200w\" sizes=\"(max-width: 720px) 100vw, 720px\" width=\"720\" height=\"104\"   \/><\/a><\/li><li><div id=\"lavra-1201040401\" style=\"width:720px;height:104px;background-color:#ddd;overflow:scroll;\">\n\t<strong>Sa\u00edda da depura\u00e7\u00e3o de an\u00fancios<\/strong>\n\t<br><br>\n\tO an\u00fancio n\u00e3o \u00e9 exibido na p\u00e1gina<br><br>post atual: Programa de repatria\u00e7\u00e3o deve liberar quase R$ 2 milh\u00f5es para Prefeitura de Lavras, ID: 3708<br><br><span style=\"color: red;\">O post atual n\u00e3o \u00e9 id\u00eantico ao post principal.<\/span><br><br>An\u00fancios: ROXO - TOPO INTERNA - ROTATIVO 2 (197)<br \/>Grupo de an\u00fancios: Princ_Meio01_720x104 (27)<br><br>Condi\u00e7\u00f5es de exibi\u00e7\u00e3o<div style=\"margin-bottom: 20px; white-space: pre-wrap; font-family: monospace; width: 100%; background: #ffe9e9;\"><strong>condi\u00e7\u00f5es gerais<\/strong><table border=\"1\"><thead><tr><th><\/th><th>An\u00fancios<\/th><th>wp_the_query<\/th><\/tr><\/thead><tr><td>is_main_query<\/td><td>1<\/td><td>1<\/td><\/tr><tr><td>is_rest_api<\/td><td>0<\/td><td>1<\/td><\/tr><tr><td>page<\/td><td>0<\/td><td>1<\/td><\/tr><tr><td>numpages<\/td><td>0<\/td><td>1<\/td><\/tr><tr><td>is_archive<\/td><td>1<\/td><td><\/td><\/tr><tr><td>is_search<\/td><td>1<\/td><td><\/td><\/tr><tr><td>is_home<\/td><td>1<\/td><td><\/td><\/tr><tr><td>is_404<\/td><td>1<\/td><td><\/td><\/tr><tr><td>is_attachment<\/td><td>1<\/td><td><\/td><\/tr><tr><td>is_singular<\/td><td>1<\/td><td><\/td><\/tr><tr><td>is_front_page<\/td><td>1<\/td><td><\/td><\/tr><tr><td>is_feed<\/td><td>1<\/td><td><\/td><\/tr><\/table><\/div><br><br><span style=\"color: red;\">Seu site usa HTTPS, mas o c\u00f3digo do an\u00fancio cont\u00e9m HTTP e pode n\u00e3o funcionar.<\/span>\t<br><br>\n\t<a style=\"color: green;\" href=\"https:\/\/wpadvancedads.com\/manual\/ad-debug-mode\/?utm_source=advanced-ads&utm_medium=link&utm_campaign=ad-debug-mode\" target=\"_blank\" rel=\"nofollow\">Encontre solu\u00e7\u00f5es no manual<\/a>\n<\/div>\n<\/li><\/ul><\/div><script>( window.advanced_ads_ready || jQuery( document ).ready ).call( null, function() {var $lavraslider3204030564 = jQuery( \".lavra-slider-3204030564\" );$lavraslider3204030564.on( \"unslider.ready\", function() { jQuery( \"div.custom-slider ul li\" ).css( \"display\", \"block\" ); });$lavraslider3204030564.unslider({ delay:4000, autoplay:true, nav:false, arrows:false, infinite:true });$lavraslider3204030564.on(\"mouseover\", function() {$lavraslider3204030564.unslider(\"stop\");}).on(\"mouseout\", function() {$lavraslider3204030564.unslider(\"start\");});});<\/script><\/div><p>Lavras deve receber este m\u00eas um refor\u00e7o no caixa que pode ajudar a garantir o pagamento dos servidores municipais. <!--more-->O programa de repatria\u00e7\u00e3o, que trouxe de volta aos cofres brasileiros R$ 169,9 bilh\u00f5es, vai repassar aos 853 munic\u00edpios mineiros R$ 601,3 milh\u00f5es, segundo levantamento da Confedera\u00e7\u00e3o Nacional dos Munic\u00edpios (CNM).<br \/>\n<a name=\"more\"><\/a><br \/>\nO montante deve dar f\u00f4lego aos cofres municipais, no vermelho em decorr\u00eancia da queda da arrecada\u00e7\u00e3o, fruto da crise que abate a economia dom\u00e9stica. De acordo com um levantamento feito pela Associa\u00e7\u00e3o Mineira dos Munic\u00edpios (AMM), Lavras deve receber cerca de R$ 1.995.110,86.<\/p>\n<p>O dinheiro chega em boa hora e, segundo a maioria dos atuais prefeitos, entrar\u00e1 nos cofres municipais como \u201co \u00faltimo suspiro do mandato\u201d. A transfer\u00eancia dos recursos ser\u00e1 creditada junto com a parcela do Fundo de Participa\u00e7\u00e3o dos Munic\u00edpios (FPM), no dia 10 de novembro.<\/p>\n<p>O programa de regulariza\u00e7\u00e3o trouxe de volta aos cofres brasileiros R$ 169,9 bilh\u00f5es e, desse total, foram arrecadados R$ 50,9 bilh\u00f5es, referentes ao Imposto de Renda (IR) e \u00e0 multa da formaliza\u00e7\u00e3o dos valores. Os munic\u00edpios t\u00eam direito apenas ao montante do IR.<\/p>\n<p>E o governo federal n\u00e3o pretende abrir m\u00e3o dos recursos arrecadados no programa de repatria\u00e7\u00e3o dos recursos para dividi-los com os estados. Do que foi arrecadado pelo governo com IR e multa, 50% ser\u00e1 dividido com os estados.<\/p>\n<p><b>Divis\u00e3o<\/b><\/p>\n<p>Segundo o secret\u00e1rio-executivo do Minist\u00e9rio da Fazenda, Eduardo Guardia, a lei que estabeleceu o programa previu que a arrecada\u00e7\u00e3o seria compartilhada, mas as multas, n\u00e3o. \u201c<i>A multa nos termos da lei original n\u00e3o compartilha recursos com os estados<\/i>\u201d, disse. \u201c<i>O processo de repatria\u00e7\u00e3o se encerrou e, nos termos da lei em vigor, a receita \u00e9 do governo federal, ent\u00e3o para mim n\u00e3o h\u00e1 uma discuss\u00e3o<\/i>\u201d, afirma.<\/p>\n<p>Na sua avalia\u00e7\u00e3o, essa reivindica\u00e7\u00e3o se esgotou com o encerramento da repatria\u00e7\u00e3o, no \u00faltimo dia 31. \u201c<i>O Congresso n\u00e3o alterou a lei, o dinheiro j\u00e1 entrou e n\u00e3o h\u00e1 previs\u00e3o legal para compartilharmos<\/i>\u201d, explica. Os governadores, no entanto, recorreram ao STF pedindo sua parte nas multas.<\/p>\n<p>Sobre a possibilidade de uma eventual reabertura do programa de repatria\u00e7\u00e3o, em discuss\u00e3o na C\u00e2mara, Guardia afirmou que a Fazenda n\u00e3o interferir\u00e1 no debate do Congresso, mas afirmou que as condi\u00e7\u00f5es devem ser menos favor\u00e1veis do que as da primeira rodada.<\/p>\n<p><b>Veja, no quadro abaixo, a proje\u00e7\u00e3o dos valores destinados a cada Munic\u00edpio Mineiro, deduzidos os 20% para o FUNDEB<\/b><\/p>\n<p><iframe src=\"https:\/\/docs.google.com\/viewer?srcid=0B_aNbHQEwufiNUxTaWc1VkUyVW8&amp;pid=explorer&amp;efh=false&amp;a=v&amp;chrome=false&amp;embedded=true\" width=\"600\" height=\"780\"><\/iframe><\/p>\n<p>Fonte: O Lavrense<\/p>\n","protected":false},"excerpt":{"rendered":"<p>Lavras deve receber este m\u00eas um refor\u00e7o no caixa que pode ajudar a garantir o pagamento dos servidores municipais.<\/p>\n","protected":false},"author":2,"featured_media":1052,"comment_status":"closed","ping_status":"open","sticky":false,"template":"","format":"standard","meta":{"advgb_blocks_editor_width":"","advgb_blocks_columns_visual_guide":"","_exactmetrics_skip_tracking":false,"_exactmetrics_sitenote_active":false,"_exactmetrics_sitenote_note":"","_exactmetrics_sitenote_category":0,"footnotes":""},"categories":[7,12],"tags":[103,1342,1343],"class_list":["post-3708","post","type-post","status-publish","format-standard","has-post-thumbnail","hentry","category-destaques","category-politica","tag-prefeitura-de-lavras","tag-programa-de-repatriacao","tag-recursos"],"better_featured_image":{"id":1052,"alt_text":"","caption":"","description":"","media_type":"image","media_details":{"width":800,"height":532,"file":"2016\/07\/prefeitura.jpg","sizes":{"thumbnail":{"file":"prefeitura-150x100.jpg","width":150,"height":100,"mime-type":"image\/jpeg","source_url":"https:\/\/lavras.tv\/site\/wp-content\/uploads\/2016\/07\/prefeitura-150x100.jpg"},"medium":{"file":"prefeitura-300x200.jpg","width":300,"height":200,"mime-type":"image\/jpeg","source_url":"https:\/\/lavras.tv\/site\/wp-content\/uploads\/2016\/07\/prefeitura-300x200.jpg"},"featured-slider-img":{"file":"prefeitura-640x480.jpg","width":640,"height":480,"mime-type":"image\/jpeg","source_url":"https:\/\/lavras.tv\/site\/wp-content\/uploads\/2016\/07\/prefeitura-640x480.jpg"},"featured-post-img":{"file":"prefeitura-480x320.jpg","width":480,"height":320,"mime-type":"image\/jpeg","source_url":"https:\/\/lavras.tv\/site\/wp-content\/uploads\/2016\/07\/prefeitura-480x320.jpg"},"sow-carousel-default":{"file":"prefeitura-272x182.jpg","width":272,"height":182,"mime-type":"image\/jpeg","source_url":"https:\/\/lavras.tv\/site\/wp-content\/uploads\/2016\/07\/prefeitura-272x182.jpg"}},"image_meta":{"aperture":"9","credit":"","camera":"NIKON D40","caption":"","created_timestamp":"1335278235","copyright":"","focal_length":"18","iso":"200","shutter_speed":"0.003125","title":"","orientation":"0","keywords":[]}},"post":1051,"source_url":"https:\/\/lavras.tv\/site\/wp-content\/uploads\/2016\/07\/prefeitura.jpg"},"author_meta":{"display_name":"Lavras TV","author_link":"https:\/\/lavras.tv\/site\/author\/lavrastv\/"},"featured_img":"https:\/\/lavras.tv\/site\/wp-content\/uploads\/2016\/07\/prefeitura-300x200.jpg","coauthors":[],"tax_additional":{"categories":{"linked":["<a href=\"https:\/\/lavras.tv\/site\/category\/destaques\/\" class=\"advgb-post-tax-term\">Destaques<\/a>","<a href=\"https:\/\/lavras.tv\/site\/category\/politica\/\" class=\"advgb-post-tax-term\">Pol\u00edtica<\/a>"],"unlinked":["<span class=\"advgb-post-tax-term\">Destaques<\/span>","<span class=\"advgb-post-tax-term\">Pol\u00edtica<\/span>"]},"tags":{"linked":["<a href=\"https:\/\/lavras.tv\/site\/category\/politica\/\" class=\"advgb-post-tax-term\">prefeitura de lavras<\/a>","<a href=\"https:\/\/lavras.tv\/site\/category\/politica\/\" class=\"advgb-post-tax-term\">programa de repatria\u00e7\u00e3o<\/a>","<a href=\"https:\/\/lavras.tv\/site\/category\/politica\/\" class=\"advgb-post-tax-term\">recursos<\/a>"],"unlinked":["<span class=\"advgb-post-tax-term\">prefeitura de lavras<\/span>","<span class=\"advgb-post-tax-term\">programa de repatria\u00e7\u00e3o<\/span>","<span class=\"advgb-post-tax-term\">recursos<\/span>"]}},"comment_count":"0","relative_dates":{"created":"Publicado 9 anos atr\u00e1s","modified":"Atualizado 9 anos atr\u00e1s"},"absolute_dates":{"created":"Publicado em 9 de novembro de 2016","modified":"Atualizado em 9 de novembro de 2016"},"absolute_dates_time":{"created":"Publicado em 9 de novembro de 2016 09:23","modified":"Atualizado em 9 de novembro de 2016 09:23"},"featured_img_caption":"","series_order":"","_links":{"self":[{"href":"https:\/\/lavras.tv\/site\/wp-json\/wp\/v2\/posts\/3708","targetHints":{"allow":["GET"]}}],"collection":[{"href":"https:\/\/lavras.tv\/site\/wp-json\/wp\/v2\/posts"}],"about":[{"href":"https:\/\/lavras.tv\/site\/wp-json\/wp\/v2\/types\/post"}],"author":[{"embeddable":true,"href":"https:\/\/lavras.tv\/site\/wp-json\/wp\/v2\/users\/2"}],"replies":[{"embeddable":true,"href":"https:\/\/lavras.tv\/site\/wp-json\/wp\/v2\/comments?post=3708"}],"version-history":[{"count":1,"href":"https:\/\/lavras.tv\/site\/wp-json\/wp\/v2\/posts\/3708\/revisions"}],"predecessor-version":[{"id":3709,"href":"https:\/\/lavras.tv\/site\/wp-json\/wp\/v2\/posts\/3708\/revisions\/3709"}],"wp:featuredmedia":[{"embeddable":true,"href":"https:\/\/lavras.tv\/site\/wp-json\/wp\/v2\/media\/1052"}],"wp:attachment":[{"href":"https:\/\/lavras.tv\/site\/wp-json\/wp\/v2\/media?parent=3708"}],"wp:term":[{"taxonomy":"category","embeddable":true,"href":"https:\/\/lavras.tv\/site\/wp-json\/wp\/v2\/categories?post=3708"},{"taxonomy":"post_tag","embeddable":true,"href":"https:\/\/lavras.tv\/site\/wp-json\/wp\/v2\/tags?post=3708"}],"curies":[{"name":"wp","href":"https:\/\/api.w.org\/{rel}","templated":true}]}}