{"id":37486,"date":"2019-08-06T08:28:26","date_gmt":"2019-08-06T11:28:26","guid":{"rendered":"http:\/\/lavras.tv\/site\/?p=37486"},"modified":"2019-08-06T08:28:26","modified_gmt":"2019-08-06T11:28:26","slug":"escandalo-das-diarias-vereadores-de-lavras-devem-receber-apenas-uma-advertencia-da-camara","status":"publish","type":"post","link":"https:\/\/lavras.tv\/site\/2019\/08\/06\/escandalo-das-diarias-vereadores-de-lavras-devem-receber-apenas-uma-advertencia-da-camara\/","title":{"rendered":"Esc\u00e2ndalo das di\u00e1rias: vereadores de Lavras devem receber apenas uma advert\u00eancia da C\u00e2mara"},"content":{"rendered":"<div class=\"lavra-antes-do-conteudo_2\" id=\"lavra-3191013144\"><div id=\"lavra-slider-27\" class=\"custom-slider lavra-slider-727616271 lavra-slider\"><ul><li><div style=\"margin-left: auto;margin-right: auto;text-align: center;\" id=\"lavra-1405378959\"><a href=\"https:\/\/sistemas.lavras.mg.gov.br\/portalcidadao\/#df1b1a7c7b2a290bcb31e32771e610784662739a88807c0dacac58ede5f391a7530e299dc302d611ee73cb143fc22eaf93592e53e7b5bdb01b00a0b8d28dae460c141dd2ff83412e4dc1c31b16b25f33144a9e5620ea73b13f5bc1c59411d98439ad226e8af03840603796067d87afe130812cf3de24982d0e306f9e61e764e5\" aria-label=\"Lavras-TV&#8211;720x104px (1) (1)\"><img src=\"https:\/\/lavras.tv\/site\/wp-content\/uploads\/2025\/01\/Lavras-TV-720x104px-1-1.png\" alt=\"\"  srcset=\"https:\/\/lavras.tv\/site\/wp-content\/uploads\/2025\/01\/Lavras-TV-720x104px-1-1.png 720w, https:\/\/lavras.tv\/site\/wp-content\/uploads\/2025\/01\/Lavras-TV-720x104px-1-1-470x68.png 470w, https:\/\/lavras.tv\/site\/wp-content\/uploads\/2025\/01\/Lavras-TV-720x104px-1-1-170x25.png 170w, https:\/\/lavras.tv\/site\/wp-content\/uploads\/2025\/01\/Lavras-TV-720x104px-1-1-200x29.png 200w\" sizes=\"(max-width: 720px) 100vw, 720px\" width=\"720\" height=\"104\"  style=\"display: inline-block;\" \/><\/a><\/div><\/li><li><a href=\"https:\/\/sistemas.lavras.mg.gov.br\/portalcidadao\/#df1b1a7c7b2a290bcb31e32771e610784662739a88807c0dacac58ede5f391a7530e299dc302d611ee73cb143fc22eaf93592e53e7b5bdb01b00a0b8d28dae460c141dd2ff83412e4dc1c31b16b25f33144a9e5620ea73b13f5bc1c59411d98439ad226e8af03840603796067d87afe130812cf3de24982d0e306f9e61e764e5\" aria-label=\"Banner_Emprego_PortallavrasTV\"><img src=\"https:\/\/lavras.tv\/site\/wp-content\/uploads\/2025\/03\/Banner_Emprego_PortallavrasTV.png\" alt=\"\"  srcset=\"https:\/\/lavras.tv\/site\/wp-content\/uploads\/2025\/03\/Banner_Emprego_PortallavrasTV.png 720w, https:\/\/lavras.tv\/site\/wp-content\/uploads\/2025\/03\/Banner_Emprego_PortallavrasTV-470x68.png 470w, https:\/\/lavras.tv\/site\/wp-content\/uploads\/2025\/03\/Banner_Emprego_PortallavrasTV-170x25.png 170w, https:\/\/lavras.tv\/site\/wp-content\/uploads\/2025\/03\/Banner_Emprego_PortallavrasTV-200x29.png 200w\" sizes=\"(max-width: 720px) 100vw, 720px\" width=\"720\" height=\"104\"   \/><\/a><\/li><li><a href=\"https:\/\/sistemas.lavras.mg.gov.br\/portalcidadao\/#df1b1a7c7b2a290bcb31e32771e610784662739a88807c0dacac58ede5f391a7530e299dc302d611ee73cb143fc22eaf93592e53e7b5bdb01b00a0b8d28dae460c141dd2ff83412e4dc1c31b16b25f33144a9e5620ea73b13f5bc1c59411d98439ad226e8af03840603796067d87afe130812cf3de24982d0e306f9e61e764e5\" aria-label=\"Banner_Obras_PortallavrasTV\"><img src=\"https:\/\/lavras.tv\/site\/wp-content\/uploads\/2025\/03\/Banner_Obras_PortallavrasTV.png\" alt=\"\"  srcset=\"https:\/\/lavras.tv\/site\/wp-content\/uploads\/2025\/03\/Banner_Obras_PortallavrasTV.png 720w, https:\/\/lavras.tv\/site\/wp-content\/uploads\/2025\/03\/Banner_Obras_PortallavrasTV-470x68.png 470w, https:\/\/lavras.tv\/site\/wp-content\/uploads\/2025\/03\/Banner_Obras_PortallavrasTV-170x25.png 170w, https:\/\/lavras.tv\/site\/wp-content\/uploads\/2025\/03\/Banner_Obras_PortallavrasTV-200x29.png 200w\" sizes=\"(max-width: 720px) 100vw, 720px\" width=\"720\" height=\"104\"   \/><\/a><\/li><li><div style=\"margin-left: auto;margin-right: auto;text-align: center;\" id=\"lavra-2011629550\"><a href=\"https:\/\/sistemas.lavras.mg.gov.br\/portalcidadao\/#df1b1a7c7b2a290bcb31e32771e610784662739a88807c0dacac58ede5f391a7530e299dc302d611ee73cb143fc22eaf93592e53e7b5bdb01b00a0b8d28dae460c141dd2ff83412e4dc1c31b16b25f33144a9e5620ea73b13f5bc1c59411d98439ad226e8af03840603796067d87afe130812cf3de24982d0e306f9e61e764e5\" aria-label=\"Banner_Educa\u00e7\u00e3o_PortallavrasTV\"><img src=\"https:\/\/lavras.tv\/site\/wp-content\/uploads\/2025\/01\/Banner_Educacao_PortallavrasTV.png\" alt=\"\"  srcset=\"https:\/\/lavras.tv\/site\/wp-content\/uploads\/2025\/01\/Banner_Educacao_PortallavrasTV.png 720w, https:\/\/lavras.tv\/site\/wp-content\/uploads\/2025\/01\/Banner_Educacao_PortallavrasTV-470x68.png 470w, https:\/\/lavras.tv\/site\/wp-content\/uploads\/2025\/01\/Banner_Educacao_PortallavrasTV-170x25.png 170w, https:\/\/lavras.tv\/site\/wp-content\/uploads\/2025\/01\/Banner_Educacao_PortallavrasTV-200x29.png 200w\" sizes=\"(max-width: 720px) 100vw, 720px\" width=\"720\" height=\"104\"  style=\"display: inline-block;\" \/><\/a><\/div><\/li><li><a href=\"https:\/\/sistemas.lavras.mg.gov.br\/portalcidadao\/#df1b1a7c7b2a290bcb31e32771e610784662739a88807c0dacac58ede5f391a7530e299dc302d611ee73cb143fc22eaf93592e53e7b5bdb01b00a0b8d28dae460c141dd2ff83412e4dc1c31b16b25f33144a9e5620ea73b13f5bc1c59411d98439ad226e8af03840603796067d87afe130812cf3de24982d0e306f9e61e764e5\" aria-label=\"Banner_Sa\u00fade_PortallavrasTV\"><img src=\"https:\/\/lavras.tv\/site\/wp-content\/uploads\/2025\/03\/Banner_Saude_PortallavrasTV.png\" alt=\"\"  srcset=\"https:\/\/lavras.tv\/site\/wp-content\/uploads\/2025\/03\/Banner_Saude_PortallavrasTV.png 720w, https:\/\/lavras.tv\/site\/wp-content\/uploads\/2025\/03\/Banner_Saude_PortallavrasTV-470x68.png 470w, https:\/\/lavras.tv\/site\/wp-content\/uploads\/2025\/03\/Banner_Saude_PortallavrasTV-170x25.png 170w, https:\/\/lavras.tv\/site\/wp-content\/uploads\/2025\/03\/Banner_Saude_PortallavrasTV-200x29.png 200w\" sizes=\"(max-width: 720px) 100vw, 720px\" width=\"720\" height=\"104\"   \/><\/a><\/li><li><div id=\"lavra-412027131\" style=\"width:720px;height:104px;background-color:#ddd;overflow:scroll;\">\n\t<strong>Sa\u00edda da depura\u00e7\u00e3o de an\u00fancios<\/strong>\n\t<br><br>\n\tO an\u00fancio n\u00e3o \u00e9 exibido na p\u00e1gina<br><br>post atual: Esc\u00e2ndalo das di\u00e1rias: vereadores de Lavras devem receber apenas uma advert\u00eancia da C\u00e2mara, ID: 37486<br><br><span style=\"color: red;\">O post atual n\u00e3o \u00e9 id\u00eantico ao post principal.<\/span><br><br>An\u00fancios: ROXO - TOPO INTERNA - ROTATIVO 2 (197)<br \/>Grupo de an\u00fancios: Princ_Meio01_720x104 (27)<br><br>Condi\u00e7\u00f5es de exibi\u00e7\u00e3o<div style=\"margin-bottom: 20px; white-space: pre-wrap; font-family: monospace; width: 100%; background: #ffe9e9;\"><strong>condi\u00e7\u00f5es gerais<\/strong><table border=\"1\"><thead><tr><th><\/th><th>An\u00fancios<\/th><th>wp_the_query<\/th><\/tr><\/thead><tr><td>is_main_query<\/td><td>1<\/td><td>1<\/td><\/tr><tr><td>is_rest_api<\/td><td>0<\/td><td>1<\/td><\/tr><tr><td>page<\/td><td>0<\/td><td>1<\/td><\/tr><tr><td>numpages<\/td><td>0<\/td><td>1<\/td><\/tr><tr><td>is_archive<\/td><td>1<\/td><td><\/td><\/tr><tr><td>is_search<\/td><td>1<\/td><td><\/td><\/tr><tr><td>is_home<\/td><td>1<\/td><td><\/td><\/tr><tr><td>is_404<\/td><td>1<\/td><td><\/td><\/tr><tr><td>is_attachment<\/td><td>1<\/td><td><\/td><\/tr><tr><td>is_singular<\/td><td>1<\/td><td><\/td><\/tr><tr><td>is_front_page<\/td><td>1<\/td><td><\/td><\/tr><tr><td>is_feed<\/td><td>1<\/td><td><\/td><\/tr><\/table><\/div><br><br><span style=\"color: red;\">Seu site usa HTTPS, mas o c\u00f3digo do an\u00fancio cont\u00e9m HTTP e pode n\u00e3o funcionar.<\/span>\t<br><br>\n\t<a style=\"color: green;\" href=\"https:\/\/wpadvancedads.com\/manual\/ad-debug-mode\/?utm_source=advanced-ads&utm_medium=link&utm_campaign=ad-debug-mode\" target=\"_blank\" rel=\"nofollow\">Encontre solu\u00e7\u00f5es no manual<\/a>\n<\/div>\n<\/li><\/ul><\/div><script>( window.advanced_ads_ready || jQuery( document ).ready ).call( null, function() {var $lavraslider727616271 = jQuery( \".lavra-slider-727616271\" );$lavraslider727616271.on( \"unslider.ready\", function() { jQuery( \"div.custom-slider ul li\" ).css( \"display\", \"block\" ); });$lavraslider727616271.unslider({ delay:4000, autoplay:true, nav:false, arrows:false, infinite:true });$lavraslider727616271.on(\"mouseover\", function() {$lavraslider727616271.unslider(\"stop\");}).on(\"mouseout\", function() {$lavraslider727616271.unslider(\"start\");});});<\/script><\/div><p>A Comiss\u00e3o de \u00c9tica da C\u00e2mara, atrav\u00e9s do relator, Dr. Alessandro, apresentou o relat\u00f3rio sobre a apura\u00e7\u00e3o do Esc\u00e2ndalo das Di\u00e1rias onde foram apresentados gastos e uso abusivo de di\u00e1rias com viagens, refei\u00e7\u00f5es, taxis, bebidas e outros gastos considerados indevidos.<\/p>\n<p>O parecer confirmou e apontou irregularidades nas presta\u00e7\u00f5es de contas dos vereadores. Dos 11 vereadores arrolados na den\u00fancia, os vereadores Lila, Bira e Mestre Grilo foram exclu\u00eddos do relat\u00f3rio por falta de provas.<\/p>\n<figure id=\"attachment_37487\" aria-describedby=\"caption-attachment-37487\" style=\"width: 1299px\" class=\"wp-caption alignnone\"><img fetchpriority=\"high\" decoding=\"async\" class=\"size-full wp-image-37487\" src=\"http:\/\/lavras.tv\/site\/wp-content\/uploads\/2019\/08\/FB_IMG_1565090671320.jpg\" alt=\"\" width=\"1299\" height=\"640\" srcset=\"https:\/\/lavras.tv\/site\/wp-content\/uploads\/2019\/08\/FB_IMG_1565090671320.jpg 1299w, https:\/\/lavras.tv\/site\/wp-content\/uploads\/2019\/08\/FB_IMG_1565090671320-150x74.jpg 150w, https:\/\/lavras.tv\/site\/wp-content\/uploads\/2019\/08\/FB_IMG_1565090671320-300x148.jpg 300w, https:\/\/lavras.tv\/site\/wp-content\/uploads\/2019\/08\/FB_IMG_1565090671320-1024x505.jpg 1024w\" sizes=\"(max-width: 1299px) 100vw, 1299px\" \/><figcaption id=\"caption-attachment-37487\" class=\"wp-caption-text\">Vereador dr. Alessandro, relator da Comiss\u00e3o de \u00c9tica<\/figcaption><\/figure>\n<p>0 relat\u00f3rio, ao final, conforme prev\u00ea o regimento interno, apenas recomendou um ato de advert\u00eancia aos vereadores: Marcos Possato, Jo\u00e3o Paulo Felizardo, Toninho do Raio X, Peterson e Daia Protetora.<\/p>\n<p>O caso tamb\u00e9m est\u00e1 sendo apurado pelo Minist\u00e9rio P\u00fablico.<\/p>\n<p>Fonte: Lavras On Line<\/p>\n","protected":false},"excerpt":{"rendered":"<p>A Comiss\u00e3o de \u00c9tica da C\u00e2mara, atrav\u00e9s do relator, Dr. Alessandro, apresentou o relat\u00f3rio sobre a apura\u00e7\u00e3o do Esc\u00e2ndalo das Di\u00e1rias onde foram apresentados gastos e uso abusivo de di\u00e1rias com viagens, refei\u00e7\u00f5es, taxis, bebidas e outros gastos considerados indevidos. O parecer confirmou e apontou irregularidades nas presta\u00e7\u00f5es de contas dos vereadores. Dos 11 vereadores [&hellip;]<\/p>\n","protected":false},"author":2,"featured_media":37487,"comment_status":"closed","ping_status":"open","sticky":false,"template":"","format":"standard","meta":{"advgb_blocks_editor_width":"","advgb_blocks_columns_visual_guide":"","_exactmetrics_skip_tracking":false,"_exactmetrics_sitenote_active":false,"_exactmetrics_sitenote_note":"","_exactmetrics_sitenote_category":0,"footnotes":""},"categories":[7,12],"tags":[],"class_list":["post-37486","post","type-post","status-publish","format-standard","has-post-thumbnail","hentry","category-destaques","category-politica"],"better_featured_image":{"id":37487,"alt_text":"","caption":"Vereador dr. Alessandro, relator da Comiss\u00e3o de \u00c9tica","description":"","media_type":"image","media_details":{"width":1299,"height":640,"file":"2019\/08\/FB_IMG_1565090671320.jpg","sizes":{"thumbnail":{"file":"FB_IMG_1565090671320-150x74.jpg","width":150,"height":74,"mime-type":"image\/jpeg","source_url":"https:\/\/lavras.tv\/site\/wp-content\/uploads\/2019\/08\/FB_IMG_1565090671320-150x74.jpg"},"medium":{"file":"FB_IMG_1565090671320-300x148.jpg","width":300,"height":148,"mime-type":"image\/jpeg","source_url":"https:\/\/lavras.tv\/site\/wp-content\/uploads\/2019\/08\/FB_IMG_1565090671320-300x148.jpg"},"large":{"file":"FB_IMG_1565090671320-1024x505.jpg","width":1024,"height":505,"mime-type":"image\/jpeg","source_url":"https:\/\/lavras.tv\/site\/wp-content\/uploads\/2019\/08\/FB_IMG_1565090671320-1024x505.jpg"},"featured-slider-img":{"file":"FB_IMG_1565090671320-640x480.jpg","width":640,"height":480,"mime-type":"image\/jpeg","source_url":"https:\/\/lavras.tv\/site\/wp-content\/uploads\/2019\/08\/FB_IMG_1565090671320-640x480.jpg"},"featured-post-img":{"file":"FB_IMG_1565090671320-480x320.jpg","width":480,"height":320,"mime-type":"image\/jpeg","source_url":"https:\/\/lavras.tv\/site\/wp-content\/uploads\/2019\/08\/FB_IMG_1565090671320-480x320.jpg"},"sow-carousel-default":{"file":"FB_IMG_1565090671320-272x182.jpg","width":272,"height":182,"mime-type":"image\/jpeg","source_url":"https:\/\/lavras.tv\/site\/wp-content\/uploads\/2019\/08\/FB_IMG_1565090671320-272x182.jpg"}},"image_meta":{"aperture":"0","credit":"","camera":"","caption":"","created_timestamp":"0","copyright":"","focal_length":"0","iso":"0","shutter_speed":"0","title":"","orientation":"0","keywords":[]}},"post":37486,"source_url":"https:\/\/lavras.tv\/site\/wp-content\/uploads\/2019\/08\/FB_IMG_1565090671320.jpg"},"author_meta":{"display_name":"Lavras TV","author_link":"https:\/\/lavras.tv\/site\/author\/lavrastv\/"},"featured_img":"https:\/\/lavras.tv\/site\/wp-content\/uploads\/2019\/08\/FB_IMG_1565090671320-300x148.jpg","coauthors":[],"tax_additional":{"categories":{"linked":["<a href=\"https:\/\/lavras.tv\/site\/category\/destaques\/\" class=\"advgb-post-tax-term\">Destaques<\/a>","<a href=\"https:\/\/lavras.tv\/site\/category\/politica\/\" class=\"advgb-post-tax-term\">Pol\u00edtica<\/a>"],"unlinked":["<span class=\"advgb-post-tax-term\">Destaques<\/span>","<span class=\"advgb-post-tax-term\">Pol\u00edtica<\/span>"]}},"comment_count":"0","relative_dates":{"created":"Publicado 7 anos atr\u00e1s","modified":"Atualizado 7 anos atr\u00e1s"},"absolute_dates":{"created":"Publicado em 6 de agosto de 2019","modified":"Atualizado em 6 de agosto de 2019"},"absolute_dates_time":{"created":"Publicado em 6 de agosto de 2019 08:28","modified":"Atualizado em 6 de agosto de 2019 08:28"},"featured_img_caption":"Vereador dr. Alessandro, relator da Comiss\u00e3o de \u00c9tica","series_order":"","_links":{"self":[{"href":"https:\/\/lavras.tv\/site\/wp-json\/wp\/v2\/posts\/37486","targetHints":{"allow":["GET"]}}],"collection":[{"href":"https:\/\/lavras.tv\/site\/wp-json\/wp\/v2\/posts"}],"about":[{"href":"https:\/\/lavras.tv\/site\/wp-json\/wp\/v2\/types\/post"}],"author":[{"embeddable":true,"href":"https:\/\/lavras.tv\/site\/wp-json\/wp\/v2\/users\/2"}],"replies":[{"embeddable":true,"href":"https:\/\/lavras.tv\/site\/wp-json\/wp\/v2\/comments?post=37486"}],"version-history":[{"count":1,"href":"https:\/\/lavras.tv\/site\/wp-json\/wp\/v2\/posts\/37486\/revisions"}],"predecessor-version":[{"id":37488,"href":"https:\/\/lavras.tv\/site\/wp-json\/wp\/v2\/posts\/37486\/revisions\/37488"}],"wp:featuredmedia":[{"embeddable":true,"href":"https:\/\/lavras.tv\/site\/wp-json\/wp\/v2\/media\/37487"}],"wp:attachment":[{"href":"https:\/\/lavras.tv\/site\/wp-json\/wp\/v2\/media?parent=37486"}],"wp:term":[{"taxonomy":"category","embeddable":true,"href":"https:\/\/lavras.tv\/site\/wp-json\/wp\/v2\/categories?post=37486"},{"taxonomy":"post_tag","embeddable":true,"href":"https:\/\/lavras.tv\/site\/wp-json\/wp\/v2\/tags?post=37486"}],"curies":[{"name":"wp","href":"https:\/\/api.w.org\/{rel}","templated":true}]}}