{"id":3772,"date":"2016-11-10T08:27:50","date_gmt":"2016-11-10T10:27:50","guid":{"rendered":"http:\/\/lavras.tv\/site\/?p=3772"},"modified":"2016-11-10T09:18:36","modified_gmt":"2016-11-10T11:18:36","slug":"samu-sul-de-minas-abre-inscricoes-em-concurso-com-mais-de-500-vagas","status":"publish","type":"post","link":"https:\/\/lavras.tv\/site\/2016\/11\/10\/samu-sul-de-minas-abre-inscricoes-em-concurso-com-mais-de-500-vagas\/","title":{"rendered":"SAMU Sul de Minas abre inscri\u00e7\u00f5es em concurso com mais de 500 vagas"},"content":{"rendered":"<div class=\"lavra-antes-do-conteudo_2\" id=\"lavra-2787904766\"><div id=\"lavra-slider-27\" class=\"custom-slider lavra-slider-790903634 lavra-slider\"><ul><li><div style=\"margin-left: auto;margin-right: auto;text-align: center;\" id=\"lavra-272642400\"><a href=\"https:\/\/sistemas.lavras.mg.gov.br\/portalcidadao\/#df1b1a7c7b2a290bcb31e32771e610784662739a88807c0dacac58ede5f391a7530e299dc302d611ee73cb143fc22eaf93592e53e7b5bdb01b00a0b8d28dae460c141dd2ff83412e4dc1c31b16b25f33144a9e5620ea73b13f5bc1c59411d98439ad226e8af03840603796067d87afe130812cf3de24982d0e306f9e61e764e5\" aria-label=\"Lavras-TV&#8211;720x104px (1) (1)\"><img src=\"https:\/\/lavras.tv\/site\/wp-content\/uploads\/2025\/01\/Lavras-TV-720x104px-1-1.png\" alt=\"\"  srcset=\"https:\/\/lavras.tv\/site\/wp-content\/uploads\/2025\/01\/Lavras-TV-720x104px-1-1.png 720w, https:\/\/lavras.tv\/site\/wp-content\/uploads\/2025\/01\/Lavras-TV-720x104px-1-1-470x68.png 470w, https:\/\/lavras.tv\/site\/wp-content\/uploads\/2025\/01\/Lavras-TV-720x104px-1-1-170x25.png 170w, https:\/\/lavras.tv\/site\/wp-content\/uploads\/2025\/01\/Lavras-TV-720x104px-1-1-200x29.png 200w\" sizes=\"(max-width: 720px) 100vw, 720px\" width=\"720\" height=\"104\"  style=\"display: inline-block;\" \/><\/a><\/div><\/li><li><a href=\"https:\/\/sistemas.lavras.mg.gov.br\/portalcidadao\/#df1b1a7c7b2a290bcb31e32771e610784662739a88807c0dacac58ede5f391a7530e299dc302d611ee73cb143fc22eaf93592e53e7b5bdb01b00a0b8d28dae460c141dd2ff83412e4dc1c31b16b25f33144a9e5620ea73b13f5bc1c59411d98439ad226e8af03840603796067d87afe130812cf3de24982d0e306f9e61e764e5\" aria-label=\"Banner_Emprego_PortallavrasTV\"><img src=\"https:\/\/lavras.tv\/site\/wp-content\/uploads\/2025\/03\/Banner_Emprego_PortallavrasTV.png\" alt=\"\"  srcset=\"https:\/\/lavras.tv\/site\/wp-content\/uploads\/2025\/03\/Banner_Emprego_PortallavrasTV.png 720w, https:\/\/lavras.tv\/site\/wp-content\/uploads\/2025\/03\/Banner_Emprego_PortallavrasTV-470x68.png 470w, https:\/\/lavras.tv\/site\/wp-content\/uploads\/2025\/03\/Banner_Emprego_PortallavrasTV-170x25.png 170w, https:\/\/lavras.tv\/site\/wp-content\/uploads\/2025\/03\/Banner_Emprego_PortallavrasTV-200x29.png 200w\" sizes=\"(max-width: 720px) 100vw, 720px\" width=\"720\" height=\"104\"   \/><\/a><\/li><li><a href=\"https:\/\/sistemas.lavras.mg.gov.br\/portalcidadao\/#df1b1a7c7b2a290bcb31e32771e610784662739a88807c0dacac58ede5f391a7530e299dc302d611ee73cb143fc22eaf93592e53e7b5bdb01b00a0b8d28dae460c141dd2ff83412e4dc1c31b16b25f33144a9e5620ea73b13f5bc1c59411d98439ad226e8af03840603796067d87afe130812cf3de24982d0e306f9e61e764e5\" aria-label=\"Banner_Obras_PortallavrasTV\"><img src=\"https:\/\/lavras.tv\/site\/wp-content\/uploads\/2025\/03\/Banner_Obras_PortallavrasTV.png\" alt=\"\"  srcset=\"https:\/\/lavras.tv\/site\/wp-content\/uploads\/2025\/03\/Banner_Obras_PortallavrasTV.png 720w, https:\/\/lavras.tv\/site\/wp-content\/uploads\/2025\/03\/Banner_Obras_PortallavrasTV-470x68.png 470w, https:\/\/lavras.tv\/site\/wp-content\/uploads\/2025\/03\/Banner_Obras_PortallavrasTV-170x25.png 170w, https:\/\/lavras.tv\/site\/wp-content\/uploads\/2025\/03\/Banner_Obras_PortallavrasTV-200x29.png 200w\" sizes=\"(max-width: 720px) 100vw, 720px\" width=\"720\" height=\"104\"   \/><\/a><\/li><li><div style=\"margin-left: auto;margin-right: auto;text-align: center;\" id=\"lavra-1691628890\"><a href=\"https:\/\/sistemas.lavras.mg.gov.br\/portalcidadao\/#df1b1a7c7b2a290bcb31e32771e610784662739a88807c0dacac58ede5f391a7530e299dc302d611ee73cb143fc22eaf93592e53e7b5bdb01b00a0b8d28dae460c141dd2ff83412e4dc1c31b16b25f33144a9e5620ea73b13f5bc1c59411d98439ad226e8af03840603796067d87afe130812cf3de24982d0e306f9e61e764e5\" aria-label=\"Banner_Educa\u00e7\u00e3o_PortallavrasTV\"><img src=\"https:\/\/lavras.tv\/site\/wp-content\/uploads\/2025\/01\/Banner_Educacao_PortallavrasTV.png\" alt=\"\"  srcset=\"https:\/\/lavras.tv\/site\/wp-content\/uploads\/2025\/01\/Banner_Educacao_PortallavrasTV.png 720w, https:\/\/lavras.tv\/site\/wp-content\/uploads\/2025\/01\/Banner_Educacao_PortallavrasTV-470x68.png 470w, https:\/\/lavras.tv\/site\/wp-content\/uploads\/2025\/01\/Banner_Educacao_PortallavrasTV-170x25.png 170w, https:\/\/lavras.tv\/site\/wp-content\/uploads\/2025\/01\/Banner_Educacao_PortallavrasTV-200x29.png 200w\" sizes=\"(max-width: 720px) 100vw, 720px\" width=\"720\" height=\"104\"  style=\"display: inline-block;\" \/><\/a><\/div><\/li><li><a href=\"https:\/\/sistemas.lavras.mg.gov.br\/portalcidadao\/#df1b1a7c7b2a290bcb31e32771e610784662739a88807c0dacac58ede5f391a7530e299dc302d611ee73cb143fc22eaf93592e53e7b5bdb01b00a0b8d28dae460c141dd2ff83412e4dc1c31b16b25f33144a9e5620ea73b13f5bc1c59411d98439ad226e8af03840603796067d87afe130812cf3de24982d0e306f9e61e764e5\" aria-label=\"Banner_Sa\u00fade_PortallavrasTV\"><img src=\"https:\/\/lavras.tv\/site\/wp-content\/uploads\/2025\/03\/Banner_Saude_PortallavrasTV.png\" alt=\"\"  srcset=\"https:\/\/lavras.tv\/site\/wp-content\/uploads\/2025\/03\/Banner_Saude_PortallavrasTV.png 720w, https:\/\/lavras.tv\/site\/wp-content\/uploads\/2025\/03\/Banner_Saude_PortallavrasTV-470x68.png 470w, https:\/\/lavras.tv\/site\/wp-content\/uploads\/2025\/03\/Banner_Saude_PortallavrasTV-170x25.png 170w, https:\/\/lavras.tv\/site\/wp-content\/uploads\/2025\/03\/Banner_Saude_PortallavrasTV-200x29.png 200w\" sizes=\"(max-width: 720px) 100vw, 720px\" width=\"720\" height=\"104\"   \/><\/a><\/li><li><div id=\"lavra-4139351182\" style=\"width:720px;height:104px;background-color:#ddd;overflow:scroll;\">\n\t<strong>Sa\u00edda da depura\u00e7\u00e3o de an\u00fancios<\/strong>\n\t<br><br>\n\tO an\u00fancio n\u00e3o \u00e9 exibido na p\u00e1gina<br><br>post atual: SAMU Sul de Minas abre inscri\u00e7\u00f5es em concurso com mais de 500 vagas, ID: 3772<br><br><span style=\"color: red;\">O post atual n\u00e3o \u00e9 id\u00eantico ao post principal.<\/span><br><br>An\u00fancios: ROXO - TOPO INTERNA - ROTATIVO 2 (197)<br \/>Grupo de an\u00fancios: Princ_Meio01_720x104 (27)<br><br>Condi\u00e7\u00f5es de exibi\u00e7\u00e3o<div style=\"margin-bottom: 20px; white-space: pre-wrap; font-family: monospace; width: 100%; background: #ffe9e9;\"><strong>condi\u00e7\u00f5es gerais<\/strong><table border=\"1\"><thead><tr><th><\/th><th>An\u00fancios<\/th><th>wp_the_query<\/th><\/tr><\/thead><tr><td>is_main_query<\/td><td>1<\/td><td>1<\/td><\/tr><tr><td>is_rest_api<\/td><td>0<\/td><td>1<\/td><\/tr><tr><td>page<\/td><td>0<\/td><td>1<\/td><\/tr><tr><td>numpages<\/td><td>0<\/td><td>1<\/td><\/tr><tr><td>is_archive<\/td><td>1<\/td><td><\/td><\/tr><tr><td>is_search<\/td><td>1<\/td><td><\/td><\/tr><tr><td>is_home<\/td><td>1<\/td><td><\/td><\/tr><tr><td>is_404<\/td><td>1<\/td><td><\/td><\/tr><tr><td>is_attachment<\/td><td>1<\/td><td><\/td><\/tr><tr><td>is_singular<\/td><td>1<\/td><td><\/td><\/tr><tr><td>is_front_page<\/td><td>1<\/td><td><\/td><\/tr><tr><td>is_feed<\/td><td>1<\/td><td><\/td><\/tr><\/table><\/div><br><br><span style=\"color: red;\">Seu site usa HTTPS, mas o c\u00f3digo do an\u00fancio cont\u00e9m HTTP e pode n\u00e3o funcionar.<\/span>\t<br><br>\n\t<a style=\"color: green;\" href=\"https:\/\/wpadvancedads.com\/manual\/ad-debug-mode\/?utm_source=advanced-ads&utm_medium=link&utm_campaign=ad-debug-mode\" target=\"_blank\" rel=\"nofollow\">Encontre solu\u00e7\u00f5es no manual<\/a>\n<\/div>\n<\/li><\/ul><\/div><script>( window.advanced_ads_ready || jQuery( document ).ready ).call( null, function() {var $lavraslider790903634 = jQuery( \".lavra-slider-790903634\" );$lavraslider790903634.on( \"unslider.ready\", function() { jQuery( \"div.custom-slider ul li\" ).css( \"display\", \"block\" ); });$lavraslider790903634.unslider({ delay:4000, autoplay:true, nav:false, arrows:false, infinite:true });$lavraslider790903634.on(\"mouseover\", function() {$lavraslider790903634.unslider(\"stop\");}).on(\"mouseout\", function() {$lavraslider790903634.unslider(\"start\");});});<\/script><\/div><p>O\u00a0Cons\u00f3rcio P\u00fablico Intermunicipal de Sa\u00fade do Macro Regi\u00e3o do Sul de Minas \u2013 CISSUL &#8211; j\u00e1 est\u00e1 recebendo\u00a0as inscri\u00e7\u00f5es em um concurso p\u00fablico.<!--more--><\/p>\n<p>A sele\u00e7\u00e3o \u00e9 para preencher 556\u00a0vagas e a\u00a0oferta \u00e9 para todos os n\u00edveis de escolaridade com sal\u00e1rios iniciais que podem chegar a quase R$ 8 mil. Os aprovados ser\u00e3o lotados em Lavras e tamb\u00e9m\u00a0Alfenas,\u00a0Boa Esperan\u00e7a,\u00a0C\u00e1ssia,\u00a0Extrema,\u00a0Guap\u00e9,\u00a0Parais\u00f3polis,\u00a0Pouso alegre,\u00a0S\u00e3o Louren\u00e7o e Varginha.<\/p>\n<p>Candidatos com n\u00edvel superior poder\u00e3o concorrer aos cargos de\u00a0Enfermeiro (63),\u00a0Enfermeiro do Aero m\u00e9dico (7), M\u00e9dico Aero m\u00e9dico (7),\u00a0M\u00e9dico (Intervencionista e Regulador) (98),\u00a0Assistente Administrativo (3),\u00a0Psic\u00f3logo (1) e\u00a0M\u00e9dico do Trabalho (1),\u00a0com iniciais que variam de\u00a0R$ 1.150,00 a\u00a0R$ 7.746,90.<\/p>\n<p>Quem tem n\u00edvel m\u00e9dio completo poder\u00e1 concorrer as fun\u00e7\u00f5es de\u00a0Auxiliar Administrativo (10),\u00a0Auxiliar de Regula\u00e7\u00e3o (34) e\u00a0Controlador de Frota (14), como iniciais de at\u00e9\u00a0R$ 1.134,48. Candidatos com n\u00edvel m\u00e9dio\/t\u00e9cnico t\u00eam \u00e0 disposi\u00e7\u00e3o os cargos de\u00a0T\u00e9cnico de Enfermagem (140),\u00a0T\u00e9cnico Cont\u00e1bil (1) e\u00a0T\u00e9cnico de Seguran\u00e7a do Trabalho (1). Por fim, s\u00e3o ofertadas 179 vagas para a fun\u00e7\u00e3o de\u00a0Condutor Socorrista, que paga inicial de\u00a0R$ 1.212,97.<\/p>\n<h2><strong>Inscri\u00e7\u00f5es<\/strong><\/h2>\n<p>As inscri\u00e7\u00f5es come\u00e7aram\u00a0no dia 07 de novembro e seguem at\u00e9 15h59min do dia 05 de dezembro 2016, considerando como hor\u00e1rio oficial o de Bras\u00edlia\/DF, no <strong><a href=\"http:\/\/www.ibgpconcursos.com.br\/\">site <\/a><\/strong>do Instituto Brasileiro de Gest\u00e3o e Pesquisa \u2013 IBGP, organizador, mediante o pagamento da respectiva taxa, por meio de boleto eletr\u00f4nico, no valor de R$ 50 para n\u00edvel fundamental, R$ 70,00 n\u00edvel m\u00e9dio, R$ 80 m\u00e9dio\/t\u00e9cnico, R$ 100 superior e R$ 180 m\u00e9dicos.<\/p>\n<h2><strong>Etapas do concurso SAMU<\/strong><\/h2>\n<p>Os inscritos ser\u00e3o avaliados por meio de\u00a0Prova Objetiva de M\u00faltipla Escolha,\u00a0Prova de T\u00edtulos, al\u00e9m de\u00a0Prova Pr\u00e1tica para os cargos de\u00a0Condutor Socorrista, T\u00e9cnico de Enfermagem, Enfermeiro e M\u00e9dico Intervencionista e Regulador,\u00a0Enfermeiro do Aero M\u00e9dico e M\u00e9dico do Aero M\u00e9dico.<\/p>\n<p>Entre as disciplinas, est\u00e3o:<\/p>\n<ol>\n<li>L\u00edngua Portuguesa,<\/li>\n<li>Inform\u00e1tica,<\/li>\n<li>Sa\u00fade P\u00fablica,<\/li>\n<li>No\u00e7\u00f5es de Legisla\u00e7\u00e3o e Conhecimentos Espec\u00edficos, variando o n\u00famero de itens de acordo com o cargo.<\/li>\n<\/ol>\n<p>A aplica\u00e7\u00e3o da Prova Objetiva ocorrer\u00e1 na data prov\u00e1vel de 17 ou 18 de dezembro de 2016, de acordo com o cargo.<\/p>\n<p>As Prova Objetiva ser\u00e3o realizadas no Estado de Minas Gerais, nas cidades de Alfenas, Guaxup\u00e9, Itajub\u00e1, Lavras, Passos, Pouso Alegre, S\u00e3o Louren\u00e7o e Varginha, conforme escolha realizada pelo candidato no momento de sua inscri\u00e7\u00e3o.<\/p>\n<p>Fonte: Blog Grancursos<\/p>\n<p id=\"attachment_17925\" class=\"wp-caption aligncenter\">\n","protected":false},"excerpt":{"rendered":"<p>O\u00a0Cons\u00f3rcio P\u00fablico Intermunicipal de Sa\u00fade do Macro Regi\u00e3o do Sul de Minas \u2013 CISSUL &#8211; j\u00e1 est\u00e1 recebendo\u00a0as inscri\u00e7\u00f5es em um concurso p\u00fablico.<\/p>\n","protected":false},"author":2,"featured_media":2219,"comment_status":"closed","ping_status":"open","sticky":false,"template":"","format":"standard","meta":{"advgb_blocks_editor_width":"","advgb_blocks_columns_visual_guide":"","_exactmetrics_skip_tracking":false,"_exactmetrics_sitenote_active":false,"_exactmetrics_sitenote_note":"","_exactmetrics_sitenote_category":0,"footnotes":""},"categories":[7,2],"tags":[1346,805,796,1347,755],"class_list":["post-3772","post","type-post","status-publish","format-standard","has-post-thumbnail","hentry","category-destaques","category-noticias","tag-cissul","tag-concurso","tag-processo-seletivo","tag-samu-regional","tag-samu-sul-de-minas"],"better_featured_image":{"id":2219,"alt_text":"","caption":"","description":"","media_type":"image","media_details":{"width":1200,"height":759,"file":"2016\/09\/Samu.jpg","sizes":{"thumbnail":{"file":"Samu-150x95.jpg","width":150,"height":95,"mime-type":"image\/jpeg","source_url":"https:\/\/lavras.tv\/site\/wp-content\/uploads\/2016\/09\/Samu-150x95.jpg"},"medium":{"file":"Samu-300x190.jpg","width":300,"height":190,"mime-type":"image\/jpeg","source_url":"https:\/\/lavras.tv\/site\/wp-content\/uploads\/2016\/09\/Samu-300x190.jpg"},"large":{"file":"Samu-1024x648.jpg","width":1024,"height":648,"mime-type":"image\/jpeg","source_url":"https:\/\/lavras.tv\/site\/wp-content\/uploads\/2016\/09\/Samu-1024x648.jpg"},"featured-slider-img":{"file":"Samu-640x480.jpg","width":640,"height":480,"mime-type":"image\/jpeg","source_url":"https:\/\/lavras.tv\/site\/wp-content\/uploads\/2016\/09\/Samu-640x480.jpg"},"featured-post-img":{"file":"Samu-480x320.jpg","width":480,"height":320,"mime-type":"image\/jpeg","source_url":"https:\/\/lavras.tv\/site\/wp-content\/uploads\/2016\/09\/Samu-480x320.jpg"},"sow-carousel-default":{"file":"Samu-272x182.jpg","width":272,"height":182,"mime-type":"image\/jpeg","source_url":"https:\/\/lavras.tv\/site\/wp-content\/uploads\/2016\/09\/Samu-272x182.jpg"}},"image_meta":{"aperture":"0","credit":"","camera":"","caption":"","created_timestamp":"0","copyright":"","focal_length":"0","iso":"0","shutter_speed":"0","title":"","orientation":"1","keywords":[]}},"post":2218,"source_url":"https:\/\/lavras.tv\/site\/wp-content\/uploads\/2016\/09\/Samu.jpg"},"author_meta":{"display_name":"Lavras TV","author_link":"https:\/\/lavras.tv\/site\/author\/lavrastv\/"},"featured_img":"https:\/\/lavras.tv\/site\/wp-content\/uploads\/2016\/09\/Samu-300x190.jpg","coauthors":[],"tax_additional":{"categories":{"linked":["<a href=\"https:\/\/lavras.tv\/site\/category\/destaques\/\" class=\"advgb-post-tax-term\">Destaques<\/a>","<a href=\"https:\/\/lavras.tv\/site\/category\/noticias\/\" class=\"advgb-post-tax-term\">Not\u00edcias<\/a>"],"unlinked":["<span class=\"advgb-post-tax-term\">Destaques<\/span>","<span class=\"advgb-post-tax-term\">Not\u00edcias<\/span>"]},"tags":{"linked":["<a href=\"https:\/\/lavras.tv\/site\/category\/noticias\/\" class=\"advgb-post-tax-term\">cissul<\/a>","<a href=\"https:\/\/lavras.tv\/site\/category\/noticias\/\" class=\"advgb-post-tax-term\">CONCURSO<\/a>","<a href=\"https:\/\/lavras.tv\/site\/category\/noticias\/\" class=\"advgb-post-tax-term\">Processo Seletivo<\/a>","<a href=\"https:\/\/lavras.tv\/site\/category\/noticias\/\" class=\"advgb-post-tax-term\">samu regional<\/a>","<a href=\"https:\/\/lavras.tv\/site\/category\/noticias\/\" class=\"advgb-post-tax-term\">Samu Sul de Minas<\/a>"],"unlinked":["<span class=\"advgb-post-tax-term\">cissul<\/span>","<span class=\"advgb-post-tax-term\">CONCURSO<\/span>","<span class=\"advgb-post-tax-term\">Processo Seletivo<\/span>","<span class=\"advgb-post-tax-term\">samu regional<\/span>","<span class=\"advgb-post-tax-term\">Samu Sul de Minas<\/span>"]}},"comment_count":"0","relative_dates":{"created":"Publicado 9 anos atr\u00e1s","modified":"Atualizado 9 anos atr\u00e1s"},"absolute_dates":{"created":"Publicado em 10 de novembro de 2016","modified":"Atualizado em 10 de novembro de 2016"},"absolute_dates_time":{"created":"Publicado em 10 de novembro de 2016 08:27","modified":"Atualizado em 10 de novembro de 2016 09:18"},"featured_img_caption":"","series_order":"","_links":{"self":[{"href":"https:\/\/lavras.tv\/site\/wp-json\/wp\/v2\/posts\/3772","targetHints":{"allow":["GET"]}}],"collection":[{"href":"https:\/\/lavras.tv\/site\/wp-json\/wp\/v2\/posts"}],"about":[{"href":"https:\/\/lavras.tv\/site\/wp-json\/wp\/v2\/types\/post"}],"author":[{"embeddable":true,"href":"https:\/\/lavras.tv\/site\/wp-json\/wp\/v2\/users\/2"}],"replies":[{"embeddable":true,"href":"https:\/\/lavras.tv\/site\/wp-json\/wp\/v2\/comments?post=3772"}],"version-history":[{"count":6,"href":"https:\/\/lavras.tv\/site\/wp-json\/wp\/v2\/posts\/3772\/revisions"}],"predecessor-version":[{"id":3789,"href":"https:\/\/lavras.tv\/site\/wp-json\/wp\/v2\/posts\/3772\/revisions\/3789"}],"wp:featuredmedia":[{"embeddable":true,"href":"https:\/\/lavras.tv\/site\/wp-json\/wp\/v2\/media\/2219"}],"wp:attachment":[{"href":"https:\/\/lavras.tv\/site\/wp-json\/wp\/v2\/media?parent=3772"}],"wp:term":[{"taxonomy":"category","embeddable":true,"href":"https:\/\/lavras.tv\/site\/wp-json\/wp\/v2\/categories?post=3772"},{"taxonomy":"post_tag","embeddable":true,"href":"https:\/\/lavras.tv\/site\/wp-json\/wp\/v2\/tags?post=3772"}],"curies":[{"name":"wp","href":"https:\/\/api.w.org\/{rel}","templated":true}]}}