{"id":3856,"date":"2016-11-12T09:22:43","date_gmt":"2016-11-12T11:22:43","guid":{"rendered":"http:\/\/lavras.tv\/site\/?p=3856"},"modified":"2016-11-12T09:22:43","modified_gmt":"2016-11-12T11:22:43","slug":"comprovante-de-inscricao-do-pas-ufla-ja-esta-disponivel","status":"publish","type":"post","link":"https:\/\/lavras.tv\/site\/2016\/11\/12\/comprovante-de-inscricao-do-pas-ufla-ja-esta-disponivel\/","title":{"rendered":"Comprovante de inscri\u00e7\u00e3o do PAS-UFLA j\u00e1 est\u00e1 dispon\u00edvel"},"content":{"rendered":"<div class=\"lavra-antes-do-conteudo_2\" id=\"lavra-369651738\"><div id=\"lavra-slider-27\" class=\"custom-slider lavra-slider-1748915376 lavra-slider\"><ul><li><div style=\"margin-left: auto;margin-right: auto;text-align: center;\" id=\"lavra-2815943756\"><a href=\"https:\/\/sistemas.lavras.mg.gov.br\/portalcidadao\/#df1b1a7c7b2a290bcb31e32771e610784662739a88807c0dacac58ede5f391a7530e299dc302d611ee73cb143fc22eaf93592e53e7b5bdb01b00a0b8d28dae460c141dd2ff83412e4dc1c31b16b25f33144a9e5620ea73b13f5bc1c59411d98439ad226e8af03840603796067d87afe130812cf3de24982d0e306f9e61e764e5\" aria-label=\"Lavras-TV&#8211;720x104px (1) (1)\"><img src=\"https:\/\/lavras.tv\/site\/wp-content\/uploads\/2025\/01\/Lavras-TV-720x104px-1-1.png\" alt=\"\"  srcset=\"https:\/\/lavras.tv\/site\/wp-content\/uploads\/2025\/01\/Lavras-TV-720x104px-1-1.png 720w, https:\/\/lavras.tv\/site\/wp-content\/uploads\/2025\/01\/Lavras-TV-720x104px-1-1-470x68.png 470w, https:\/\/lavras.tv\/site\/wp-content\/uploads\/2025\/01\/Lavras-TV-720x104px-1-1-170x25.png 170w, https:\/\/lavras.tv\/site\/wp-content\/uploads\/2025\/01\/Lavras-TV-720x104px-1-1-200x29.png 200w\" sizes=\"(max-width: 720px) 100vw, 720px\" width=\"720\" height=\"104\"  style=\"display: inline-block;\" \/><\/a><\/div><\/li><li><a href=\"https:\/\/sistemas.lavras.mg.gov.br\/portalcidadao\/#df1b1a7c7b2a290bcb31e32771e610784662739a88807c0dacac58ede5f391a7530e299dc302d611ee73cb143fc22eaf93592e53e7b5bdb01b00a0b8d28dae460c141dd2ff83412e4dc1c31b16b25f33144a9e5620ea73b13f5bc1c59411d98439ad226e8af03840603796067d87afe130812cf3de24982d0e306f9e61e764e5\" aria-label=\"Banner_Emprego_PortallavrasTV\"><img src=\"https:\/\/lavras.tv\/site\/wp-content\/uploads\/2025\/03\/Banner_Emprego_PortallavrasTV.png\" alt=\"\"  srcset=\"https:\/\/lavras.tv\/site\/wp-content\/uploads\/2025\/03\/Banner_Emprego_PortallavrasTV.png 720w, https:\/\/lavras.tv\/site\/wp-content\/uploads\/2025\/03\/Banner_Emprego_PortallavrasTV-470x68.png 470w, https:\/\/lavras.tv\/site\/wp-content\/uploads\/2025\/03\/Banner_Emprego_PortallavrasTV-170x25.png 170w, https:\/\/lavras.tv\/site\/wp-content\/uploads\/2025\/03\/Banner_Emprego_PortallavrasTV-200x29.png 200w\" sizes=\"(max-width: 720px) 100vw, 720px\" width=\"720\" height=\"104\"   \/><\/a><\/li><li><a href=\"https:\/\/sistemas.lavras.mg.gov.br\/portalcidadao\/#df1b1a7c7b2a290bcb31e32771e610784662739a88807c0dacac58ede5f391a7530e299dc302d611ee73cb143fc22eaf93592e53e7b5bdb01b00a0b8d28dae460c141dd2ff83412e4dc1c31b16b25f33144a9e5620ea73b13f5bc1c59411d98439ad226e8af03840603796067d87afe130812cf3de24982d0e306f9e61e764e5\" aria-label=\"Banner_Obras_PortallavrasTV\"><img src=\"https:\/\/lavras.tv\/site\/wp-content\/uploads\/2025\/03\/Banner_Obras_PortallavrasTV.png\" alt=\"\"  srcset=\"https:\/\/lavras.tv\/site\/wp-content\/uploads\/2025\/03\/Banner_Obras_PortallavrasTV.png 720w, https:\/\/lavras.tv\/site\/wp-content\/uploads\/2025\/03\/Banner_Obras_PortallavrasTV-470x68.png 470w, https:\/\/lavras.tv\/site\/wp-content\/uploads\/2025\/03\/Banner_Obras_PortallavrasTV-170x25.png 170w, https:\/\/lavras.tv\/site\/wp-content\/uploads\/2025\/03\/Banner_Obras_PortallavrasTV-200x29.png 200w\" sizes=\"(max-width: 720px) 100vw, 720px\" width=\"720\" height=\"104\"   \/><\/a><\/li><li><div style=\"margin-left: auto;margin-right: auto;text-align: center;\" id=\"lavra-1719465212\"><a href=\"https:\/\/sistemas.lavras.mg.gov.br\/portalcidadao\/#df1b1a7c7b2a290bcb31e32771e610784662739a88807c0dacac58ede5f391a7530e299dc302d611ee73cb143fc22eaf93592e53e7b5bdb01b00a0b8d28dae460c141dd2ff83412e4dc1c31b16b25f33144a9e5620ea73b13f5bc1c59411d98439ad226e8af03840603796067d87afe130812cf3de24982d0e306f9e61e764e5\" aria-label=\"Banner_Educa\u00e7\u00e3o_PortallavrasTV\"><img src=\"https:\/\/lavras.tv\/site\/wp-content\/uploads\/2025\/01\/Banner_Educacao_PortallavrasTV.png\" alt=\"\"  srcset=\"https:\/\/lavras.tv\/site\/wp-content\/uploads\/2025\/01\/Banner_Educacao_PortallavrasTV.png 720w, https:\/\/lavras.tv\/site\/wp-content\/uploads\/2025\/01\/Banner_Educacao_PortallavrasTV-470x68.png 470w, https:\/\/lavras.tv\/site\/wp-content\/uploads\/2025\/01\/Banner_Educacao_PortallavrasTV-170x25.png 170w, https:\/\/lavras.tv\/site\/wp-content\/uploads\/2025\/01\/Banner_Educacao_PortallavrasTV-200x29.png 200w\" sizes=\"(max-width: 720px) 100vw, 720px\" width=\"720\" height=\"104\"  style=\"display: inline-block;\" \/><\/a><\/div><\/li><li><a href=\"https:\/\/sistemas.lavras.mg.gov.br\/portalcidadao\/#df1b1a7c7b2a290bcb31e32771e610784662739a88807c0dacac58ede5f391a7530e299dc302d611ee73cb143fc22eaf93592e53e7b5bdb01b00a0b8d28dae460c141dd2ff83412e4dc1c31b16b25f33144a9e5620ea73b13f5bc1c59411d98439ad226e8af03840603796067d87afe130812cf3de24982d0e306f9e61e764e5\" aria-label=\"Banner_Sa\u00fade_PortallavrasTV\"><img src=\"https:\/\/lavras.tv\/site\/wp-content\/uploads\/2025\/03\/Banner_Saude_PortallavrasTV.png\" alt=\"\"  srcset=\"https:\/\/lavras.tv\/site\/wp-content\/uploads\/2025\/03\/Banner_Saude_PortallavrasTV.png 720w, https:\/\/lavras.tv\/site\/wp-content\/uploads\/2025\/03\/Banner_Saude_PortallavrasTV-470x68.png 470w, https:\/\/lavras.tv\/site\/wp-content\/uploads\/2025\/03\/Banner_Saude_PortallavrasTV-170x25.png 170w, https:\/\/lavras.tv\/site\/wp-content\/uploads\/2025\/03\/Banner_Saude_PortallavrasTV-200x29.png 200w\" sizes=\"(max-width: 720px) 100vw, 720px\" width=\"720\" height=\"104\"   \/><\/a><\/li><li><div id=\"lavra-3349053073\" style=\"width:720px;height:104px;background-color:#ddd;overflow:scroll;\">\n\t<strong>Sa\u00edda da depura\u00e7\u00e3o de an\u00fancios<\/strong>\n\t<br><br>\n\tO an\u00fancio n\u00e3o \u00e9 exibido na p\u00e1gina<br><br>post atual: Comprovante de inscri\u00e7\u00e3o do PAS-UFLA j\u00e1 est\u00e1 dispon\u00edvel, ID: 3856<br><br><span style=\"color: red;\">O post atual n\u00e3o \u00e9 id\u00eantico ao post principal.<\/span><br><br>An\u00fancios: ROXO - TOPO INTERNA - ROTATIVO 2 (197)<br \/>Grupo de an\u00fancios: Princ_Meio01_720x104 (27)<br><br>Condi\u00e7\u00f5es de exibi\u00e7\u00e3o<div style=\"margin-bottom: 20px; white-space: pre-wrap; font-family: monospace; width: 100%; background: #ffe9e9;\"><strong>condi\u00e7\u00f5es gerais<\/strong><table border=\"1\"><thead><tr><th><\/th><th>An\u00fancios<\/th><th>wp_the_query<\/th><\/tr><\/thead><tr><td>is_main_query<\/td><td>1<\/td><td>1<\/td><\/tr><tr><td>is_rest_api<\/td><td>0<\/td><td>1<\/td><\/tr><tr><td>page<\/td><td>0<\/td><td>1<\/td><\/tr><tr><td>numpages<\/td><td>0<\/td><td>1<\/td><\/tr><tr><td>is_archive<\/td><td>1<\/td><td><\/td><\/tr><tr><td>is_search<\/td><td>1<\/td><td><\/td><\/tr><tr><td>is_home<\/td><td>1<\/td><td><\/td><\/tr><tr><td>is_404<\/td><td>1<\/td><td><\/td><\/tr><tr><td>is_attachment<\/td><td>1<\/td><td><\/td><\/tr><tr><td>is_singular<\/td><td>1<\/td><td><\/td><\/tr><tr><td>is_front_page<\/td><td>1<\/td><td><\/td><\/tr><tr><td>is_feed<\/td><td>1<\/td><td><\/td><\/tr><\/table><\/div><br><br><span style=\"color: red;\">Seu site usa HTTPS, mas o c\u00f3digo do an\u00fancio cont\u00e9m HTTP e pode n\u00e3o funcionar.<\/span>\t<br><br>\n\t<a style=\"color: green;\" href=\"https:\/\/wpadvancedads.com\/manual\/ad-debug-mode\/?utm_source=advanced-ads&utm_medium=link&utm_campaign=ad-debug-mode\" target=\"_blank\" rel=\"nofollow\">Encontre solu\u00e7\u00f5es no manual<\/a>\n<\/div>\n<\/li><\/ul><\/div><script>( window.advanced_ads_ready || jQuery( document ).ready ).call( null, function() {var $lavraslider1748915376 = jQuery( \".lavra-slider-1748915376\" );$lavraslider1748915376.on( \"unslider.ready\", function() { jQuery( \"div.custom-slider ul li\" ).css( \"display\", \"block\" ); });$lavraslider1748915376.unslider({ delay:4000, autoplay:true, nav:false, arrows:false, infinite:true });$lavraslider1748915376.on(\"mouseover\", function() {$lavraslider1748915376.unslider(\"stop\");}).on(\"mouseout\", function() {$lavraslider1748915376.unslider(\"start\");});});<\/script><\/div><p>A Diretoria de Processos Seletivos da UFLA\u00a0disponibilizou, no dia 11 de novembro, os comprovantes definitivos de inscri\u00e7\u00e3o da 1\u00aa e 2\u00aa fase do Processo de Avalia\u00e7\u00e3o Seriada. <!--more--><img fetchpriority=\"high\" decoding=\"async\" class=\" wp-image-3857 alignright\" src=\"http:\/\/lavras.tv\/site\/wp-content\/uploads\/2016\/11\/pas.jpg\" alt=\"pas\" width=\"372\" height=\"239\" srcset=\"https:\/\/lavras.tv\/site\/wp-content\/uploads\/2016\/11\/pas.jpg 804w, https:\/\/lavras.tv\/site\/wp-content\/uploads\/2016\/11\/pas-150x96.jpg 150w, https:\/\/lavras.tv\/site\/wp-content\/uploads\/2016\/11\/pas-300x193.jpg 300w\" sizes=\"(max-width: 372px) 100vw, 372px\" \/>Esse documento deve ser impresso pelo candidato e levado, juntamente com o documento de identifica\u00e7\u00e3o informado na inscri\u00e7\u00e3o, para a realiza\u00e7\u00e3o das provas. O acesso ao local de provas s\u00f3 ser\u00e1 permitido com a apresenta\u00e7\u00e3o dos dois documentos. Nesse comprovante, constam os dados pessoais do candidato e informa\u00e7\u00f5es sobre as provas: data, hor\u00e1rio, endere\u00e7o e setor.<\/p>\n<p><a href=\"http:\/\/www.dips.ufla.br\/asp\/20171\/Consultas\/ConferenciaPAS1.asp\">Comprovante Definitivo de Inscri\u00e7\u00e3o \u2013 PAS 2015 \u2013 1\u00aa fase<\/a><\/p>\n<p><a href=\"http:\/\/www.dips.ufla.br\/asp\/20171\/Consultas\/ConferenciaPAS2.asp\">Comprovante Definitivo de Inscri\u00e7\u00e3o \u2013 PAS 2015 \u2013 2\u00aa fase<\/a><\/p>\n<p>As provas da primeira e segunda fase do PAS ser\u00e3o realizadas nos dias 19 e 20\/11\/2016, nas cidades de Minas Gerais: Lavras, Alfenas, Contagem, Divin\u00f3polis, Itajub\u00e1, Juiz de Fora, Uberl\u00e2ndia e Varginha. Elas ter\u00e3o in\u00edcio \u00e0s 14 horas e dura\u00e7\u00e3o de tr\u00eas horas e meia em cada dia. Biologia, F\u00edsica, Matem\u00e1tica e Qu\u00edmica s\u00e3o as disciplinas cobradas no primeiro dia; Geografia, Hist\u00f3ria, Filosofia\/Sociologia, L\u00edngua Estrangeira (Ingl\u00eas ou Espanhol), L\u00edngua Portuguesa e Literatura Brasileira e Reda\u00e7\u00e3o integram o conte\u00fado das provas do segundo dia, tanto para a primeira quanto para a segunda etapa.<\/p>\n<p><strong>N\u00e3o se esque\u00e7a!<\/strong><\/p>\n<p>As portarias dos setores de realiza\u00e7\u00e3o das provas ser\u00e3o abertas \u00e0s 13 horas e fechadas, pontualmente, \u00e0s 13h45. N\u00e3o haver\u00e1, em nenhuma hip\u00f3tese, toler\u00e2ncia para a entrada dos candidatos nos setores de realiza\u00e7\u00e3o das provas ap\u00f3s o fechamento das portarias.<\/p>\n<p>Para realizar as provas, o candidato dever\u00e1 portar somente canetas com\u00a0corpo transparente\u00a0de tinta escura\u00a0azul. Como n\u00e3o ser\u00e1 permitido o empr\u00e9stimo de materiais, os estudantes podem levar v\u00e1rias canetas. Objetos eletr\u00f4nicos, como telefones celulares, tablets, <em>pendrives<\/em>, fones de ouvido, rel\u00f3gios, alarmes de carros e outros, est\u00e3o proibidos, assim como quaisquer outros materiais escolares. Adere\u00e7os como bolsas, carteiras, \u00f3culos escuros, bon\u00e9s e qualquer tipo de chap\u00e9u tamb\u00e9m t\u00eam uso vetado durante as provas.<\/p>\n<p>Fonte: Diretoria de Comunica\u00e7\u00e3o da UFLA<\/p>\n","protected":false},"excerpt":{"rendered":"<p>A Diretoria de Processos Seletivos da UFLA\u00a0disponibilizou, no dia 11 de novembro, os comprovantes definitivos de inscri\u00e7\u00e3o da 1\u00aa e 2\u00aa fase do Processo de Avalia\u00e7\u00e3o Seriada.<\/p>\n","protected":false},"author":2,"featured_media":3857,"comment_status":"closed","ping_status":"open","sticky":false,"template":"","format":"standard","meta":{"advgb_blocks_editor_width":"","advgb_blocks_columns_visual_guide":"","_exactmetrics_skip_tracking":false,"_exactmetrics_sitenote_active":false,"_exactmetrics_sitenote_note":"","_exactmetrics_sitenote_category":0,"footnotes":""},"categories":[7,2],"tags":[1382,445],"class_list":["post-3856","post","type-post","status-publish","format-standard","has-post-thumbnail","hentry","category-destaques","category-noticias","tag-comprovante-de-inscricao","tag-pas-ufla"],"better_featured_image":{"id":3857,"alt_text":"","caption":"","description":"","media_type":"image","media_details":{"width":804,"height":517,"file":"2016\/11\/pas.jpg","sizes":{"thumbnail":{"file":"pas-150x96.jpg","width":150,"height":96,"mime-type":"image\/jpeg","source_url":"https:\/\/lavras.tv\/site\/wp-content\/uploads\/2016\/11\/pas-150x96.jpg"},"medium":{"file":"pas-300x193.jpg","width":300,"height":193,"mime-type":"image\/jpeg","source_url":"https:\/\/lavras.tv\/site\/wp-content\/uploads\/2016\/11\/pas-300x193.jpg"},"featured-slider-img":{"file":"pas-640x480.jpg","width":640,"height":480,"mime-type":"image\/jpeg","source_url":"https:\/\/lavras.tv\/site\/wp-content\/uploads\/2016\/11\/pas-640x480.jpg"},"featured-post-img":{"file":"pas-480x320.jpg","width":480,"height":320,"mime-type":"image\/jpeg","source_url":"https:\/\/lavras.tv\/site\/wp-content\/uploads\/2016\/11\/pas-480x320.jpg"},"sow-carousel-default":{"file":"pas-272x182.jpg","width":272,"height":182,"mime-type":"image\/jpeg","source_url":"https:\/\/lavras.tv\/site\/wp-content\/uploads\/2016\/11\/pas-272x182.jpg"}},"image_meta":{"aperture":"0","credit":"","camera":"","caption":"","created_timestamp":"0","copyright":"","focal_length":"0","iso":"0","shutter_speed":"0","title":"","orientation":"0","keywords":[]}},"post":3856,"source_url":"https:\/\/lavras.tv\/site\/wp-content\/uploads\/2016\/11\/pas.jpg"},"author_meta":{"display_name":"Lavras TV","author_link":"https:\/\/lavras.tv\/site\/author\/lavrastv\/"},"featured_img":"https:\/\/lavras.tv\/site\/wp-content\/uploads\/2016\/11\/pas-300x193.jpg","coauthors":[],"tax_additional":{"categories":{"linked":["<a href=\"https:\/\/lavras.tv\/site\/category\/destaques\/\" class=\"advgb-post-tax-term\">Destaques<\/a>","<a href=\"https:\/\/lavras.tv\/site\/category\/noticias\/\" class=\"advgb-post-tax-term\">Not\u00edcias<\/a>"],"unlinked":["<span class=\"advgb-post-tax-term\">Destaques<\/span>","<span class=\"advgb-post-tax-term\">Not\u00edcias<\/span>"]},"tags":{"linked":["<a href=\"https:\/\/lavras.tv\/site\/category\/noticias\/\" class=\"advgb-post-tax-term\">comprovante de inscri\u00e7\u00e3o<\/a>","<a href=\"https:\/\/lavras.tv\/site\/category\/noticias\/\" class=\"advgb-post-tax-term\">pas ufla<\/a>"],"unlinked":["<span class=\"advgb-post-tax-term\">comprovante de inscri\u00e7\u00e3o<\/span>","<span class=\"advgb-post-tax-term\">pas ufla<\/span>"]}},"comment_count":"0","relative_dates":{"created":"Publicado 9 anos atr\u00e1s","modified":"Atualizado 9 anos atr\u00e1s"},"absolute_dates":{"created":"Publicado em 12 de novembro de 2016","modified":"Atualizado em 12 de novembro de 2016"},"absolute_dates_time":{"created":"Publicado em 12 de novembro de 2016 09:22","modified":"Atualizado em 12 de novembro de 2016 09:22"},"featured_img_caption":"","series_order":"","_links":{"self":[{"href":"https:\/\/lavras.tv\/site\/wp-json\/wp\/v2\/posts\/3856","targetHints":{"allow":["GET"]}}],"collection":[{"href":"https:\/\/lavras.tv\/site\/wp-json\/wp\/v2\/posts"}],"about":[{"href":"https:\/\/lavras.tv\/site\/wp-json\/wp\/v2\/types\/post"}],"author":[{"embeddable":true,"href":"https:\/\/lavras.tv\/site\/wp-json\/wp\/v2\/users\/2"}],"replies":[{"embeddable":true,"href":"https:\/\/lavras.tv\/site\/wp-json\/wp\/v2\/comments?post=3856"}],"version-history":[{"count":1,"href":"https:\/\/lavras.tv\/site\/wp-json\/wp\/v2\/posts\/3856\/revisions"}],"predecessor-version":[{"id":3858,"href":"https:\/\/lavras.tv\/site\/wp-json\/wp\/v2\/posts\/3856\/revisions\/3858"}],"wp:featuredmedia":[{"embeddable":true,"href":"https:\/\/lavras.tv\/site\/wp-json\/wp\/v2\/media\/3857"}],"wp:attachment":[{"href":"https:\/\/lavras.tv\/site\/wp-json\/wp\/v2\/media?parent=3856"}],"wp:term":[{"taxonomy":"category","embeddable":true,"href":"https:\/\/lavras.tv\/site\/wp-json\/wp\/v2\/categories?post=3856"},{"taxonomy":"post_tag","embeddable":true,"href":"https:\/\/lavras.tv\/site\/wp-json\/wp\/v2\/tags?post=3856"}],"curies":[{"name":"wp","href":"https:\/\/api.w.org\/{rel}","templated":true}]}}