{"id":3859,"date":"2016-11-12T09:27:21","date_gmt":"2016-11-12T11:27:21","guid":{"rendered":"http:\/\/lavras.tv\/site\/?p=3859"},"modified":"2016-11-12T09:27:21","modified_gmt":"2016-11-12T11:27:21","slug":"almg-nega-autorizacao-para-abertura-de-processo-contra-fernando-pimentel","status":"publish","type":"post","link":"https:\/\/lavras.tv\/site\/2016\/11\/12\/almg-nega-autorizacao-para-abertura-de-processo-contra-fernando-pimentel\/","title":{"rendered":"ALMG nega autoriza\u00e7\u00e3o para abertura de processo contra Fernando Pimentel"},"content":{"rendered":"<div class=\"lavra-antes-do-conteudo_2\" id=\"lavra-2957394124\"><div id=\"lavra-slider-27\" class=\"custom-slider lavra-slider-3942823917 lavra-slider\"><ul><li><div style=\"margin-left: auto;margin-right: auto;text-align: center;\" id=\"lavra-1290054844\"><a href=\"https:\/\/sistemas.lavras.mg.gov.br\/portalcidadao\/#df1b1a7c7b2a290bcb31e32771e610784662739a88807c0dacac58ede5f391a7530e299dc302d611ee73cb143fc22eaf93592e53e7b5bdb01b00a0b8d28dae460c141dd2ff83412e4dc1c31b16b25f33144a9e5620ea73b13f5bc1c59411d98439ad226e8af03840603796067d87afe130812cf3de24982d0e306f9e61e764e5\" aria-label=\"Lavras-TV&#8211;720x104px (1) (1)\"><img src=\"https:\/\/lavras.tv\/site\/wp-content\/uploads\/2025\/01\/Lavras-TV-720x104px-1-1.png\" alt=\"\"  srcset=\"https:\/\/lavras.tv\/site\/wp-content\/uploads\/2025\/01\/Lavras-TV-720x104px-1-1.png 720w, https:\/\/lavras.tv\/site\/wp-content\/uploads\/2025\/01\/Lavras-TV-720x104px-1-1-470x68.png 470w, https:\/\/lavras.tv\/site\/wp-content\/uploads\/2025\/01\/Lavras-TV-720x104px-1-1-170x25.png 170w, https:\/\/lavras.tv\/site\/wp-content\/uploads\/2025\/01\/Lavras-TV-720x104px-1-1-200x29.png 200w\" sizes=\"(max-width: 720px) 100vw, 720px\" width=\"720\" height=\"104\"  style=\"display: inline-block;\" \/><\/a><\/div><\/li><li><a href=\"https:\/\/sistemas.lavras.mg.gov.br\/portalcidadao\/#df1b1a7c7b2a290bcb31e32771e610784662739a88807c0dacac58ede5f391a7530e299dc302d611ee73cb143fc22eaf93592e53e7b5bdb01b00a0b8d28dae460c141dd2ff83412e4dc1c31b16b25f33144a9e5620ea73b13f5bc1c59411d98439ad226e8af03840603796067d87afe130812cf3de24982d0e306f9e61e764e5\" aria-label=\"Banner_Emprego_PortallavrasTV\"><img src=\"https:\/\/lavras.tv\/site\/wp-content\/uploads\/2025\/03\/Banner_Emprego_PortallavrasTV.png\" alt=\"\"  srcset=\"https:\/\/lavras.tv\/site\/wp-content\/uploads\/2025\/03\/Banner_Emprego_PortallavrasTV.png 720w, https:\/\/lavras.tv\/site\/wp-content\/uploads\/2025\/03\/Banner_Emprego_PortallavrasTV-470x68.png 470w, https:\/\/lavras.tv\/site\/wp-content\/uploads\/2025\/03\/Banner_Emprego_PortallavrasTV-170x25.png 170w, https:\/\/lavras.tv\/site\/wp-content\/uploads\/2025\/03\/Banner_Emprego_PortallavrasTV-200x29.png 200w\" sizes=\"(max-width: 720px) 100vw, 720px\" width=\"720\" height=\"104\"   \/><\/a><\/li><li><a href=\"https:\/\/sistemas.lavras.mg.gov.br\/portalcidadao\/#df1b1a7c7b2a290bcb31e32771e610784662739a88807c0dacac58ede5f391a7530e299dc302d611ee73cb143fc22eaf93592e53e7b5bdb01b00a0b8d28dae460c141dd2ff83412e4dc1c31b16b25f33144a9e5620ea73b13f5bc1c59411d98439ad226e8af03840603796067d87afe130812cf3de24982d0e306f9e61e764e5\" aria-label=\"Banner_Obras_PortallavrasTV\"><img src=\"https:\/\/lavras.tv\/site\/wp-content\/uploads\/2025\/03\/Banner_Obras_PortallavrasTV.png\" alt=\"\"  srcset=\"https:\/\/lavras.tv\/site\/wp-content\/uploads\/2025\/03\/Banner_Obras_PortallavrasTV.png 720w, https:\/\/lavras.tv\/site\/wp-content\/uploads\/2025\/03\/Banner_Obras_PortallavrasTV-470x68.png 470w, https:\/\/lavras.tv\/site\/wp-content\/uploads\/2025\/03\/Banner_Obras_PortallavrasTV-170x25.png 170w, https:\/\/lavras.tv\/site\/wp-content\/uploads\/2025\/03\/Banner_Obras_PortallavrasTV-200x29.png 200w\" sizes=\"(max-width: 720px) 100vw, 720px\" width=\"720\" height=\"104\"   \/><\/a><\/li><li><div style=\"margin-left: auto;margin-right: auto;text-align: center;\" id=\"lavra-3682074415\"><a href=\"https:\/\/sistemas.lavras.mg.gov.br\/portalcidadao\/#df1b1a7c7b2a290bcb31e32771e610784662739a88807c0dacac58ede5f391a7530e299dc302d611ee73cb143fc22eaf93592e53e7b5bdb01b00a0b8d28dae460c141dd2ff83412e4dc1c31b16b25f33144a9e5620ea73b13f5bc1c59411d98439ad226e8af03840603796067d87afe130812cf3de24982d0e306f9e61e764e5\" aria-label=\"Banner_Educa\u00e7\u00e3o_PortallavrasTV\"><img src=\"https:\/\/lavras.tv\/site\/wp-content\/uploads\/2025\/01\/Banner_Educacao_PortallavrasTV.png\" alt=\"\"  srcset=\"https:\/\/lavras.tv\/site\/wp-content\/uploads\/2025\/01\/Banner_Educacao_PortallavrasTV.png 720w, https:\/\/lavras.tv\/site\/wp-content\/uploads\/2025\/01\/Banner_Educacao_PortallavrasTV-470x68.png 470w, https:\/\/lavras.tv\/site\/wp-content\/uploads\/2025\/01\/Banner_Educacao_PortallavrasTV-170x25.png 170w, https:\/\/lavras.tv\/site\/wp-content\/uploads\/2025\/01\/Banner_Educacao_PortallavrasTV-200x29.png 200w\" sizes=\"(max-width: 720px) 100vw, 720px\" width=\"720\" height=\"104\"  style=\"display: inline-block;\" \/><\/a><\/div><\/li><li><a href=\"https:\/\/sistemas.lavras.mg.gov.br\/portalcidadao\/#df1b1a7c7b2a290bcb31e32771e610784662739a88807c0dacac58ede5f391a7530e299dc302d611ee73cb143fc22eaf93592e53e7b5bdb01b00a0b8d28dae460c141dd2ff83412e4dc1c31b16b25f33144a9e5620ea73b13f5bc1c59411d98439ad226e8af03840603796067d87afe130812cf3de24982d0e306f9e61e764e5\" aria-label=\"Banner_Sa\u00fade_PortallavrasTV\"><img src=\"https:\/\/lavras.tv\/site\/wp-content\/uploads\/2025\/03\/Banner_Saude_PortallavrasTV.png\" alt=\"\"  srcset=\"https:\/\/lavras.tv\/site\/wp-content\/uploads\/2025\/03\/Banner_Saude_PortallavrasTV.png 720w, https:\/\/lavras.tv\/site\/wp-content\/uploads\/2025\/03\/Banner_Saude_PortallavrasTV-470x68.png 470w, https:\/\/lavras.tv\/site\/wp-content\/uploads\/2025\/03\/Banner_Saude_PortallavrasTV-170x25.png 170w, https:\/\/lavras.tv\/site\/wp-content\/uploads\/2025\/03\/Banner_Saude_PortallavrasTV-200x29.png 200w\" sizes=\"(max-width: 720px) 100vw, 720px\" width=\"720\" height=\"104\"   \/><\/a><\/li><li><div id=\"lavra-2360801874\" style=\"width:720px;height:104px;background-color:#ddd;overflow:scroll;\">\n\t<strong>Sa\u00edda da depura\u00e7\u00e3o de an\u00fancios<\/strong>\n\t<br><br>\n\tO an\u00fancio n\u00e3o \u00e9 exibido na p\u00e1gina<br><br>post atual: ALMG nega autoriza\u00e7\u00e3o para abertura de processo contra Fernando Pimentel, ID: 3859<br><br><span style=\"color: red;\">O post atual n\u00e3o \u00e9 id\u00eantico ao post principal.<\/span><br><br>An\u00fancios: ROXO - TOPO INTERNA - ROTATIVO 2 (197)<br \/>Grupo de an\u00fancios: Princ_Meio01_720x104 (27)<br><br>Condi\u00e7\u00f5es de exibi\u00e7\u00e3o<div style=\"margin-bottom: 20px; white-space: pre-wrap; font-family: monospace; width: 100%; background: #ffe9e9;\"><strong>condi\u00e7\u00f5es gerais<\/strong><table border=\"1\"><thead><tr><th><\/th><th>An\u00fancios<\/th><th>wp_the_query<\/th><\/tr><\/thead><tr><td>is_main_query<\/td><td>1<\/td><td>1<\/td><\/tr><tr><td>is_rest_api<\/td><td>0<\/td><td>1<\/td><\/tr><tr><td>page<\/td><td>0<\/td><td>1<\/td><\/tr><tr><td>numpages<\/td><td>0<\/td><td>1<\/td><\/tr><tr><td>is_archive<\/td><td>1<\/td><td><\/td><\/tr><tr><td>is_search<\/td><td>1<\/td><td><\/td><\/tr><tr><td>is_home<\/td><td>1<\/td><td><\/td><\/tr><tr><td>is_404<\/td><td>1<\/td><td><\/td><\/tr><tr><td>is_attachment<\/td><td>1<\/td><td><\/td><\/tr><tr><td>is_singular<\/td><td>1<\/td><td><\/td><\/tr><tr><td>is_front_page<\/td><td>1<\/td><td><\/td><\/tr><tr><td>is_feed<\/td><td>1<\/td><td><\/td><\/tr><\/table><\/div><br><br><span style=\"color: red;\">Seu site usa HTTPS, mas o c\u00f3digo do an\u00fancio cont\u00e9m HTTP e pode n\u00e3o funcionar.<\/span>\t<br><br>\n\t<a style=\"color: green;\" href=\"https:\/\/wpadvancedads.com\/manual\/ad-debug-mode\/?utm_source=advanced-ads&utm_medium=link&utm_campaign=ad-debug-mode\" target=\"_blank\" rel=\"nofollow\">Encontre solu\u00e7\u00f5es no manual<\/a>\n<\/div>\n<\/li><\/ul><\/div><script>( window.advanced_ads_ready || jQuery( document ).ready ).call( null, function() {var $lavraslider3942823917 = jQuery( \".lavra-slider-3942823917\" );$lavraslider3942823917.on( \"unslider.ready\", function() { jQuery( \"div.custom-slider ul li\" ).css( \"display\", \"block\" ); });$lavraslider3942823917.unslider({ delay:4000, autoplay:true, nav:false, arrows:false, infinite:true });$lavraslider3942823917.on(\"mouseover\", function() {$lavraslider3942823917.unslider(\"stop\");}).on(\"mouseout\", function() {$lavraslider3942823917.unslider(\"start\");});});<\/script><\/div><p>O governador Fernando Pimentel (PT) conseguiu uma vit\u00f3ria na Comiss\u00e3o de Constitui\u00e7\u00e3o e Justi\u00e7a (CCJ) da Assembleia Legislativa de Minas Gerais (ALMG). <!--more-->Nesta sexta-feira, os deputados aprovaram o parecer que n\u00e3o autoriza processo judicial contra o petista que corre no Superior Tribunal de Justi\u00e7a (STJ) e o acusa de corrup\u00e7\u00e3o na Opera\u00e7\u00e3o Acr\u00f4nimo, da Pol\u00edcia Federal.<\/p>\n<p>Por 5 votos a 2, o parecer, de autoria do deputado Rog\u00e9rio Correia (PT), foi aprovado. A decis\u00e3o saiu na noite desta sexta-feira, ap\u00f3s cinco horas e meia de debates entre parlamentares da oposi\u00e7\u00e3o e da bancada governista.<\/p>\n<p><img fetchpriority=\"high\" decoding=\"async\" class=\"size-full wp-image-552 aligncenter\" src=\"http:\/\/lavras.tv\/site\/wp-content\/uploads\/2016\/06\/Fernando-Pimentel.png\" alt=\"Fernando-Pimentel\" width=\"1500\" height=\"935\" srcset=\"https:\/\/lavras.tv\/site\/wp-content\/uploads\/2016\/06\/Fernando-Pimentel.png 1500w, https:\/\/lavras.tv\/site\/wp-content\/uploads\/2016\/06\/Fernando-Pimentel-150x94.png 150w, https:\/\/lavras.tv\/site\/wp-content\/uploads\/2016\/06\/Fernando-Pimentel-300x187.png 300w, https:\/\/lavras.tv\/site\/wp-content\/uploads\/2016\/06\/Fernando-Pimentel-1024x638.png 1024w\" sizes=\"(max-width: 1500px) 100vw, 1500px\" \/><\/p>\n<p>Dos sete membros da comiss\u00e3o, dois votaram contra: Bonif\u00e1cio Mour\u00e3o (PSDB) e Felipe Atti\u00ea (PTB), ambos da oposi\u00e7\u00e3o. Os outros cinco deputados votaram a favor de Pimentel: Tiago Ulisses (PV), Durval \u00c2ngelo (PT), Rog\u00e9rio Correia (PT), Tadeu Martins Leite (PMDB) e Leon\u00eddio Bou\u00e7as (PMDB).<\/p>\n<p>Da oposi\u00e7\u00e3o, Bonif\u00e1cio Mour\u00e3o (PSDB) argumentou que impedir a abertura de processo judicial contra o governador \u00e9 um desrespeito ao artigo 92 da Constitui\u00e7\u00e3o Estadual, que, em sua interpreta\u00e7\u00e3o, n\u00e3o prev\u00ea necessidade de autoriza\u00e7\u00e3o legislativa para admiss\u00e3o de den\u00fancia contra o chefe do Executivo em caso de crime comum.<\/p>\n<p>\u201cIsso \u00e9 a consagra\u00e7\u00e3o da impunidade para o governador\u201d, afirmou Mour\u00e3o. Logo em seguida, suas palavras foram endossadas pelo deputado Felipe Atti\u00ea (PTB), que classificou de \u201cpizza\u201d o rito adotado pela ALMG para votar o of\u00edcio do STJ.<\/p>\n<p>O l\u00edder do Governo, deputado Durval \u00c2ngelo (PT), afirmou que o comportamento da oposi\u00e7\u00e3o sugere que ela procura prolongar o processo de vota\u00e7\u00e3o do of\u00edcio do STJ, a fim de desgastar Pimentel. Ele argumentou que o rito de vota\u00e7\u00e3o da mat\u00e9ria foi definido pela Mesa da Assembleia, onde a oposi\u00e7\u00e3o est\u00e1 representada, e foi aprovado por unanimidade.<\/p>\n<p>O deputado Sargento Rodrigues ressaltou que a gravidade das acusa\u00e7\u00f5es contra o governador Pimentel n\u00e3o permitem adiar o processo judicial para depois do final de seu mandato. \u201cO governador \u00e9 acusado de ter recebido R$ 45 milh\u00f5es. S\u00f3 da (empresa) Caoa teriam sido R$ 20 milh\u00f5es\u201d, exclamou.<\/p>\n<p>O relator designado na CCJ, deputado Rog\u00e9rio Correia (PT), salientou que o papel da Assembleia \u00e9 examinar a admissibilidade do recebimento da den\u00fancia pelo STJ, n\u00e3o o teor da acusa\u00e7\u00e3o. \u201cO papel do Poder Legislativo \u00e9 muito diferente do Judici\u00e1rio\u201d, argumentou.<\/p>\n<p><strong>Decis\u00e3o definitiva ser\u00e1 votada em Plen\u00e1rio<\/strong><\/p>\n<p>O rito definido pela Mesa da Assembleia para a vota\u00e7\u00e3o do of\u00edcio do STJ determina que, com a aprova\u00e7\u00e3o do parecer da CCJ, ele ser\u00e1 publicado e remetido ao Plen\u00e1rio, onde ser\u00e1 lido, distribu\u00eddo para os deputados e, em seguida, apreciado. Esse processo dever\u00e1 acontecer na quarta e quinta-feira da pr\u00f3xima semana.<\/p>\n<p>Abre-se ent\u00e3o o prazo para discuss\u00e3o em Plen\u00e1rio, que \u00e9 de seis reuni\u00f5es. Ou seja: se o parecer ficar em pauta por seis reuni\u00f5es, ordin\u00e1rias ou extraordin\u00e1rias, a discuss\u00e3o \u00e9 encerrada e inicia-se o processo de vota\u00e7\u00e3o, que dever\u00e1 acontecer no dia 21 deste m\u00eas. Na discuss\u00e3o, cada orador disp\u00f5e de at\u00e9 dez minutos para se pronunciar.<\/p>\n<p>O qu\u00f3rum m\u00ednimo para vota\u00e7\u00e3o \u00e9 de 52 deputados (dois ter\u00e7os da Assembleia). Considerando-se que o parecer \u00e9 pela n\u00e3o autoriza\u00e7\u00e3o ao STJ, \u00e9 necess\u00e1rio um m\u00ednimo de 52 votos contr\u00e1rios para derrub\u00e1-lo, ou seja, aprovar a autoriza\u00e7\u00e3o. Encerrada a vota\u00e7\u00e3o em Plen\u00e1rio, a Assembleia encaminhar\u00e1 o resultado ao STJ em at\u00e9 dois dias.<\/p>\n<p>Fonte: Itatiaia<\/p>\n","protected":false},"excerpt":{"rendered":"<p>O governador Fernando Pimentel (PT) conseguiu uma vit\u00f3ria na Comiss\u00e3o de Constitui\u00e7\u00e3o e Justi\u00e7a (CCJ) da Assembleia Legislativa de Minas Gerais (ALMG).<\/p>\n","protected":false},"author":2,"featured_media":552,"comment_status":"closed","ping_status":"open","sticky":false,"template":"","format":"standard","meta":{"advgb_blocks_editor_width":"","advgb_blocks_columns_visual_guide":"","_exactmetrics_skip_tracking":false,"_exactmetrics_sitenote_active":false,"_exactmetrics_sitenote_note":"","_exactmetrics_sitenote_category":0,"footnotes":""},"categories":[7,12],"tags":[531,1157,1383],"class_list":["post-3859","post","type-post","status-publish","format-standard","has-post-thumbnail","hentry","category-destaques","category-politica","tag-almg","tag-fernando-pimentel","tag-processo"],"better_featured_image":{"id":552,"alt_text":"","caption":"","description":"","media_type":"image","media_details":{"width":1500,"height":935,"file":"2016\/06\/Fernando-Pimentel.png","sizes":{"thumbnail":{"file":"Fernando-Pimentel-150x94.png","width":150,"height":94,"mime-type":"image\/png","source_url":"https:\/\/lavras.tv\/site\/wp-content\/uploads\/2016\/06\/Fernando-Pimentel-150x94.png"},"medium":{"file":"Fernando-Pimentel-300x187.png","width":300,"height":187,"mime-type":"image\/png","source_url":"https:\/\/lavras.tv\/site\/wp-content\/uploads\/2016\/06\/Fernando-Pimentel-300x187.png"},"large":{"file":"Fernando-Pimentel-1024x638.png","width":1024,"height":638,"mime-type":"image\/png","source_url":"https:\/\/lavras.tv\/site\/wp-content\/uploads\/2016\/06\/Fernando-Pimentel-1024x638.png"},"featured-slider-img":{"file":"Fernando-Pimentel-640x480.png","width":640,"height":480,"mime-type":"image\/png","source_url":"https:\/\/lavras.tv\/site\/wp-content\/uploads\/2016\/06\/Fernando-Pimentel-640x480.png"},"featured-post-img":{"file":"Fernando-Pimentel-480x320.png","width":480,"height":320,"mime-type":"image\/png","source_url":"https:\/\/lavras.tv\/site\/wp-content\/uploads\/2016\/06\/Fernando-Pimentel-480x320.png"},"sow-carousel-default":{"file":"Fernando-Pimentel-272x182.png","width":272,"height":182,"mime-type":"image\/png","source_url":"https:\/\/lavras.tv\/site\/wp-content\/uploads\/2016\/06\/Fernando-Pimentel-272x182.png"}},"image_meta":{"aperture":"0","credit":"","camera":"","caption":"","created_timestamp":"0","copyright":"","focal_length":"0","iso":"0","shutter_speed":"0","title":"","orientation":"0","keywords":[]}},"post":551,"source_url":"https:\/\/lavras.tv\/site\/wp-content\/uploads\/2016\/06\/Fernando-Pimentel.png"},"author_meta":{"display_name":"Lavras TV","author_link":"https:\/\/lavras.tv\/site\/author\/lavrastv\/"},"featured_img":"https:\/\/lavras.tv\/site\/wp-content\/uploads\/2016\/06\/Fernando-Pimentel-300x187.png","coauthors":[],"tax_additional":{"categories":{"linked":["<a href=\"https:\/\/lavras.tv\/site\/category\/destaques\/\" class=\"advgb-post-tax-term\">Destaques<\/a>","<a href=\"https:\/\/lavras.tv\/site\/category\/politica\/\" class=\"advgb-post-tax-term\">Pol\u00edtica<\/a>"],"unlinked":["<span class=\"advgb-post-tax-term\">Destaques<\/span>","<span class=\"advgb-post-tax-term\">Pol\u00edtica<\/span>"]},"tags":{"linked":["<a href=\"https:\/\/lavras.tv\/site\/category\/politica\/\" class=\"advgb-post-tax-term\">almg<\/a>","<a href=\"https:\/\/lavras.tv\/site\/category\/politica\/\" class=\"advgb-post-tax-term\">fernando pimentel<\/a>","<a href=\"https:\/\/lavras.tv\/site\/category\/politica\/\" class=\"advgb-post-tax-term\">processo<\/a>"],"unlinked":["<span class=\"advgb-post-tax-term\">almg<\/span>","<span class=\"advgb-post-tax-term\">fernando pimentel<\/span>","<span class=\"advgb-post-tax-term\">processo<\/span>"]}},"comment_count":"0","relative_dates":{"created":"Publicado 9 anos atr\u00e1s","modified":"Atualizado 9 anos atr\u00e1s"},"absolute_dates":{"created":"Publicado em 12 de novembro de 2016","modified":"Atualizado em 12 de novembro de 2016"},"absolute_dates_time":{"created":"Publicado em 12 de novembro de 2016 09:27","modified":"Atualizado em 12 de novembro de 2016 09:27"},"featured_img_caption":"","series_order":"","_links":{"self":[{"href":"https:\/\/lavras.tv\/site\/wp-json\/wp\/v2\/posts\/3859","targetHints":{"allow":["GET"]}}],"collection":[{"href":"https:\/\/lavras.tv\/site\/wp-json\/wp\/v2\/posts"}],"about":[{"href":"https:\/\/lavras.tv\/site\/wp-json\/wp\/v2\/types\/post"}],"author":[{"embeddable":true,"href":"https:\/\/lavras.tv\/site\/wp-json\/wp\/v2\/users\/2"}],"replies":[{"embeddable":true,"href":"https:\/\/lavras.tv\/site\/wp-json\/wp\/v2\/comments?post=3859"}],"version-history":[{"count":1,"href":"https:\/\/lavras.tv\/site\/wp-json\/wp\/v2\/posts\/3859\/revisions"}],"predecessor-version":[{"id":3860,"href":"https:\/\/lavras.tv\/site\/wp-json\/wp\/v2\/posts\/3859\/revisions\/3860"}],"wp:featuredmedia":[{"embeddable":true,"href":"https:\/\/lavras.tv\/site\/wp-json\/wp\/v2\/media\/552"}],"wp:attachment":[{"href":"https:\/\/lavras.tv\/site\/wp-json\/wp\/v2\/media?parent=3859"}],"wp:term":[{"taxonomy":"category","embeddable":true,"href":"https:\/\/lavras.tv\/site\/wp-json\/wp\/v2\/categories?post=3859"},{"taxonomy":"post_tag","embeddable":true,"href":"https:\/\/lavras.tv\/site\/wp-json\/wp\/v2\/tags?post=3859"}],"curies":[{"name":"wp","href":"https:\/\/api.w.org\/{rel}","templated":true}]}}