{"id":3878,"date":"2016-11-14T09:29:26","date_gmt":"2016-11-14T11:29:26","guid":{"rendered":"http:\/\/lavras.tv\/site\/?p=3878"},"modified":"2016-11-14T09:29:26","modified_gmt":"2016-11-14T11:29:26","slug":"projeto-do-hospital-do-cancer-e-vetado-na-camara-por-falta-de-documentos","status":"publish","type":"post","link":"https:\/\/lavras.tv\/site\/2016\/11\/14\/projeto-do-hospital-do-cancer-e-vetado-na-camara-por-falta-de-documentos\/","title":{"rendered":"Projeto do Hospital do C\u00e2ncer \u00e9 vetado na C\u00e2mara por falta de documentos"},"content":{"rendered":"<div class=\"lavra-antes-do-conteudo_2\" id=\"lavra-2834286213\"><div id=\"lavra-slider-27\" class=\"custom-slider lavra-slider-2689763348 lavra-slider\"><ul><li><div style=\"margin-left: auto;margin-right: auto;text-align: center;\" id=\"lavra-2510167876\"><a href=\"https:\/\/sistemas.lavras.mg.gov.br\/portalcidadao\/#df1b1a7c7b2a290bcb31e32771e610784662739a88807c0dacac58ede5f391a7530e299dc302d611ee73cb143fc22eaf93592e53e7b5bdb01b00a0b8d28dae460c141dd2ff83412e4dc1c31b16b25f33144a9e5620ea73b13f5bc1c59411d98439ad226e8af03840603796067d87afe130812cf3de24982d0e306f9e61e764e5\" aria-label=\"Lavras-TV&#8211;720x104px (1) (1)\"><img src=\"https:\/\/lavras.tv\/site\/wp-content\/uploads\/2025\/01\/Lavras-TV-720x104px-1-1.png\" alt=\"\"  srcset=\"https:\/\/lavras.tv\/site\/wp-content\/uploads\/2025\/01\/Lavras-TV-720x104px-1-1.png 720w, https:\/\/lavras.tv\/site\/wp-content\/uploads\/2025\/01\/Lavras-TV-720x104px-1-1-470x68.png 470w, https:\/\/lavras.tv\/site\/wp-content\/uploads\/2025\/01\/Lavras-TV-720x104px-1-1-170x25.png 170w, https:\/\/lavras.tv\/site\/wp-content\/uploads\/2025\/01\/Lavras-TV-720x104px-1-1-200x29.png 200w\" sizes=\"(max-width: 720px) 100vw, 720px\" width=\"720\" height=\"104\"  style=\"display: inline-block;\" \/><\/a><\/div><\/li><li><a href=\"https:\/\/sistemas.lavras.mg.gov.br\/portalcidadao\/#df1b1a7c7b2a290bcb31e32771e610784662739a88807c0dacac58ede5f391a7530e299dc302d611ee73cb143fc22eaf93592e53e7b5bdb01b00a0b8d28dae460c141dd2ff83412e4dc1c31b16b25f33144a9e5620ea73b13f5bc1c59411d98439ad226e8af03840603796067d87afe130812cf3de24982d0e306f9e61e764e5\" aria-label=\"Banner_Emprego_PortallavrasTV\"><img src=\"https:\/\/lavras.tv\/site\/wp-content\/uploads\/2025\/03\/Banner_Emprego_PortallavrasTV.png\" alt=\"\"  srcset=\"https:\/\/lavras.tv\/site\/wp-content\/uploads\/2025\/03\/Banner_Emprego_PortallavrasTV.png 720w, https:\/\/lavras.tv\/site\/wp-content\/uploads\/2025\/03\/Banner_Emprego_PortallavrasTV-470x68.png 470w, https:\/\/lavras.tv\/site\/wp-content\/uploads\/2025\/03\/Banner_Emprego_PortallavrasTV-170x25.png 170w, https:\/\/lavras.tv\/site\/wp-content\/uploads\/2025\/03\/Banner_Emprego_PortallavrasTV-200x29.png 200w\" sizes=\"(max-width: 720px) 100vw, 720px\" width=\"720\" height=\"104\"   \/><\/a><\/li><li><a href=\"https:\/\/sistemas.lavras.mg.gov.br\/portalcidadao\/#df1b1a7c7b2a290bcb31e32771e610784662739a88807c0dacac58ede5f391a7530e299dc302d611ee73cb143fc22eaf93592e53e7b5bdb01b00a0b8d28dae460c141dd2ff83412e4dc1c31b16b25f33144a9e5620ea73b13f5bc1c59411d98439ad226e8af03840603796067d87afe130812cf3de24982d0e306f9e61e764e5\" aria-label=\"Banner_Obras_PortallavrasTV\"><img src=\"https:\/\/lavras.tv\/site\/wp-content\/uploads\/2025\/03\/Banner_Obras_PortallavrasTV.png\" alt=\"\"  srcset=\"https:\/\/lavras.tv\/site\/wp-content\/uploads\/2025\/03\/Banner_Obras_PortallavrasTV.png 720w, https:\/\/lavras.tv\/site\/wp-content\/uploads\/2025\/03\/Banner_Obras_PortallavrasTV-470x68.png 470w, https:\/\/lavras.tv\/site\/wp-content\/uploads\/2025\/03\/Banner_Obras_PortallavrasTV-170x25.png 170w, https:\/\/lavras.tv\/site\/wp-content\/uploads\/2025\/03\/Banner_Obras_PortallavrasTV-200x29.png 200w\" sizes=\"(max-width: 720px) 100vw, 720px\" width=\"720\" height=\"104\"   \/><\/a><\/li><li><div style=\"margin-left: auto;margin-right: auto;text-align: center;\" id=\"lavra-3542028828\"><a href=\"https:\/\/sistemas.lavras.mg.gov.br\/portalcidadao\/#df1b1a7c7b2a290bcb31e32771e610784662739a88807c0dacac58ede5f391a7530e299dc302d611ee73cb143fc22eaf93592e53e7b5bdb01b00a0b8d28dae460c141dd2ff83412e4dc1c31b16b25f33144a9e5620ea73b13f5bc1c59411d98439ad226e8af03840603796067d87afe130812cf3de24982d0e306f9e61e764e5\" aria-label=\"Banner_Educa\u00e7\u00e3o_PortallavrasTV\"><img src=\"https:\/\/lavras.tv\/site\/wp-content\/uploads\/2025\/01\/Banner_Educacao_PortallavrasTV.png\" alt=\"\"  srcset=\"https:\/\/lavras.tv\/site\/wp-content\/uploads\/2025\/01\/Banner_Educacao_PortallavrasTV.png 720w, https:\/\/lavras.tv\/site\/wp-content\/uploads\/2025\/01\/Banner_Educacao_PortallavrasTV-470x68.png 470w, https:\/\/lavras.tv\/site\/wp-content\/uploads\/2025\/01\/Banner_Educacao_PortallavrasTV-170x25.png 170w, https:\/\/lavras.tv\/site\/wp-content\/uploads\/2025\/01\/Banner_Educacao_PortallavrasTV-200x29.png 200w\" sizes=\"(max-width: 720px) 100vw, 720px\" width=\"720\" height=\"104\"  style=\"display: inline-block;\" \/><\/a><\/div><\/li><li><a href=\"https:\/\/sistemas.lavras.mg.gov.br\/portalcidadao\/#df1b1a7c7b2a290bcb31e32771e610784662739a88807c0dacac58ede5f391a7530e299dc302d611ee73cb143fc22eaf93592e53e7b5bdb01b00a0b8d28dae460c141dd2ff83412e4dc1c31b16b25f33144a9e5620ea73b13f5bc1c59411d98439ad226e8af03840603796067d87afe130812cf3de24982d0e306f9e61e764e5\" aria-label=\"Banner_Sa\u00fade_PortallavrasTV\"><img src=\"https:\/\/lavras.tv\/site\/wp-content\/uploads\/2025\/03\/Banner_Saude_PortallavrasTV.png\" alt=\"\"  srcset=\"https:\/\/lavras.tv\/site\/wp-content\/uploads\/2025\/03\/Banner_Saude_PortallavrasTV.png 720w, https:\/\/lavras.tv\/site\/wp-content\/uploads\/2025\/03\/Banner_Saude_PortallavrasTV-470x68.png 470w, https:\/\/lavras.tv\/site\/wp-content\/uploads\/2025\/03\/Banner_Saude_PortallavrasTV-170x25.png 170w, https:\/\/lavras.tv\/site\/wp-content\/uploads\/2025\/03\/Banner_Saude_PortallavrasTV-200x29.png 200w\" sizes=\"(max-width: 720px) 100vw, 720px\" width=\"720\" height=\"104\"   \/><\/a><\/li><li><div id=\"lavra-2602634905\" style=\"width:720px;height:104px;background-color:#ddd;overflow:scroll;\">\n\t<strong>Sa\u00edda da depura\u00e7\u00e3o de an\u00fancios<\/strong>\n\t<br><br>\n\tO an\u00fancio n\u00e3o \u00e9 exibido na p\u00e1gina<br><br>post atual: Projeto do Hospital do C\u00e2ncer \u00e9 vetado na C\u00e2mara por falta de documentos, ID: 3878<br><br><span style=\"color: red;\">O post atual n\u00e3o \u00e9 id\u00eantico ao post principal.<\/span><br><br>An\u00fancios: ROXO - TOPO INTERNA - ROTATIVO 2 (197)<br \/>Grupo de an\u00fancios: Princ_Meio01_720x104 (27)<br><br>Condi\u00e7\u00f5es de exibi\u00e7\u00e3o<div style=\"margin-bottom: 20px; white-space: pre-wrap; font-family: monospace; width: 100%; background: #ffe9e9;\"><strong>condi\u00e7\u00f5es gerais<\/strong><table border=\"1\"><thead><tr><th><\/th><th>An\u00fancios<\/th><th>wp_the_query<\/th><\/tr><\/thead><tr><td>is_main_query<\/td><td>1<\/td><td>1<\/td><\/tr><tr><td>is_rest_api<\/td><td>0<\/td><td>1<\/td><\/tr><tr><td>page<\/td><td>0<\/td><td>1<\/td><\/tr><tr><td>numpages<\/td><td>0<\/td><td>1<\/td><\/tr><tr><td>is_archive<\/td><td>1<\/td><td><\/td><\/tr><tr><td>is_search<\/td><td>1<\/td><td><\/td><\/tr><tr><td>is_home<\/td><td>1<\/td><td><\/td><\/tr><tr><td>is_404<\/td><td>1<\/td><td><\/td><\/tr><tr><td>is_attachment<\/td><td>1<\/td><td><\/td><\/tr><tr><td>is_singular<\/td><td>1<\/td><td><\/td><\/tr><tr><td>is_front_page<\/td><td>1<\/td><td><\/td><\/tr><tr><td>is_feed<\/td><td>1<\/td><td><\/td><\/tr><\/table><\/div><br><br><span style=\"color: red;\">Seu site usa HTTPS, mas o c\u00f3digo do an\u00fancio cont\u00e9m HTTP e pode n\u00e3o funcionar.<\/span>\t<br><br>\n\t<a style=\"color: green;\" href=\"https:\/\/wpadvancedads.com\/manual\/ad-debug-mode\/?utm_source=advanced-ads&utm_medium=link&utm_campaign=ad-debug-mode\" target=\"_blank\" rel=\"nofollow\">Encontre solu\u00e7\u00f5es no manual<\/a>\n<\/div>\n<\/li><\/ul><\/div><script>( window.advanced_ads_ready || jQuery( document ).ready ).call( null, function() {var $lavraslider2689763348 = jQuery( \".lavra-slider-2689763348\" );$lavraslider2689763348.on( \"unslider.ready\", function() { jQuery( \"div.custom-slider ul li\" ).css( \"display\", \"block\" ); });$lavraslider2689763348.unslider({ delay:4000, autoplay:true, nav:false, arrows:false, infinite:true });$lavraslider2689763348.on(\"mouseover\", function() {$lavraslider2689763348.unslider(\"stop\");}).on(\"mouseout\", function() {$lavraslider2689763348.unslider(\"start\");});});<\/script><\/div><p>A Comiss\u00e3o de Finan\u00e7as e Or\u00e7amento da C\u00e2mara Municipal decidiu vetar o Projeto de Lei em tramita\u00e7\u00e3o que autorizava a concess\u00e3o de direito real de uso de im\u00f3vel p\u00fablico \u00e0 Funda\u00e7\u00e3o Jo\u00e3o Pereira de Carvalho e Santa Casa de Miseric\u00f3rdia, que visa a constru\u00e7\u00e3o e implanta\u00e7\u00e3o de centro especializado no tratamento e combate ao c\u00e2ncer de Lavras.<!--more--><\/p>\n<p><img fetchpriority=\"high\" decoding=\"async\" class=\"size-full wp-image-3879 aligncenter\" src=\"http:\/\/lavras.tv\/site\/wp-content\/uploads\/2016\/11\/hospital-do-cancer.jpg\" alt=\"hospital-do-cancer\" width=\"1040\" height=\"585\" srcset=\"https:\/\/lavras.tv\/site\/wp-content\/uploads\/2016\/11\/hospital-do-cancer.jpg 1040w, https:\/\/lavras.tv\/site\/wp-content\/uploads\/2016\/11\/hospital-do-cancer-150x84.jpg 150w, https:\/\/lavras.tv\/site\/wp-content\/uploads\/2016\/11\/hospital-do-cancer-300x169.jpg 300w, https:\/\/lavras.tv\/site\/wp-content\/uploads\/2016\/11\/hospital-do-cancer-1024x576.jpg 1024w\" sizes=\"(max-width: 1040px) 100vw, 1040px\" \/><\/p>\n<p>O anuncio foi feito pelos representantes da comiss\u00e3o, os vereadores Jo\u00e3o Paulo Felizardo (presidente), Daniel Costa (relator) e Elias Freire Filho (Lila), durante a reuni\u00e3o ordin\u00e1ria na segunda-feira, dia 7. O parecer pela entrada do Projeto de Lei na casa j\u00e1 havia sido aprovado pela Comiss\u00e3o de Constitui\u00e7\u00e3o e Justi\u00e7a, formada pelos vereadores Jos\u00e9 M\u00e1rcio Faria (presidente), Evandro Castanheira Lacerda (relator) e Jos\u00e9 Bento da Ambul\u00e2ncia.<\/p>\n<p>A decis\u00e3o da Comiss\u00e3o de Finan\u00e7as e Or\u00e7amento, com anu\u00eancia da Assessoria Jur\u00eddica do Legislativo, tem como base a falta de documentos necess\u00e1rios para que o projeto seja analisado e posteriormente votado. A decis\u00e3o causou desconforto no p\u00fablico presente no plen\u00e1rio Orlando Haddad, especialmente entre funcion\u00e1rios da Funda\u00e7\u00e3o Educativa, Social e Cultural Jo\u00e3o Pereira de Carvalho, presentes \u00e0 reuni\u00e3o. A institui\u00e7\u00e3o foi criada pela deputada federal D\u00e2mina de Carvalho e leva o nome de seu pai.<\/p>\n<p>A proposta \u00e9 que centro especializado de tratamento e combate ao c\u00e2ncer seja constru\u00eddo numa \u00e1rea institucional doada pelo Grupo Carlos Alberto Pereira (CAP) para o munic\u00edpio, mediante acordo firmado entre a Prefeitura Municipal e o Minist\u00e9rio P\u00fablico. O terreno localizado \u00e0s margens da BR 265 tem uma \u00e1rea total de 31 mil m2.<\/p>\n<p>O hospital ser\u00e1 gerido pela Funda\u00e7\u00e3o Jo\u00e3o Pereira de Carvalho e a Santa Casa de Miseric\u00f3rdia de Lavras. A obra, or\u00e7ada em R$ 30 milh\u00f5es, contar\u00e1 com recursos de emendas parlamentares da deputada D\u00e2mina Carvalho que, at\u00e9 o momento, tem um montante de R$ 16 milh\u00f5es para dar in\u00edcio \u00e0 constru\u00e7\u00e3o. O projeto beneficiaria mais de 1.500 pessoas em tratamento contra o c\u00e2ncer na microrregi\u00e3o de Lavras.<\/p>\n<p>Situa\u00e7\u00e3o<\/p>\n<p>Entre os documentos solicitados pela Comiss\u00e3o de Finan\u00e7as e Or\u00e7amento ao Executivo, est\u00e3o os Atos Constitutivos e balancetes da Funda\u00e7\u00e3o Jo\u00e3o Pereira de Carvalho para verifica\u00e7\u00e3o das finan\u00e7as da entidade. O documento ressalta ainda que mesmo estando em ano eleitoral, a Promotoria de Justi\u00e7a de Lavras entendeu que o projeto do hospital n\u00e3o se configura como propaganda, visto que a deputada n\u00e3o concorre a cargo p\u00fablico. No entanto, ela pede \u00e0 Comiss\u00e3o de Constitui\u00e7\u00e3o e Justi\u00e7a que an\u00e1lise a proposta em vista da \u201cconcess\u00e3o real de uso\u201d do terreno.<\/p>\n<p>\u201cAntes de qualquer an\u00e1lise, ressalto a import\u00e2ncia do projeto \u2018Hospital do C\u00e2ncer\u2019 para o Munic\u00edpio de Lavras, bem como o trabalho relevante da deputada D\u00e2mina de Carvalho na implanta\u00e7\u00e3o do hospital\u201d, ressalta o parecer assinado pelo relator Daniel Costa.<\/p>\n<p>Convidado a se pronunciar sobre a decis\u00e3o em plen\u00e1rio, o chefe de gabinete da deputada estadual D\u00e2mina de Carvalho, Edmilson Pereira, disse que n\u00e3o se trata de um projeto da parlamentar, mas da comunidade. \u201cA pessoas est\u00e3o depositando todas as suas expectativas na C\u00e2mara Municipal com rela\u00e7\u00e3o a esse projeto\u201d. Ele ressaltou que toda a documenta\u00e7\u00e3o solicitada necess\u00e1ria ser\u00e1 encaminhada \u00e0 Prefeitura de Lavras para que o Projeto de Lei possa retornar \u00e0 Comiss\u00e3o de Finan\u00e7as e Or\u00e7amento para que possa ser votado pelo Legislativo.<\/p>\n<p>Fonte: Lavras 24 horas<\/p>\n","protected":false},"excerpt":{"rendered":"<p>A Comiss\u00e3o de Finan\u00e7as e Or\u00e7amento da C\u00e2mara Municipal decidiu vetar o Projeto de Lei em tramita\u00e7\u00e3o que autorizava a concess\u00e3o de direito real de uso de im\u00f3vel p\u00fablico \u00e0 Funda\u00e7\u00e3o Jo\u00e3o Pereira de Carvalho e Santa Casa de Miseric\u00f3rdia, que visa a constru\u00e7\u00e3o e implanta\u00e7\u00e3o de centro especializado no tratamento e combate ao c\u00e2ncer [&hellip;]<\/p>\n","protected":false},"author":2,"featured_media":3879,"comment_status":"closed","ping_status":"open","sticky":false,"template":"","format":"standard","meta":{"advgb_blocks_editor_width":"","advgb_blocks_columns_visual_guide":"","_exactmetrics_skip_tracking":false,"_exactmetrics_sitenote_active":false,"_exactmetrics_sitenote_note":"","_exactmetrics_sitenote_category":0,"footnotes":""},"categories":[7,12],"tags":[1398,671,1397],"class_list":["post-3878","post","type-post","status-publish","format-standard","has-post-thumbnail","hentry","category-destaques","category-politica","tag-camara-municipal","tag-damina-pereira","tag-hospital-do-cancer-de-lavras"],"better_featured_image":{"id":3879,"alt_text":"","caption":"","description":"","media_type":"image","media_details":{"width":1040,"height":585,"file":"2016\/11\/hospital-do-cancer.jpg","sizes":{"thumbnail":{"file":"hospital-do-cancer-150x84.jpg","width":150,"height":84,"mime-type":"image\/jpeg","source_url":"https:\/\/lavras.tv\/site\/wp-content\/uploads\/2016\/11\/hospital-do-cancer-150x84.jpg"},"medium":{"file":"hospital-do-cancer-300x169.jpg","width":300,"height":169,"mime-type":"image\/jpeg","source_url":"https:\/\/lavras.tv\/site\/wp-content\/uploads\/2016\/11\/hospital-do-cancer-300x169.jpg"},"large":{"file":"hospital-do-cancer-1024x576.jpg","width":1024,"height":576,"mime-type":"image\/jpeg","source_url":"https:\/\/lavras.tv\/site\/wp-content\/uploads\/2016\/11\/hospital-do-cancer-1024x576.jpg"},"featured-slider-img":{"file":"hospital-do-cancer-640x480.jpg","width":640,"height":480,"mime-type":"image\/jpeg","source_url":"https:\/\/lavras.tv\/site\/wp-content\/uploads\/2016\/11\/hospital-do-cancer-640x480.jpg"},"featured-post-img":{"file":"hospital-do-cancer-480x320.jpg","width":480,"height":320,"mime-type":"image\/jpeg","source_url":"https:\/\/lavras.tv\/site\/wp-content\/uploads\/2016\/11\/hospital-do-cancer-480x320.jpg"},"sow-carousel-default":{"file":"hospital-do-cancer-272x182.jpg","width":272,"height":182,"mime-type":"image\/jpeg","source_url":"https:\/\/lavras.tv\/site\/wp-content\/uploads\/2016\/11\/hospital-do-cancer-272x182.jpg"}},"image_meta":{"aperture":"0","credit":"","camera":"","caption":"","created_timestamp":"0","copyright":"","focal_length":"0","iso":"0","shutter_speed":"0","title":"","orientation":"0","keywords":[]}},"post":3878,"source_url":"https:\/\/lavras.tv\/site\/wp-content\/uploads\/2016\/11\/hospital-do-cancer.jpg"},"author_meta":{"display_name":"Lavras TV","author_link":"https:\/\/lavras.tv\/site\/author\/lavrastv\/"},"featured_img":"https:\/\/lavras.tv\/site\/wp-content\/uploads\/2016\/11\/hospital-do-cancer-300x169.jpg","coauthors":[],"tax_additional":{"categories":{"linked":["<a href=\"https:\/\/lavras.tv\/site\/category\/destaques\/\" class=\"advgb-post-tax-term\">Destaques<\/a>","<a href=\"https:\/\/lavras.tv\/site\/category\/politica\/\" class=\"advgb-post-tax-term\">Pol\u00edtica<\/a>"],"unlinked":["<span class=\"advgb-post-tax-term\">Destaques<\/span>","<span class=\"advgb-post-tax-term\">Pol\u00edtica<\/span>"]},"tags":{"linked":["<a href=\"https:\/\/lavras.tv\/site\/category\/politica\/\" class=\"advgb-post-tax-term\">C\u00e2mara municipal<\/a>","<a href=\"https:\/\/lavras.tv\/site\/category\/politica\/\" class=\"advgb-post-tax-term\">D\u00e2mina Pereira<\/a>","<a href=\"https:\/\/lavras.tv\/site\/category\/politica\/\" class=\"advgb-post-tax-term\">hospital do c\u00e2ncer de Lavras<\/a>"],"unlinked":["<span class=\"advgb-post-tax-term\">C\u00e2mara municipal<\/span>","<span class=\"advgb-post-tax-term\">D\u00e2mina Pereira<\/span>","<span class=\"advgb-post-tax-term\">hospital do c\u00e2ncer de Lavras<\/span>"]}},"comment_count":"0","relative_dates":{"created":"Publicado 9 anos atr\u00e1s","modified":"Atualizado 9 anos atr\u00e1s"},"absolute_dates":{"created":"Publicado em 14 de novembro de 2016","modified":"Atualizado em 14 de novembro de 2016"},"absolute_dates_time":{"created":"Publicado em 14 de novembro de 2016 09:29","modified":"Atualizado em 14 de novembro de 2016 09:29"},"featured_img_caption":"","series_order":"","_links":{"self":[{"href":"https:\/\/lavras.tv\/site\/wp-json\/wp\/v2\/posts\/3878","targetHints":{"allow":["GET"]}}],"collection":[{"href":"https:\/\/lavras.tv\/site\/wp-json\/wp\/v2\/posts"}],"about":[{"href":"https:\/\/lavras.tv\/site\/wp-json\/wp\/v2\/types\/post"}],"author":[{"embeddable":true,"href":"https:\/\/lavras.tv\/site\/wp-json\/wp\/v2\/users\/2"}],"replies":[{"embeddable":true,"href":"https:\/\/lavras.tv\/site\/wp-json\/wp\/v2\/comments?post=3878"}],"version-history":[{"count":1,"href":"https:\/\/lavras.tv\/site\/wp-json\/wp\/v2\/posts\/3878\/revisions"}],"predecessor-version":[{"id":3880,"href":"https:\/\/lavras.tv\/site\/wp-json\/wp\/v2\/posts\/3878\/revisions\/3880"}],"wp:featuredmedia":[{"embeddable":true,"href":"https:\/\/lavras.tv\/site\/wp-json\/wp\/v2\/media\/3879"}],"wp:attachment":[{"href":"https:\/\/lavras.tv\/site\/wp-json\/wp\/v2\/media?parent=3878"}],"wp:term":[{"taxonomy":"category","embeddable":true,"href":"https:\/\/lavras.tv\/site\/wp-json\/wp\/v2\/categories?post=3878"},{"taxonomy":"post_tag","embeddable":true,"href":"https:\/\/lavras.tv\/site\/wp-json\/wp\/v2\/tags?post=3878"}],"curies":[{"name":"wp","href":"https:\/\/api.w.org\/{rel}","templated":true}]}}