{"id":3881,"date":"2016-11-14T09:37:42","date_gmt":"2016-11-14T11:37:42","guid":{"rendered":"http:\/\/lavras.tv\/site\/?p=3881"},"modified":"2016-11-14T09:37:42","modified_gmt":"2016-11-14T11:37:42","slug":"saio-de-cabeca-erguida-e-com-o-coracao-apertado-afirma-felipe-massa","status":"publish","type":"post","link":"https:\/\/lavras.tv\/site\/2016\/11\/14\/saio-de-cabeca-erguida-e-com-o-coracao-apertado-afirma-felipe-massa\/","title":{"rendered":"&#8216;Saio de cabe\u00e7a erguida e com o cora\u00e7\u00e3o apertado&#8217;, afirma Felipe Massa"},"content":{"rendered":"<div class=\"lavra-antes-do-conteudo_2\" id=\"lavra-3639963630\"><div id=\"lavra-slider-27\" class=\"custom-slider lavra-slider-1422831801 lavra-slider\"><ul><li><div style=\"margin-left: auto;margin-right: auto;text-align: center;\" id=\"lavra-4002210563\"><a href=\"https:\/\/sistemas.lavras.mg.gov.br\/portalcidadao\/#df1b1a7c7b2a290bcb31e32771e610784662739a88807c0dacac58ede5f391a7530e299dc302d611ee73cb143fc22eaf93592e53e7b5bdb01b00a0b8d28dae460c141dd2ff83412e4dc1c31b16b25f33144a9e5620ea73b13f5bc1c59411d98439ad226e8af03840603796067d87afe130812cf3de24982d0e306f9e61e764e5\" aria-label=\"Lavras-TV&#8211;720x104px (1) (1)\"><img src=\"https:\/\/lavras.tv\/site\/wp-content\/uploads\/2025\/01\/Lavras-TV-720x104px-1-1.png\" alt=\"\"  srcset=\"https:\/\/lavras.tv\/site\/wp-content\/uploads\/2025\/01\/Lavras-TV-720x104px-1-1.png 720w, https:\/\/lavras.tv\/site\/wp-content\/uploads\/2025\/01\/Lavras-TV-720x104px-1-1-470x68.png 470w, https:\/\/lavras.tv\/site\/wp-content\/uploads\/2025\/01\/Lavras-TV-720x104px-1-1-170x25.png 170w, https:\/\/lavras.tv\/site\/wp-content\/uploads\/2025\/01\/Lavras-TV-720x104px-1-1-200x29.png 200w\" sizes=\"(max-width: 720px) 100vw, 720px\" width=\"720\" height=\"104\"  style=\"display: inline-block;\" \/><\/a><\/div><\/li><li><a href=\"https:\/\/sistemas.lavras.mg.gov.br\/portalcidadao\/#df1b1a7c7b2a290bcb31e32771e610784662739a88807c0dacac58ede5f391a7530e299dc302d611ee73cb143fc22eaf93592e53e7b5bdb01b00a0b8d28dae460c141dd2ff83412e4dc1c31b16b25f33144a9e5620ea73b13f5bc1c59411d98439ad226e8af03840603796067d87afe130812cf3de24982d0e306f9e61e764e5\" aria-label=\"Banner_Emprego_PortallavrasTV\"><img src=\"https:\/\/lavras.tv\/site\/wp-content\/uploads\/2025\/03\/Banner_Emprego_PortallavrasTV.png\" alt=\"\"  srcset=\"https:\/\/lavras.tv\/site\/wp-content\/uploads\/2025\/03\/Banner_Emprego_PortallavrasTV.png 720w, https:\/\/lavras.tv\/site\/wp-content\/uploads\/2025\/03\/Banner_Emprego_PortallavrasTV-470x68.png 470w, https:\/\/lavras.tv\/site\/wp-content\/uploads\/2025\/03\/Banner_Emprego_PortallavrasTV-170x25.png 170w, https:\/\/lavras.tv\/site\/wp-content\/uploads\/2025\/03\/Banner_Emprego_PortallavrasTV-200x29.png 200w\" sizes=\"(max-width: 720px) 100vw, 720px\" width=\"720\" height=\"104\"   \/><\/a><\/li><li><a href=\"https:\/\/sistemas.lavras.mg.gov.br\/portalcidadao\/#df1b1a7c7b2a290bcb31e32771e610784662739a88807c0dacac58ede5f391a7530e299dc302d611ee73cb143fc22eaf93592e53e7b5bdb01b00a0b8d28dae460c141dd2ff83412e4dc1c31b16b25f33144a9e5620ea73b13f5bc1c59411d98439ad226e8af03840603796067d87afe130812cf3de24982d0e306f9e61e764e5\" aria-label=\"Banner_Obras_PortallavrasTV\"><img src=\"https:\/\/lavras.tv\/site\/wp-content\/uploads\/2025\/03\/Banner_Obras_PortallavrasTV.png\" alt=\"\"  srcset=\"https:\/\/lavras.tv\/site\/wp-content\/uploads\/2025\/03\/Banner_Obras_PortallavrasTV.png 720w, https:\/\/lavras.tv\/site\/wp-content\/uploads\/2025\/03\/Banner_Obras_PortallavrasTV-470x68.png 470w, https:\/\/lavras.tv\/site\/wp-content\/uploads\/2025\/03\/Banner_Obras_PortallavrasTV-170x25.png 170w, https:\/\/lavras.tv\/site\/wp-content\/uploads\/2025\/03\/Banner_Obras_PortallavrasTV-200x29.png 200w\" sizes=\"(max-width: 720px) 100vw, 720px\" width=\"720\" height=\"104\"   \/><\/a><\/li><li><div style=\"margin-left: auto;margin-right: auto;text-align: center;\" id=\"lavra-388000723\"><a href=\"https:\/\/sistemas.lavras.mg.gov.br\/portalcidadao\/#df1b1a7c7b2a290bcb31e32771e610784662739a88807c0dacac58ede5f391a7530e299dc302d611ee73cb143fc22eaf93592e53e7b5bdb01b00a0b8d28dae460c141dd2ff83412e4dc1c31b16b25f33144a9e5620ea73b13f5bc1c59411d98439ad226e8af03840603796067d87afe130812cf3de24982d0e306f9e61e764e5\" aria-label=\"Banner_Educa\u00e7\u00e3o_PortallavrasTV\"><img src=\"https:\/\/lavras.tv\/site\/wp-content\/uploads\/2025\/01\/Banner_Educacao_PortallavrasTV.png\" alt=\"\"  srcset=\"https:\/\/lavras.tv\/site\/wp-content\/uploads\/2025\/01\/Banner_Educacao_PortallavrasTV.png 720w, https:\/\/lavras.tv\/site\/wp-content\/uploads\/2025\/01\/Banner_Educacao_PortallavrasTV-470x68.png 470w, https:\/\/lavras.tv\/site\/wp-content\/uploads\/2025\/01\/Banner_Educacao_PortallavrasTV-170x25.png 170w, https:\/\/lavras.tv\/site\/wp-content\/uploads\/2025\/01\/Banner_Educacao_PortallavrasTV-200x29.png 200w\" sizes=\"(max-width: 720px) 100vw, 720px\" width=\"720\" height=\"104\"  style=\"display: inline-block;\" \/><\/a><\/div><\/li><li><a href=\"https:\/\/sistemas.lavras.mg.gov.br\/portalcidadao\/#df1b1a7c7b2a290bcb31e32771e610784662739a88807c0dacac58ede5f391a7530e299dc302d611ee73cb143fc22eaf93592e53e7b5bdb01b00a0b8d28dae460c141dd2ff83412e4dc1c31b16b25f33144a9e5620ea73b13f5bc1c59411d98439ad226e8af03840603796067d87afe130812cf3de24982d0e306f9e61e764e5\" aria-label=\"Banner_Sa\u00fade_PortallavrasTV\"><img src=\"https:\/\/lavras.tv\/site\/wp-content\/uploads\/2025\/03\/Banner_Saude_PortallavrasTV.png\" alt=\"\"  srcset=\"https:\/\/lavras.tv\/site\/wp-content\/uploads\/2025\/03\/Banner_Saude_PortallavrasTV.png 720w, https:\/\/lavras.tv\/site\/wp-content\/uploads\/2025\/03\/Banner_Saude_PortallavrasTV-470x68.png 470w, https:\/\/lavras.tv\/site\/wp-content\/uploads\/2025\/03\/Banner_Saude_PortallavrasTV-170x25.png 170w, https:\/\/lavras.tv\/site\/wp-content\/uploads\/2025\/03\/Banner_Saude_PortallavrasTV-200x29.png 200w\" sizes=\"(max-width: 720px) 100vw, 720px\" width=\"720\" height=\"104\"   \/><\/a><\/li><li><div id=\"lavra-2652216722\" style=\"width:720px;height:104px;background-color:#ddd;overflow:scroll;\">\n\t<strong>Sa\u00edda da depura\u00e7\u00e3o de an\u00fancios<\/strong>\n\t<br><br>\n\tO an\u00fancio n\u00e3o \u00e9 exibido na p\u00e1gina<br><br>post atual: 'Saio de cabe\u00e7a erguida e com o cora\u00e7\u00e3o apertado', afirma Felipe Massa, ID: 3881<br><br><span style=\"color: red;\">O post atual n\u00e3o \u00e9 id\u00eantico ao post principal.<\/span><br><br>An\u00fancios: ROXO - TOPO INTERNA - ROTATIVO 2 (197)<br \/>Grupo de an\u00fancios: Princ_Meio01_720x104 (27)<br><br>Condi\u00e7\u00f5es de exibi\u00e7\u00e3o<div style=\"margin-bottom: 20px; white-space: pre-wrap; font-family: monospace; width: 100%; background: #ffe9e9;\"><strong>condi\u00e7\u00f5es gerais<\/strong><table border=\"1\"><thead><tr><th><\/th><th>An\u00fancios<\/th><th>wp_the_query<\/th><\/tr><\/thead><tr><td>is_main_query<\/td><td>1<\/td><td>1<\/td><\/tr><tr><td>is_rest_api<\/td><td>0<\/td><td>1<\/td><\/tr><tr><td>page<\/td><td>0<\/td><td>1<\/td><\/tr><tr><td>numpages<\/td><td>0<\/td><td>1<\/td><\/tr><tr><td>is_archive<\/td><td>1<\/td><td><\/td><\/tr><tr><td>is_search<\/td><td>1<\/td><td><\/td><\/tr><tr><td>is_home<\/td><td>1<\/td><td><\/td><\/tr><tr><td>is_404<\/td><td>1<\/td><td><\/td><\/tr><tr><td>is_attachment<\/td><td>1<\/td><td><\/td><\/tr><tr><td>is_singular<\/td><td>1<\/td><td><\/td><\/tr><tr><td>is_front_page<\/td><td>1<\/td><td><\/td><\/tr><tr><td>is_feed<\/td><td>1<\/td><td><\/td><\/tr><\/table><\/div><br><br><span style=\"color: red;\">Seu site usa HTTPS, mas o c\u00f3digo do an\u00fancio cont\u00e9m HTTP e pode n\u00e3o funcionar.<\/span>\t<br><br>\n\t<a style=\"color: green;\" href=\"https:\/\/wpadvancedads.com\/manual\/ad-debug-mode\/?utm_source=advanced-ads&utm_medium=link&utm_campaign=ad-debug-mode\" target=\"_blank\" rel=\"nofollow\">Encontre solu\u00e7\u00f5es no manual<\/a>\n<\/div>\n<\/li><\/ul><\/div><script>( window.advanced_ads_ready || jQuery( document ).ready ).call( null, function() {var $lavraslider1422831801 = jQuery( \".lavra-slider-1422831801\" );$lavraslider1422831801.on( \"unslider.ready\", function() { jQuery( \"div.custom-slider ul li\" ).css( \"display\", \"block\" ); });$lavraslider1422831801.unslider({ delay:4000, autoplay:true, nav:false, arrows:false, infinite:true });$lavraslider1422831801.on(\"mouseover\", function() {$lavraslider1422831801.unslider(\"stop\");}).on(\"mouseout\", function() {$lavraslider1422831801.unslider(\"start\");});});<\/script><\/div><p>N\u00e3o foi a despedida que Felipe Massa esperava fazer no GP do Brasil. <!--more-->O piloto brasileiro cometeu um erro na encharcada pista do Aut\u00f3dromo de Interlagos, neste domingo, em S\u00e3o Paulo, e acabou abreviando a sua \u00faltima corrida como piloto de F\u00f3rmula 1 no Pa\u00eds. Ele abandonou na 48.\u00aa das 71 voltas previstas da prova.<\/p>\n<p><img fetchpriority=\"high\" decoding=\"async\" class=\"size-full wp-image-3882 aligncenter\" src=\"http:\/\/lavras.tv\/site\/wp-content\/uploads\/2016\/11\/massa.jpg\" alt=\"massa\" width=\"570\" height=\"380\" srcset=\"https:\/\/lavras.tv\/site\/wp-content\/uploads\/2016\/11\/massa.jpg 570w, https:\/\/lavras.tv\/site\/wp-content\/uploads\/2016\/11\/massa-150x100.jpg 150w, https:\/\/lavras.tv\/site\/wp-content\/uploads\/2016\/11\/massa-300x200.jpg 300w, https:\/\/lavras.tv\/site\/wp-content\/uploads\/2016\/11\/massa-480x320.jpg 480w, https:\/\/lavras.tv\/site\/wp-content\/uploads\/2016\/11\/massa-272x182.jpg 272w\" sizes=\"(max-width: 570px) 100vw, 570px\" \/><\/p>\n<p>Massa, contudo, n\u00e3o se abalou com o fim precoce do seu GP final em Interlagos. Ap\u00f3s deixar o carro, parou na beira da pista para agradecer \u00e0 torcida. Levantou uma bandeira do Brasil e n\u00e3o escondeu as l\u00e1grimas. Foi apenas o come\u00e7o da emo\u00e7\u00e3o, que tomou conta assim que adentrou o pit lane.<\/p>\n<p>Caminhando devagar, foi recepcionado com aplausos por mec\u00e2nicos de diversas equipes nos boxes. Contou tamb\u00e9m com o carinho da esposa, Raffaela, do filho e dos pais \u00e0 sua espera na entrada do pit lane. Ao chegar ao espa\u00e7o reservado \u00e0 Williams, passou por um &#8220;corredor&#8221; formado pelos integrantes da equipe entre abra\u00e7os, apertos de m\u00e3o, beijos e aplausos.<\/p>\n<p>&#8220;Saio de cabe\u00e7a erguida, saio com o cora\u00e7\u00e3o apertado, sem d\u00favida&#8221;, declarou diante dos primeiros jornalistas. &#8220;\u00c9 uma emo\u00e7\u00e3o dif\u00edcil de explicar. Hoje (domingo), independente do resultado, vai ser um dia inesquec\u00edvel na minha vida&#8221;.<\/p>\n<p>Sem conseguir completar a prova, Massa pediu desculpas \u00e0 torcida mesmo ciente de que n\u00e3o teria condi\u00e7\u00f5es de brilhar em Interlagos, em raz\u00e3o do fraco rendimento da Williams neste fim de semana. &#8220;Pe\u00e7o desculpas \u00e0 torcida pelo resultado, n\u00e3o era o que eu gostaria. Mas s\u00f3 tenho a agradecer por todo o carinho, por toda a emo\u00e7\u00e3o que senti, pelo lado humano da torcida. Voc\u00eas nunca v\u00e3o sair de dentro do meu cora\u00e7\u00e3o&#8221;, disse, dirigindo-se ao p\u00fablico.<\/p>\n<p>&#8220;\u00c9 um momento final de uma carreira da qual sou muito orgulhoso, por tudo que passei, vivi, por tudo o que consegui. Acho que a \u00faltima corrida no Brasil pela F\u00f3rmula 1 \u00e9 algo especial. Mas espero estar correndo em outra categoria no Brasil&#8221;, declarou o piloto, que j\u00e1 venceu no Brasil em 2006 e 2008, quando foi vice-campe\u00e3o mundial.<\/p>\n<p>Fonte: Itatiaia<\/p>\n","protected":false},"excerpt":{"rendered":"<p>N\u00e3o foi a despedida que Felipe Massa esperava fazer no GP do Brasil.<\/p>\n","protected":false},"author":2,"featured_media":3882,"comment_status":"closed","ping_status":"open","sticky":false,"template":"","format":"standard","meta":{"advgb_blocks_editor_width":"","advgb_blocks_columns_visual_guide":"","_exactmetrics_skip_tracking":false,"_exactmetrics_sitenote_active":false,"_exactmetrics_sitenote_note":"","_exactmetrics_sitenote_category":0,"footnotes":""},"categories":[3],"tags":[1399,1401,1400],"class_list":["post-3881","post","type-post","status-publish","format-standard","has-post-thumbnail","hentry","category-esportes","tag-felipe-massa","tag-formula-1","tag-gp-brasil"],"better_featured_image":{"id":3882,"alt_text":"","caption":"","description":"","media_type":"image","media_details":{"width":570,"height":380,"file":"2016\/11\/massa.jpg","sizes":{"thumbnail":{"file":"massa-150x100.jpg","width":150,"height":100,"mime-type":"image\/jpeg","source_url":"https:\/\/lavras.tv\/site\/wp-content\/uploads\/2016\/11\/massa-150x100.jpg"},"medium":{"file":"massa-300x200.jpg","width":300,"height":200,"mime-type":"image\/jpeg","source_url":"https:\/\/lavras.tv\/site\/wp-content\/uploads\/2016\/11\/massa-300x200.jpg"},"featured-post-img":{"file":"massa-480x320.jpg","width":480,"height":320,"mime-type":"image\/jpeg","source_url":"https:\/\/lavras.tv\/site\/wp-content\/uploads\/2016\/11\/massa-480x320.jpg"},"sow-carousel-default":{"file":"massa-272x182.jpg","width":272,"height":182,"mime-type":"image\/jpeg","source_url":"https:\/\/lavras.tv\/site\/wp-content\/uploads\/2016\/11\/massa-272x182.jpg"}},"image_meta":{"aperture":"0","credit":"","camera":"","caption":"","created_timestamp":"0","copyright":"","focal_length":"0","iso":"0","shutter_speed":"0","title":"","orientation":"0","keywords":[]}},"post":3881,"source_url":"https:\/\/lavras.tv\/site\/wp-content\/uploads\/2016\/11\/massa.jpg"},"author_meta":{"display_name":"Lavras TV","author_link":"https:\/\/lavras.tv\/site\/author\/lavrastv\/"},"featured_img":"https:\/\/lavras.tv\/site\/wp-content\/uploads\/2016\/11\/massa-300x200.jpg","coauthors":[],"tax_additional":{"categories":{"linked":["<a href=\"https:\/\/lavras.tv\/site\/category\/esportes\/\" class=\"advgb-post-tax-term\">Esportes<\/a>"],"unlinked":["<span class=\"advgb-post-tax-term\">Esportes<\/span>"]},"tags":{"linked":["<a href=\"https:\/\/lavras.tv\/site\/category\/esportes\/\" class=\"advgb-post-tax-term\">felipe massa<\/a>","<a href=\"https:\/\/lavras.tv\/site\/category\/esportes\/\" class=\"advgb-post-tax-term\">F\u00f3rmula 1<\/a>","<a href=\"https:\/\/lavras.tv\/site\/category\/esportes\/\" class=\"advgb-post-tax-term\">GP Brasil<\/a>"],"unlinked":["<span class=\"advgb-post-tax-term\">felipe massa<\/span>","<span class=\"advgb-post-tax-term\">F\u00f3rmula 1<\/span>","<span class=\"advgb-post-tax-term\">GP Brasil<\/span>"]}},"comment_count":"0","relative_dates":{"created":"Publicado 9 anos atr\u00e1s","modified":"Atualizado 9 anos atr\u00e1s"},"absolute_dates":{"created":"Publicado em 14 de novembro de 2016","modified":"Atualizado em 14 de novembro de 2016"},"absolute_dates_time":{"created":"Publicado em 14 de novembro de 2016 09:37","modified":"Atualizado em 14 de novembro de 2016 09:37"},"featured_img_caption":"","series_order":"","_links":{"self":[{"href":"https:\/\/lavras.tv\/site\/wp-json\/wp\/v2\/posts\/3881","targetHints":{"allow":["GET"]}}],"collection":[{"href":"https:\/\/lavras.tv\/site\/wp-json\/wp\/v2\/posts"}],"about":[{"href":"https:\/\/lavras.tv\/site\/wp-json\/wp\/v2\/types\/post"}],"author":[{"embeddable":true,"href":"https:\/\/lavras.tv\/site\/wp-json\/wp\/v2\/users\/2"}],"replies":[{"embeddable":true,"href":"https:\/\/lavras.tv\/site\/wp-json\/wp\/v2\/comments?post=3881"}],"version-history":[{"count":1,"href":"https:\/\/lavras.tv\/site\/wp-json\/wp\/v2\/posts\/3881\/revisions"}],"predecessor-version":[{"id":3883,"href":"https:\/\/lavras.tv\/site\/wp-json\/wp\/v2\/posts\/3881\/revisions\/3883"}],"wp:featuredmedia":[{"embeddable":true,"href":"https:\/\/lavras.tv\/site\/wp-json\/wp\/v2\/media\/3882"}],"wp:attachment":[{"href":"https:\/\/lavras.tv\/site\/wp-json\/wp\/v2\/media?parent=3881"}],"wp:term":[{"taxonomy":"category","embeddable":true,"href":"https:\/\/lavras.tv\/site\/wp-json\/wp\/v2\/categories?post=3881"},{"taxonomy":"post_tag","embeddable":true,"href":"https:\/\/lavras.tv\/site\/wp-json\/wp\/v2\/tags?post=3881"}],"curies":[{"name":"wp","href":"https:\/\/api.w.org\/{rel}","templated":true}]}}