{"id":3899,"date":"2016-11-15T09:02:10","date_gmt":"2016-11-15T11:02:10","guid":{"rendered":"http:\/\/lavras.tv\/site\/?p=3899"},"modified":"2016-11-15T09:03:00","modified_gmt":"2016-11-15T11:03:00","slug":"cbf-revisa-calendario-e-finais-da-copa-do-brasil-terao-intervalo-de-35-dias","status":"publish","type":"post","link":"https:\/\/lavras.tv\/site\/2016\/11\/15\/cbf-revisa-calendario-e-finais-da-copa-do-brasil-terao-intervalo-de-35-dias\/","title":{"rendered":"CBF revisa calend\u00e1rio e finais da Copa do Brasil ter\u00e3o intervalo de 35 dias"},"content":{"rendered":"<div class=\"lavra-antes-do-conteudo_2\" id=\"lavra-1968892407\"><div id=\"lavra-slider-27\" class=\"custom-slider lavra-slider-390059864 lavra-slider\"><ul><li><div style=\"margin-left: auto;margin-right: auto;text-align: center;\" id=\"lavra-2455798630\"><a href=\"https:\/\/sistemas.lavras.mg.gov.br\/portalcidadao\/#df1b1a7c7b2a290bcb31e32771e610784662739a88807c0dacac58ede5f391a7530e299dc302d611ee73cb143fc22eaf93592e53e7b5bdb01b00a0b8d28dae460c141dd2ff83412e4dc1c31b16b25f33144a9e5620ea73b13f5bc1c59411d98439ad226e8af03840603796067d87afe130812cf3de24982d0e306f9e61e764e5\" aria-label=\"Lavras-TV&#8211;720x104px (1) (1)\"><img src=\"https:\/\/lavras.tv\/site\/wp-content\/uploads\/2025\/01\/Lavras-TV-720x104px-1-1.png\" alt=\"\"  srcset=\"https:\/\/lavras.tv\/site\/wp-content\/uploads\/2025\/01\/Lavras-TV-720x104px-1-1.png 720w, https:\/\/lavras.tv\/site\/wp-content\/uploads\/2025\/01\/Lavras-TV-720x104px-1-1-470x68.png 470w, https:\/\/lavras.tv\/site\/wp-content\/uploads\/2025\/01\/Lavras-TV-720x104px-1-1-170x25.png 170w, https:\/\/lavras.tv\/site\/wp-content\/uploads\/2025\/01\/Lavras-TV-720x104px-1-1-200x29.png 200w\" sizes=\"(max-width: 720px) 100vw, 720px\" width=\"720\" height=\"104\"  style=\"display: inline-block;\" \/><\/a><\/div><\/li><li><a href=\"https:\/\/sistemas.lavras.mg.gov.br\/portalcidadao\/#df1b1a7c7b2a290bcb31e32771e610784662739a88807c0dacac58ede5f391a7530e299dc302d611ee73cb143fc22eaf93592e53e7b5bdb01b00a0b8d28dae460c141dd2ff83412e4dc1c31b16b25f33144a9e5620ea73b13f5bc1c59411d98439ad226e8af03840603796067d87afe130812cf3de24982d0e306f9e61e764e5\" aria-label=\"Banner_Emprego_PortallavrasTV\"><img src=\"https:\/\/lavras.tv\/site\/wp-content\/uploads\/2025\/03\/Banner_Emprego_PortallavrasTV.png\" alt=\"\"  srcset=\"https:\/\/lavras.tv\/site\/wp-content\/uploads\/2025\/03\/Banner_Emprego_PortallavrasTV.png 720w, https:\/\/lavras.tv\/site\/wp-content\/uploads\/2025\/03\/Banner_Emprego_PortallavrasTV-470x68.png 470w, https:\/\/lavras.tv\/site\/wp-content\/uploads\/2025\/03\/Banner_Emprego_PortallavrasTV-170x25.png 170w, https:\/\/lavras.tv\/site\/wp-content\/uploads\/2025\/03\/Banner_Emprego_PortallavrasTV-200x29.png 200w\" sizes=\"(max-width: 720px) 100vw, 720px\" width=\"720\" height=\"104\"   \/><\/a><\/li><li><a href=\"https:\/\/sistemas.lavras.mg.gov.br\/portalcidadao\/#df1b1a7c7b2a290bcb31e32771e610784662739a88807c0dacac58ede5f391a7530e299dc302d611ee73cb143fc22eaf93592e53e7b5bdb01b00a0b8d28dae460c141dd2ff83412e4dc1c31b16b25f33144a9e5620ea73b13f5bc1c59411d98439ad226e8af03840603796067d87afe130812cf3de24982d0e306f9e61e764e5\" aria-label=\"Banner_Obras_PortallavrasTV\"><img src=\"https:\/\/lavras.tv\/site\/wp-content\/uploads\/2025\/03\/Banner_Obras_PortallavrasTV.png\" alt=\"\"  srcset=\"https:\/\/lavras.tv\/site\/wp-content\/uploads\/2025\/03\/Banner_Obras_PortallavrasTV.png 720w, https:\/\/lavras.tv\/site\/wp-content\/uploads\/2025\/03\/Banner_Obras_PortallavrasTV-470x68.png 470w, https:\/\/lavras.tv\/site\/wp-content\/uploads\/2025\/03\/Banner_Obras_PortallavrasTV-170x25.png 170w, https:\/\/lavras.tv\/site\/wp-content\/uploads\/2025\/03\/Banner_Obras_PortallavrasTV-200x29.png 200w\" sizes=\"(max-width: 720px) 100vw, 720px\" width=\"720\" height=\"104\"   \/><\/a><\/li><li><div style=\"margin-left: auto;margin-right: auto;text-align: center;\" id=\"lavra-2511569177\"><a href=\"https:\/\/sistemas.lavras.mg.gov.br\/portalcidadao\/#df1b1a7c7b2a290bcb31e32771e610784662739a88807c0dacac58ede5f391a7530e299dc302d611ee73cb143fc22eaf93592e53e7b5bdb01b00a0b8d28dae460c141dd2ff83412e4dc1c31b16b25f33144a9e5620ea73b13f5bc1c59411d98439ad226e8af03840603796067d87afe130812cf3de24982d0e306f9e61e764e5\" aria-label=\"Banner_Educa\u00e7\u00e3o_PortallavrasTV\"><img src=\"https:\/\/lavras.tv\/site\/wp-content\/uploads\/2025\/01\/Banner_Educacao_PortallavrasTV.png\" alt=\"\"  srcset=\"https:\/\/lavras.tv\/site\/wp-content\/uploads\/2025\/01\/Banner_Educacao_PortallavrasTV.png 720w, https:\/\/lavras.tv\/site\/wp-content\/uploads\/2025\/01\/Banner_Educacao_PortallavrasTV-470x68.png 470w, https:\/\/lavras.tv\/site\/wp-content\/uploads\/2025\/01\/Banner_Educacao_PortallavrasTV-170x25.png 170w, https:\/\/lavras.tv\/site\/wp-content\/uploads\/2025\/01\/Banner_Educacao_PortallavrasTV-200x29.png 200w\" sizes=\"(max-width: 720px) 100vw, 720px\" width=\"720\" height=\"104\"  style=\"display: inline-block;\" \/><\/a><\/div><\/li><li><a href=\"https:\/\/sistemas.lavras.mg.gov.br\/portalcidadao\/#df1b1a7c7b2a290bcb31e32771e610784662739a88807c0dacac58ede5f391a7530e299dc302d611ee73cb143fc22eaf93592e53e7b5bdb01b00a0b8d28dae460c141dd2ff83412e4dc1c31b16b25f33144a9e5620ea73b13f5bc1c59411d98439ad226e8af03840603796067d87afe130812cf3de24982d0e306f9e61e764e5\" aria-label=\"Banner_Sa\u00fade_PortallavrasTV\"><img src=\"https:\/\/lavras.tv\/site\/wp-content\/uploads\/2025\/03\/Banner_Saude_PortallavrasTV.png\" alt=\"\"  srcset=\"https:\/\/lavras.tv\/site\/wp-content\/uploads\/2025\/03\/Banner_Saude_PortallavrasTV.png 720w, https:\/\/lavras.tv\/site\/wp-content\/uploads\/2025\/03\/Banner_Saude_PortallavrasTV-470x68.png 470w, https:\/\/lavras.tv\/site\/wp-content\/uploads\/2025\/03\/Banner_Saude_PortallavrasTV-170x25.png 170w, https:\/\/lavras.tv\/site\/wp-content\/uploads\/2025\/03\/Banner_Saude_PortallavrasTV-200x29.png 200w\" sizes=\"(max-width: 720px) 100vw, 720px\" width=\"720\" height=\"104\"   \/><\/a><\/li><li><div id=\"lavra-450269878\" style=\"width:720px;height:104px;background-color:#ddd;overflow:scroll;\">\n\t<strong>Sa\u00edda da depura\u00e7\u00e3o de an\u00fancios<\/strong>\n\t<br><br>\n\tO an\u00fancio n\u00e3o \u00e9 exibido na p\u00e1gina<br><br>post atual: CBF revisa calend\u00e1rio e finais da Copa do Brasil ter\u00e3o intervalo de 35 dias, ID: 3899<br><br><span style=\"color: red;\">O post atual n\u00e3o \u00e9 id\u00eantico ao post principal.<\/span><br><br>An\u00fancios: ROXO - TOPO INTERNA - ROTATIVO 2 (197)<br \/>Grupo de an\u00fancios: Princ_Meio01_720x104 (27)<br><br>Condi\u00e7\u00f5es de exibi\u00e7\u00e3o<div style=\"margin-bottom: 20px; white-space: pre-wrap; font-family: monospace; width: 100%; background: #ffe9e9;\"><strong>condi\u00e7\u00f5es gerais<\/strong><table border=\"1\"><thead><tr><th><\/th><th>An\u00fancios<\/th><th>wp_the_query<\/th><\/tr><\/thead><tr><td>is_main_query<\/td><td>1<\/td><td>1<\/td><\/tr><tr><td>is_rest_api<\/td><td>0<\/td><td>1<\/td><\/tr><tr><td>page<\/td><td>0<\/td><td>1<\/td><\/tr><tr><td>numpages<\/td><td>0<\/td><td>1<\/td><\/tr><tr><td>is_archive<\/td><td>1<\/td><td><\/td><\/tr><tr><td>is_search<\/td><td>1<\/td><td><\/td><\/tr><tr><td>is_home<\/td><td>1<\/td><td><\/td><\/tr><tr><td>is_404<\/td><td>1<\/td><td><\/td><\/tr><tr><td>is_attachment<\/td><td>1<\/td><td><\/td><\/tr><tr><td>is_singular<\/td><td>1<\/td><td><\/td><\/tr><tr><td>is_front_page<\/td><td>1<\/td><td><\/td><\/tr><tr><td>is_feed<\/td><td>1<\/td><td><\/td><\/tr><\/table><\/div><br><br><span style=\"color: red;\">Seu site usa HTTPS, mas o c\u00f3digo do an\u00fancio cont\u00e9m HTTP e pode n\u00e3o funcionar.<\/span>\t<br><br>\n\t<a style=\"color: green;\" href=\"https:\/\/wpadvancedads.com\/manual\/ad-debug-mode\/?utm_source=advanced-ads&utm_medium=link&utm_campaign=ad-debug-mode\" target=\"_blank\" rel=\"nofollow\">Encontre solu\u00e7\u00f5es no manual<\/a>\n<\/div>\n<\/li><\/ul><\/div><script>( window.advanced_ads_ready || jQuery( document ).ready ).call( null, function() {var $lavraslider390059864 = jQuery( \".lavra-slider-390059864\" );$lavraslider390059864.on( \"unslider.ready\", function() { jQuery( \"div.custom-slider ul li\" ).css( \"display\", \"block\" ); });$lavraslider390059864.unslider({ delay:4000, autoplay:true, nav:false, arrows:false, infinite:true });$lavraslider390059864.on(\"mouseover\", function() {$lavraslider390059864.unslider(\"stop\");}).on(\"mouseout\", function() {$lavraslider390059864.unslider(\"start\");});});<\/script><\/div><section>A CBF (Confedera\u00e7\u00e3o Brasileira de Futebol) revelou nesta segunda-feira o novo calend\u00e1rio para a temporada de 2017 no Brasil. As novidades s\u00e3o necess\u00e1rias devido ao novo formato da Copa Libertadores, que agora vai durar de 1.\u00ba de fevereiro at\u00e9 29 de novembro. A principal mudan\u00e7a est\u00e1 na Copa do Brasil, que come\u00e7ar\u00e1 em 8 de fevereiro e terminar\u00e1 em 12 de outubro.<img fetchpriority=\"high\" decoding=\"async\" class=\"wp-image-3900 aligncenter\" src=\"http:\/\/lavras.tv\/site\/wp-content\/uploads\/2016\/11\/futebol.jpg\" alt=\"futebol\" width=\"486\" height=\"323\" srcset=\"https:\/\/lavras.tv\/site\/wp-content\/uploads\/2016\/11\/futebol.jpg 275w, https:\/\/lavras.tv\/site\/wp-content\/uploads\/2016\/11\/futebol-150x100.jpg 150w, https:\/\/lavras.tv\/site\/wp-content\/uploads\/2016\/11\/futebol-272x182.jpg 272w\" sizes=\"(max-width: 486px) 100vw, 486px\" \/><\/p>\n<p>O problema ser\u00e1 o conflito de datas com as Eliminat\u00f3rias para a Copa do Mundo de 2018. Tanto o primeiro jogo das finais da competi\u00e7\u00e3o (marcada para o dia 7 de setembro), quanto o segundo, no feriado de Nossa Senhora Aparecida (12 de outubro), acontecem dois dias depois de datas Fifa, onde as sele\u00e7\u00f5es jogar\u00e3o por uma vaga no Mundial.<\/p>\n<p>Nos Estaduais, marcados para serem disputados entre os dias 29 de janeiro e 7 de maio, tamb\u00e9m ter\u00e3o datas conflitantes com os jogos das sele\u00e7\u00f5es dos dias 23 e 28 de mar\u00e7o. O Brasileir\u00e3o, que ter\u00e1 a sua primeira rodada no dia 14 de maio e terminar\u00e1 no dia 3 de dezembro, ter\u00e1 apenas duas paradas em datas Fifa: uma em setembro e outra em outubro. Em amistosos que acontecer\u00e3o em junho e novembro e durante a Copa das Confedera\u00e7\u00f5es (que ser\u00e1 disputada na R\u00fassia entre 17 de junho e 2 de julho sem a participa\u00e7\u00e3o da sele\u00e7\u00e3o brasileira), nada de pausa. A S\u00e9rie B come\u00e7a um dia antes e termina uma semana antes da S\u00e9rie A.<\/p>\n<p>Entretanto ainda \u00e9 poss\u00edvel que aconte\u00e7am mudan\u00e7as, j\u00e1 que as datas das competi\u00e7\u00f5es internacionais da Conmebol ainda n\u00e3o foram definidas oficialmente. &#8220;Para atender aos prazos estabelecidos no Estatuto de Defesa do Torcedor, o an\u00fancio est\u00e1 sendo feito antes mesmo da publica\u00e7\u00e3o oficial do calend\u00e1rio 2017 da Conmebol. Em decorr\u00eancia disso, qualquer ajuste que se fizer necess\u00e1rio futuramente, quando houver a publica\u00e7\u00e3o oficial por parte da entidade continental, ser\u00e1 devidamente comunicado&#8221;, escreveu a CBF em seu site oficial.<\/p>\n<p>A Copa Libertadores, na pr\u00f3xima temporada, ter\u00e1 mais clubes e come\u00e7ar\u00e1 mais cedo, com at\u00e9 sete representantes do Brasil (seis do Brasileir\u00e3o e um da Copa do Brasil), al\u00e9m da Chapecoense, que pode vencer a Copa sul-americana &#8211; que em 2017 come\u00e7a no dia 5 de abril e deve ter sua decis\u00e3o no dia 13 de dezembro, no meio das datas reservadas para o Mundial de Clubes da Fifa.<\/p>\n<\/section>\n<p>Fonte: Itatiaia<\/p>\n","protected":false},"excerpt":{"rendered":"<p>A CBF (Confedera\u00e7\u00e3o Brasileira de Futebol) revelou nesta segunda-feira o novo calend\u00e1rio para a temporada de 2017 no Brasil. As novidades s\u00e3o necess\u00e1rias devido ao novo formato da Copa Libertadores, que agora vai durar de 1.\u00ba de fevereiro at\u00e9 29 de novembro. A principal mudan\u00e7a est\u00e1 na Copa do Brasil, que come\u00e7ar\u00e1 em 8 de [&hellip;]<\/p>\n","protected":false},"author":2,"featured_media":3900,"comment_status":"closed","ping_status":"open","sticky":false,"template":"","format":"standard","meta":{"advgb_blocks_editor_width":"","advgb_blocks_columns_visual_guide":"","_exactmetrics_skip_tracking":false,"_exactmetrics_sitenote_active":false,"_exactmetrics_sitenote_note":"","_exactmetrics_sitenote_category":0,"footnotes":""},"categories":[3],"tags":[1409,1408,922],"class_list":["post-3899","post","type-post","status-publish","format-standard","has-post-thumbnail","hentry","category-esportes","tag-calendario","tag-cbf","tag-copa-do-brasil"],"better_featured_image":{"id":3900,"alt_text":"","caption":"","description":"","media_type":"image","media_details":{"width":275,"height":183,"file":"2016\/11\/futebol.jpg","sizes":{"thumbnail":{"file":"futebol-150x100.jpg","width":150,"height":100,"mime-type":"image\/jpeg","source_url":"https:\/\/lavras.tv\/site\/wp-content\/uploads\/2016\/11\/futebol-150x100.jpg"},"sow-carousel-default":{"file":"futebol-272x182.jpg","width":272,"height":182,"mime-type":"image\/jpeg","source_url":"https:\/\/lavras.tv\/site\/wp-content\/uploads\/2016\/11\/futebol-272x182.jpg"}},"image_meta":{"aperture":"0","credit":"","camera":"","caption":"","created_timestamp":"0","copyright":"","focal_length":"0","iso":"0","shutter_speed":"0","title":"","orientation":"0","keywords":[]}},"post":3899,"source_url":"https:\/\/lavras.tv\/site\/wp-content\/uploads\/2016\/11\/futebol.jpg"},"author_meta":{"display_name":"Lavras TV","author_link":"https:\/\/lavras.tv\/site\/author\/lavrastv\/"},"featured_img":"https:\/\/lavras.tv\/site\/wp-content\/uploads\/2016\/11\/futebol.jpg","coauthors":[],"tax_additional":{"categories":{"linked":["<a href=\"https:\/\/lavras.tv\/site\/category\/esportes\/\" class=\"advgb-post-tax-term\">Esportes<\/a>"],"unlinked":["<span class=\"advgb-post-tax-term\">Esportes<\/span>"]},"tags":{"linked":["<a href=\"https:\/\/lavras.tv\/site\/category\/esportes\/\" class=\"advgb-post-tax-term\">calend\u00e1rio<\/a>","<a href=\"https:\/\/lavras.tv\/site\/category\/esportes\/\" class=\"advgb-post-tax-term\">cbf<\/a>","<a href=\"https:\/\/lavras.tv\/site\/category\/esportes\/\" class=\"advgb-post-tax-term\">copa do brasil<\/a>"],"unlinked":["<span class=\"advgb-post-tax-term\">calend\u00e1rio<\/span>","<span class=\"advgb-post-tax-term\">cbf<\/span>","<span class=\"advgb-post-tax-term\">copa do brasil<\/span>"]}},"comment_count":"0","relative_dates":{"created":"Publicado 9 anos atr\u00e1s","modified":"Atualizado 9 anos atr\u00e1s"},"absolute_dates":{"created":"Publicado em 15 de novembro de 2016","modified":"Atualizado em 15 de novembro de 2016"},"absolute_dates_time":{"created":"Publicado em 15 de novembro de 2016 09:02","modified":"Atualizado em 15 de novembro de 2016 09:03"},"featured_img_caption":"","series_order":"","_links":{"self":[{"href":"https:\/\/lavras.tv\/site\/wp-json\/wp\/v2\/posts\/3899","targetHints":{"allow":["GET"]}}],"collection":[{"href":"https:\/\/lavras.tv\/site\/wp-json\/wp\/v2\/posts"}],"about":[{"href":"https:\/\/lavras.tv\/site\/wp-json\/wp\/v2\/types\/post"}],"author":[{"embeddable":true,"href":"https:\/\/lavras.tv\/site\/wp-json\/wp\/v2\/users\/2"}],"replies":[{"embeddable":true,"href":"https:\/\/lavras.tv\/site\/wp-json\/wp\/v2\/comments?post=3899"}],"version-history":[{"count":2,"href":"https:\/\/lavras.tv\/site\/wp-json\/wp\/v2\/posts\/3899\/revisions"}],"predecessor-version":[{"id":3902,"href":"https:\/\/lavras.tv\/site\/wp-json\/wp\/v2\/posts\/3899\/revisions\/3902"}],"wp:featuredmedia":[{"embeddable":true,"href":"https:\/\/lavras.tv\/site\/wp-json\/wp\/v2\/media\/3900"}],"wp:attachment":[{"href":"https:\/\/lavras.tv\/site\/wp-json\/wp\/v2\/media?parent=3899"}],"wp:term":[{"taxonomy":"category","embeddable":true,"href":"https:\/\/lavras.tv\/site\/wp-json\/wp\/v2\/categories?post=3899"},{"taxonomy":"post_tag","embeddable":true,"href":"https:\/\/lavras.tv\/site\/wp-json\/wp\/v2\/tags?post=3899"}],"curies":[{"name":"wp","href":"https:\/\/api.w.org\/{rel}","templated":true}]}}