{"id":39151,"date":"2019-08-14T09:24:36","date_gmt":"2019-08-14T12:24:36","guid":{"rendered":"http:\/\/lavras.tv\/site\/?p=39151"},"modified":"2019-08-14T09:24:36","modified_gmt":"2019-08-14T12:24:36","slug":"psl-expulsa-deputado-federal-alexandre-frota-que-se-tornou-critico-ao-governo-bolsonaro","status":"publish","type":"post","link":"https:\/\/lavras.tv\/site\/2019\/08\/14\/psl-expulsa-deputado-federal-alexandre-frota-que-se-tornou-critico-ao-governo-bolsonaro\/","title":{"rendered":"PSL expulsa deputado federal Alexandre Frota, que se tornou cr\u00edtico ao governo Bolsonaro"},"content":{"rendered":"<div class=\"lavra-antes-do-conteudo_2\" id=\"lavra-2354726542\"><div id=\"lavra-slider-27\" class=\"custom-slider lavra-slider-687828427 lavra-slider\"><ul><li><div style=\"margin-left: auto;margin-right: auto;text-align: center;\" id=\"lavra-1968037659\"><a href=\"https:\/\/sistemas.lavras.mg.gov.br\/portalcidadao\/#df1b1a7c7b2a290bcb31e32771e610784662739a88807c0dacac58ede5f391a7530e299dc302d611ee73cb143fc22eaf93592e53e7b5bdb01b00a0b8d28dae460c141dd2ff83412e4dc1c31b16b25f33144a9e5620ea73b13f5bc1c59411d98439ad226e8af03840603796067d87afe130812cf3de24982d0e306f9e61e764e5\" aria-label=\"Lavras-TV&#8211;720x104px (1) (1)\"><img src=\"https:\/\/lavras.tv\/site\/wp-content\/uploads\/2025\/01\/Lavras-TV-720x104px-1-1.png\" alt=\"\"  srcset=\"https:\/\/lavras.tv\/site\/wp-content\/uploads\/2025\/01\/Lavras-TV-720x104px-1-1.png 720w, https:\/\/lavras.tv\/site\/wp-content\/uploads\/2025\/01\/Lavras-TV-720x104px-1-1-470x68.png 470w, https:\/\/lavras.tv\/site\/wp-content\/uploads\/2025\/01\/Lavras-TV-720x104px-1-1-170x25.png 170w, https:\/\/lavras.tv\/site\/wp-content\/uploads\/2025\/01\/Lavras-TV-720x104px-1-1-200x29.png 200w\" sizes=\"(max-width: 720px) 100vw, 720px\" width=\"720\" height=\"104\"  style=\"display: inline-block;\" \/><\/a><\/div><\/li><li><a href=\"https:\/\/sistemas.lavras.mg.gov.br\/portalcidadao\/#df1b1a7c7b2a290bcb31e32771e610784662739a88807c0dacac58ede5f391a7530e299dc302d611ee73cb143fc22eaf93592e53e7b5bdb01b00a0b8d28dae460c141dd2ff83412e4dc1c31b16b25f33144a9e5620ea73b13f5bc1c59411d98439ad226e8af03840603796067d87afe130812cf3de24982d0e306f9e61e764e5\" aria-label=\"Banner_Emprego_PortallavrasTV\"><img src=\"https:\/\/lavras.tv\/site\/wp-content\/uploads\/2025\/03\/Banner_Emprego_PortallavrasTV.png\" alt=\"\"  srcset=\"https:\/\/lavras.tv\/site\/wp-content\/uploads\/2025\/03\/Banner_Emprego_PortallavrasTV.png 720w, https:\/\/lavras.tv\/site\/wp-content\/uploads\/2025\/03\/Banner_Emprego_PortallavrasTV-470x68.png 470w, https:\/\/lavras.tv\/site\/wp-content\/uploads\/2025\/03\/Banner_Emprego_PortallavrasTV-170x25.png 170w, https:\/\/lavras.tv\/site\/wp-content\/uploads\/2025\/03\/Banner_Emprego_PortallavrasTV-200x29.png 200w\" sizes=\"(max-width: 720px) 100vw, 720px\" width=\"720\" height=\"104\"   \/><\/a><\/li><li><a href=\"https:\/\/sistemas.lavras.mg.gov.br\/portalcidadao\/#df1b1a7c7b2a290bcb31e32771e610784662739a88807c0dacac58ede5f391a7530e299dc302d611ee73cb143fc22eaf93592e53e7b5bdb01b00a0b8d28dae460c141dd2ff83412e4dc1c31b16b25f33144a9e5620ea73b13f5bc1c59411d98439ad226e8af03840603796067d87afe130812cf3de24982d0e306f9e61e764e5\" aria-label=\"Banner_Obras_PortallavrasTV\"><img src=\"https:\/\/lavras.tv\/site\/wp-content\/uploads\/2025\/03\/Banner_Obras_PortallavrasTV.png\" alt=\"\"  srcset=\"https:\/\/lavras.tv\/site\/wp-content\/uploads\/2025\/03\/Banner_Obras_PortallavrasTV.png 720w, https:\/\/lavras.tv\/site\/wp-content\/uploads\/2025\/03\/Banner_Obras_PortallavrasTV-470x68.png 470w, https:\/\/lavras.tv\/site\/wp-content\/uploads\/2025\/03\/Banner_Obras_PortallavrasTV-170x25.png 170w, https:\/\/lavras.tv\/site\/wp-content\/uploads\/2025\/03\/Banner_Obras_PortallavrasTV-200x29.png 200w\" sizes=\"(max-width: 720px) 100vw, 720px\" width=\"720\" height=\"104\"   \/><\/a><\/li><li><div style=\"margin-left: auto;margin-right: auto;text-align: center;\" id=\"lavra-1999170488\"><a href=\"https:\/\/sistemas.lavras.mg.gov.br\/portalcidadao\/#df1b1a7c7b2a290bcb31e32771e610784662739a88807c0dacac58ede5f391a7530e299dc302d611ee73cb143fc22eaf93592e53e7b5bdb01b00a0b8d28dae460c141dd2ff83412e4dc1c31b16b25f33144a9e5620ea73b13f5bc1c59411d98439ad226e8af03840603796067d87afe130812cf3de24982d0e306f9e61e764e5\" aria-label=\"Banner_Educa\u00e7\u00e3o_PortallavrasTV\"><img src=\"https:\/\/lavras.tv\/site\/wp-content\/uploads\/2025\/01\/Banner_Educacao_PortallavrasTV.png\" alt=\"\"  srcset=\"https:\/\/lavras.tv\/site\/wp-content\/uploads\/2025\/01\/Banner_Educacao_PortallavrasTV.png 720w, https:\/\/lavras.tv\/site\/wp-content\/uploads\/2025\/01\/Banner_Educacao_PortallavrasTV-470x68.png 470w, https:\/\/lavras.tv\/site\/wp-content\/uploads\/2025\/01\/Banner_Educacao_PortallavrasTV-170x25.png 170w, https:\/\/lavras.tv\/site\/wp-content\/uploads\/2025\/01\/Banner_Educacao_PortallavrasTV-200x29.png 200w\" sizes=\"(max-width: 720px) 100vw, 720px\" width=\"720\" height=\"104\"  style=\"display: inline-block;\" \/><\/a><\/div><\/li><li><a href=\"https:\/\/sistemas.lavras.mg.gov.br\/portalcidadao\/#df1b1a7c7b2a290bcb31e32771e610784662739a88807c0dacac58ede5f391a7530e299dc302d611ee73cb143fc22eaf93592e53e7b5bdb01b00a0b8d28dae460c141dd2ff83412e4dc1c31b16b25f33144a9e5620ea73b13f5bc1c59411d98439ad226e8af03840603796067d87afe130812cf3de24982d0e306f9e61e764e5\" aria-label=\"Banner_Sa\u00fade_PortallavrasTV\"><img src=\"https:\/\/lavras.tv\/site\/wp-content\/uploads\/2025\/03\/Banner_Saude_PortallavrasTV.png\" alt=\"\"  srcset=\"https:\/\/lavras.tv\/site\/wp-content\/uploads\/2025\/03\/Banner_Saude_PortallavrasTV.png 720w, https:\/\/lavras.tv\/site\/wp-content\/uploads\/2025\/03\/Banner_Saude_PortallavrasTV-470x68.png 470w, https:\/\/lavras.tv\/site\/wp-content\/uploads\/2025\/03\/Banner_Saude_PortallavrasTV-170x25.png 170w, https:\/\/lavras.tv\/site\/wp-content\/uploads\/2025\/03\/Banner_Saude_PortallavrasTV-200x29.png 200w\" sizes=\"(max-width: 720px) 100vw, 720px\" width=\"720\" height=\"104\"   \/><\/a><\/li><li><div id=\"lavra-1232709083\" style=\"width:720px;height:104px;background-color:#ddd;overflow:scroll;\">\n\t<strong>Sa\u00edda da depura\u00e7\u00e3o de an\u00fancios<\/strong>\n\t<br><br>\n\tO an\u00fancio n\u00e3o \u00e9 exibido na p\u00e1gina<br><br>post atual: PSL expulsa deputado federal Alexandre Frota, que se tornou cr\u00edtico ao governo Bolsonaro, ID: 39151<br><br><span style=\"color: red;\">O post atual n\u00e3o \u00e9 id\u00eantico ao post principal.<\/span><br><br>An\u00fancios: ROXO - TOPO INTERNA - ROTATIVO 2 (197)<br \/>Grupo de an\u00fancios: Princ_Meio01_720x104 (27)<br><br>Condi\u00e7\u00f5es de exibi\u00e7\u00e3o<div style=\"margin-bottom: 20px; white-space: pre-wrap; font-family: monospace; width: 100%; background: #ffe9e9;\"><strong>condi\u00e7\u00f5es gerais<\/strong><table border=\"1\"><thead><tr><th><\/th><th>An\u00fancios<\/th><th>wp_the_query<\/th><\/tr><\/thead><tr><td>is_main_query<\/td><td>1<\/td><td>1<\/td><\/tr><tr><td>is_rest_api<\/td><td>0<\/td><td>1<\/td><\/tr><tr><td>page<\/td><td>0<\/td><td>1<\/td><\/tr><tr><td>numpages<\/td><td>0<\/td><td>1<\/td><\/tr><tr><td>is_archive<\/td><td>1<\/td><td><\/td><\/tr><tr><td>is_search<\/td><td>1<\/td><td><\/td><\/tr><tr><td>is_home<\/td><td>1<\/td><td><\/td><\/tr><tr><td>is_404<\/td><td>1<\/td><td><\/td><\/tr><tr><td>is_attachment<\/td><td>1<\/td><td><\/td><\/tr><tr><td>is_singular<\/td><td>1<\/td><td><\/td><\/tr><tr><td>is_front_page<\/td><td>1<\/td><td><\/td><\/tr><tr><td>is_feed<\/td><td>1<\/td><td><\/td><\/tr><\/table><\/div><br><br><span style=\"color: red;\">Seu site usa HTTPS, mas o c\u00f3digo do an\u00fancio cont\u00e9m HTTP e pode n\u00e3o funcionar.<\/span>\t<br><br>\n\t<a style=\"color: green;\" href=\"https:\/\/wpadvancedads.com\/manual\/ad-debug-mode\/?utm_source=advanced-ads&utm_medium=link&utm_campaign=ad-debug-mode\" target=\"_blank\" rel=\"nofollow\">Encontre solu\u00e7\u00f5es no manual<\/a>\n<\/div>\n<\/li><\/ul><\/div><script>( window.advanced_ads_ready || jQuery( document ).ready ).call( null, function() {var $lavraslider687828427 = jQuery( \".lavra-slider-687828427\" );$lavraslider687828427.on( \"unslider.ready\", function() { jQuery( \"div.custom-slider ul li\" ).css( \"display\", \"block\" ); });$lavraslider687828427.unslider({ delay:4000, autoplay:true, nav:false, arrows:false, infinite:true });$lavraslider687828427.on(\"mouseover\", function() {$lavraslider687828427.unslider(\"stop\");}).on(\"mouseout\", function() {$lavraslider687828427.unslider(\"start\");});});<\/script><\/div><p>O PSL determinou nesta ter\u00e7a-feira, por unanimidade (oito votos a zero), a expuls\u00e3o do deputado federal Alexandre Frota (SP), que recentemente passou a fazer cr\u00edticas \u00e0 legenda e ao governo do presidente Jair Bolsonaro, seu correligion\u00e1rio. Uma das pe\u00e7as mais atuantes em favor da vota\u00e7\u00e3o da reforma da Previd\u00eancia, Frota estava insatisfeito com o veto do Pal\u00e1cio do Planalto a indica\u00e7\u00f5es dele para cargos na Ag\u00eancia Nacional de Cinema (Ancine) e a perda de poder do diret\u00f3rio municipal de Cotia, regi\u00e3o metropolitana da capital paulista.<\/p>\n<p>A decis\u00e3o exp\u00f5e um racha dentro do diret\u00f3rio estadual da sigla em S\u00e3o Paulo, hoje, comandado pelo filho do mandat\u00e1rio, deputado Eduardo Bolsonaro (PSL-SP).<\/p>\n<p>Oficialmente, a executiva nacional do PSL justificou a sa\u00edda afirmando que Frota demonstrou &#8220;infidelidade&#8221; ao atacar o governo e colegas de bancada nos \u00faltimos meses. O deputado foi criticado, sobretudo, por se abster na vota\u00e7\u00e3o do 2\u00ba turno da Previd\u00eancia, o que foi considerado uma &#8220;trai\u00e7\u00e3o&#8221; \u00e0 legenda. A proposta foi aprovada por 370 votos a favor, 124 contra e uma absten\u00e7\u00e3o, a do parlamentar.<\/p>\n<p>&#8220;N\u00e3o concordamos com os argumentos dele&#8221;, afirmou Luciano Bivar, presidente do partido, justificando a decis\u00e3o de seu partido em expuls\u00e1-lo.<\/p>\n<p>Nas \u00faltimas semanas, a situa\u00e7\u00e3o do parlamentar na sigla piorou ainda mais ap\u00f3s ele afirmar que o presidente Jair Bolsonaro \u00e9 a sua &#8220;maior decep\u00e7\u00e3o&#8221; e que a indica\u00e7\u00e3o de Eduardo Bolsonaro para a embaixada brasileira em Washington representa a &#8220;velha pol\u00edtica&#8221;.<\/p>\n<p><img fetchpriority=\"high\" decoding=\"async\" class=\"alignnone size-full wp-image-39152 aligncenter\" src=\"http:\/\/lavras.tv\/site\/wp-content\/uploads\/2019\/08\/forta.jpg\" alt=\"\" width=\"900\" height=\"506\" srcset=\"https:\/\/lavras.tv\/site\/wp-content\/uploads\/2019\/08\/forta.jpg 900w, https:\/\/lavras.tv\/site\/wp-content\/uploads\/2019\/08\/forta-150x84.jpg 150w, https:\/\/lavras.tv\/site\/wp-content\/uploads\/2019\/08\/forta-300x169.jpg 300w\" sizes=\"(max-width: 900px) 100vw, 900px\" \/><\/p>\n<p>Na semana passada, Frota compartilhou uma reportagem cr\u00edtica ao presidente e seus filhos que relatava os la\u00e7os familiares de empregados nomeados por eles desde 1991. No mesmo dia, atacou a deputada Carla Zambelli (PSL-SP) por uma postagem dela, criticando-o pela aproxima\u00e7\u00e3o com o governador de S\u00e3o Paulo, Jo\u00e3o Doria, do PSDB.<\/p>\n<p><strong>Briga interna<\/strong><\/p>\n<p>Os controles dos diret\u00f3rios municipais no Estado viraram uma disputa entre o grupo pol\u00edtico do senador Major Ol\u00edmpio (PSL-SP) e parte dos parlamentares n\u00e3o ligados \u00e0 bancada militar, como Junior Bozella e o pr\u00f3prio Frota. O senador articulou o processo de expuls\u00e3o endossando o pedido feito por Carla Zambelli e subscrito pelos tamb\u00e9m deputados Caroline di Toni (SC), Bia Kicis (DF) e por Luiz Philippe de Orleans e Bragan\u00e7a (SP).<\/p>\n<p>Frota afirmou publicamente que o senador instalou uma &#8220;mil\u00edcia de ex-PMs&#8221; no PSL. Irritado, Ol\u00edmpio pediu a sua expuls\u00e3o. Os dois brigavam por espa\u00e7o na estrutura do partido.<\/p>\n<p>No s\u00e1bado, o parlamentar desativou seus perfis nas redes sociais. A medida foi vista como uma &#8220;preven\u00e7\u00e3o&#8221; aos ataques que poder\u00e1 vir a sofrer com a expuls\u00e3o, confirmada h\u00e1 pouco. No Facebook, Frota tinha 1,1 milh\u00e3o de seguidores. No Twitter, somava 170 mil seguidores.<\/p>\n<p>Fonte: Ag\u00eancia Estado<\/p>\n","protected":false},"excerpt":{"rendered":"<p>O PSL determinou nesta ter\u00e7a-feira, por unanimidade (oito votos a zero), a expuls\u00e3o do deputado federal Alexandre Frota (SP), que recentemente passou a fazer cr\u00edticas \u00e0 legenda e ao governo do presidente Jair Bolsonaro, seu correligion\u00e1rio. Uma das pe\u00e7as mais atuantes em favor da vota\u00e7\u00e3o da reforma da Previd\u00eancia, Frota estava insatisfeito com o veto [&hellip;]<\/p>\n","protected":false},"author":2,"featured_media":39152,"comment_status":"closed","ping_status":"open","sticky":false,"template":"","format":"standard","meta":{"advgb_blocks_editor_width":"","advgb_blocks_columns_visual_guide":"","_exactmetrics_skip_tracking":false,"_exactmetrics_sitenote_active":false,"_exactmetrics_sitenote_note":"","_exactmetrics_sitenote_category":0,"footnotes":""},"categories":[7,12],"tags":[],"class_list":["post-39151","post","type-post","status-publish","format-standard","has-post-thumbnail","hentry","category-destaques","category-politica"],"better_featured_image":{"id":39152,"alt_text":"","caption":"","description":"","media_type":"image","media_details":{"width":900,"height":506,"file":"2019\/08\/forta.jpg","sizes":{"thumbnail":{"file":"forta-150x84.jpg","width":150,"height":84,"mime-type":"image\/jpeg","source_url":"https:\/\/lavras.tv\/site\/wp-content\/uploads\/2019\/08\/forta-150x84.jpg"},"medium":{"file":"forta-300x169.jpg","width":300,"height":169,"mime-type":"image\/jpeg","source_url":"https:\/\/lavras.tv\/site\/wp-content\/uploads\/2019\/08\/forta-300x169.jpg"},"featured-slider-img":{"file":"forta-640x480.jpg","width":640,"height":480,"mime-type":"image\/jpeg","source_url":"https:\/\/lavras.tv\/site\/wp-content\/uploads\/2019\/08\/forta-640x480.jpg"},"featured-post-img":{"file":"forta-480x320.jpg","width":480,"height":320,"mime-type":"image\/jpeg","source_url":"https:\/\/lavras.tv\/site\/wp-content\/uploads\/2019\/08\/forta-480x320.jpg"},"sow-carousel-default":{"file":"forta-272x182.jpg","width":272,"height":182,"mime-type":"image\/jpeg","source_url":"https:\/\/lavras.tv\/site\/wp-content\/uploads\/2019\/08\/forta-272x182.jpg"}},"image_meta":{"aperture":"0","credit":"","camera":"","caption":"","created_timestamp":"0","copyright":"","focal_length":"0","iso":"0","shutter_speed":"0","title":"","orientation":"0","keywords":[]}},"post":39151,"source_url":"https:\/\/lavras.tv\/site\/wp-content\/uploads\/2019\/08\/forta.jpg"},"author_meta":{"display_name":"Lavras TV","author_link":"https:\/\/lavras.tv\/site\/author\/lavrastv\/"},"featured_img":"https:\/\/lavras.tv\/site\/wp-content\/uploads\/2019\/08\/forta-300x169.jpg","coauthors":[],"tax_additional":{"categories":{"linked":["<a href=\"https:\/\/lavras.tv\/site\/category\/destaques\/\" class=\"advgb-post-tax-term\">Destaques<\/a>","<a href=\"https:\/\/lavras.tv\/site\/category\/politica\/\" class=\"advgb-post-tax-term\">Pol\u00edtica<\/a>"],"unlinked":["<span class=\"advgb-post-tax-term\">Destaques<\/span>","<span class=\"advgb-post-tax-term\">Pol\u00edtica<\/span>"]}},"comment_count":"0","relative_dates":{"created":"Publicado 7 anos atr\u00e1s","modified":"Atualizado 7 anos atr\u00e1s"},"absolute_dates":{"created":"Publicado em 14 de agosto de 2019","modified":"Atualizado em 14 de agosto de 2019"},"absolute_dates_time":{"created":"Publicado em 14 de agosto de 2019 09:24","modified":"Atualizado em 14 de agosto de 2019 09:24"},"featured_img_caption":"","series_order":"","_links":{"self":[{"href":"https:\/\/lavras.tv\/site\/wp-json\/wp\/v2\/posts\/39151","targetHints":{"allow":["GET"]}}],"collection":[{"href":"https:\/\/lavras.tv\/site\/wp-json\/wp\/v2\/posts"}],"about":[{"href":"https:\/\/lavras.tv\/site\/wp-json\/wp\/v2\/types\/post"}],"author":[{"embeddable":true,"href":"https:\/\/lavras.tv\/site\/wp-json\/wp\/v2\/users\/2"}],"replies":[{"embeddable":true,"href":"https:\/\/lavras.tv\/site\/wp-json\/wp\/v2\/comments?post=39151"}],"version-history":[{"count":1,"href":"https:\/\/lavras.tv\/site\/wp-json\/wp\/v2\/posts\/39151\/revisions"}],"predecessor-version":[{"id":39153,"href":"https:\/\/lavras.tv\/site\/wp-json\/wp\/v2\/posts\/39151\/revisions\/39153"}],"wp:featuredmedia":[{"embeddable":true,"href":"https:\/\/lavras.tv\/site\/wp-json\/wp\/v2\/media\/39152"}],"wp:attachment":[{"href":"https:\/\/lavras.tv\/site\/wp-json\/wp\/v2\/media?parent=39151"}],"wp:term":[{"taxonomy":"category","embeddable":true,"href":"https:\/\/lavras.tv\/site\/wp-json\/wp\/v2\/categories?post=39151"},{"taxonomy":"post_tag","embeddable":true,"href":"https:\/\/lavras.tv\/site\/wp-json\/wp\/v2\/tags?post=39151"}],"curies":[{"name":"wp","href":"https:\/\/api.w.org\/{rel}","templated":true}]}}