{"id":39356,"date":"2019-08-15T09:45:50","date_gmt":"2019-08-15T12:45:50","guid":{"rendered":"http:\/\/lavras.tv\/site\/?p=39356"},"modified":"2019-08-15T09:45:50","modified_gmt":"2019-08-15T12:45:50","slug":"governo-suspende-o-uso-de-radares-moveis-em-rodovias-federais","status":"publish","type":"post","link":"https:\/\/lavras.tv\/site\/2019\/08\/15\/governo-suspende-o-uso-de-radares-moveis-em-rodovias-federais\/","title":{"rendered":"Governo suspende o uso de radares m\u00f3veis em rodovias federais"},"content":{"rendered":"<div class=\"lavra-antes-do-conteudo_2\" id=\"lavra-2101905438\"><div id=\"lavra-slider-27\" class=\"custom-slider lavra-slider-768445705 lavra-slider\"><ul><li><div style=\"margin-left: auto;margin-right: auto;text-align: center;\" id=\"lavra-862277802\"><a href=\"https:\/\/sistemas.lavras.mg.gov.br\/portalcidadao\/#df1b1a7c7b2a290bcb31e32771e610784662739a88807c0dacac58ede5f391a7530e299dc302d611ee73cb143fc22eaf93592e53e7b5bdb01b00a0b8d28dae460c141dd2ff83412e4dc1c31b16b25f33144a9e5620ea73b13f5bc1c59411d98439ad226e8af03840603796067d87afe130812cf3de24982d0e306f9e61e764e5\" aria-label=\"Lavras-TV&#8211;720x104px (1) (1)\"><img src=\"https:\/\/lavras.tv\/site\/wp-content\/uploads\/2025\/01\/Lavras-TV-720x104px-1-1.png\" alt=\"\"  srcset=\"https:\/\/lavras.tv\/site\/wp-content\/uploads\/2025\/01\/Lavras-TV-720x104px-1-1.png 720w, https:\/\/lavras.tv\/site\/wp-content\/uploads\/2025\/01\/Lavras-TV-720x104px-1-1-470x68.png 470w, https:\/\/lavras.tv\/site\/wp-content\/uploads\/2025\/01\/Lavras-TV-720x104px-1-1-170x25.png 170w, https:\/\/lavras.tv\/site\/wp-content\/uploads\/2025\/01\/Lavras-TV-720x104px-1-1-200x29.png 200w\" sizes=\"(max-width: 720px) 100vw, 720px\" width=\"720\" height=\"104\"  style=\"display: inline-block;\" \/><\/a><\/div><\/li><li><a href=\"https:\/\/sistemas.lavras.mg.gov.br\/portalcidadao\/#df1b1a7c7b2a290bcb31e32771e610784662739a88807c0dacac58ede5f391a7530e299dc302d611ee73cb143fc22eaf93592e53e7b5bdb01b00a0b8d28dae460c141dd2ff83412e4dc1c31b16b25f33144a9e5620ea73b13f5bc1c59411d98439ad226e8af03840603796067d87afe130812cf3de24982d0e306f9e61e764e5\" aria-label=\"Banner_Emprego_PortallavrasTV\"><img src=\"https:\/\/lavras.tv\/site\/wp-content\/uploads\/2025\/03\/Banner_Emprego_PortallavrasTV.png\" alt=\"\"  srcset=\"https:\/\/lavras.tv\/site\/wp-content\/uploads\/2025\/03\/Banner_Emprego_PortallavrasTV.png 720w, https:\/\/lavras.tv\/site\/wp-content\/uploads\/2025\/03\/Banner_Emprego_PortallavrasTV-470x68.png 470w, https:\/\/lavras.tv\/site\/wp-content\/uploads\/2025\/03\/Banner_Emprego_PortallavrasTV-170x25.png 170w, https:\/\/lavras.tv\/site\/wp-content\/uploads\/2025\/03\/Banner_Emprego_PortallavrasTV-200x29.png 200w\" sizes=\"(max-width: 720px) 100vw, 720px\" width=\"720\" height=\"104\"   \/><\/a><\/li><li><a href=\"https:\/\/sistemas.lavras.mg.gov.br\/portalcidadao\/#df1b1a7c7b2a290bcb31e32771e610784662739a88807c0dacac58ede5f391a7530e299dc302d611ee73cb143fc22eaf93592e53e7b5bdb01b00a0b8d28dae460c141dd2ff83412e4dc1c31b16b25f33144a9e5620ea73b13f5bc1c59411d98439ad226e8af03840603796067d87afe130812cf3de24982d0e306f9e61e764e5\" aria-label=\"Banner_Obras_PortallavrasTV\"><img src=\"https:\/\/lavras.tv\/site\/wp-content\/uploads\/2025\/03\/Banner_Obras_PortallavrasTV.png\" alt=\"\"  srcset=\"https:\/\/lavras.tv\/site\/wp-content\/uploads\/2025\/03\/Banner_Obras_PortallavrasTV.png 720w, https:\/\/lavras.tv\/site\/wp-content\/uploads\/2025\/03\/Banner_Obras_PortallavrasTV-470x68.png 470w, https:\/\/lavras.tv\/site\/wp-content\/uploads\/2025\/03\/Banner_Obras_PortallavrasTV-170x25.png 170w, https:\/\/lavras.tv\/site\/wp-content\/uploads\/2025\/03\/Banner_Obras_PortallavrasTV-200x29.png 200w\" sizes=\"(max-width: 720px) 100vw, 720px\" width=\"720\" height=\"104\"   \/><\/a><\/li><li><div style=\"margin-left: auto;margin-right: auto;text-align: center;\" id=\"lavra-3548927143\"><a href=\"https:\/\/sistemas.lavras.mg.gov.br\/portalcidadao\/#df1b1a7c7b2a290bcb31e32771e610784662739a88807c0dacac58ede5f391a7530e299dc302d611ee73cb143fc22eaf93592e53e7b5bdb01b00a0b8d28dae460c141dd2ff83412e4dc1c31b16b25f33144a9e5620ea73b13f5bc1c59411d98439ad226e8af03840603796067d87afe130812cf3de24982d0e306f9e61e764e5\" aria-label=\"Banner_Educa\u00e7\u00e3o_PortallavrasTV\"><img src=\"https:\/\/lavras.tv\/site\/wp-content\/uploads\/2025\/01\/Banner_Educacao_PortallavrasTV.png\" alt=\"\"  srcset=\"https:\/\/lavras.tv\/site\/wp-content\/uploads\/2025\/01\/Banner_Educacao_PortallavrasTV.png 720w, https:\/\/lavras.tv\/site\/wp-content\/uploads\/2025\/01\/Banner_Educacao_PortallavrasTV-470x68.png 470w, https:\/\/lavras.tv\/site\/wp-content\/uploads\/2025\/01\/Banner_Educacao_PortallavrasTV-170x25.png 170w, https:\/\/lavras.tv\/site\/wp-content\/uploads\/2025\/01\/Banner_Educacao_PortallavrasTV-200x29.png 200w\" sizes=\"(max-width: 720px) 100vw, 720px\" width=\"720\" height=\"104\"  style=\"display: inline-block;\" \/><\/a><\/div><\/li><li><a href=\"https:\/\/sistemas.lavras.mg.gov.br\/portalcidadao\/#df1b1a7c7b2a290bcb31e32771e610784662739a88807c0dacac58ede5f391a7530e299dc302d611ee73cb143fc22eaf93592e53e7b5bdb01b00a0b8d28dae460c141dd2ff83412e4dc1c31b16b25f33144a9e5620ea73b13f5bc1c59411d98439ad226e8af03840603796067d87afe130812cf3de24982d0e306f9e61e764e5\" aria-label=\"Banner_Sa\u00fade_PortallavrasTV\"><img src=\"https:\/\/lavras.tv\/site\/wp-content\/uploads\/2025\/03\/Banner_Saude_PortallavrasTV.png\" alt=\"\"  srcset=\"https:\/\/lavras.tv\/site\/wp-content\/uploads\/2025\/03\/Banner_Saude_PortallavrasTV.png 720w, https:\/\/lavras.tv\/site\/wp-content\/uploads\/2025\/03\/Banner_Saude_PortallavrasTV-470x68.png 470w, https:\/\/lavras.tv\/site\/wp-content\/uploads\/2025\/03\/Banner_Saude_PortallavrasTV-170x25.png 170w, https:\/\/lavras.tv\/site\/wp-content\/uploads\/2025\/03\/Banner_Saude_PortallavrasTV-200x29.png 200w\" sizes=\"(max-width: 720px) 100vw, 720px\" width=\"720\" height=\"104\"   \/><\/a><\/li><li><div id=\"lavra-3553376526\" style=\"width:720px;height:104px;background-color:#ddd;overflow:scroll;\">\n\t<strong>Sa\u00edda da depura\u00e7\u00e3o de an\u00fancios<\/strong>\n\t<br><br>\n\tO an\u00fancio n\u00e3o \u00e9 exibido na p\u00e1gina<br><br>post atual: Governo suspende o uso de radares m\u00f3veis em rodovias federais, ID: 39356<br><br><span style=\"color: red;\">O post atual n\u00e3o \u00e9 id\u00eantico ao post principal.<\/span><br><br>An\u00fancios: ROXO - TOPO INTERNA - ROTATIVO 2 (197)<br \/>Grupo de an\u00fancios: Princ_Meio01_720x104 (27)<br><br>Condi\u00e7\u00f5es de exibi\u00e7\u00e3o<div style=\"margin-bottom: 20px; white-space: pre-wrap; font-family: monospace; width: 100%; background: #ffe9e9;\"><strong>condi\u00e7\u00f5es gerais<\/strong><table border=\"1\"><thead><tr><th><\/th><th>An\u00fancios<\/th><th>wp_the_query<\/th><\/tr><\/thead><tr><td>is_main_query<\/td><td>1<\/td><td>1<\/td><\/tr><tr><td>is_rest_api<\/td><td>0<\/td><td>1<\/td><\/tr><tr><td>page<\/td><td>0<\/td><td>1<\/td><\/tr><tr><td>numpages<\/td><td>0<\/td><td>1<\/td><\/tr><tr><td>is_archive<\/td><td>1<\/td><td><\/td><\/tr><tr><td>is_search<\/td><td>1<\/td><td><\/td><\/tr><tr><td>is_home<\/td><td>1<\/td><td><\/td><\/tr><tr><td>is_404<\/td><td>1<\/td><td><\/td><\/tr><tr><td>is_attachment<\/td><td>1<\/td><td><\/td><\/tr><tr><td>is_singular<\/td><td>1<\/td><td><\/td><\/tr><tr><td>is_front_page<\/td><td>1<\/td><td><\/td><\/tr><tr><td>is_feed<\/td><td>1<\/td><td><\/td><\/tr><\/table><\/div><br><br><span style=\"color: red;\">Seu site usa HTTPS, mas o c\u00f3digo do an\u00fancio cont\u00e9m HTTP e pode n\u00e3o funcionar.<\/span>\t<br><br>\n\t<a style=\"color: green;\" href=\"https:\/\/wpadvancedads.com\/manual\/ad-debug-mode\/?utm_source=advanced-ads&utm_medium=link&utm_campaign=ad-debug-mode\" target=\"_blank\" rel=\"nofollow\">Encontre solu\u00e7\u00f5es no manual<\/a>\n<\/div>\n<\/li><\/ul><\/div><script>( window.advanced_ads_ready || jQuery( document ).ready ).call( null, function() {var $lavraslider768445705 = jQuery( \".lavra-slider-768445705\" );$lavraslider768445705.on( \"unslider.ready\", function() { jQuery( \"div.custom-slider ul li\" ).css( \"display\", \"block\" ); });$lavraslider768445705.unslider({ delay:4000, autoplay:true, nav:false, arrows:false, infinite:true });$lavraslider768445705.on(\"mouseover\", function() {$lavraslider768445705.unslider(\"stop\");}).on(\"mouseout\", function() {$lavraslider768445705.unslider(\"start\");});});<\/script><\/div><div class=\"mc-column content-text active-extra-styles \" data-block-type=\"unstyled\" data-block-weight=\"43\" data-block-id=\"2\">\n<p class=\"content-text__container \" data-track-category=\"Link no Texto\" data-track-links=\"\">O presidente\u00a0Jair Bolsonaro determinou a suspens\u00e3o do uso de radares de fiscaliza\u00e7\u00e3o de velocidade m\u00f3veis em rodovias federais. A ordem foi publicada nesta quinta-feira (15) no &#8220;<a href=\"http:\/\/www.in.gov.br\/en\/web\/dou\/-\/despachos-do-presidente-da-republica-210740855\" target=\"_blank\" rel=\"noopener noreferrer\">Di\u00e1rio Oficial da Uni\u00e3o<\/a>&#8220;, e foi dada ao Minist\u00e9rio da Justi\u00e7a, respons\u00e1vel pela Pol\u00edcia Rodovi\u00e1ria Federal (PRF).<\/p>\n<\/div>\n<p><!--more--><\/p>\n<div class=\"wall protected-content\">\n<div class=\"mc-column content-text active-extra-styles \" data-block-type=\"unstyled\" data-block-weight=\"28\" data-block-id=\"3\">\n<p class=\"content-text__container \" data-track-category=\"Link no Texto\" data-track-links=\"\">O despacho n\u00e3o especifica quando a medida entra em vigor, mas Bolsonaro disse na manh\u00e3 desta quinta-feira que a suspens\u00e3o passa a valer a partir de segunda-feira (19).<\/p>\n<div class=\"mc-column content-text active-extra-styles \" data-block-type=\"unstyled\" data-block-weight=\"29\" data-block-id=\"5\">\n<p class=\"content-text__container \" data-track-category=\"Link no Texto\" data-track-links=\"\">O\u00a0<strong>G1<\/strong>\u00a0questionou a PRF e os minist\u00e9rios da Justi\u00e7a e da Infraestrutura sobre quando a suspens\u00e3o come\u00e7ar\u00e1 efetivamente, mas n\u00e3o obteve reposta at\u00e9 a \u00faltima atualiza\u00e7\u00e3o desta reportagem.<\/p>\n<\/div>\n<div class=\"mc-column content-text active-extra-styles \" data-block-type=\"unstyled\" data-block-weight=\"30\" data-block-id=\"6\">\n<p class=\"content-text__container \" data-track-category=\"Link no Texto\" data-track-links=\"\">Bolsonaro tamb\u00e9m criticou uma\u00a0decis\u00e3o da Justi\u00e7a que proibiu a suspens\u00e3o de radares fixos\u00a0em rodovias federais. No final de julho, o\u00a0governo fez um acordo para instalar 1.140 aparelhos.<\/p>\n<\/div>\n<div class=\"mc-column content-text active-extra-styles \" data-block-type=\"unstyled\" data-block-weight=\"49\" data-block-id=\"7\">\n<p class=\"content-text__container \" data-track-category=\"Link no Texto\" data-track-links=\"\">O [radar] fixo tem contrato. Eu tenho acertado com o ministro [Tarc\u00edsio de Freitas, da Infraestrutura]&#8221;. Estamos com o problema na Justi\u00e7a agora. V\u00e3o tirar R$ 1 bilh\u00e3o de reais para instalar 8 mil pardares. Com o bilh\u00e3o, o Tarc\u00edsio asfalta 300 km de rodovia&#8221;, afirmou o presidente.<\/p>\n<\/div>\n<div class=\"content-ads content-ads--reveal\" data-block-type=\"ads\" data-block-id=\"8\">\n<div id=\"banner_materia2\" class=\"tag-manager-publicidade-container mc-has-reveal mc-has-ad-lazyload tag-manager-publicidade-banner_materia2 tag-manager-publicidade-container--carregado tag-manager-publicidade-container--visivel\" data-id=\"banner_materia2\" data-google-query-id=\"CKqCmqjzhOQCFdhnwQodD54GUw\" data-cid=\"138282604324\" data-lid=\"5134540206\">\n<div id=\"google_ads_iframe_\/95377733\/tvg_G1\/Carros_2__container__\"><img fetchpriority=\"high\" decoding=\"async\" class=\"alignnone size-full wp-image-39357 aligncenter\" src=\"http:\/\/lavras.tv\/site\/wp-content\/uploads\/2019\/08\/radar.jpeg\" alt=\"\" width=\"1000\" height=\"563\" srcset=\"https:\/\/lavras.tv\/site\/wp-content\/uploads\/2019\/08\/radar.jpeg 1000w, https:\/\/lavras.tv\/site\/wp-content\/uploads\/2019\/08\/radar-150x84.jpeg 150w, https:\/\/lavras.tv\/site\/wp-content\/uploads\/2019\/08\/radar-300x169.jpeg 300w\" sizes=\"(max-width: 1000px) 100vw, 1000px\" \/><\/div>\n<\/div>\n<\/div>\n<div class=\"mc-column content-text active-extra-styles \" data-block-type=\"unstyled\" data-block-weight=\"62\" data-block-id=\"9\">\n<p class=\"content-text__container \" data-track-category=\"Link no Texto\" data-track-links=\"\">Na segunda-feira, Bolsonaro havia afirmado que pretendia\u00a0acabar com os radares m\u00f3veis no pa\u00eds j\u00e1 na semana que vem. Na ocasi\u00e3o, ele disse que se tratava de uma decis\u00e3o dele pr\u00f3prio e que era &#8220;s\u00f3 determinar \u00e0 PRF [Pol\u00edcia Rodovi\u00e1ria Federal] que n\u00e3o use mais&#8221;. O presidente, no entanto, afirmou que poderia voltar atr\u00e1s se algu\u00e9m &#8220;provar que esse trabalho \u00e9 bom&#8221;.<\/p>\n<\/div>\n<div class=\"mc-column content-text active-extra-styles \" data-block-type=\"unstyled\" data-block-weight=\"15\" data-block-id=\"10\">\n<p class=\"content-text__container \" data-track-category=\"Link no Texto\" data-track-links=\"\">Na quarta-feira, Bolsonaro classificou os pardais \u2014 como s\u00e3o conhecidos os radares \u2014 de &#8220;assaltantes&#8221;.<\/p>\n<p class=\"content-text__container \" data-track-category=\"Link no Texto\" data-track-links=\"\"><strong>Normas de fiscaliza\u00e7\u00e3o ser\u00e3o revisadas<\/strong><\/p>\n<\/div>\n<div class=\"mc-column content-text active-extra-styles \" data-block-type=\"unstyled\" data-block-weight=\"49\" data-block-id=\"12\">\n<p class=\"content-text__container \" data-track-category=\"Link no Texto\" data-track-links=\"\">A suspens\u00e3o determinada nesta quinta-feira vale at\u00e9 que seja conclu\u00edda uma revis\u00e3o das normas sobre fiscaliza\u00e7\u00e3o eletr\u00f4nica de velocidade, que dever\u00e1 ser feita pelo Minist\u00e9rio da Infraestrutura. A pasta controla o Departamento Nacional de Tr\u00e2nsito (Denatran) e o Conselho Nacional de Tr\u00e2nsito (Contran), que definem regras sobre o assunto.<\/p>\n<\/div>\n<div class=\"mc-column content-text active-extra-styles \" data-block-type=\"unstyled\" data-block-weight=\"18\" data-block-id=\"13\">\n<p class=\"content-text__container \" data-track-category=\"Link no Texto\" data-track-links=\"\">Al\u00e9m disso, a medida exige que o Minist\u00e9rio da Justi\u00e7a revise os atos normativos internos sobre o tema.<\/p>\n<\/div>\n<div class=\"mc-column content-text active-extra-styles \" data-block-type=\"unstyled\" data-block-weight=\"26\" data-block-id=\"14\">\n<p class=\"content-text__container \" data-track-category=\"Link no Texto\" data-track-links=\"\">De acordo com o despacho assinado por Bolsonaro, a suspens\u00e3o tem como objetivo \u201cevitar o desvirtuamento do car\u00e1ter pedag\u00f3gico e a utiliza\u00e7\u00e3o meramente arrecadat\u00f3ria\u201d dos equipamentos.<\/p>\n<\/div>\n<div class=\"mc-column content-text active-extra-styles \" data-block-type=\"unstyled\" data-block-weight=\"7\" data-block-id=\"15\">\n<p class=\"content-text__container \" data-track-category=\"Link no Texto\" data-track-links=\"\"><strong>A suspens\u00e3o se aplica aos seguintes radares:<\/strong><\/p>\n<\/div>\n<div class=\"mc-column content-text active-extra-styles\" data-block-type=\"raw\" data-block-weight=\"20\" data-block-id=\"16\">\n<ul class=\"content-unordered-list\">\n<li><strong>Est\u00e1tico<\/strong>: instalado em ve\u00edculo parado ou sobre suporte<\/li>\n<li><strong>M\u00f3vel<\/strong>: instalado em ve\u00edculo em movimento<\/li>\n<li><strong>Port\u00e1til<\/strong>: direcionado manualmente para os ve\u00edculos<\/li>\n<\/ul>\n<\/div>\n<div class=\"mc-column content-text active-extra-styles \" data-block-type=\"unstyled\" data-block-weight=\"19\" data-block-id=\"17\">\n<p class=\"content-text__container \" data-track-category=\"Link no Texto\" data-track-links=\"\">A determina\u00e7\u00e3o n\u00e3o se aplica aos radares fixos, que s\u00e3o aqueles instalados em local definido e de forma permanente.<\/p>\n<\/div>\n<div class=\"row medium-uncollapsed content-media content-photo\" data-block-type=\"backstage-photo\" data-block-id=\"18\">\n<div class=\"mc-column content-media__container\">\n<div class=\"progressive-img can-open-lightbox\" data-min-size=\"1008x717\" data-min-size-url=\"https:\/\/s2.glbimg.com\/16loDNGy2FdyibZXcymjY59HH4k=\/0x0:479x341\/1008x0\/smart\/filters:strip_icc()\/i.s3.glbimg.com\/v1\/AUTH_59edd422c0c84a879bd37670ae4f538a\/internal_photos\/bs\/2019\/D\/L\/c5txhcSfGmnLN7GBpP3w\/despachos1.jpg\" data-max-size=\"1600x1139\" data-max-size-url=\"https:\/\/s2.glbimg.com\/lRI8b6y5Yo1XyPywG9lF0Gkv3pA=\/0x0:479x341\/1600x0\/smart\/filters:strip_icc()\/i.s3.glbimg.com\/v1\/AUTH_59edd422c0c84a879bd37670ae4f538a\/internal_photos\/bs\/2019\/D\/L\/c5txhcSfGmnLN7GBpP3w\/despachos1.jpg\" data-media-index=\"1\">\n<div class=\"placeholder-container\"><\/div>\n<p><img decoding=\"async\" class=\"progressive-draft aligncenter\" title=\"Suspens\u00e3o do uso de radares m\u00f3veis publicada em despachos do presidente Jair Bolsonaro no 'Di\u00e1rio Oficial da Uni\u00e3o' desta quinta-feira (15) \u2014 Foto: Reprodu\u00e7\u00e3o\/Di\u00e1rio Oficial da Uni\u00e3o\" src=\"data:image\/jpeg;base64,\/9j\/4AAQSkZJRgABAQAAAQABAAD\/2wBDAAMCAgMCAgMDAwMEAwMEBQgFBQQEBQoHBwYIDAoMDAsKCwsNDhIQDQ4RDgsLEBYQERMUFRUVDA8XGBYUGBIUFRT\/2wBDAQMEBAUEBQkFBQkUDQsNFBQUFBQUFBQUFBQUFBQUFBQUFBQUFBQUFBQUFBQUFBQUFBQUFBQUFBQUFBQUFBQUFBT\/wgARCAASABkDASIAAhEBAxEB\/8QAGgAAAgIDAAAAAAAAAAAAAAAAAAUCAwQGB\/\/EABYBAQEBAAAAAAAAAAAAAAAAAAABAv\/aAAwDAQACEAMQAAAB71GqvJi3113ZjyBb2oH\/xAAeEAACAgICAwAAAAAAAAAAAAABAgADBBIFFBETFf\/aAAgBAQABBQKzP8wZqhRymg7cfPIK8q6T69pnaaetdxSkx6a9tFn\/xAAUEQEAAAAAAAAAAAAAAAAAAAAg\/9oACAEDAQE\/AR\/\/xAAUEQEAAAAAAAAAAAAAAAAAAAAg\/9oACAECAQE\/AR\/\/xAAmEAABAwIDCQEAAAAAAAAAAAAAAQIRMTIDIZESQVFScYGSoeHx\/9oACAEBAAY\/AnJtujfP4WI5YrCkNYkdFKehcsNEnmMnYfmVZ2PhaleBY3QsboUQ\/8QAIBAAAgIABgMAAAAAAAAAAAAAAREAITFBUWHB8XGB0f\/aAAgBAQABPyEZYvICIIhGYzC1XXxjdkqol8\/cYVhS1cSklak+JumSXc4dVDOSHG62q6zop\/\/aAAwDAQACAAMAAAAQiF8g\/8QAFBEBAAAAAAAAAAAAAAAAAAAAIP\/aAAgBAwEBPxAf\/8QAFxEBAQEBAAAAAAAAAAAAAAAAAQAQEf\/aAAgBAgEBPxDsOF\/\/xAAfEAEBAAIBBAMAAAAAAAAAAAABEQAhQTFh0fBRcfH\/2gAIAQEAAT8QaEFCV3IQa8dc5+VGP2gFnBhiQWscXc+W87P17ZP0Jlbpj6MaQB5RSWjrZ5LcLTWujQM1Nnt5z3HjHFa0oxrT0Rldb6ZfVGzRBJrPy+f\/2Q==\" alt=\"Suspens\u00e3o do uso de radares m\u00f3veis publicada em despachos do presidente Jair Bolsonaro no 'Di\u00e1rio Oficial da Uni\u00e3o' desta quinta-feira (15) \u2014 Foto: Reprodu\u00e7\u00e3o\/Di\u00e1rio Oficial da Uni\u00e3o\" \/><picture><source srcset=\"https:\/\/s2.glbimg.com\/AhFOBiRzD9qHUiO1wJqmlP0_Wh8=\/0x0:479x341\/600x0\/smart\/filters:strip_icc()\/i.s3.glbimg.com\/v1\/AUTH_59edd422c0c84a879bd37670ae4f538a\/internal_photos\/bs\/2019\/D\/L\/c5txhcSfGmnLN7GBpP3w\/despachos1.jpg 1x, https:\/\/s2.glbimg.com\/7IRpDXWaHgUVs2EAeGMLnJfvPGY=\/0x0:479x341\/1200x0\/smart\/filters:strip_icc()\/i.s3.glbimg.com\/v1\/AUTH_59edd422c0c84a879bd37670ae4f538a\/internal_photos\/bs\/2019\/D\/L\/c5txhcSfGmnLN7GBpP3w\/despachos1.jpg 2x\" media=\"(max-width: 1024px)\" data-src=\"https:\/\/s2.glbimg.com\/AhFOBiRzD9qHUiO1wJqmlP0_Wh8=\/0x0:479x341\/600x0\/smart\/filters:strip_icc()\/i.s3.glbimg.com\/v1\/AUTH_59edd422c0c84a879bd37670ae4f538a\/internal_photos\/bs\/2019\/D\/L\/c5txhcSfGmnLN7GBpP3w\/despachos1.jpg 1x, https:\/\/s2.glbimg.com\/7IRpDXWaHgUVs2EAeGMLnJfvPGY=\/0x0:479x341\/1200x0\/smart\/filters:strip_icc()\/i.s3.glbimg.com\/v1\/AUTH_59edd422c0c84a879bd37670ae4f538a\/internal_photos\/bs\/2019\/D\/L\/c5txhcSfGmnLN7GBpP3w\/despachos1.jpg 2x\" \/><source srcset=\"https:\/\/s2.glbimg.com\/tSNYXvkbZThd1-gg-Tx2Hm9YKwE=\/0x0:479x341\/640x0\/smart\/filters:strip_icc()\/i.s3.glbimg.com\/v1\/AUTH_59edd422c0c84a879bd37670ae4f538a\/internal_photos\/bs\/2019\/D\/L\/c5txhcSfGmnLN7GBpP3w\/despachos1.jpg 1x, https:\/\/s2.glbimg.com\/BEUQmaOcHC1O73LLzWd97Ibsk2I=\/0x0:479x341\/1280x0\/smart\/filters:strip_icc()\/i.s3.glbimg.com\/v1\/AUTH_59edd422c0c84a879bd37670ae4f538a\/internal_photos\/bs\/2019\/D\/L\/c5txhcSfGmnLN7GBpP3w\/despachos1.jpg 2x\" media=\"(max-width: 1280px)\" data-src=\"https:\/\/s2.glbimg.com\/tSNYXvkbZThd1-gg-Tx2Hm9YKwE=\/0x0:479x341\/640x0\/smart\/filters:strip_icc()\/i.s3.glbimg.com\/v1\/AUTH_59edd422c0c84a879bd37670ae4f538a\/internal_photos\/bs\/2019\/D\/L\/c5txhcSfGmnLN7GBpP3w\/despachos1.jpg 1x, https:\/\/s2.glbimg.com\/BEUQmaOcHC1O73LLzWd97Ibsk2I=\/0x0:479x341\/1280x0\/smart\/filters:strip_icc()\/i.s3.glbimg.com\/v1\/AUTH_59edd422c0c84a879bd37670ae4f538a\/internal_photos\/bs\/2019\/D\/L\/c5txhcSfGmnLN7GBpP3w\/despachos1.jpg 2x\" \/><source srcset=\"https:\/\/s2.glbimg.com\/n4XGomQTVApZ9RlxT3uSg61Y4Wk=\/0x0:479x341\/984x0\/smart\/filters:strip_icc()\/i.s3.glbimg.com\/v1\/AUTH_59edd422c0c84a879bd37670ae4f538a\/internal_photos\/bs\/2019\/D\/L\/c5txhcSfGmnLN7GBpP3w\/despachos1.jpg 1x, https:\/\/s2.glbimg.com\/YKwdq4cYJY9D7i72TUs0Z8XJAGk=\/0x0:479x341\/1968x0\/smart\/filters:strip_icc()\/i.s3.glbimg.com\/v1\/AUTH_59edd422c0c84a879bd37670ae4f538a\/internal_photos\/bs\/2019\/D\/L\/c5txhcSfGmnLN7GBpP3w\/despachos1.jpg 2x\" media=\"(max-width: 1360px)\" data-src=\"https:\/\/s2.glbimg.com\/n4XGomQTVApZ9RlxT3uSg61Y4Wk=\/0x0:479x341\/984x0\/smart\/filters:strip_icc()\/i.s3.glbimg.com\/v1\/AUTH_59edd422c0c84a879bd37670ae4f538a\/internal_photos\/bs\/2019\/D\/L\/c5txhcSfGmnLN7GBpP3w\/despachos1.jpg 1x, https:\/\/s2.glbimg.com\/YKwdq4cYJY9D7i72TUs0Z8XJAGk=\/0x0:479x341\/1968x0\/smart\/filters:strip_icc()\/i.s3.glbimg.com\/v1\/AUTH_59edd422c0c84a879bd37670ae4f538a\/internal_photos\/bs\/2019\/D\/L\/c5txhcSfGmnLN7GBpP3w\/despachos1.jpg 2x\" \/><source srcset=\"https:\/\/s2.glbimg.com\/cU6va1juvL6r06iGSagIHqBAI7Q=\/0x0:479x341\/1000x0\/smart\/filters:strip_icc()\/i.s3.glbimg.com\/v1\/AUTH_59edd422c0c84a879bd37670ae4f538a\/internal_photos\/bs\/2019\/D\/L\/c5txhcSfGmnLN7GBpP3w\/despachos1.jpg 1x, https:\/\/s2.glbimg.com\/NNRFouKMWOfovXIyXU5lqgxA_BY=\/0x0:479x341\/2000x0\/smart\/filters:strip_icc()\/i.s3.glbimg.com\/v1\/AUTH_59edd422c0c84a879bd37670ae4f538a\/internal_photos\/bs\/2019\/D\/L\/c5txhcSfGmnLN7GBpP3w\/despachos1.jpg 2x\" media=\"(min-width: 1361px)\" data-src=\"https:\/\/s2.glbimg.com\/cU6va1juvL6r06iGSagIHqBAI7Q=\/0x0:479x341\/1000x0\/smart\/filters:strip_icc()\/i.s3.glbimg.com\/v1\/AUTH_59edd422c0c84a879bd37670ae4f538a\/internal_photos\/bs\/2019\/D\/L\/c5txhcSfGmnLN7GBpP3w\/despachos1.jpg 1x, https:\/\/s2.glbimg.com\/NNRFouKMWOfovXIyXU5lqgxA_BY=\/0x0:479x341\/2000x0\/smart\/filters:strip_icc()\/i.s3.glbimg.com\/v1\/AUTH_59edd422c0c84a879bd37670ae4f538a\/internal_photos\/bs\/2019\/D\/L\/c5txhcSfGmnLN7GBpP3w\/despachos1.jpg 2x\" \/><source srcset=\"https:\/\/s2.glbimg.com\/n4XGomQTVApZ9RlxT3uSg61Y4Wk=\/0x0:479x341\/984x0\/smart\/filters:strip_icc()\/i.s3.glbimg.com\/v1\/AUTH_59edd422c0c84a879bd37670ae4f538a\/internal_photos\/bs\/2019\/D\/L\/c5txhcSfGmnLN7GBpP3w\/despachos1.jpg\" data-src=\"https:\/\/s2.glbimg.com\/n4XGomQTVApZ9RlxT3uSg61Y4Wk=\/0x0:479x341\/984x0\/smart\/filters:strip_icc()\/i.s3.glbimg.com\/v1\/AUTH_59edd422c0c84a879bd37670ae4f538a\/internal_photos\/bs\/2019\/D\/L\/c5txhcSfGmnLN7GBpP3w\/despachos1.jpg\" \/><img decoding=\"async\" class=\"image content-media__image progressive-loaded\" title=\"Suspens\u00e3o do uso de radares m\u00f3veis publicada em despachos do presidente Jair Bolsonaro no 'Di\u00e1rio Oficial da Uni\u00e3o' desta quinta-feira (15) \u2014 Foto: Reprodu\u00e7\u00e3o\/Di\u00e1rio Oficial da Uni\u00e3o\" src=\"https:\/\/s2.glbimg.com\/n4XGomQTVApZ9RlxT3uSg61Y4Wk=\/0x0:479x341\/984x0\/smart\/filters:strip_icc()\/i.s3.glbimg.com\/v1\/AUTH_59edd422c0c84a879bd37670ae4f538a\/internal_photos\/bs\/2019\/D\/L\/c5txhcSfGmnLN7GBpP3w\/despachos1.jpg\" alt=\"Suspens\u00e3o do uso de radares m\u00f3veis publicada em despachos do presidente Jair Bolsonaro no 'Di\u00e1rio Oficial da Uni\u00e3o' desta quinta-feira (15) \u2014 Foto: Reprodu\u00e7\u00e3o\/Di\u00e1rio Oficial da Uni\u00e3o\" data-src=\"https:\/\/s2.glbimg.com\/n4XGomQTVApZ9RlxT3uSg61Y4Wk=\/0x0:479x341\/984x0\/smart\/filters:strip_icc()\/i.s3.glbimg.com\/v1\/AUTH_59edd422c0c84a879bd37670ae4f538a\/internal_photos\/bs\/2019\/D\/L\/c5txhcSfGmnLN7GBpP3w\/despachos1.jpg\" \/><\/picture><\/div>\n<p class=\"content-media__description \">Suspens\u00e3o do uso de radares m\u00f3veis publicada em despachos do presidente Jair Bolsonaro no &#8216;Di\u00e1rio Oficial da Uni\u00e3o&#8217; desta quinta-feira (15) \u2014 Foto: Reprodu\u00e7\u00e3o\/Di\u00e1rio Oficial da Uni\u00e3o<\/p>\n<\/div>\n<\/div>\n<div class=\"content-ads content-ads--reveal\" data-block-type=\"ads\" data-block-id=\"19\">\n<div id=\"banner_materia__f4080e99-968b-4bb9-b6af-430512d11ad8\" class=\"tag-manager-publicidade-container mc-has-reveal mc-has-ad-lazyload tag-manager-publicidade-banner_materia__f4080e99-968b-4bb9-b6af-430512d11ad8 tag-manager-publicidade-container--carregado tag-manager-publicidade-container--visivel\" data-id=\"banner_materia__f4080e99-968b-4bb9-b6af-430512d11ad8\" data-google-query-id=\"CP7Su7XzhOQCFcJ8wQodti0Ieg\" data-cid=\"138282609184\" data-lid=\"5135283065\">\n<div id=\"google_ads_iframe_\/95377733\/tvg_G1\/Carros_3__container__\"><strong>Impasse sobre radares desde abril<\/strong><\/div>\n<\/div>\n<\/div>\n<div class=\"mc-column content-text active-extra-styles \" data-block-type=\"unstyled\" data-block-weight=\"54\" data-block-id=\"21\">\n<p class=\"content-text__container \" data-track-category=\"Link no Texto\" data-track-links=\"\">Em maio,\u00a0Bolsonaro j\u00e1 havia dito que gostaria de acabar\u00a0com este tipo de fiscaliza\u00e7\u00e3o em rodovias federais. No entanto, h\u00e1 impasse sobre o tema desde abril, quando o Minist\u00e9rio da Infraestrutura suspendeu, ap\u00f3s ordem do presidente, a instala\u00e7\u00e3o de aparelhos que monitorariam 8 mil faixas em rodovias federais n\u00e3o concedidas \u00e0 iniciativa privada.<\/p>\n<\/div>\n<div class=\"mc-column content-text active-extra-styles \" data-block-type=\"unstyled\" data-block-weight=\"38\" data-block-id=\"22\">\n<p class=\"content-text__container \" data-track-category=\"Link no Texto\" data-track-links=\"\">Dez dias depois, a ju\u00edza Diana Wanderlei, da 5\u00aa Vara Federal em Bras\u00edlia, determinou que a\u00a0Uni\u00e3o n\u00e3o poderia retirar radares eletr\u00f4nicos, e que deveria renovar contratos com concession\u00e1rias para fornecer aparelhos cujos contratos estavam prestes a vencer.<\/p>\n<\/div>\n<div class=\"mc-column content-text active-extra-styles \" data-block-type=\"unstyled\" data-block-weight=\"28\" data-block-id=\"23\">\n<p class=\"content-text__container \" data-track-category=\"Link no Texto\" data-track-links=\"\">No \u00faltimo dia 30, o\u00a0governo firmou acordo com o Minist\u00e9rio P\u00fablico Federal, se comprometendo a instalar 1.140 novos radares em rodovias federais n\u00e3o concedidas \u00e0 iniciativa privada.<\/p>\n<p data-track-category=\"Link no Texto\" data-track-links=\"\">Fonte: Auto Esporte<\/p>\n<\/div>\n<\/div>\n<\/div>\n","protected":false},"excerpt":{"rendered":"<p>O presidente\u00a0Jair Bolsonaro determinou a suspens\u00e3o do uso de radares de fiscaliza\u00e7\u00e3o de velocidade m\u00f3veis em rodovias federais. A ordem foi publicada nesta quinta-feira (15) no &#8220;Di\u00e1rio Oficial da Uni\u00e3o&#8220;, e foi dada ao Minist\u00e9rio da Justi\u00e7a, respons\u00e1vel pela Pol\u00edcia Rodovi\u00e1ria Federal (PRF).<\/p>\n","protected":false},"author":2,"featured_media":39357,"comment_status":"closed","ping_status":"open","sticky":false,"template":"","format":"standard","meta":{"advgb_blocks_editor_width":"","advgb_blocks_columns_visual_guide":"","_exactmetrics_skip_tracking":false,"_exactmetrics_sitenote_active":false,"_exactmetrics_sitenote_note":"","_exactmetrics_sitenote_category":0,"footnotes":""},"categories":[7,12],"tags":[],"class_list":["post-39356","post","type-post","status-publish","format-standard","has-post-thumbnail","hentry","category-destaques","category-politica"],"better_featured_image":{"id":39357,"alt_text":"","caption":"","description":"","media_type":"image","media_details":{"width":1000,"height":563,"file":"2019\/08\/radar.jpeg","sizes":{"thumbnail":{"file":"radar-150x84.jpeg","width":150,"height":84,"mime-type":"image\/jpeg","source_url":"https:\/\/lavras.tv\/site\/wp-content\/uploads\/2019\/08\/radar-150x84.jpeg"},"medium":{"file":"radar-300x169.jpeg","width":300,"height":169,"mime-type":"image\/jpeg","source_url":"https:\/\/lavras.tv\/site\/wp-content\/uploads\/2019\/08\/radar-300x169.jpeg"},"featured-slider-img":{"file":"radar-640x480.jpeg","width":640,"height":480,"mime-type":"image\/jpeg","source_url":"https:\/\/lavras.tv\/site\/wp-content\/uploads\/2019\/08\/radar-640x480.jpeg"},"featured-post-img":{"file":"radar-480x320.jpeg","width":480,"height":320,"mime-type":"image\/jpeg","source_url":"https:\/\/lavras.tv\/site\/wp-content\/uploads\/2019\/08\/radar-480x320.jpeg"},"sow-carousel-default":{"file":"radar-272x182.jpeg","width":272,"height":182,"mime-type":"image\/jpeg","source_url":"https:\/\/lavras.tv\/site\/wp-content\/uploads\/2019\/08\/radar-272x182.jpeg"}},"image_meta":{"aperture":"0","credit":"","camera":"","caption":"","created_timestamp":"0","copyright":"","focal_length":"0","iso":"0","shutter_speed":"0","title":"","orientation":"0","keywords":[]}},"post":39356,"source_url":"https:\/\/lavras.tv\/site\/wp-content\/uploads\/2019\/08\/radar.jpeg"},"author_meta":{"display_name":"Lavras TV","author_link":"https:\/\/lavras.tv\/site\/author\/lavrastv\/"},"featured_img":"https:\/\/lavras.tv\/site\/wp-content\/uploads\/2019\/08\/radar-300x169.jpeg","coauthors":[],"tax_additional":{"categories":{"linked":["<a href=\"https:\/\/lavras.tv\/site\/category\/destaques\/\" class=\"advgb-post-tax-term\">Destaques<\/a>","<a href=\"https:\/\/lavras.tv\/site\/category\/politica\/\" class=\"advgb-post-tax-term\">Pol\u00edtica<\/a>"],"unlinked":["<span class=\"advgb-post-tax-term\">Destaques<\/span>","<span class=\"advgb-post-tax-term\">Pol\u00edtica<\/span>"]}},"comment_count":"0","relative_dates":{"created":"Publicado 7 anos atr\u00e1s","modified":"Atualizado 7 anos atr\u00e1s"},"absolute_dates":{"created":"Publicado em 15 de agosto de 2019","modified":"Atualizado em 15 de agosto de 2019"},"absolute_dates_time":{"created":"Publicado em 15 de agosto de 2019 09:45","modified":"Atualizado em 15 de agosto de 2019 09:45"},"featured_img_caption":"","series_order":"","_links":{"self":[{"href":"https:\/\/lavras.tv\/site\/wp-json\/wp\/v2\/posts\/39356","targetHints":{"allow":["GET"]}}],"collection":[{"href":"https:\/\/lavras.tv\/site\/wp-json\/wp\/v2\/posts"}],"about":[{"href":"https:\/\/lavras.tv\/site\/wp-json\/wp\/v2\/types\/post"}],"author":[{"embeddable":true,"href":"https:\/\/lavras.tv\/site\/wp-json\/wp\/v2\/users\/2"}],"replies":[{"embeddable":true,"href":"https:\/\/lavras.tv\/site\/wp-json\/wp\/v2\/comments?post=39356"}],"version-history":[{"count":1,"href":"https:\/\/lavras.tv\/site\/wp-json\/wp\/v2\/posts\/39356\/revisions"}],"predecessor-version":[{"id":39358,"href":"https:\/\/lavras.tv\/site\/wp-json\/wp\/v2\/posts\/39356\/revisions\/39358"}],"wp:featuredmedia":[{"embeddable":true,"href":"https:\/\/lavras.tv\/site\/wp-json\/wp\/v2\/media\/39357"}],"wp:attachment":[{"href":"https:\/\/lavras.tv\/site\/wp-json\/wp\/v2\/media?parent=39356"}],"wp:term":[{"taxonomy":"category","embeddable":true,"href":"https:\/\/lavras.tv\/site\/wp-json\/wp\/v2\/categories?post=39356"},{"taxonomy":"post_tag","embeddable":true,"href":"https:\/\/lavras.tv\/site\/wp-json\/wp\/v2\/tags?post=39356"}],"curies":[{"name":"wp","href":"https:\/\/api.w.org\/{rel}","templated":true}]}}