{"id":3943,"date":"2016-11-16T08:54:47","date_gmt":"2016-11-16T10:54:47","guid":{"rendered":"http:\/\/lavras.tv\/site\/?p=3943"},"modified":"2016-11-16T08:54:47","modified_gmt":"2016-11-16T10:54:47","slug":"almg-retoma-analise-de-parecer-sobre-governador-fernando-pimentel","status":"publish","type":"post","link":"https:\/\/lavras.tv\/site\/2016\/11\/16\/almg-retoma-analise-de-parecer-sobre-governador-fernando-pimentel\/","title":{"rendered":"ALMG retoma an\u00e1lise de parecer sobre governador Fernando Pimentel"},"content":{"rendered":"<div class=\"lavra-antes-do-conteudo_2\" id=\"lavra-4022002617\"><div id=\"lavra-slider-27\" class=\"custom-slider lavra-slider-2969640446 lavra-slider\"><ul><li><div style=\"margin-left: auto;margin-right: auto;text-align: center;\" id=\"lavra-2339950743\"><a href=\"https:\/\/sistemas.lavras.mg.gov.br\/portalcidadao\/#df1b1a7c7b2a290bcb31e32771e610784662739a88807c0dacac58ede5f391a7530e299dc302d611ee73cb143fc22eaf93592e53e7b5bdb01b00a0b8d28dae460c141dd2ff83412e4dc1c31b16b25f33144a9e5620ea73b13f5bc1c59411d98439ad226e8af03840603796067d87afe130812cf3de24982d0e306f9e61e764e5\" aria-label=\"Lavras-TV&#8211;720x104px (1) (1)\"><img src=\"https:\/\/lavras.tv\/site\/wp-content\/uploads\/2025\/01\/Lavras-TV-720x104px-1-1.png\" alt=\"\"  srcset=\"https:\/\/lavras.tv\/site\/wp-content\/uploads\/2025\/01\/Lavras-TV-720x104px-1-1.png 720w, https:\/\/lavras.tv\/site\/wp-content\/uploads\/2025\/01\/Lavras-TV-720x104px-1-1-470x68.png 470w, https:\/\/lavras.tv\/site\/wp-content\/uploads\/2025\/01\/Lavras-TV-720x104px-1-1-170x25.png 170w, https:\/\/lavras.tv\/site\/wp-content\/uploads\/2025\/01\/Lavras-TV-720x104px-1-1-200x29.png 200w\" sizes=\"(max-width: 720px) 100vw, 720px\" width=\"720\" height=\"104\"  style=\"display: inline-block;\" \/><\/a><\/div><\/li><li><a href=\"https:\/\/sistemas.lavras.mg.gov.br\/portalcidadao\/#df1b1a7c7b2a290bcb31e32771e610784662739a88807c0dacac58ede5f391a7530e299dc302d611ee73cb143fc22eaf93592e53e7b5bdb01b00a0b8d28dae460c141dd2ff83412e4dc1c31b16b25f33144a9e5620ea73b13f5bc1c59411d98439ad226e8af03840603796067d87afe130812cf3de24982d0e306f9e61e764e5\" aria-label=\"Banner_Emprego_PortallavrasTV\"><img src=\"https:\/\/lavras.tv\/site\/wp-content\/uploads\/2025\/03\/Banner_Emprego_PortallavrasTV.png\" alt=\"\"  srcset=\"https:\/\/lavras.tv\/site\/wp-content\/uploads\/2025\/03\/Banner_Emprego_PortallavrasTV.png 720w, https:\/\/lavras.tv\/site\/wp-content\/uploads\/2025\/03\/Banner_Emprego_PortallavrasTV-470x68.png 470w, https:\/\/lavras.tv\/site\/wp-content\/uploads\/2025\/03\/Banner_Emprego_PortallavrasTV-170x25.png 170w, https:\/\/lavras.tv\/site\/wp-content\/uploads\/2025\/03\/Banner_Emprego_PortallavrasTV-200x29.png 200w\" sizes=\"(max-width: 720px) 100vw, 720px\" width=\"720\" height=\"104\"   \/><\/a><\/li><li><a href=\"https:\/\/sistemas.lavras.mg.gov.br\/portalcidadao\/#df1b1a7c7b2a290bcb31e32771e610784662739a88807c0dacac58ede5f391a7530e299dc302d611ee73cb143fc22eaf93592e53e7b5bdb01b00a0b8d28dae460c141dd2ff83412e4dc1c31b16b25f33144a9e5620ea73b13f5bc1c59411d98439ad226e8af03840603796067d87afe130812cf3de24982d0e306f9e61e764e5\" aria-label=\"Banner_Obras_PortallavrasTV\"><img src=\"https:\/\/lavras.tv\/site\/wp-content\/uploads\/2025\/03\/Banner_Obras_PortallavrasTV.png\" alt=\"\"  srcset=\"https:\/\/lavras.tv\/site\/wp-content\/uploads\/2025\/03\/Banner_Obras_PortallavrasTV.png 720w, https:\/\/lavras.tv\/site\/wp-content\/uploads\/2025\/03\/Banner_Obras_PortallavrasTV-470x68.png 470w, https:\/\/lavras.tv\/site\/wp-content\/uploads\/2025\/03\/Banner_Obras_PortallavrasTV-170x25.png 170w, https:\/\/lavras.tv\/site\/wp-content\/uploads\/2025\/03\/Banner_Obras_PortallavrasTV-200x29.png 200w\" sizes=\"(max-width: 720px) 100vw, 720px\" width=\"720\" height=\"104\"   \/><\/a><\/li><li><div style=\"margin-left: auto;margin-right: auto;text-align: center;\" id=\"lavra-239687582\"><a href=\"https:\/\/sistemas.lavras.mg.gov.br\/portalcidadao\/#df1b1a7c7b2a290bcb31e32771e610784662739a88807c0dacac58ede5f391a7530e299dc302d611ee73cb143fc22eaf93592e53e7b5bdb01b00a0b8d28dae460c141dd2ff83412e4dc1c31b16b25f33144a9e5620ea73b13f5bc1c59411d98439ad226e8af03840603796067d87afe130812cf3de24982d0e306f9e61e764e5\" aria-label=\"Banner_Educa\u00e7\u00e3o_PortallavrasTV\"><img src=\"https:\/\/lavras.tv\/site\/wp-content\/uploads\/2025\/01\/Banner_Educacao_PortallavrasTV.png\" alt=\"\"  srcset=\"https:\/\/lavras.tv\/site\/wp-content\/uploads\/2025\/01\/Banner_Educacao_PortallavrasTV.png 720w, https:\/\/lavras.tv\/site\/wp-content\/uploads\/2025\/01\/Banner_Educacao_PortallavrasTV-470x68.png 470w, https:\/\/lavras.tv\/site\/wp-content\/uploads\/2025\/01\/Banner_Educacao_PortallavrasTV-170x25.png 170w, https:\/\/lavras.tv\/site\/wp-content\/uploads\/2025\/01\/Banner_Educacao_PortallavrasTV-200x29.png 200w\" sizes=\"(max-width: 720px) 100vw, 720px\" width=\"720\" height=\"104\"  style=\"display: inline-block;\" \/><\/a><\/div><\/li><li><a href=\"https:\/\/sistemas.lavras.mg.gov.br\/portalcidadao\/#df1b1a7c7b2a290bcb31e32771e610784662739a88807c0dacac58ede5f391a7530e299dc302d611ee73cb143fc22eaf93592e53e7b5bdb01b00a0b8d28dae460c141dd2ff83412e4dc1c31b16b25f33144a9e5620ea73b13f5bc1c59411d98439ad226e8af03840603796067d87afe130812cf3de24982d0e306f9e61e764e5\" aria-label=\"Banner_Sa\u00fade_PortallavrasTV\"><img src=\"https:\/\/lavras.tv\/site\/wp-content\/uploads\/2025\/03\/Banner_Saude_PortallavrasTV.png\" alt=\"\"  srcset=\"https:\/\/lavras.tv\/site\/wp-content\/uploads\/2025\/03\/Banner_Saude_PortallavrasTV.png 720w, https:\/\/lavras.tv\/site\/wp-content\/uploads\/2025\/03\/Banner_Saude_PortallavrasTV-470x68.png 470w, https:\/\/lavras.tv\/site\/wp-content\/uploads\/2025\/03\/Banner_Saude_PortallavrasTV-170x25.png 170w, https:\/\/lavras.tv\/site\/wp-content\/uploads\/2025\/03\/Banner_Saude_PortallavrasTV-200x29.png 200w\" sizes=\"(max-width: 720px) 100vw, 720px\" width=\"720\" height=\"104\"   \/><\/a><\/li><li><div id=\"lavra-717488187\" style=\"width:720px;height:104px;background-color:#ddd;overflow:scroll;\">\n\t<strong>Sa\u00edda da depura\u00e7\u00e3o de an\u00fancios<\/strong>\n\t<br><br>\n\tO an\u00fancio n\u00e3o \u00e9 exibido na p\u00e1gina<br><br>post atual: ALMG retoma an\u00e1lise de parecer sobre governador Fernando Pimentel, ID: 3943<br><br><span style=\"color: red;\">O post atual n\u00e3o \u00e9 id\u00eantico ao post principal.<\/span><br><br>An\u00fancios: ROXO - TOPO INTERNA - ROTATIVO 2 (197)<br \/>Grupo de an\u00fancios: Princ_Meio01_720x104 (27)<br><br>Condi\u00e7\u00f5es de exibi\u00e7\u00e3o<div style=\"margin-bottom: 20px; white-space: pre-wrap; font-family: monospace; width: 100%; background: #ffe9e9;\"><strong>condi\u00e7\u00f5es gerais<\/strong><table border=\"1\"><thead><tr><th><\/th><th>An\u00fancios<\/th><th>wp_the_query<\/th><\/tr><\/thead><tr><td>is_main_query<\/td><td>1<\/td><td>1<\/td><\/tr><tr><td>is_rest_api<\/td><td>0<\/td><td>1<\/td><\/tr><tr><td>page<\/td><td>0<\/td><td>1<\/td><\/tr><tr><td>numpages<\/td><td>0<\/td><td>1<\/td><\/tr><tr><td>is_archive<\/td><td>1<\/td><td><\/td><\/tr><tr><td>is_search<\/td><td>1<\/td><td><\/td><\/tr><tr><td>is_home<\/td><td>1<\/td><td><\/td><\/tr><tr><td>is_404<\/td><td>1<\/td><td><\/td><\/tr><tr><td>is_attachment<\/td><td>1<\/td><td><\/td><\/tr><tr><td>is_singular<\/td><td>1<\/td><td><\/td><\/tr><tr><td>is_front_page<\/td><td>1<\/td><td><\/td><\/tr><tr><td>is_feed<\/td><td>1<\/td><td><\/td><\/tr><\/table><\/div><br><br><span style=\"color: red;\">Seu site usa HTTPS, mas o c\u00f3digo do an\u00fancio cont\u00e9m HTTP e pode n\u00e3o funcionar.<\/span>\t<br><br>\n\t<a style=\"color: green;\" href=\"https:\/\/wpadvancedads.com\/manual\/ad-debug-mode\/?utm_source=advanced-ads&utm_medium=link&utm_campaign=ad-debug-mode\" target=\"_blank\" rel=\"nofollow\">Encontre solu\u00e7\u00f5es no manual<\/a>\n<\/div>\n<\/li><\/ul><\/div><script>( window.advanced_ads_ready || jQuery( document ).ready ).call( null, function() {var $lavraslider2969640446 = jQuery( \".lavra-slider-2969640446\" );$lavraslider2969640446.on( \"unslider.ready\", function() { jQuery( \"div.custom-slider ul li\" ).css( \"display\", \"block\" ); });$lavraslider2969640446.unslider({ delay:4000, autoplay:true, nav:false, arrows:false, infinite:true });$lavraslider2969640446.on(\"mouseover\", function() {$lavraslider2969640446.unslider(\"stop\");}).on(\"mouseout\", function() {$lavraslider2969640446.unslider(\"start\");});});<\/script><\/div><p class=\"NORMAL_A\">Embora mais curta em virtude do feriado, a semana come\u00e7a quente na Assembleia Legislativa de Minas, onde acontece nesta quarta-feira (16) a primeira reuni\u00e3o, ap\u00f3s a Comiss\u00e3o de Constitui\u00e7\u00e3o e Justi\u00e7a (CCJ) aprovar parecer favor\u00e1vel ao governador Fernando Pimentel (PT). <!--more-->Caber\u00e1 aos deputados mineiros decidir se o Superior Tribunal de Justi\u00e7a (STJ) poder\u00e1 processar Pimentel por corrup\u00e7\u00e3o e lavagem de dinheiro, crimes apontados na opera\u00e7\u00e3o Acr\u00f4nimo.<\/p>\n<p class=\"NORMAL_A\">A expectativa \u00e9 que, a partir das 14h, o parecer do relator deputado Rog\u00e9rio Correia (PT) seja recebido e lido em plen\u00e1rio pelo presidente da Casa, Adalclever Lopes (PMDB), principal aliado de Pimentel. No relat\u00f3rio, aprovado por 5 votos a 2 na CCJ, Correia recomenda a paralisa\u00e7\u00e3o da a\u00e7\u00e3o criminal contra o governador mineiro.<\/p>\n<p><img fetchpriority=\"high\" decoding=\"async\" class=\" wp-image-3944\" src=\"http:\/\/lavras.tv\/site\/wp-content\/uploads\/2016\/11\/almg-1.jpg\" alt=\"Geral\" width=\"747\" height=\"496\" srcset=\"https:\/\/lavras.tv\/site\/wp-content\/uploads\/2016\/11\/almg-1.jpg 4288w, https:\/\/lavras.tv\/site\/wp-content\/uploads\/2016\/11\/almg-1-150x100.jpg 150w, https:\/\/lavras.tv\/site\/wp-content\/uploads\/2016\/11\/almg-1-300x199.jpg 300w, https:\/\/lavras.tv\/site\/wp-content\/uploads\/2016\/11\/almg-1-1024x680.jpg 1024w, https:\/\/lavras.tv\/site\/wp-content\/uploads\/2016\/11\/almg-1-480x320.jpg 480w, https:\/\/lavras.tv\/site\/wp-content\/uploads\/2016\/11\/almg-1-272x182.jpg 272w\" sizes=\"(max-width: 747px) 100vw, 747px\" \/><\/p>\n<p class=\"NORMAL_A\">\u201cDefendemos a preserva\u00e7\u00e3o do mandato do governador, eleito democraticamente por 5 milh\u00f5es de eleitores. O afastamento de Pimentel acarretaria uma crise pol\u00edtica e econ\u00f4mica, coisas que Minas menos precisa neste momento\u201d, argumentou o relator, em entrevista na \u00faltima sexta.<\/p>\n<p class=\"NORMAL_A\">Dos 77 deputados estaduais, Pimentel conta com pelo menos 50 votos favor\u00e1veis ao parecer de Rog\u00e9rio Correia. Se a base seguir fiel, o governador se livra do processo at\u00e9 2018, quando termina seu mandato, ou enquanto tiver foro privilegiado. Para isso, ap\u00f3s a leitura do parecer em plen\u00e1rio, s\u00e3o necess\u00e1rias seis sess\u00f5es para discuss\u00e3o, que devem acontecer entre esta quinta (17) e sexta-feira (18), conforme decis\u00e3o da Mesa Diretora.<\/p>\n<p class=\"NORMAL_A\">Est\u00e3o programadas tr\u00eas sess\u00f5es por dia, marcadas para 9h, 14h e 18h. Cumprido esse tr\u00e2mite, o relat\u00f3rio deve ser votado no dia 21, dois dias antes do prazo sugerido pelo ministro do STJ Herman Benjamin para que a Assembleia envie uma decis\u00e3o sobre o caso.<\/p>\n<p class=\"INTERTITULO\"><strong>Surpresa.<\/strong><\/p>\n<p class=\"INTERTITULO\"><span class=\"TEXTO_NORMAL\">Em minoria, os deputados da oposi\u00e7\u00e3o contam com um fator surpresa para atrapalhar os planos de Fernando Pimentel. Nessa segunda-feira (14), o l\u00edder do bloco Verdade e Coer\u00eancia, Gustavo Corr\u00eaa (DEM), apresentou ao Tribunal de Justi\u00e7a de Minas Gerais (TJMG) um mandado de seguran\u00e7a contra o presidente da Assembleia. O deputado quer a suspens\u00e3o do rito at\u00e9 que Adalclever Lopes disponibilize na \u00edntegra a a\u00e7\u00e3o penal contra Pimentel, onde constam materiais apreendidos pela Pol\u00edcia Federal, al\u00e9m da dela\u00e7\u00e3o de Benedito Oliveira, o \u201cBen\u00e9\u201d, apontado como operador do esquema criminoso. \u201cQueremos que os deputados tenham acesso a todo teor, todas as provas que sustentam a den\u00fancia\u201d, afirmou Corr\u00eaa.<\/span><\/p>\n<p class=\"INTERTITULO\"><span class=\"TEXTO_NORMAL\">Caso o recurso seja negado pela Justi\u00e7a mineira, o bloco de oposi\u00e7\u00e3o conta como \u00faltimo recurso a aprecia\u00e7\u00e3o do Supremo Tribunal Federal (STF) sobre uma A\u00e7\u00e3o Direta de Inconstitucionalidade (ADI) protocolada em junho pelo DEM. Na pe\u00e7a, o partido pede que a Corte anule o rito da Assembleia para que Pimentel torne-se r\u00e9u sem a interfer\u00eancia do Legislativo, como prev\u00ea a Constitui\u00e7\u00e3o Mineira.<\/span><\/p>\n<p class=\"INTERTITULO\"><span class=\"TEXTO_NORMAL\">Com a iminente paralisa\u00e7\u00e3o do processo contra Pimentel, movimentos sociais contr\u00e1rios ao petista intensificar\u00e3o a press\u00e3o sobre os deputados. Nesta quarta (16), acontecem em Bras\u00edlia reuni\u00f5es com lideran\u00e7as para pressionar o Supremo Tribunal Federal (STF). Tamb\u00e9m est\u00e3o programados protestos di\u00e1rios na ALMG e em frente \u00e0s casas dos deputados. J\u00e1 o PT emitiu nessa ter\u00e7a-feira (15) uma nota convocando a milit\u00e2ncia para posi\u00e7\u00e3o e resist\u00eancia em favor da manuten\u00e7\u00e3o de Pimentel no cargo.<\/span><\/p>\n<p><strong><span class=\"TEXTO_NORMAL\">Lei mineira<\/span><\/strong><\/p>\n<p class=\"INTERTITULO\"><span class=\"TEXTO_NORMAL\">Supremo. Nos bastidores, comenta-se que o STF deve julgar em dezembro recurso do DEM que pede a abertura do processo contra Pimentel sem autoriza\u00e7\u00e3o pr\u00e9via da Assembleia.<\/span><\/p>\n<p class=\"INTERTITULO\">Fonte: O Tempo<\/p>\n","protected":false},"excerpt":{"rendered":"<p>Embora mais curta em virtude do feriado, a semana come\u00e7a quente na Assembleia Legislativa de Minas, onde acontece nesta quarta-feira (16) a primeira reuni\u00e3o, ap\u00f3s a Comiss\u00e3o de Constitui\u00e7\u00e3o e Justi\u00e7a (CCJ) aprovar parecer favor\u00e1vel ao governador Fernando Pimentel (PT).<\/p>\n","protected":false},"author":2,"featured_media":3944,"comment_status":"closed","ping_status":"open","sticky":false,"template":"","format":"standard","meta":{"advgb_blocks_editor_width":"","advgb_blocks_columns_visual_guide":"","_exactmetrics_skip_tracking":false,"_exactmetrics_sitenote_active":false,"_exactmetrics_sitenote_note":"","_exactmetrics_sitenote_category":0,"footnotes":""},"categories":[12],"tags":[531,778,1157],"class_list":["post-3943","post","type-post","status-publish","format-standard","has-post-thumbnail","hentry","category-politica","tag-almg","tag-cassacao","tag-fernando-pimentel"],"better_featured_image":{"id":3944,"alt_text":"","caption":"Geral","description":"","media_type":"image","media_details":{"width":4288,"height":2848,"file":"2016\/11\/almg-1.jpg","sizes":{"thumbnail":{"file":"almg-1-150x100.jpg","width":150,"height":100,"mime-type":"image\/jpeg","source_url":"https:\/\/lavras.tv\/site\/wp-content\/uploads\/2016\/11\/almg-1-150x100.jpg"},"medium":{"file":"almg-1-300x199.jpg","width":300,"height":199,"mime-type":"image\/jpeg","source_url":"https:\/\/lavras.tv\/site\/wp-content\/uploads\/2016\/11\/almg-1-300x199.jpg"},"large":{"file":"almg-1-1024x680.jpg","width":1024,"height":680,"mime-type":"image\/jpeg","source_url":"https:\/\/lavras.tv\/site\/wp-content\/uploads\/2016\/11\/almg-1-1024x680.jpg"},"featured-slider-img":{"file":"almg-1-640x480.jpg","width":640,"height":480,"mime-type":"image\/jpeg","source_url":"https:\/\/lavras.tv\/site\/wp-content\/uploads\/2016\/11\/almg-1-640x480.jpg"},"featured-post-img":{"file":"almg-1-480x320.jpg","width":480,"height":320,"mime-type":"image\/jpeg","source_url":"https:\/\/lavras.tv\/site\/wp-content\/uploads\/2016\/11\/almg-1-480x320.jpg"},"sow-carousel-default":{"file":"almg-1-272x182.jpg","width":272,"height":182,"mime-type":"image\/jpeg","source_url":"https:\/\/lavras.tv\/site\/wp-content\/uploads\/2016\/11\/almg-1-272x182.jpg"}},"image_meta":{"aperture":"3.5","credit":"Sarah Torres","camera":"NIKON D300S","caption":"Geral","created_timestamp":"1402506007","copyright":"SARAH TORRES","focal_length":"18","iso":"800","shutter_speed":"0.0125","title":"Reuni\u00e3o Ordin\u00e1ria","orientation":"1","keywords":[]}},"post":3943,"source_url":"https:\/\/lavras.tv\/site\/wp-content\/uploads\/2016\/11\/almg-1.jpg"},"author_meta":{"display_name":"Lavras TV","author_link":"https:\/\/lavras.tv\/site\/author\/lavrastv\/"},"featured_img":"https:\/\/lavras.tv\/site\/wp-content\/uploads\/2016\/11\/almg-1-300x199.jpg","coauthors":[],"tax_additional":{"categories":{"linked":["<a href=\"https:\/\/lavras.tv\/site\/category\/politica\/\" class=\"advgb-post-tax-term\">Pol\u00edtica<\/a>"],"unlinked":["<span class=\"advgb-post-tax-term\">Pol\u00edtica<\/span>"]},"tags":{"linked":["<a href=\"https:\/\/lavras.tv\/site\/category\/politica\/\" class=\"advgb-post-tax-term\">almg<\/a>","<a href=\"https:\/\/lavras.tv\/site\/category\/politica\/\" class=\"advgb-post-tax-term\">cassa\u00e7\u00e3o<\/a>","<a href=\"https:\/\/lavras.tv\/site\/category\/politica\/\" class=\"advgb-post-tax-term\">fernando pimentel<\/a>"],"unlinked":["<span class=\"advgb-post-tax-term\">almg<\/span>","<span class=\"advgb-post-tax-term\">cassa\u00e7\u00e3o<\/span>","<span class=\"advgb-post-tax-term\">fernando pimentel<\/span>"]}},"comment_count":"0","relative_dates":{"created":"Publicado 9 anos atr\u00e1s","modified":"Atualizado 9 anos atr\u00e1s"},"absolute_dates":{"created":"Publicado em 16 de novembro de 2016","modified":"Atualizado em 16 de novembro de 2016"},"absolute_dates_time":{"created":"Publicado em 16 de novembro de 2016 08:54","modified":"Atualizado em 16 de novembro de 2016 08:54"},"featured_img_caption":"Geral","series_order":"","_links":{"self":[{"href":"https:\/\/lavras.tv\/site\/wp-json\/wp\/v2\/posts\/3943","targetHints":{"allow":["GET"]}}],"collection":[{"href":"https:\/\/lavras.tv\/site\/wp-json\/wp\/v2\/posts"}],"about":[{"href":"https:\/\/lavras.tv\/site\/wp-json\/wp\/v2\/types\/post"}],"author":[{"embeddable":true,"href":"https:\/\/lavras.tv\/site\/wp-json\/wp\/v2\/users\/2"}],"replies":[{"embeddable":true,"href":"https:\/\/lavras.tv\/site\/wp-json\/wp\/v2\/comments?post=3943"}],"version-history":[{"count":1,"href":"https:\/\/lavras.tv\/site\/wp-json\/wp\/v2\/posts\/3943\/revisions"}],"predecessor-version":[{"id":3945,"href":"https:\/\/lavras.tv\/site\/wp-json\/wp\/v2\/posts\/3943\/revisions\/3945"}],"wp:featuredmedia":[{"embeddable":true,"href":"https:\/\/lavras.tv\/site\/wp-json\/wp\/v2\/media\/3944"}],"wp:attachment":[{"href":"https:\/\/lavras.tv\/site\/wp-json\/wp\/v2\/media?parent=3943"}],"wp:term":[{"taxonomy":"category","embeddable":true,"href":"https:\/\/lavras.tv\/site\/wp-json\/wp\/v2\/categories?post=3943"},{"taxonomy":"post_tag","embeddable":true,"href":"https:\/\/lavras.tv\/site\/wp-json\/wp\/v2\/tags?post=3943"}],"curies":[{"name":"wp","href":"https:\/\/api.w.org\/{rel}","templated":true}]}}