{"id":3969,"date":"2016-11-17T09:38:51","date_gmt":"2016-11-17T11:38:51","guid":{"rendered":"http:\/\/lavras.tv\/site\/?p=3969"},"modified":"2016-11-17T09:38:51","modified_gmt":"2016-11-17T11:38:51","slug":"governo-publica-nomeacoes-de-profissionais-para-atuacao-nas-escolas-estaduais","status":"publish","type":"post","link":"https:\/\/lavras.tv\/site\/2016\/11\/17\/governo-publica-nomeacoes-de-profissionais-para-atuacao-nas-escolas-estaduais\/","title":{"rendered":"Governo publica nomea\u00e7\u00f5es de profissionais para atua\u00e7\u00e3o nas escolas estaduais"},"content":{"rendered":"<div class=\"lavra-antes-do-conteudo_2\" id=\"lavra-162222831\"><div id=\"lavra-slider-27\" class=\"custom-slider lavra-slider-2368728675 lavra-slider\"><ul><li><div style=\"margin-left: auto;margin-right: auto;text-align: center;\" id=\"lavra-2860182620\"><a href=\"https:\/\/sistemas.lavras.mg.gov.br\/portalcidadao\/#df1b1a7c7b2a290bcb31e32771e610784662739a88807c0dacac58ede5f391a7530e299dc302d611ee73cb143fc22eaf93592e53e7b5bdb01b00a0b8d28dae460c141dd2ff83412e4dc1c31b16b25f33144a9e5620ea73b13f5bc1c59411d98439ad226e8af03840603796067d87afe130812cf3de24982d0e306f9e61e764e5\" aria-label=\"Lavras-TV&#8211;720x104px (1) (1)\"><img src=\"https:\/\/lavras.tv\/site\/wp-content\/uploads\/2025\/01\/Lavras-TV-720x104px-1-1.png\" alt=\"\"  srcset=\"https:\/\/lavras.tv\/site\/wp-content\/uploads\/2025\/01\/Lavras-TV-720x104px-1-1.png 720w, https:\/\/lavras.tv\/site\/wp-content\/uploads\/2025\/01\/Lavras-TV-720x104px-1-1-470x68.png 470w, https:\/\/lavras.tv\/site\/wp-content\/uploads\/2025\/01\/Lavras-TV-720x104px-1-1-170x25.png 170w, https:\/\/lavras.tv\/site\/wp-content\/uploads\/2025\/01\/Lavras-TV-720x104px-1-1-200x29.png 200w\" sizes=\"(max-width: 720px) 100vw, 720px\" width=\"720\" height=\"104\"  style=\"display: inline-block;\" \/><\/a><\/div><\/li><li><a href=\"https:\/\/sistemas.lavras.mg.gov.br\/portalcidadao\/#df1b1a7c7b2a290bcb31e32771e610784662739a88807c0dacac58ede5f391a7530e299dc302d611ee73cb143fc22eaf93592e53e7b5bdb01b00a0b8d28dae460c141dd2ff83412e4dc1c31b16b25f33144a9e5620ea73b13f5bc1c59411d98439ad226e8af03840603796067d87afe130812cf3de24982d0e306f9e61e764e5\" aria-label=\"Banner_Emprego_PortallavrasTV\"><img src=\"https:\/\/lavras.tv\/site\/wp-content\/uploads\/2025\/03\/Banner_Emprego_PortallavrasTV.png\" alt=\"\"  srcset=\"https:\/\/lavras.tv\/site\/wp-content\/uploads\/2025\/03\/Banner_Emprego_PortallavrasTV.png 720w, https:\/\/lavras.tv\/site\/wp-content\/uploads\/2025\/03\/Banner_Emprego_PortallavrasTV-470x68.png 470w, https:\/\/lavras.tv\/site\/wp-content\/uploads\/2025\/03\/Banner_Emprego_PortallavrasTV-170x25.png 170w, https:\/\/lavras.tv\/site\/wp-content\/uploads\/2025\/03\/Banner_Emprego_PortallavrasTV-200x29.png 200w\" sizes=\"(max-width: 720px) 100vw, 720px\" width=\"720\" height=\"104\"   \/><\/a><\/li><li><a href=\"https:\/\/sistemas.lavras.mg.gov.br\/portalcidadao\/#df1b1a7c7b2a290bcb31e32771e610784662739a88807c0dacac58ede5f391a7530e299dc302d611ee73cb143fc22eaf93592e53e7b5bdb01b00a0b8d28dae460c141dd2ff83412e4dc1c31b16b25f33144a9e5620ea73b13f5bc1c59411d98439ad226e8af03840603796067d87afe130812cf3de24982d0e306f9e61e764e5\" aria-label=\"Banner_Obras_PortallavrasTV\"><img src=\"https:\/\/lavras.tv\/site\/wp-content\/uploads\/2025\/03\/Banner_Obras_PortallavrasTV.png\" alt=\"\"  srcset=\"https:\/\/lavras.tv\/site\/wp-content\/uploads\/2025\/03\/Banner_Obras_PortallavrasTV.png 720w, https:\/\/lavras.tv\/site\/wp-content\/uploads\/2025\/03\/Banner_Obras_PortallavrasTV-470x68.png 470w, https:\/\/lavras.tv\/site\/wp-content\/uploads\/2025\/03\/Banner_Obras_PortallavrasTV-170x25.png 170w, https:\/\/lavras.tv\/site\/wp-content\/uploads\/2025\/03\/Banner_Obras_PortallavrasTV-200x29.png 200w\" sizes=\"(max-width: 720px) 100vw, 720px\" width=\"720\" height=\"104\"   \/><\/a><\/li><li><div style=\"margin-left: auto;margin-right: auto;text-align: center;\" id=\"lavra-828712033\"><a href=\"https:\/\/sistemas.lavras.mg.gov.br\/portalcidadao\/#df1b1a7c7b2a290bcb31e32771e610784662739a88807c0dacac58ede5f391a7530e299dc302d611ee73cb143fc22eaf93592e53e7b5bdb01b00a0b8d28dae460c141dd2ff83412e4dc1c31b16b25f33144a9e5620ea73b13f5bc1c59411d98439ad226e8af03840603796067d87afe130812cf3de24982d0e306f9e61e764e5\" aria-label=\"Banner_Educa\u00e7\u00e3o_PortallavrasTV\"><img src=\"https:\/\/lavras.tv\/site\/wp-content\/uploads\/2025\/01\/Banner_Educacao_PortallavrasTV.png\" alt=\"\"  srcset=\"https:\/\/lavras.tv\/site\/wp-content\/uploads\/2025\/01\/Banner_Educacao_PortallavrasTV.png 720w, https:\/\/lavras.tv\/site\/wp-content\/uploads\/2025\/01\/Banner_Educacao_PortallavrasTV-470x68.png 470w, https:\/\/lavras.tv\/site\/wp-content\/uploads\/2025\/01\/Banner_Educacao_PortallavrasTV-170x25.png 170w, https:\/\/lavras.tv\/site\/wp-content\/uploads\/2025\/01\/Banner_Educacao_PortallavrasTV-200x29.png 200w\" sizes=\"(max-width: 720px) 100vw, 720px\" width=\"720\" height=\"104\"  style=\"display: inline-block;\" \/><\/a><\/div><\/li><li><a href=\"https:\/\/sistemas.lavras.mg.gov.br\/portalcidadao\/#df1b1a7c7b2a290bcb31e32771e610784662739a88807c0dacac58ede5f391a7530e299dc302d611ee73cb143fc22eaf93592e53e7b5bdb01b00a0b8d28dae460c141dd2ff83412e4dc1c31b16b25f33144a9e5620ea73b13f5bc1c59411d98439ad226e8af03840603796067d87afe130812cf3de24982d0e306f9e61e764e5\" aria-label=\"Banner_Sa\u00fade_PortallavrasTV\"><img src=\"https:\/\/lavras.tv\/site\/wp-content\/uploads\/2025\/03\/Banner_Saude_PortallavrasTV.png\" alt=\"\"  srcset=\"https:\/\/lavras.tv\/site\/wp-content\/uploads\/2025\/03\/Banner_Saude_PortallavrasTV.png 720w, https:\/\/lavras.tv\/site\/wp-content\/uploads\/2025\/03\/Banner_Saude_PortallavrasTV-470x68.png 470w, https:\/\/lavras.tv\/site\/wp-content\/uploads\/2025\/03\/Banner_Saude_PortallavrasTV-170x25.png 170w, https:\/\/lavras.tv\/site\/wp-content\/uploads\/2025\/03\/Banner_Saude_PortallavrasTV-200x29.png 200w\" sizes=\"(max-width: 720px) 100vw, 720px\" width=\"720\" height=\"104\"   \/><\/a><\/li><li><div id=\"lavra-3186044623\" style=\"width:720px;height:104px;background-color:#ddd;overflow:scroll;\">\n\t<strong>Sa\u00edda da depura\u00e7\u00e3o de an\u00fancios<\/strong>\n\t<br><br>\n\tO an\u00fancio n\u00e3o \u00e9 exibido na p\u00e1gina<br><br>post atual: Governo publica nomea\u00e7\u00f5es de profissionais para atua\u00e7\u00e3o nas escolas estaduais, ID: 3969<br><br><span style=\"color: red;\">O post atual n\u00e3o \u00e9 id\u00eantico ao post principal.<\/span><br><br>An\u00fancios: ROXO - TOPO INTERNA - ROTATIVO 2 (197)<br \/>Grupo de an\u00fancios: Princ_Meio01_720x104 (27)<br><br>Condi\u00e7\u00f5es de exibi\u00e7\u00e3o<div style=\"margin-bottom: 20px; white-space: pre-wrap; font-family: monospace; width: 100%; background: #ffe9e9;\"><strong>condi\u00e7\u00f5es gerais<\/strong><table border=\"1\"><thead><tr><th><\/th><th>An\u00fancios<\/th><th>wp_the_query<\/th><\/tr><\/thead><tr><td>is_main_query<\/td><td>1<\/td><td>1<\/td><\/tr><tr><td>is_rest_api<\/td><td>0<\/td><td>1<\/td><\/tr><tr><td>page<\/td><td>0<\/td><td>1<\/td><\/tr><tr><td>numpages<\/td><td>0<\/td><td>1<\/td><\/tr><tr><td>is_archive<\/td><td>1<\/td><td><\/td><\/tr><tr><td>is_search<\/td><td>1<\/td><td><\/td><\/tr><tr><td>is_home<\/td><td>1<\/td><td><\/td><\/tr><tr><td>is_404<\/td><td>1<\/td><td><\/td><\/tr><tr><td>is_attachment<\/td><td>1<\/td><td><\/td><\/tr><tr><td>is_singular<\/td><td>1<\/td><td><\/td><\/tr><tr><td>is_front_page<\/td><td>1<\/td><td><\/td><\/tr><tr><td>is_feed<\/td><td>1<\/td><td><\/td><\/tr><\/table><\/div><br><br><span style=\"color: red;\">Seu site usa HTTPS, mas o c\u00f3digo do an\u00fancio cont\u00e9m HTTP e pode n\u00e3o funcionar.<\/span>\t<br><br>\n\t<a style=\"color: green;\" href=\"https:\/\/wpadvancedads.com\/manual\/ad-debug-mode\/?utm_source=advanced-ads&utm_medium=link&utm_campaign=ad-debug-mode\" target=\"_blank\" rel=\"nofollow\">Encontre solu\u00e7\u00f5es no manual<\/a>\n<\/div>\n<\/li><\/ul><\/div><script>( window.advanced_ads_ready || jQuery( document ).ready ).call( null, function() {var $lavraslider2368728675 = jQuery( \".lavra-slider-2368728675\" );$lavraslider2368728675.on( \"unslider.ready\", function() { jQuery( \"div.custom-slider ul li\" ).css( \"display\", \"block\" ); });$lavraslider2368728675.unslider({ delay:4000, autoplay:true, nav:false, arrows:false, infinite:true });$lavraslider2368728675.on(\"mouseover\", function() {$lavraslider2368728675.unslider(\"stop\");}).on(\"mouseout\", function() {$lavraslider2368728675.unslider(\"start\");});});<\/script><\/div><div class=\"clear \">\n<p>O Governo de Minas Gerais publicou no Di\u00e1rio Oficial do \u00faltimo s\u00e1bado (12\/11) uma nova lista de nomea\u00e7\u00f5es contendo 1.974 profissionais para atuarem exclusivamente nas escolas da rede estadual de ensino. A lista contempla servidores da educa\u00e7\u00e3o aprovados nos concursos p\u00fablicos regidos pelos seguintes editais: 01\/2011, 03\/2014, 05\/2014 e 04\/2014.<\/p>\n<p>Do edital 01\/2011, foram nomeados 1.146 professores regentes de aula. Do edital 03\/2014 foram nomeados 41 professores de Ensino Religioso (PEB) e do edital 05\/2014 foram nomeados 213 professores para a Educa\u00e7\u00e3o Especial. J\u00e1 do Edital 04\/2014 foram nomeados 574 professores regentes de aulas.<\/p>\n<p>Desde o in\u00edcio da gest\u00e3o, j\u00e1 foram nomeados 37.048 servidores, sendo 15.038 em 2015 e 22.010 em 2016.<\/p>\n<p>Confira <a href=\"http:\/\/jornal.iof.mg.gov.br\/xmlui\/handle\/123456789\/172995\" target=\"_blank\">aqui<\/a>\u00a0a lista com as nomea\u00e7\u00f5es.<\/p>\n<p><img fetchpriority=\"high\" decoding=\"async\" class=\" wp-image-3970 aligncenter\" src=\"http:\/\/lavras.tv\/site\/wp-content\/uploads\/2016\/11\/escola.jpg\" alt=\"escola\" width=\"727\" height=\"483\" srcset=\"https:\/\/lavras.tv\/site\/wp-content\/uploads\/2016\/11\/escola.jpg 1600w, https:\/\/lavras.tv\/site\/wp-content\/uploads\/2016\/11\/escola-150x100.jpg 150w, https:\/\/lavras.tv\/site\/wp-content\/uploads\/2016\/11\/escola-300x199.jpg 300w, https:\/\/lavras.tv\/site\/wp-content\/uploads\/2016\/11\/escola-1024x680.jpg 1024w, https:\/\/lavras.tv\/site\/wp-content\/uploads\/2016\/11\/escola-480x320.jpg 480w, https:\/\/lavras.tv\/site\/wp-content\/uploads\/2016\/11\/escola-272x182.jpg 272w\" sizes=\"(max-width: 727px) 100vw, 727px\" \/><\/p>\n<p><strong>Edital 01\/2011<\/strong><\/p>\n<p>O concurso de Edital 01\/2011 ofereceu 21.377 vagas para os cargos das carreiras de Professor da Educa\u00e7\u00e3o B\u00e1sica, Analista Educacional, Especialista em Educa\u00e7\u00e3o B\u00e1sica, Assistente T\u00e9cnico Educacional e Assistente T\u00e9cnico da Educa\u00e7\u00e3o B\u00e1sica. Todas as vagas constantes do edital e para as quais houve candidatos classificados forma preenchidas entre os anos de 2012 e 2014. J\u00e1 as nomea\u00e7\u00f5es realizadas em 2015 e 2016 s\u00e3o de candidatos excedentes.<\/p>\n<p>\u201cCom a nomea\u00e7\u00e3o do \u00faltimo s\u00e1bado alcan\u00e7amos um n\u00famero extraordin\u00e1rio de nomea\u00e7\u00f5es explorando as potencialidades do concurso regido pelo edital 01\/2011. Foram aproximadamente 33 mil nomea\u00e7\u00f5es de candidatos excedentes, dos quais 75% s\u00e3o professores para atuarem nas escolas estaduais\u201d. destaca o subsecret\u00e1rio de Gest\u00e3o de Recursos Humanos, Antonio David de Sousa Junior.<\/p>\n<p>Para o cargo de professor regente de turma, que teve homologa\u00e7\u00e3o publicada no dia 30\/01\/2013, o concurso permanecer\u00e1 vigente at\u00e9 o dia 30\/01\/2017. J\u00e1 para os demais cargos, que tiveram homologa\u00e7\u00e3o no dia 15\/11\/2012, a vig\u00eancia do concurso findou em 15\/11\/2016.<\/p>\n<p><strong>Exames admissionais<\/strong><\/p>\n<p>Uma vez publicada a nomea\u00e7\u00e3o, o aprovado deve submeter-se a exame m\u00e9dico pr\u00e9-admissional, a ser realizado pela Superintend\u00eancia Central de Per\u00edcia M\u00e9dica e Sa\u00fade Ocupacional (SCPMSO), da Secretaria de Estado de Planejamento e Gest\u00e3o (Seplag). As per\u00edcias s\u00e3o realizadas em unidade central ou unidades regionais da Superintend\u00eancia. A listagem com data e hor\u00e1rio de per\u00edcia ser\u00e1 divulgada no site da Seplag. \u00c9 de responsabilidade do candidato acompanhar o cronograma de realiza\u00e7\u00e3o dos exames no site da Seplag.<\/p>\n<\/div>\n<p>Fonte: Ag\u00eancia Minas<\/p>\n<p>&nbsp;<\/p>\n","protected":false},"excerpt":{"rendered":"<p>O Governo de Minas Gerais publicou no Di\u00e1rio Oficial do \u00faltimo s\u00e1bado (12\/11) uma nova lista de nomea\u00e7\u00f5es contendo 1.974 profissionais para atuarem exclusivamente nas escolas da rede estadual de ensino. A lista contempla servidores da educa\u00e7\u00e3o aprovados nos concursos p\u00fablicos regidos pelos seguintes editais: 01\/2011, 03\/2014, 05\/2014 e 04\/2014. Do edital 01\/2011, foram nomeados [&hellip;]<\/p>\n","protected":false},"author":2,"featured_media":3970,"comment_status":"closed","ping_status":"open","sticky":false,"template":"","format":"standard","meta":{"advgb_blocks_editor_width":"","advgb_blocks_columns_visual_guide":"","_exactmetrics_skip_tracking":false,"_exactmetrics_sitenote_active":false,"_exactmetrics_sitenote_note":"","_exactmetrics_sitenote_category":0,"footnotes":""},"categories":[7,2],"tags":[1441,1442,530,1440,1443],"class_list":["post-3969","post","type-post","status-publish","format-standard","has-post-thumbnail","hentry","category-destaques","category-noticias","tag-escolas-estaduais","tag-lista-de-nomeacoes","tag-minas-gerais","tag-nomeacao-professor","tag-secretaria-de-educacao-mg"],"better_featured_image":{"id":3970,"alt_text":"","caption":"","description":"","media_type":"image","media_details":{"width":1600,"height":1062,"file":"2016\/11\/escola.jpg","sizes":{"thumbnail":{"file":"escola-150x100.jpg","width":150,"height":100,"mime-type":"image\/jpeg","source_url":"https:\/\/lavras.tv\/site\/wp-content\/uploads\/2016\/11\/escola-150x100.jpg"},"medium":{"file":"escola-300x199.jpg","width":300,"height":199,"mime-type":"image\/jpeg","source_url":"https:\/\/lavras.tv\/site\/wp-content\/uploads\/2016\/11\/escola-300x199.jpg"},"large":{"file":"escola-1024x680.jpg","width":1024,"height":680,"mime-type":"image\/jpeg","source_url":"https:\/\/lavras.tv\/site\/wp-content\/uploads\/2016\/11\/escola-1024x680.jpg"},"featured-slider-img":{"file":"escola-640x480.jpg","width":640,"height":480,"mime-type":"image\/jpeg","source_url":"https:\/\/lavras.tv\/site\/wp-content\/uploads\/2016\/11\/escola-640x480.jpg"},"featured-post-img":{"file":"escola-480x320.jpg","width":480,"height":320,"mime-type":"image\/jpeg","source_url":"https:\/\/lavras.tv\/site\/wp-content\/uploads\/2016\/11\/escola-480x320.jpg"},"sow-carousel-default":{"file":"escola-272x182.jpg","width":272,"height":182,"mime-type":"image\/jpeg","source_url":"https:\/\/lavras.tv\/site\/wp-content\/uploads\/2016\/11\/escola-272x182.jpg"}},"image_meta":{"aperture":"0","credit":"","camera":"","caption":"","created_timestamp":"0","copyright":"","focal_length":"0","iso":"0","shutter_speed":"0","title":"","orientation":"0","keywords":[]}},"post":3969,"source_url":"https:\/\/lavras.tv\/site\/wp-content\/uploads\/2016\/11\/escola.jpg"},"author_meta":{"display_name":"Lavras TV","author_link":"https:\/\/lavras.tv\/site\/author\/lavrastv\/"},"featured_img":"https:\/\/lavras.tv\/site\/wp-content\/uploads\/2016\/11\/escola-300x199.jpg","coauthors":[],"tax_additional":{"categories":{"linked":["<a href=\"https:\/\/lavras.tv\/site\/category\/destaques\/\" class=\"advgb-post-tax-term\">Destaques<\/a>","<a href=\"https:\/\/lavras.tv\/site\/category\/noticias\/\" class=\"advgb-post-tax-term\">Not\u00edcias<\/a>"],"unlinked":["<span class=\"advgb-post-tax-term\">Destaques<\/span>","<span class=\"advgb-post-tax-term\">Not\u00edcias<\/span>"]},"tags":{"linked":["<a href=\"https:\/\/lavras.tv\/site\/category\/noticias\/\" class=\"advgb-post-tax-term\">escolas estaduais<\/a>","<a href=\"https:\/\/lavras.tv\/site\/category\/noticias\/\" class=\"advgb-post-tax-term\">lista de nomea\u00e7\u00f5es<\/a>","<a href=\"https:\/\/lavras.tv\/site\/category\/noticias\/\" class=\"advgb-post-tax-term\">minas gerais<\/a>","<a href=\"https:\/\/lavras.tv\/site\/category\/noticias\/\" class=\"advgb-post-tax-term\">nomea\u00e7\u00e3o professor<\/a>","<a href=\"https:\/\/lavras.tv\/site\/category\/noticias\/\" class=\"advgb-post-tax-term\">secretaria de educa\u00e7\u00e3o mg<\/a>"],"unlinked":["<span class=\"advgb-post-tax-term\">escolas estaduais<\/span>","<span class=\"advgb-post-tax-term\">lista de nomea\u00e7\u00f5es<\/span>","<span class=\"advgb-post-tax-term\">minas gerais<\/span>","<span class=\"advgb-post-tax-term\">nomea\u00e7\u00e3o professor<\/span>","<span class=\"advgb-post-tax-term\">secretaria de educa\u00e7\u00e3o mg<\/span>"]}},"comment_count":"0","relative_dates":{"created":"Publicado 9 anos atr\u00e1s","modified":"Atualizado 9 anos atr\u00e1s"},"absolute_dates":{"created":"Publicado em 17 de novembro de 2016","modified":"Atualizado em 17 de novembro de 2016"},"absolute_dates_time":{"created":"Publicado em 17 de novembro de 2016 09:38","modified":"Atualizado em 17 de novembro de 2016 09:38"},"featured_img_caption":"","series_order":"","_links":{"self":[{"href":"https:\/\/lavras.tv\/site\/wp-json\/wp\/v2\/posts\/3969","targetHints":{"allow":["GET"]}}],"collection":[{"href":"https:\/\/lavras.tv\/site\/wp-json\/wp\/v2\/posts"}],"about":[{"href":"https:\/\/lavras.tv\/site\/wp-json\/wp\/v2\/types\/post"}],"author":[{"embeddable":true,"href":"https:\/\/lavras.tv\/site\/wp-json\/wp\/v2\/users\/2"}],"replies":[{"embeddable":true,"href":"https:\/\/lavras.tv\/site\/wp-json\/wp\/v2\/comments?post=3969"}],"version-history":[{"count":2,"href":"https:\/\/lavras.tv\/site\/wp-json\/wp\/v2\/posts\/3969\/revisions"}],"predecessor-version":[{"id":3972,"href":"https:\/\/lavras.tv\/site\/wp-json\/wp\/v2\/posts\/3969\/revisions\/3972"}],"wp:featuredmedia":[{"embeddable":true,"href":"https:\/\/lavras.tv\/site\/wp-json\/wp\/v2\/media\/3970"}],"wp:attachment":[{"href":"https:\/\/lavras.tv\/site\/wp-json\/wp\/v2\/media?parent=3969"}],"wp:term":[{"taxonomy":"category","embeddable":true,"href":"https:\/\/lavras.tv\/site\/wp-json\/wp\/v2\/categories?post=3969"},{"taxonomy":"post_tag","embeddable":true,"href":"https:\/\/lavras.tv\/site\/wp-json\/wp\/v2\/tags?post=3969"}],"curies":[{"name":"wp","href":"https:\/\/api.w.org\/{rel}","templated":true}]}}