{"id":3973,"date":"2016-11-17T09:48:22","date_gmt":"2016-11-17T11:48:22","guid":{"rendered":"http:\/\/lavras.tv\/site\/?p=3973"},"modified":"2016-11-17T09:48:22","modified_gmt":"2016-11-17T11:48:22","slug":"lei-estadual-de-incentivo-ao-esporte-gera-resultados-positivos","status":"publish","type":"post","link":"https:\/\/lavras.tv\/site\/2016\/11\/17\/lei-estadual-de-incentivo-ao-esporte-gera-resultados-positivos\/","title":{"rendered":"Lei Estadual de Incentivo ao Esporte gera resultados positivos"},"content":{"rendered":"<div class=\"lavra-antes-do-conteudo_2\" id=\"lavra-2742707837\"><div id=\"lavra-slider-27\" class=\"custom-slider lavra-slider-268322009 lavra-slider\"><ul><li><div style=\"margin-left: auto;margin-right: auto;text-align: center;\" id=\"lavra-2768355944\"><a href=\"https:\/\/sistemas.lavras.mg.gov.br\/portalcidadao\/#df1b1a7c7b2a290bcb31e32771e610784662739a88807c0dacac58ede5f391a7530e299dc302d611ee73cb143fc22eaf93592e53e7b5bdb01b00a0b8d28dae460c141dd2ff83412e4dc1c31b16b25f33144a9e5620ea73b13f5bc1c59411d98439ad226e8af03840603796067d87afe130812cf3de24982d0e306f9e61e764e5\" aria-label=\"Lavras-TV&#8211;720x104px (1) (1)\"><img src=\"https:\/\/lavras.tv\/site\/wp-content\/uploads\/2025\/01\/Lavras-TV-720x104px-1-1.png\" alt=\"\"  srcset=\"https:\/\/lavras.tv\/site\/wp-content\/uploads\/2025\/01\/Lavras-TV-720x104px-1-1.png 720w, https:\/\/lavras.tv\/site\/wp-content\/uploads\/2025\/01\/Lavras-TV-720x104px-1-1-470x68.png 470w, https:\/\/lavras.tv\/site\/wp-content\/uploads\/2025\/01\/Lavras-TV-720x104px-1-1-170x25.png 170w, https:\/\/lavras.tv\/site\/wp-content\/uploads\/2025\/01\/Lavras-TV-720x104px-1-1-200x29.png 200w\" sizes=\"(max-width: 720px) 100vw, 720px\" width=\"720\" height=\"104\"  style=\"display: inline-block;\" \/><\/a><\/div><\/li><li><a href=\"https:\/\/sistemas.lavras.mg.gov.br\/portalcidadao\/#df1b1a7c7b2a290bcb31e32771e610784662739a88807c0dacac58ede5f391a7530e299dc302d611ee73cb143fc22eaf93592e53e7b5bdb01b00a0b8d28dae460c141dd2ff83412e4dc1c31b16b25f33144a9e5620ea73b13f5bc1c59411d98439ad226e8af03840603796067d87afe130812cf3de24982d0e306f9e61e764e5\" aria-label=\"Banner_Emprego_PortallavrasTV\"><img src=\"https:\/\/lavras.tv\/site\/wp-content\/uploads\/2025\/03\/Banner_Emprego_PortallavrasTV.png\" alt=\"\"  srcset=\"https:\/\/lavras.tv\/site\/wp-content\/uploads\/2025\/03\/Banner_Emprego_PortallavrasTV.png 720w, https:\/\/lavras.tv\/site\/wp-content\/uploads\/2025\/03\/Banner_Emprego_PortallavrasTV-470x68.png 470w, https:\/\/lavras.tv\/site\/wp-content\/uploads\/2025\/03\/Banner_Emprego_PortallavrasTV-170x25.png 170w, https:\/\/lavras.tv\/site\/wp-content\/uploads\/2025\/03\/Banner_Emprego_PortallavrasTV-200x29.png 200w\" sizes=\"(max-width: 720px) 100vw, 720px\" width=\"720\" height=\"104\"   \/><\/a><\/li><li><a href=\"https:\/\/sistemas.lavras.mg.gov.br\/portalcidadao\/#df1b1a7c7b2a290bcb31e32771e610784662739a88807c0dacac58ede5f391a7530e299dc302d611ee73cb143fc22eaf93592e53e7b5bdb01b00a0b8d28dae460c141dd2ff83412e4dc1c31b16b25f33144a9e5620ea73b13f5bc1c59411d98439ad226e8af03840603796067d87afe130812cf3de24982d0e306f9e61e764e5\" aria-label=\"Banner_Obras_PortallavrasTV\"><img src=\"https:\/\/lavras.tv\/site\/wp-content\/uploads\/2025\/03\/Banner_Obras_PortallavrasTV.png\" alt=\"\"  srcset=\"https:\/\/lavras.tv\/site\/wp-content\/uploads\/2025\/03\/Banner_Obras_PortallavrasTV.png 720w, https:\/\/lavras.tv\/site\/wp-content\/uploads\/2025\/03\/Banner_Obras_PortallavrasTV-470x68.png 470w, https:\/\/lavras.tv\/site\/wp-content\/uploads\/2025\/03\/Banner_Obras_PortallavrasTV-170x25.png 170w, https:\/\/lavras.tv\/site\/wp-content\/uploads\/2025\/03\/Banner_Obras_PortallavrasTV-200x29.png 200w\" sizes=\"(max-width: 720px) 100vw, 720px\" width=\"720\" height=\"104\"   \/><\/a><\/li><li><div style=\"margin-left: auto;margin-right: auto;text-align: center;\" id=\"lavra-3862923742\"><a href=\"https:\/\/sistemas.lavras.mg.gov.br\/portalcidadao\/#df1b1a7c7b2a290bcb31e32771e610784662739a88807c0dacac58ede5f391a7530e299dc302d611ee73cb143fc22eaf93592e53e7b5bdb01b00a0b8d28dae460c141dd2ff83412e4dc1c31b16b25f33144a9e5620ea73b13f5bc1c59411d98439ad226e8af03840603796067d87afe130812cf3de24982d0e306f9e61e764e5\" aria-label=\"Banner_Educa\u00e7\u00e3o_PortallavrasTV\"><img src=\"https:\/\/lavras.tv\/site\/wp-content\/uploads\/2025\/01\/Banner_Educacao_PortallavrasTV.png\" alt=\"\"  srcset=\"https:\/\/lavras.tv\/site\/wp-content\/uploads\/2025\/01\/Banner_Educacao_PortallavrasTV.png 720w, https:\/\/lavras.tv\/site\/wp-content\/uploads\/2025\/01\/Banner_Educacao_PortallavrasTV-470x68.png 470w, https:\/\/lavras.tv\/site\/wp-content\/uploads\/2025\/01\/Banner_Educacao_PortallavrasTV-170x25.png 170w, https:\/\/lavras.tv\/site\/wp-content\/uploads\/2025\/01\/Banner_Educacao_PortallavrasTV-200x29.png 200w\" sizes=\"(max-width: 720px) 100vw, 720px\" width=\"720\" height=\"104\"  style=\"display: inline-block;\" \/><\/a><\/div><\/li><li><a href=\"https:\/\/sistemas.lavras.mg.gov.br\/portalcidadao\/#df1b1a7c7b2a290bcb31e32771e610784662739a88807c0dacac58ede5f391a7530e299dc302d611ee73cb143fc22eaf93592e53e7b5bdb01b00a0b8d28dae460c141dd2ff83412e4dc1c31b16b25f33144a9e5620ea73b13f5bc1c59411d98439ad226e8af03840603796067d87afe130812cf3de24982d0e306f9e61e764e5\" aria-label=\"Banner_Sa\u00fade_PortallavrasTV\"><img src=\"https:\/\/lavras.tv\/site\/wp-content\/uploads\/2025\/03\/Banner_Saude_PortallavrasTV.png\" alt=\"\"  srcset=\"https:\/\/lavras.tv\/site\/wp-content\/uploads\/2025\/03\/Banner_Saude_PortallavrasTV.png 720w, https:\/\/lavras.tv\/site\/wp-content\/uploads\/2025\/03\/Banner_Saude_PortallavrasTV-470x68.png 470w, https:\/\/lavras.tv\/site\/wp-content\/uploads\/2025\/03\/Banner_Saude_PortallavrasTV-170x25.png 170w, https:\/\/lavras.tv\/site\/wp-content\/uploads\/2025\/03\/Banner_Saude_PortallavrasTV-200x29.png 200w\" sizes=\"(max-width: 720px) 100vw, 720px\" width=\"720\" height=\"104\"   \/><\/a><\/li><li><div id=\"lavra-3177985725\" style=\"width:720px;height:104px;background-color:#ddd;overflow:scroll;\">\n\t<strong>Sa\u00edda da depura\u00e7\u00e3o de an\u00fancios<\/strong>\n\t<br><br>\n\tO an\u00fancio n\u00e3o \u00e9 exibido na p\u00e1gina<br><br>post atual: Lei Estadual de Incentivo ao Esporte gera resultados positivos, ID: 3973<br><br><span style=\"color: red;\">O post atual n\u00e3o \u00e9 id\u00eantico ao post principal.<\/span><br><br>An\u00fancios: ROXO - TOPO INTERNA - ROTATIVO 2 (197)<br \/>Grupo de an\u00fancios: Princ_Meio01_720x104 (27)<br><br>Condi\u00e7\u00f5es de exibi\u00e7\u00e3o<div style=\"margin-bottom: 20px; white-space: pre-wrap; font-family: monospace; width: 100%; background: #ffe9e9;\"><strong>condi\u00e7\u00f5es gerais<\/strong><table border=\"1\"><thead><tr><th><\/th><th>An\u00fancios<\/th><th>wp_the_query<\/th><\/tr><\/thead><tr><td>is_main_query<\/td><td>1<\/td><td>1<\/td><\/tr><tr><td>is_rest_api<\/td><td>0<\/td><td>1<\/td><\/tr><tr><td>page<\/td><td>0<\/td><td>1<\/td><\/tr><tr><td>numpages<\/td><td>0<\/td><td>1<\/td><\/tr><tr><td>is_archive<\/td><td>1<\/td><td><\/td><\/tr><tr><td>is_search<\/td><td>1<\/td><td><\/td><\/tr><tr><td>is_home<\/td><td>1<\/td><td><\/td><\/tr><tr><td>is_404<\/td><td>1<\/td><td><\/td><\/tr><tr><td>is_attachment<\/td><td>1<\/td><td><\/td><\/tr><tr><td>is_singular<\/td><td>1<\/td><td><\/td><\/tr><tr><td>is_front_page<\/td><td>1<\/td><td><\/td><\/tr><tr><td>is_feed<\/td><td>1<\/td><td><\/td><\/tr><\/table><\/div><br><br><span style=\"color: red;\">Seu site usa HTTPS, mas o c\u00f3digo do an\u00fancio cont\u00e9m HTTP e pode n\u00e3o funcionar.<\/span>\t<br><br>\n\t<a style=\"color: green;\" href=\"https:\/\/wpadvancedads.com\/manual\/ad-debug-mode\/?utm_source=advanced-ads&utm_medium=link&utm_campaign=ad-debug-mode\" target=\"_blank\" rel=\"nofollow\">Encontre solu\u00e7\u00f5es no manual<\/a>\n<\/div>\n<\/li><\/ul><\/div><script>( window.advanced_ads_ready || jQuery( document ).ready ).call( null, function() {var $lavraslider268322009 = jQuery( \".lavra-slider-268322009\" );$lavraslider268322009.on( \"unslider.ready\", function() { jQuery( \"div.custom-slider ul li\" ).css( \"display\", \"block\" ); });$lavraslider268322009.unslider({ delay:4000, autoplay:true, nav:false, arrows:false, infinite:true });$lavraslider268322009.on(\"mouseover\", function() {$lavraslider268322009.unslider(\"stop\");}).on(\"mouseout\", function() {$lavraslider268322009.unslider(\"start\");});});<\/script><\/div><p>Criada em 2013, a Lei Estadual de Incentivo ao Esporte prev\u00ea que at\u00e9 0,05% da receita l\u00edquida anual do ICMS que coube ao estado sejam direcionados a apoiar atividades esportivas ou paradesportivas, por meio de um esfor\u00e7o conjunto entre o Governo de Minas Gerais, executores e empresas apoiadoras. Como o mecanismo deduz um recurso que j\u00e1 ser\u00e1 revertido aos cofres p\u00fablicos (para pagamento do ICMS), os apoiadores alcan\u00e7am diversos benef\u00edcios, como estabelecer uma identifica\u00e7\u00e3o com pr\u00e1ticas desportivas, refor\u00e7ar sua imagem corporativa e envolver a sua marca com a comunidade (p\u00fablico alvo direto e indireto do projeto), justamente durante seu per\u00edodo de lazer \u2013 momento de grande abertura para a\u00e7\u00f5es de marketing.<\/p>\n<p><img fetchpriority=\"high\" decoding=\"async\" class=\"wp-image-3974 aligncenter\" src=\"http:\/\/lavras.tv\/site\/wp-content\/uploads\/2016\/11\/olimpicos.jpg\" alt=\"olimpicos\" width=\"728\" height=\"485\" srcset=\"https:\/\/lavras.tv\/site\/wp-content\/uploads\/2016\/11\/olimpicos.jpg 2048w, https:\/\/lavras.tv\/site\/wp-content\/uploads\/2016\/11\/olimpicos-150x100.jpg 150w, https:\/\/lavras.tv\/site\/wp-content\/uploads\/2016\/11\/olimpicos-300x200.jpg 300w, https:\/\/lavras.tv\/site\/wp-content\/uploads\/2016\/11\/olimpicos-1024x683.jpg 1024w, https:\/\/lavras.tv\/site\/wp-content\/uploads\/2016\/11\/olimpicos-480x320.jpg 480w, https:\/\/lavras.tv\/site\/wp-content\/uploads\/2016\/11\/olimpicos-272x182.jpg 272w\" sizes=\"(max-width: 728px) 100vw, 728px\" \/><\/p>\n<p>Uma dessas empresas \u00e9 a S\u00e9culo XXI Cal\u00e7ados, que possui mais de R$ 60 mil (n\u00famero\u00a0apurado\u00a0at\u00e9 setembro de 2016) j\u00e1 formalizados junto \u00e0 Lei de Incentivo. \u201c\u00c9 uma oportunidade \u00edmpar de realizar sonhos e propiciar o surgimento de novos atletas para Minas Gerais. \u00c9 gratificante saber que estamos colaborando para que mais pessoas tenham uma vida saud\u00e1vel\u201d, ressaltou o diretor-presidente da institui\u00e7\u00e3o, Vitor Gomes Gontijo. A organiza\u00e7\u00e3o \u00e9 respons\u00e1vel por apoiar tr\u00eas projetos, sendo dois em Divin\u00f3polis e outro em Lavras.<\/p>\n<p><strong>ArcelorMittal incentiva atividades na Zona da Mata<\/strong><\/p>\n<p>Com mais de R$ 7 milh\u00f5es em incentivos (n\u00famero\u00a0apurados at\u00e9 setembro de 2016) e 33 projetos apoiados, a ArcelorMittal \u00e9 uma das empresas que recorrem ao programa. Segundo seu representante legal, Leonardo Gloor, o mecanismo \u00e9 importante para refor\u00e7ar a imagem da companhia com a popula\u00e7\u00e3o mineira. \u201cA Lei nos permite dar continuidade a um trabalho social, que temos junto \u00e0 comunidades do interior de Minas. Dessa maneira, nossa marca \u00e9 refor\u00e7ada em todo o estado, pelo trabalho compromissado com as causas sociais, promovidas pelo esporte. Nossa expectativa \u00e9 ampliar ainda mais nossa participa\u00e7\u00e3o no programa\u201d, destacou.<\/p>\n<p>Um exemplo \u00e9 o Esporte Cidad\u00e3o, que contempla cerca de 100 crian\u00e7as e adolescentes entre 07 e 15 anos de idade. A iniciativa \u2013 sediada em Santos Dumont, na Zona da Mata \u2013 oferece pr\u00e1ticas de futsal e voleibol, durante o contraturno escolar, promovidas pelo Instituto Brasileiro de Excel\u00eancia no Esporte &amp; Cultura (IBEEC).<\/p>\n<p>Segundo o presidente do IBEEC, Eduardo de Souza, a pol\u00edtica contribui para a execu\u00e7\u00e3o das atividades. \u201cO mecanismo \u00e9 muito importante para o crescimento do desporto em nossa sociedade. Ela \u00e9 um diferencial para que o IBEEC possa replicar o trabalho de excel\u00eancia em territ\u00f3rio mineiro\u201d, ressalta.<\/p>\n<p>Voltado ao desporto educacional, o projeto possui a finalidade de complementar as atividades escolares e promover o desenvolvimento integral dos alunos-atletas. Diante dessa proposta, o cronograma de atividades anual \u00e9 dividido em trimestres, sendo os 1\u00ba e 3\u00ba voltados \u00e0s competi\u00e7\u00f5es externas e os 2\u00ba e 4\u00ba dedicados a temas transversais, como meio ambiente, trabalho, sa\u00fade e respeito \u00e0s diferentes orienta\u00e7\u00f5es sexuais. Ainda assim, os alunos n\u00e3o perdem o ritmo de jogo durante este per\u00edodo.<\/p>\n<p>Fonte: Ag\u00eancia Minas<\/p>\n","protected":false},"excerpt":{"rendered":"<p>Criada em 2013, a Lei Estadual de Incentivo ao Esporte prev\u00ea que at\u00e9 0,05% da receita l\u00edquida anual do ICMS que coube ao estado sejam direcionados a apoiar atividades esportivas ou paradesportivas, por meio de um esfor\u00e7o conjunto entre o Governo de Minas Gerais, executores e empresas apoiadoras. Como o mecanismo deduz um recurso que [&hellip;]<\/p>\n","protected":false},"author":2,"featured_media":3974,"comment_status":"closed","ping_status":"open","sticky":false,"template":"","format":"standard","meta":{"advgb_blocks_editor_width":"","advgb_blocks_columns_visual_guide":"","_exactmetrics_skip_tracking":false,"_exactmetrics_sitenote_active":false,"_exactmetrics_sitenote_note":"","_exactmetrics_sitenote_category":0,"footnotes":""},"categories":[3],"tags":[966,1444,530],"class_list":["post-3973","post","type-post","status-publish","format-standard","has-post-thumbnail","hentry","category-esportes","tag-esporte","tag-lei-de-incentivo-ao-esporte","tag-minas-gerais"],"better_featured_image":{"id":3974,"alt_text":"","caption":"","description":"","media_type":"image","media_details":{"width":2048,"height":1366,"file":"2016\/11\/olimpicos.jpg","sizes":{"thumbnail":{"file":"olimpicos-150x100.jpg","width":150,"height":100,"mime-type":"image\/jpeg","source_url":"https:\/\/lavras.tv\/site\/wp-content\/uploads\/2016\/11\/olimpicos-150x100.jpg"},"medium":{"file":"olimpicos-300x200.jpg","width":300,"height":200,"mime-type":"image\/jpeg","source_url":"https:\/\/lavras.tv\/site\/wp-content\/uploads\/2016\/11\/olimpicos-300x200.jpg"},"large":{"file":"olimpicos-1024x683.jpg","width":1024,"height":683,"mime-type":"image\/jpeg","source_url":"https:\/\/lavras.tv\/site\/wp-content\/uploads\/2016\/11\/olimpicos-1024x683.jpg"},"featured-slider-img":{"file":"olimpicos-640x480.jpg","width":640,"height":480,"mime-type":"image\/jpeg","source_url":"https:\/\/lavras.tv\/site\/wp-content\/uploads\/2016\/11\/olimpicos-640x480.jpg"},"featured-post-img":{"file":"olimpicos-480x320.jpg","width":480,"height":320,"mime-type":"image\/jpeg","source_url":"https:\/\/lavras.tv\/site\/wp-content\/uploads\/2016\/11\/olimpicos-480x320.jpg"},"sow-carousel-default":{"file":"olimpicos-272x182.jpg","width":272,"height":182,"mime-type":"image\/jpeg","source_url":"https:\/\/lavras.tv\/site\/wp-content\/uploads\/2016\/11\/olimpicos-272x182.jpg"}},"image_meta":{"aperture":"0","credit":"","camera":"","caption":"","created_timestamp":"0","copyright":"","focal_length":"0","iso":"0","shutter_speed":"0","title":"","orientation":"0","keywords":[]}},"post":3973,"source_url":"https:\/\/lavras.tv\/site\/wp-content\/uploads\/2016\/11\/olimpicos.jpg"},"author_meta":{"display_name":"Lavras TV","author_link":"https:\/\/lavras.tv\/site\/author\/lavrastv\/"},"featured_img":"https:\/\/lavras.tv\/site\/wp-content\/uploads\/2016\/11\/olimpicos-300x200.jpg","coauthors":[],"tax_additional":{"categories":{"linked":["<a href=\"https:\/\/lavras.tv\/site\/category\/esportes\/\" class=\"advgb-post-tax-term\">Esportes<\/a>"],"unlinked":["<span class=\"advgb-post-tax-term\">Esportes<\/span>"]},"tags":{"linked":["<a href=\"https:\/\/lavras.tv\/site\/category\/esportes\/\" class=\"advgb-post-tax-term\">esporte<\/a>","<a href=\"https:\/\/lavras.tv\/site\/category\/esportes\/\" class=\"advgb-post-tax-term\">lei de incentivo ao esporte<\/a>","<a href=\"https:\/\/lavras.tv\/site\/category\/esportes\/\" class=\"advgb-post-tax-term\">minas gerais<\/a>"],"unlinked":["<span class=\"advgb-post-tax-term\">esporte<\/span>","<span class=\"advgb-post-tax-term\">lei de incentivo ao esporte<\/span>","<span class=\"advgb-post-tax-term\">minas gerais<\/span>"]}},"comment_count":"0","relative_dates":{"created":"Publicado 9 anos atr\u00e1s","modified":"Atualizado 9 anos atr\u00e1s"},"absolute_dates":{"created":"Publicado em 17 de novembro de 2016","modified":"Atualizado em 17 de novembro de 2016"},"absolute_dates_time":{"created":"Publicado em 17 de novembro de 2016 09:48","modified":"Atualizado em 17 de novembro de 2016 09:48"},"featured_img_caption":"","series_order":"","_links":{"self":[{"href":"https:\/\/lavras.tv\/site\/wp-json\/wp\/v2\/posts\/3973","targetHints":{"allow":["GET"]}}],"collection":[{"href":"https:\/\/lavras.tv\/site\/wp-json\/wp\/v2\/posts"}],"about":[{"href":"https:\/\/lavras.tv\/site\/wp-json\/wp\/v2\/types\/post"}],"author":[{"embeddable":true,"href":"https:\/\/lavras.tv\/site\/wp-json\/wp\/v2\/users\/2"}],"replies":[{"embeddable":true,"href":"https:\/\/lavras.tv\/site\/wp-json\/wp\/v2\/comments?post=3973"}],"version-history":[{"count":1,"href":"https:\/\/lavras.tv\/site\/wp-json\/wp\/v2\/posts\/3973\/revisions"}],"predecessor-version":[{"id":3975,"href":"https:\/\/lavras.tv\/site\/wp-json\/wp\/v2\/posts\/3973\/revisions\/3975"}],"wp:featuredmedia":[{"embeddable":true,"href":"https:\/\/lavras.tv\/site\/wp-json\/wp\/v2\/media\/3974"}],"wp:attachment":[{"href":"https:\/\/lavras.tv\/site\/wp-json\/wp\/v2\/media?parent=3973"}],"wp:term":[{"taxonomy":"category","embeddable":true,"href":"https:\/\/lavras.tv\/site\/wp-json\/wp\/v2\/categories?post=3973"},{"taxonomy":"post_tag","embeddable":true,"href":"https:\/\/lavras.tv\/site\/wp-json\/wp\/v2\/tags?post=3973"}],"curies":[{"name":"wp","href":"https:\/\/api.w.org\/{rel}","templated":true}]}}