{"id":40213,"date":"2019-08-19T10:25:58","date_gmt":"2019-08-19T13:25:58","guid":{"rendered":"http:\/\/lavras.tv\/site\/?p=40213"},"modified":"2019-08-19T10:25:58","modified_gmt":"2019-08-19T13:25:58","slug":"caixa-e-banco-do-brasil-iniciam-pagamento-de-cotas-do-pis-pasep-nesta-segunda-feira","status":"publish","type":"post","link":"https:\/\/lavras.tv\/site\/2019\/08\/19\/caixa-e-banco-do-brasil-iniciam-pagamento-de-cotas-do-pis-pasep-nesta-segunda-feira\/","title":{"rendered":"Caixa e Banco do Brasil iniciam pagamento de cotas do PIS\/Pasep nesta segunda-feira"},"content":{"rendered":"<div class=\"lavra-antes-do-conteudo_2\" id=\"lavra-1862805584\"><div id=\"lavra-slider-27\" class=\"custom-slider lavra-slider-2569718928 lavra-slider\"><ul><li><div style=\"margin-left: auto;margin-right: auto;text-align: center;\" id=\"lavra-71953531\"><a href=\"https:\/\/sistemas.lavras.mg.gov.br\/portalcidadao\/#df1b1a7c7b2a290bcb31e32771e610784662739a88807c0dacac58ede5f391a7530e299dc302d611ee73cb143fc22eaf93592e53e7b5bdb01b00a0b8d28dae460c141dd2ff83412e4dc1c31b16b25f33144a9e5620ea73b13f5bc1c59411d98439ad226e8af03840603796067d87afe130812cf3de24982d0e306f9e61e764e5\" aria-label=\"Lavras-TV&#8211;720x104px (1) (1)\"><img src=\"https:\/\/lavras.tv\/site\/wp-content\/uploads\/2025\/01\/Lavras-TV-720x104px-1-1.png\" alt=\"\"  srcset=\"https:\/\/lavras.tv\/site\/wp-content\/uploads\/2025\/01\/Lavras-TV-720x104px-1-1.png 720w, https:\/\/lavras.tv\/site\/wp-content\/uploads\/2025\/01\/Lavras-TV-720x104px-1-1-470x68.png 470w, https:\/\/lavras.tv\/site\/wp-content\/uploads\/2025\/01\/Lavras-TV-720x104px-1-1-170x25.png 170w, https:\/\/lavras.tv\/site\/wp-content\/uploads\/2025\/01\/Lavras-TV-720x104px-1-1-200x29.png 200w\" sizes=\"(max-width: 720px) 100vw, 720px\" width=\"720\" height=\"104\"  style=\"display: inline-block;\" \/><\/a><\/div><\/li><li><a href=\"https:\/\/sistemas.lavras.mg.gov.br\/portalcidadao\/#df1b1a7c7b2a290bcb31e32771e610784662739a88807c0dacac58ede5f391a7530e299dc302d611ee73cb143fc22eaf93592e53e7b5bdb01b00a0b8d28dae460c141dd2ff83412e4dc1c31b16b25f33144a9e5620ea73b13f5bc1c59411d98439ad226e8af03840603796067d87afe130812cf3de24982d0e306f9e61e764e5\" aria-label=\"Banner_Emprego_PortallavrasTV\"><img src=\"https:\/\/lavras.tv\/site\/wp-content\/uploads\/2025\/03\/Banner_Emprego_PortallavrasTV.png\" alt=\"\"  srcset=\"https:\/\/lavras.tv\/site\/wp-content\/uploads\/2025\/03\/Banner_Emprego_PortallavrasTV.png 720w, https:\/\/lavras.tv\/site\/wp-content\/uploads\/2025\/03\/Banner_Emprego_PortallavrasTV-470x68.png 470w, https:\/\/lavras.tv\/site\/wp-content\/uploads\/2025\/03\/Banner_Emprego_PortallavrasTV-170x25.png 170w, https:\/\/lavras.tv\/site\/wp-content\/uploads\/2025\/03\/Banner_Emprego_PortallavrasTV-200x29.png 200w\" sizes=\"(max-width: 720px) 100vw, 720px\" width=\"720\" height=\"104\"   \/><\/a><\/li><li><a href=\"https:\/\/sistemas.lavras.mg.gov.br\/portalcidadao\/#df1b1a7c7b2a290bcb31e32771e610784662739a88807c0dacac58ede5f391a7530e299dc302d611ee73cb143fc22eaf93592e53e7b5bdb01b00a0b8d28dae460c141dd2ff83412e4dc1c31b16b25f33144a9e5620ea73b13f5bc1c59411d98439ad226e8af03840603796067d87afe130812cf3de24982d0e306f9e61e764e5\" aria-label=\"Banner_Obras_PortallavrasTV\"><img src=\"https:\/\/lavras.tv\/site\/wp-content\/uploads\/2025\/03\/Banner_Obras_PortallavrasTV.png\" alt=\"\"  srcset=\"https:\/\/lavras.tv\/site\/wp-content\/uploads\/2025\/03\/Banner_Obras_PortallavrasTV.png 720w, https:\/\/lavras.tv\/site\/wp-content\/uploads\/2025\/03\/Banner_Obras_PortallavrasTV-470x68.png 470w, https:\/\/lavras.tv\/site\/wp-content\/uploads\/2025\/03\/Banner_Obras_PortallavrasTV-170x25.png 170w, https:\/\/lavras.tv\/site\/wp-content\/uploads\/2025\/03\/Banner_Obras_PortallavrasTV-200x29.png 200w\" sizes=\"(max-width: 720px) 100vw, 720px\" width=\"720\" height=\"104\"   \/><\/a><\/li><li><div style=\"margin-left: auto;margin-right: auto;text-align: center;\" id=\"lavra-1147788114\"><a href=\"https:\/\/sistemas.lavras.mg.gov.br\/portalcidadao\/#df1b1a7c7b2a290bcb31e32771e610784662739a88807c0dacac58ede5f391a7530e299dc302d611ee73cb143fc22eaf93592e53e7b5bdb01b00a0b8d28dae460c141dd2ff83412e4dc1c31b16b25f33144a9e5620ea73b13f5bc1c59411d98439ad226e8af03840603796067d87afe130812cf3de24982d0e306f9e61e764e5\" aria-label=\"Banner_Educa\u00e7\u00e3o_PortallavrasTV\"><img src=\"https:\/\/lavras.tv\/site\/wp-content\/uploads\/2025\/01\/Banner_Educacao_PortallavrasTV.png\" alt=\"\"  srcset=\"https:\/\/lavras.tv\/site\/wp-content\/uploads\/2025\/01\/Banner_Educacao_PortallavrasTV.png 720w, https:\/\/lavras.tv\/site\/wp-content\/uploads\/2025\/01\/Banner_Educacao_PortallavrasTV-470x68.png 470w, https:\/\/lavras.tv\/site\/wp-content\/uploads\/2025\/01\/Banner_Educacao_PortallavrasTV-170x25.png 170w, https:\/\/lavras.tv\/site\/wp-content\/uploads\/2025\/01\/Banner_Educacao_PortallavrasTV-200x29.png 200w\" sizes=\"(max-width: 720px) 100vw, 720px\" width=\"720\" height=\"104\"  style=\"display: inline-block;\" \/><\/a><\/div><\/li><li><a href=\"https:\/\/sistemas.lavras.mg.gov.br\/portalcidadao\/#df1b1a7c7b2a290bcb31e32771e610784662739a88807c0dacac58ede5f391a7530e299dc302d611ee73cb143fc22eaf93592e53e7b5bdb01b00a0b8d28dae460c141dd2ff83412e4dc1c31b16b25f33144a9e5620ea73b13f5bc1c59411d98439ad226e8af03840603796067d87afe130812cf3de24982d0e306f9e61e764e5\" aria-label=\"Banner_Sa\u00fade_PortallavrasTV\"><img src=\"https:\/\/lavras.tv\/site\/wp-content\/uploads\/2025\/03\/Banner_Saude_PortallavrasTV.png\" alt=\"\"  srcset=\"https:\/\/lavras.tv\/site\/wp-content\/uploads\/2025\/03\/Banner_Saude_PortallavrasTV.png 720w, https:\/\/lavras.tv\/site\/wp-content\/uploads\/2025\/03\/Banner_Saude_PortallavrasTV-470x68.png 470w, https:\/\/lavras.tv\/site\/wp-content\/uploads\/2025\/03\/Banner_Saude_PortallavrasTV-170x25.png 170w, https:\/\/lavras.tv\/site\/wp-content\/uploads\/2025\/03\/Banner_Saude_PortallavrasTV-200x29.png 200w\" sizes=\"(max-width: 720px) 100vw, 720px\" width=\"720\" height=\"104\"   \/><\/a><\/li><li><div id=\"lavra-3165248177\" style=\"width:720px;height:104px;background-color:#ddd;overflow:scroll;\">\n\t<strong>Sa\u00edda da depura\u00e7\u00e3o de an\u00fancios<\/strong>\n\t<br><br>\n\tO an\u00fancio n\u00e3o \u00e9 exibido na p\u00e1gina<br><br>post atual: Caixa e Banco do Brasil iniciam pagamento de cotas do PIS\/Pasep nesta segunda-feira, ID: 40213<br><br><span style=\"color: red;\">O post atual n\u00e3o \u00e9 id\u00eantico ao post principal.<\/span><br><br>An\u00fancios: ROXO - TOPO INTERNA - ROTATIVO 2 (197)<br \/>Grupo de an\u00fancios: Princ_Meio01_720x104 (27)<br><br>Condi\u00e7\u00f5es de exibi\u00e7\u00e3o<div style=\"margin-bottom: 20px; white-space: pre-wrap; font-family: monospace; width: 100%; background: #ffe9e9;\"><strong>condi\u00e7\u00f5es gerais<\/strong><table border=\"1\"><thead><tr><th><\/th><th>An\u00fancios<\/th><th>wp_the_query<\/th><\/tr><\/thead><tr><td>is_main_query<\/td><td>1<\/td><td>1<\/td><\/tr><tr><td>is_rest_api<\/td><td>0<\/td><td>1<\/td><\/tr><tr><td>page<\/td><td>0<\/td><td>1<\/td><\/tr><tr><td>numpages<\/td><td>0<\/td><td>1<\/td><\/tr><tr><td>is_archive<\/td><td>1<\/td><td><\/td><\/tr><tr><td>is_search<\/td><td>1<\/td><td><\/td><\/tr><tr><td>is_home<\/td><td>1<\/td><td><\/td><\/tr><tr><td>is_404<\/td><td>1<\/td><td><\/td><\/tr><tr><td>is_attachment<\/td><td>1<\/td><td><\/td><\/tr><tr><td>is_singular<\/td><td>1<\/td><td><\/td><\/tr><tr><td>is_front_page<\/td><td>1<\/td><td><\/td><\/tr><tr><td>is_feed<\/td><td>1<\/td><td><\/td><\/tr><\/table><\/div><br><br><span style=\"color: red;\">Seu site usa HTTPS, mas o c\u00f3digo do an\u00fancio cont\u00e9m HTTP e pode n\u00e3o funcionar.<\/span>\t<br><br>\n\t<a style=\"color: green;\" href=\"https:\/\/wpadvancedads.com\/manual\/ad-debug-mode\/?utm_source=advanced-ads&utm_medium=link&utm_campaign=ad-debug-mode\" target=\"_blank\" rel=\"nofollow\">Encontre solu\u00e7\u00f5es no manual<\/a>\n<\/div>\n<\/li><\/ul><\/div><script>( window.advanced_ads_ready || jQuery( document ).ready ).call( null, function() {var $lavraslider2569718928 = jQuery( \".lavra-slider-2569718928\" );$lavraslider2569718928.on( \"unslider.ready\", function() { jQuery( \"div.custom-slider ul li\" ).css( \"display\", \"block\" ); });$lavraslider2569718928.unslider({ delay:4000, autoplay:true, nav:false, arrows:false, infinite:true });$lavraslider2569718928.on(\"mouseover\", function() {$lavraslider2569718928.unslider(\"stop\");}).on(\"mouseout\", function() {$lavraslider2569718928.unslider(\"start\");});});<\/script><\/div><p>Quem trabalhou com carteira assinada entre 1971 e 4 de outubro de 1988 come\u00e7a a receber nesta segunda-feira\u00a0as cotas do Programa de Integra\u00e7\u00e3o Social (PIS) e do Programa de Forma\u00e7\u00e3o do Patrim\u00f4nio do Servidor P\u00fablico (Pasep). <!--more-->A Caixa Econ\u00f4mica Federal, que administra o PIS, e o Banco do Brasil (BB), que administra o Pasep, come\u00e7am a depositar o dinheiro nas contas dos correntistas das duas institui\u00e7\u00f5es.<\/p>\n<p><img fetchpriority=\"high\" decoding=\"async\" class=\"alignnone size-full wp-image-40214 aligncenter\" src=\"http:\/\/lavras.tv\/site\/wp-content\/uploads\/2019\/08\/fgts.jpg\" alt=\"\" width=\"650\" height=\"437\" srcset=\"https:\/\/lavras.tv\/site\/wp-content\/uploads\/2019\/08\/fgts.jpg 650w, https:\/\/lavras.tv\/site\/wp-content\/uploads\/2019\/08\/fgts-150x101.jpg 150w, https:\/\/lavras.tv\/site\/wp-content\/uploads\/2019\/08\/fgts-300x202.jpg 300w, https:\/\/lavras.tv\/site\/wp-content\/uploads\/2019\/08\/fgts-272x182.jpg 272w\" sizes=\"(max-width: 650px) 100vw, 650px\" \/><\/p>\n<p>Os demais cotistas poder\u00e3o fazer os resgates conforme calend\u00e1rio divulgado pela Caixa e o Banco do Brasil. Segundo a Medida Provis\u00f3ria (MP) 889\/2019, os recursos do fundo ficar\u00e3o dispon\u00edveis para todos os cotistas, sem limite de idade. Diferentemente dos saques anteriores, agora n\u00e3o h\u00e1 prazo final para a retirada do dinheiro.<\/p>\n<p>A MP facilita o saque por herdeiros, que passar\u00e3o a ter acesso simplificado aos recursos. Eles ter\u00e3o apenas de apresentar declara\u00e7\u00e3o de consenso entre as partes e a declara\u00e7\u00e3o de que n\u00e3o existem outros herdeiros conhecidos. Confira o cronograma:<\/p>\n<p><img decoding=\"async\" class=\"aligncenter\" title=\"\" src=\"http:\/\/www.itatiaia.com.br\/Admin\/Conteudo\/noticias\/outros\/tabela119-08-2019_07.jpg\" alt=\"\" width=\"892\" height=\"306\" \/><\/p>\n<p>Segundo a Caixa, 10,4 milh\u00f5es de trabalhadores ter\u00e3o direito ao saque das cotas do PIS. O pagamento deve injetar at\u00e9 R$ 18,3 bilh\u00f5es na economia brasileira. Hoje, o cr\u00e9dito autom\u00e1tico ser\u00e1 feito apenas para quem tem conta corrente ou poupan\u00e7a no banco. Em 26 de agosto, ser\u00e1 a vez de os cotistas a partir de 60 anos poderem sacar. O pagamento aos trabalhadores com at\u00e9 59 anos come\u00e7ar\u00e1 em 2 de setembro.<\/p>\n<p>O saque de at\u00e9 R$ 3 mil poder\u00e1 ser feito nas lot\u00e9ricas, correspondentes Caixa Aqui e nos terminais de autoatendimento, utilizando o cart\u00e3o Cidad\u00e3o, com senha. Outra op\u00e7\u00e3o \u00e9 nas ag\u00eancias da Caixa. Acima de R$ 3 mil, somente nas ag\u00eancias da Caixa.<\/p>\n<p>O PIS atende aos trabalhadores da iniciativa privada. Para saber se tem direito \u00e0s cotas do fundo, o correntista deve consultar o endere\u00e7o www.caixa.gov.br\/cotaspis. Cronograma do Pasep:<\/p>\n<p><img decoding=\"async\" class=\"aligncenter\" title=\"\" src=\"http:\/\/www.itatiaia.com.br\/Admin\/Conteudo\/noticias\/outros\/tabela219-08-2019_07.jpg\" alt=\"\" width=\"850\" height=\"246\" \/><\/p>\n<p>No caso do Pasep, administrado pelo Banco do Brasil, est\u00e3o dispon\u00edveis para saque R$ 4,5 bilh\u00f5es pertencentes a 1,522 milh\u00e3o de cotistas. Cerca de 30 mil participantes receber\u00e3o automaticamente o dinheiro hoje. O Pasep atende a servidores p\u00fablicos, militares e trabalhadores de empresas estatais.<\/p>\n<p>Os cotistas clientes de outras institui\u00e7\u00f5es financeiras, com saldo de at\u00e9 R$ 5 mil, poder\u00e3o transferir o saldo da cota por meio de Transfer\u00eancia Eletr\u00f4nica de Documento (TED), sem nenhum custo, a partir de 20 de agosto. Os demais cotistas, assim como herdeiros e portadores de procura\u00e7\u00e3o legal, poder\u00e3o realizar os saques diretamente nas ag\u00eancias do BB, a partir de 22 de agosto.<\/p>\n<p>A op\u00e7\u00e3o de transfer\u00eancia oferecida pelo BB pode ser feita tanto pela internet, no endere\u00e7o eletr\u00f4nico www.bb.com.br\/pasep, quanto pelos terminais de autoatendimento. O cotista ainda pode obter informa\u00e7\u00f5es por meio da Central de Atendimento BB, pelos telefones 4004-0001 (capitais e regi\u00f5es metropolitanas) ou 0800-729-0001 (demais localidades).<\/p>\n<p>Fonte: Ag\u00eancia Brasil<\/p>\n","protected":false},"excerpt":{"rendered":"<p>Quem trabalhou com carteira assinada entre 1971 e 4 de outubro de 1988 come\u00e7a a receber nesta segunda-feira\u00a0as cotas do Programa de Integra\u00e7\u00e3o Social (PIS) e do Programa de Forma\u00e7\u00e3o do Patrim\u00f4nio do Servidor P\u00fablico (Pasep).<\/p>\n","protected":false},"author":2,"featured_media":40214,"comment_status":"closed","ping_status":"open","sticky":false,"template":"","format":"standard","meta":{"advgb_blocks_editor_width":"","advgb_blocks_columns_visual_guide":"","_exactmetrics_skip_tracking":false,"_exactmetrics_sitenote_active":false,"_exactmetrics_sitenote_note":"","_exactmetrics_sitenote_category":0,"footnotes":""},"categories":[7,12],"tags":[],"class_list":["post-40213","post","type-post","status-publish","format-standard","has-post-thumbnail","hentry","category-destaques","category-politica"],"better_featured_image":{"id":40214,"alt_text":"","caption":"","description":"","media_type":"image","media_details":{"width":650,"height":437,"file":"2019\/08\/fgts.jpg","sizes":{"thumbnail":{"file":"fgts-150x101.jpg","width":150,"height":101,"mime-type":"image\/jpeg","source_url":"https:\/\/lavras.tv\/site\/wp-content\/uploads\/2019\/08\/fgts-150x101.jpg"},"medium":{"file":"fgts-300x202.jpg","width":300,"height":202,"mime-type":"image\/jpeg","source_url":"https:\/\/lavras.tv\/site\/wp-content\/uploads\/2019\/08\/fgts-300x202.jpg"},"featured-slider-img":{"file":"fgts-640x437.jpg","width":640,"height":437,"mime-type":"image\/jpeg","source_url":"https:\/\/lavras.tv\/site\/wp-content\/uploads\/2019\/08\/fgts-640x437.jpg"},"featured-post-img":{"file":"fgts-480x320.jpg","width":480,"height":320,"mime-type":"image\/jpeg","source_url":"https:\/\/lavras.tv\/site\/wp-content\/uploads\/2019\/08\/fgts-480x320.jpg"},"sow-carousel-default":{"file":"fgts-272x182.jpg","width":272,"height":182,"mime-type":"image\/jpeg","source_url":"https:\/\/lavras.tv\/site\/wp-content\/uploads\/2019\/08\/fgts-272x182.jpg"}},"image_meta":{"aperture":"0","credit":"","camera":"","caption":"","created_timestamp":"0","copyright":"","focal_length":"0","iso":"0","shutter_speed":"0","title":"","orientation":"0","keywords":[]}},"post":40213,"source_url":"https:\/\/lavras.tv\/site\/wp-content\/uploads\/2019\/08\/fgts.jpg"},"author_meta":{"display_name":"Lavras TV","author_link":"https:\/\/lavras.tv\/site\/author\/lavrastv\/"},"featured_img":"https:\/\/lavras.tv\/site\/wp-content\/uploads\/2019\/08\/fgts-300x202.jpg","coauthors":[],"tax_additional":{"categories":{"linked":["<a href=\"https:\/\/lavras.tv\/site\/category\/destaques\/\" class=\"advgb-post-tax-term\">Destaques<\/a>","<a href=\"https:\/\/lavras.tv\/site\/category\/politica\/\" class=\"advgb-post-tax-term\">Pol\u00edtica<\/a>"],"unlinked":["<span class=\"advgb-post-tax-term\">Destaques<\/span>","<span class=\"advgb-post-tax-term\">Pol\u00edtica<\/span>"]}},"comment_count":"0","relative_dates":{"created":"Publicado 7 anos atr\u00e1s","modified":"Atualizado 7 anos atr\u00e1s"},"absolute_dates":{"created":"Publicado em 19 de agosto de 2019","modified":"Atualizado em 19 de agosto de 2019"},"absolute_dates_time":{"created":"Publicado em 19 de agosto de 2019 10:25","modified":"Atualizado em 19 de agosto de 2019 10:25"},"featured_img_caption":"","series_order":"","_links":{"self":[{"href":"https:\/\/lavras.tv\/site\/wp-json\/wp\/v2\/posts\/40213","targetHints":{"allow":["GET"]}}],"collection":[{"href":"https:\/\/lavras.tv\/site\/wp-json\/wp\/v2\/posts"}],"about":[{"href":"https:\/\/lavras.tv\/site\/wp-json\/wp\/v2\/types\/post"}],"author":[{"embeddable":true,"href":"https:\/\/lavras.tv\/site\/wp-json\/wp\/v2\/users\/2"}],"replies":[{"embeddable":true,"href":"https:\/\/lavras.tv\/site\/wp-json\/wp\/v2\/comments?post=40213"}],"version-history":[{"count":2,"href":"https:\/\/lavras.tv\/site\/wp-json\/wp\/v2\/posts\/40213\/revisions"}],"predecessor-version":[{"id":40216,"href":"https:\/\/lavras.tv\/site\/wp-json\/wp\/v2\/posts\/40213\/revisions\/40216"}],"wp:featuredmedia":[{"embeddable":true,"href":"https:\/\/lavras.tv\/site\/wp-json\/wp\/v2\/media\/40214"}],"wp:attachment":[{"href":"https:\/\/lavras.tv\/site\/wp-json\/wp\/v2\/media?parent=40213"}],"wp:term":[{"taxonomy":"category","embeddable":true,"href":"https:\/\/lavras.tv\/site\/wp-json\/wp\/v2\/categories?post=40213"},{"taxonomy":"post_tag","embeddable":true,"href":"https:\/\/lavras.tv\/site\/wp-json\/wp\/v2\/tags?post=40213"}],"curies":[{"name":"wp","href":"https:\/\/api.w.org\/{rel}","templated":true}]}}