{"id":4065,"date":"2016-11-18T11:58:59","date_gmt":"2016-11-18T13:58:59","guid":{"rendered":"http:\/\/lavras.tv\/site\/?p=4065"},"modified":"2016-11-18T11:58:59","modified_gmt":"2016-11-18T13:58:59","slug":"candidatos-a-direcao-do-ministerio-publico-de-minas-prometem-multiplicar-beneficios-de-promotores","status":"publish","type":"post","link":"https:\/\/lavras.tv\/site\/2016\/11\/18\/candidatos-a-direcao-do-ministerio-publico-de-minas-prometem-multiplicar-beneficios-de-promotores\/","title":{"rendered":"Candidatos \u00e0 dire\u00e7\u00e3o do Minist\u00e9rio P\u00fablico de Minas prometem multiplicar benef\u00edcios de promotores"},"content":{"rendered":"<div class=\"lavra-antes-do-conteudo_2\" id=\"lavra-1725050318\"><div id=\"lavra-slider-27\" class=\"custom-slider lavra-slider-3156857183 lavra-slider\"><ul><li><div style=\"margin-left: auto;margin-right: auto;text-align: center;\" id=\"lavra-3635051552\"><a href=\"https:\/\/sistemas.lavras.mg.gov.br\/portalcidadao\/#df1b1a7c7b2a290bcb31e32771e610784662739a88807c0dacac58ede5f391a7530e299dc302d611ee73cb143fc22eaf93592e53e7b5bdb01b00a0b8d28dae460c141dd2ff83412e4dc1c31b16b25f33144a9e5620ea73b13f5bc1c59411d98439ad226e8af03840603796067d87afe130812cf3de24982d0e306f9e61e764e5\" aria-label=\"Lavras-TV&#8211;720x104px (1) (1)\"><img src=\"https:\/\/lavras.tv\/site\/wp-content\/uploads\/2025\/01\/Lavras-TV-720x104px-1-1.png\" alt=\"\"  srcset=\"https:\/\/lavras.tv\/site\/wp-content\/uploads\/2025\/01\/Lavras-TV-720x104px-1-1.png 720w, https:\/\/lavras.tv\/site\/wp-content\/uploads\/2025\/01\/Lavras-TV-720x104px-1-1-470x68.png 470w, https:\/\/lavras.tv\/site\/wp-content\/uploads\/2025\/01\/Lavras-TV-720x104px-1-1-170x25.png 170w, https:\/\/lavras.tv\/site\/wp-content\/uploads\/2025\/01\/Lavras-TV-720x104px-1-1-200x29.png 200w\" sizes=\"(max-width: 720px) 100vw, 720px\" width=\"720\" height=\"104\"  style=\"display: inline-block;\" \/><\/a><\/div><\/li><li><a href=\"https:\/\/sistemas.lavras.mg.gov.br\/portalcidadao\/#df1b1a7c7b2a290bcb31e32771e610784662739a88807c0dacac58ede5f391a7530e299dc302d611ee73cb143fc22eaf93592e53e7b5bdb01b00a0b8d28dae460c141dd2ff83412e4dc1c31b16b25f33144a9e5620ea73b13f5bc1c59411d98439ad226e8af03840603796067d87afe130812cf3de24982d0e306f9e61e764e5\" aria-label=\"Banner_Emprego_PortallavrasTV\"><img src=\"https:\/\/lavras.tv\/site\/wp-content\/uploads\/2025\/03\/Banner_Emprego_PortallavrasTV.png\" alt=\"\"  srcset=\"https:\/\/lavras.tv\/site\/wp-content\/uploads\/2025\/03\/Banner_Emprego_PortallavrasTV.png 720w, https:\/\/lavras.tv\/site\/wp-content\/uploads\/2025\/03\/Banner_Emprego_PortallavrasTV-470x68.png 470w, https:\/\/lavras.tv\/site\/wp-content\/uploads\/2025\/03\/Banner_Emprego_PortallavrasTV-170x25.png 170w, https:\/\/lavras.tv\/site\/wp-content\/uploads\/2025\/03\/Banner_Emprego_PortallavrasTV-200x29.png 200w\" sizes=\"(max-width: 720px) 100vw, 720px\" width=\"720\" height=\"104\"   \/><\/a><\/li><li><a href=\"https:\/\/sistemas.lavras.mg.gov.br\/portalcidadao\/#df1b1a7c7b2a290bcb31e32771e610784662739a88807c0dacac58ede5f391a7530e299dc302d611ee73cb143fc22eaf93592e53e7b5bdb01b00a0b8d28dae460c141dd2ff83412e4dc1c31b16b25f33144a9e5620ea73b13f5bc1c59411d98439ad226e8af03840603796067d87afe130812cf3de24982d0e306f9e61e764e5\" aria-label=\"Banner_Obras_PortallavrasTV\"><img src=\"https:\/\/lavras.tv\/site\/wp-content\/uploads\/2025\/03\/Banner_Obras_PortallavrasTV.png\" alt=\"\"  srcset=\"https:\/\/lavras.tv\/site\/wp-content\/uploads\/2025\/03\/Banner_Obras_PortallavrasTV.png 720w, https:\/\/lavras.tv\/site\/wp-content\/uploads\/2025\/03\/Banner_Obras_PortallavrasTV-470x68.png 470w, https:\/\/lavras.tv\/site\/wp-content\/uploads\/2025\/03\/Banner_Obras_PortallavrasTV-170x25.png 170w, https:\/\/lavras.tv\/site\/wp-content\/uploads\/2025\/03\/Banner_Obras_PortallavrasTV-200x29.png 200w\" sizes=\"(max-width: 720px) 100vw, 720px\" width=\"720\" height=\"104\"   \/><\/a><\/li><li><div style=\"margin-left: auto;margin-right: auto;text-align: center;\" id=\"lavra-1913044423\"><a href=\"https:\/\/sistemas.lavras.mg.gov.br\/portalcidadao\/#df1b1a7c7b2a290bcb31e32771e610784662739a88807c0dacac58ede5f391a7530e299dc302d611ee73cb143fc22eaf93592e53e7b5bdb01b00a0b8d28dae460c141dd2ff83412e4dc1c31b16b25f33144a9e5620ea73b13f5bc1c59411d98439ad226e8af03840603796067d87afe130812cf3de24982d0e306f9e61e764e5\" aria-label=\"Banner_Educa\u00e7\u00e3o_PortallavrasTV\"><img src=\"https:\/\/lavras.tv\/site\/wp-content\/uploads\/2025\/01\/Banner_Educacao_PortallavrasTV.png\" alt=\"\"  srcset=\"https:\/\/lavras.tv\/site\/wp-content\/uploads\/2025\/01\/Banner_Educacao_PortallavrasTV.png 720w, https:\/\/lavras.tv\/site\/wp-content\/uploads\/2025\/01\/Banner_Educacao_PortallavrasTV-470x68.png 470w, https:\/\/lavras.tv\/site\/wp-content\/uploads\/2025\/01\/Banner_Educacao_PortallavrasTV-170x25.png 170w, https:\/\/lavras.tv\/site\/wp-content\/uploads\/2025\/01\/Banner_Educacao_PortallavrasTV-200x29.png 200w\" sizes=\"(max-width: 720px) 100vw, 720px\" width=\"720\" height=\"104\"  style=\"display: inline-block;\" \/><\/a><\/div><\/li><li><a href=\"https:\/\/sistemas.lavras.mg.gov.br\/portalcidadao\/#df1b1a7c7b2a290bcb31e32771e610784662739a88807c0dacac58ede5f391a7530e299dc302d611ee73cb143fc22eaf93592e53e7b5bdb01b00a0b8d28dae460c141dd2ff83412e4dc1c31b16b25f33144a9e5620ea73b13f5bc1c59411d98439ad226e8af03840603796067d87afe130812cf3de24982d0e306f9e61e764e5\" aria-label=\"Banner_Sa\u00fade_PortallavrasTV\"><img src=\"https:\/\/lavras.tv\/site\/wp-content\/uploads\/2025\/03\/Banner_Saude_PortallavrasTV.png\" alt=\"\"  srcset=\"https:\/\/lavras.tv\/site\/wp-content\/uploads\/2025\/03\/Banner_Saude_PortallavrasTV.png 720w, https:\/\/lavras.tv\/site\/wp-content\/uploads\/2025\/03\/Banner_Saude_PortallavrasTV-470x68.png 470w, https:\/\/lavras.tv\/site\/wp-content\/uploads\/2025\/03\/Banner_Saude_PortallavrasTV-170x25.png 170w, https:\/\/lavras.tv\/site\/wp-content\/uploads\/2025\/03\/Banner_Saude_PortallavrasTV-200x29.png 200w\" sizes=\"(max-width: 720px) 100vw, 720px\" width=\"720\" height=\"104\"   \/><\/a><\/li><li><div id=\"lavra-3712033523\" style=\"width:720px;height:104px;background-color:#ddd;overflow:scroll;\">\n\t<strong>Sa\u00edda da depura\u00e7\u00e3o de an\u00fancios<\/strong>\n\t<br><br>\n\tO an\u00fancio n\u00e3o \u00e9 exibido na p\u00e1gina<br><br>post atual: Candidatos \u00e0 dire\u00e7\u00e3o do Minist\u00e9rio P\u00fablico de Minas prometem multiplicar benef\u00edcios de promotores, ID: 4065<br><br><span style=\"color: red;\">O post atual n\u00e3o \u00e9 id\u00eantico ao post principal.<\/span><br><br>An\u00fancios: ROXO - TOPO INTERNA - ROTATIVO 2 (197)<br \/>Grupo de an\u00fancios: Princ_Meio01_720x104 (27)<br><br>Condi\u00e7\u00f5es de exibi\u00e7\u00e3o<div style=\"margin-bottom: 20px; white-space: pre-wrap; font-family: monospace; width: 100%; background: #ffe9e9;\"><strong>condi\u00e7\u00f5es gerais<\/strong><table border=\"1\"><thead><tr><th><\/th><th>An\u00fancios<\/th><th>wp_the_query<\/th><\/tr><\/thead><tr><td>is_main_query<\/td><td>1<\/td><td>1<\/td><\/tr><tr><td>is_rest_api<\/td><td>0<\/td><td>1<\/td><\/tr><tr><td>page<\/td><td>0<\/td><td>1<\/td><\/tr><tr><td>numpages<\/td><td>0<\/td><td>1<\/td><\/tr><tr><td>is_archive<\/td><td>1<\/td><td><\/td><\/tr><tr><td>is_search<\/td><td>1<\/td><td><\/td><\/tr><tr><td>is_home<\/td><td>1<\/td><td><\/td><\/tr><tr><td>is_404<\/td><td>1<\/td><td><\/td><\/tr><tr><td>is_attachment<\/td><td>1<\/td><td><\/td><\/tr><tr><td>is_singular<\/td><td>1<\/td><td><\/td><\/tr><tr><td>is_front_page<\/td><td>1<\/td><td><\/td><\/tr><tr><td>is_feed<\/td><td>1<\/td><td><\/td><\/tr><\/table><\/div><br><br><span style=\"color: red;\">Seu site usa HTTPS, mas o c\u00f3digo do an\u00fancio cont\u00e9m HTTP e pode n\u00e3o funcionar.<\/span>\t<br><br>\n\t<a style=\"color: green;\" href=\"https:\/\/wpadvancedads.com\/manual\/ad-debug-mode\/?utm_source=advanced-ads&utm_medium=link&utm_campaign=ad-debug-mode\" target=\"_blank\" rel=\"nofollow\">Encontre solu\u00e7\u00f5es no manual<\/a>\n<\/div>\n<\/li><\/ul><\/div><script>( window.advanced_ads_ready || jQuery( document ).ready ).call( null, function() {var $lavraslider3156857183 = jQuery( \".lavra-slider-3156857183\" );$lavraslider3156857183.on( \"unslider.ready\", function() { jQuery( \"div.custom-slider ul li\" ).css( \"display\", \"block\" ); });$lavraslider3156857183.unslider({ delay:4000, autoplay:true, nav:false, arrows:false, infinite:true });$lavraslider3156857183.on(\"mouseover\", function() {$lavraslider3156857183.unslider(\"stop\");}).on(\"mouseout\", function() {$lavraslider3156857183.unslider(\"start\");});});<\/script><\/div><p>Apesar da grave crise financeira que assola o pa\u00eds, da possibilidade de congelamento de gastos com sa\u00fade e educa\u00e7\u00e3o, e da guerra entre Judici\u00e1rio e Legislativo em torno dos supersal\u00e1rios, candidatos a chefe do Minist\u00e9rio P\u00fablico em Minas lan\u00e7aram m\u00e3o de uma s\u00e9rie de promessas para engordar os contracheques dos mais de mil procuradores e promotores de Justi\u00e7a do Estado.<!--more--><\/p>\n<p>Dois dos tr\u00eas mais votados na elei\u00e7\u00e3o interna do MP, os procuradores Jarbas Soares J\u00fanior e Ant\u00f4nio S\u00e9rgio Tonet apresentaram propostas como aux\u00edlio-moradia retroativo em cinco anos, volta do adicional por tempo de servi\u00e7o, aux\u00edlio-sa\u00fade para aposentados, indeniza\u00e7\u00e3o por plant\u00f5es de fim de semana e reajuste de di\u00e1rias de viagens. F\u00e9rias pagas duas vezes ao ano e aux\u00edlios livro e material de inform\u00e1tica completam a pauta de benesses.<\/p>\n<p>As propostas foram divulgadas nos sites dos candidatos, criados para a campanha.<\/p>\n<p>A lista tr\u00edplice, que inclui o procurador Waldemar Ant\u00f4nio de Arimateia, terceiro colocado no pleito e \u00fanico a pregar austeridade, j\u00e1 est\u00e1 nas m\u00e3os do governador Fernando Pimentel (PT). Ele tem at\u00e9 1\u00ba de dezembro para escolher qual dos tr\u00eas ser\u00e1 o novo n\u00famero 1 do MP. N\u00e3o h\u00e1 obrigatoriedade de optar pelo mais votado.<\/p>\n<p>Em Minas, promotores e procuradores recebem sal\u00e1rio bruto entre R$ 26,1 mil e R$ 30,4 mil. E j\u00e1 t\u00eam direito a v\u00e1rios benef\u00edcios, como bolsa moradia no valor de R$ 4.377 e aux\u00edlio-sa\u00fade de R$ 2.894. Ainda tem o aux\u00edlio-alimenta\u00e7\u00e3o, de R$ 799. Como s\u00e3o 1.024 procuradores e promotores, s\u00f3 com os aux\u00edlios pagos o cofre p\u00fablico estadual arca com despesa mensal de R$ 8,264 milh\u00f5es. Neste ano, o MP teve um or\u00e7amento de R$ 1,85 bilh\u00e3o. Para 2017, a expectativa \u00e9 a de que ultrapasse os R$ 2 bilh\u00f5es.<\/p>\n<p>Hoje, o teto do funcionalismo \u00e9 de R$ 33.763, o equivalente aos rendimentos dos ministros do Supremo Tribunal Federal (STF).<\/p>\n<p><strong>Vota\u00e7\u00e3o<\/strong><br \/>\n\u00c0 frente do MP de 2004 a 2008, durante a gest\u00e3o de A\u00e9cio Neves (PSDB), Jarbas Soares recebeu 572 votos, s\u00f3 10 a mais que Tonet. No site, ele destaca o \u201cperseverante trabalho pela recomposi\u00e7\u00e3o do subs\u00eddio\u201d, a atua\u00e7\u00e3o pela volta do adicional por tempo de servi\u00e7o, a cria\u00e7\u00e3o da \u201ccompensa\u00e7\u00e3o por exerc\u00edcio cumulativo de cargos\u201d, aux\u00edlio-sa\u00fade para aposentados, reajuste do valor das di\u00e1rias de viagens e a implementa\u00e7\u00e3o do aux\u00edlio para aperfei\u00e7oamento funcional.<\/p>\n<p>Jarbas Soares diz ainda que ir\u00e1 estudar a possibilidade de reconhecer o direito ao pagamento retroativo do aux\u00edlio-moradia.<\/p>\n<p>\u201cO que for de direito, n\u00f3s vamos defender. S\u00f3 temos uma fonte de renda, que \u00e9 o subs\u00eddio que o Estado nos paga. Al\u00e9m disso, quero atrair os melhores quadros, que buscam remunera\u00e7\u00e3o condizente com a fun\u00e7\u00e3o, que \u00e9 t\u00e3o importante\u201d, afirmou Soares.<\/p>\n<p>O procurador Ant\u00f4nio S\u00e9rgio Tonet prop\u00f5e \u201cuma pol\u00edtica remunerat\u00f3ria arrojada\u201d. Dentre as propostas est\u00e3o o estudo da retroatividade do aux\u00edlio-moradia, referente aos \u00faltimos cinco anos, revis\u00e3o dos valores pagos a t\u00edtulo de atrasados do Adicional por Tempo de Servi\u00e7o, al\u00e9m do retorno da pol\u00edtica de indeniza\u00e7\u00e3o de dois per\u00edodos de f\u00e9rias por ano.<\/p>\n<p>O programa cita ainda a inclus\u00e3o na proposta or\u00e7ament\u00e1ria de 2018 de indeniza\u00e7\u00e3o dos plant\u00f5es de fim de semana e regulamenta\u00e7\u00e3o do aux\u00edlio livro e de material de inform\u00e1tica.<\/p>\n<p>\u201cA remunera\u00e7\u00e3o tem que estar adequada ao or\u00e7amento e \u00e0 Lei de Responsabilidade Fiscal. O que for poss\u00edvel dentro da realidade ser\u00e1 feito\u201d, disse Tonet, que afirmou aguardar com \u201cserenidade\u201d a decis\u00e3o do governador.<\/p>\n<p><strong>Austeridade<\/strong><br \/>\nArimateia \u00e9 o \u00fanico que prega austeridade nos gastos. No site, diz que \u201ctodas as medidas de inova\u00e7\u00e3o [\/TEXTO]institucional, principalmente aquelas que possam ter impacto or\u00e7ament\u00e1rio, devem passar previamente pela an\u00e1lise desses efeitos, a m\u00e9dio e a longo prazo\u201d.<\/p>\n<p>Em entrevista, Arimateia afirmou que se Pimentel optar por um nome que leva em conta os ajustes ele ser\u00e1 o escolhido. \u201cGanhamos o que \u00e9 devido. Temos que estar atentos \u00e0 situa\u00e7\u00e3o do Estado e do pa\u00eds. N\u00e3o estamos numa bolha\u201d, disse.<br \/>\n<strong>Jarbas Soares<\/strong><\/p>\n<div class=\"imageWrap w653 align-center\">\n<div class=\"image\">\n<div class=\"byline\">\n<div class=\"image\">\n<div class=\"byline\">MPMG\/Divulga\u00e7\u00e3o<\/div>\n<\/div>\n<\/div>\n<p><img decoding=\"async\" class=\"aligncenter\" title=\"Cr\u00e9ditos: mpmg\/divulga\u00e7\u00e3o\" src=\"http:\/\/hojeemdia.com.br\/polopoly_fs\/1.428137!\/image\/image.jpg_gen\/derivatives\/landscape_653\/image.jpg\" alt=\"Jarbas Soares\" \/><\/div>\n<\/div>\n<p>Natural de Montes Claros, ingressou no Minist\u00e9rio P\u00fablico de Minas Gerais em 1990. Foi promovido ao cargo de procurador de Justi\u00e7a em maio de 2001 e nomeado para atuar perante a 5\u00aa C\u00e2mara do Tribunal de Justi\u00e7a.<br \/>\nEm 2004, participou da elei\u00e7\u00e3o interna do MP para procurador geral e ficou em terceiro lugar, mas foi o nome escolhido pelo governador A\u00e9cio Neves.<br \/>\nExerceu as fun\u00e7\u00f5es de conselheiro do Conselho Nacional do Minist\u00e9rio P\u00fablico (CNMP) nos bi\u00eanios 2011\/2013 e 2013\/2015.<\/p>\n<p><strong>Ant\u00f4nio S\u00e9rgio Tonet<\/strong><\/p>\n<div class=\"imageWrap w653 align-center\">\n<div class=\"image\">\n<div class=\"byline\">MPMG\/Divulga\u00e7\u00e3o<\/div>\n<p><img decoding=\"async\" class=\"aligncenter\" title=\"Cr\u00e9ditos: mpmg\/divulga\u00e7\u00e3o\" src=\"http:\/\/hojeemdia.com.br\/polopoly_fs\/1.428138!\/image\/image.jpg_gen\/derivatives\/landscape_653\/image.jpg\" alt=\"Ant\u00f4nio Sergio Tonet\" \/><\/div>\n<\/div>\n<p>Natural de Adamantina, ingressou no MPMG em 1986. Exerceu a fun\u00e7\u00e3o de chefe de gabinete da Procuradoria-Geral. Promovido a procurador de Justi\u00e7a em 2002. Dois anos depois, foi o mais votado na elei\u00e7\u00e3o interna para chefe do MP, mas perdeu a vaga para Jarbas Soares, escolhido por A\u00e9cio Neves. J\u00e1 esteve na lista tr\u00edplice por 4 vezes. Foi eleito pelo Conselho Curador da Funda\u00e7\u00e3o Escola Superior do Minist\u00e9rio P\u00fablico para exercer a fun\u00e7\u00e3o de presidente (2013\/2017), cargo ao qual renunciou para se dedicar \u00e0 campanha.<\/p>\n<p><strong>Waldemar Ant\u00f4nio de Arimateia<\/strong><\/p>\n<div class=\"imageWrap w653 align-center\">\n<div class=\"image\">\n<div class=\"byline\">\n<div class=\"image\">\n<div class=\"byline\">MPMG\/Divulga\u00e7\u00e3o<\/div>\n<\/div>\n<\/div>\n<p><img decoding=\"async\" class=\"aligncenter\" title=\"Cr\u00e9ditos: mpmg\/divulga\u00e7\u00e3o\" src=\"http:\/\/hojeemdia.com.br\/polopoly_fs\/1.428132!\/image\/image.jpg_gen\/derivatives\/landscape_653\/image.jpg\" alt=\"Waldemar de Arimateia\" \/><\/div>\n<\/div>\n<p>Natural de Par\u00e1 de Minas, ingressou no MPMG em 1991. Na capital, foi promotor de Justi\u00e7a na Fazenda P\u00fablica e no 2\u00ba Tribunal do J\u00fari. Foi assessor especial da Procuradoria-Geral na gest\u00e3o de Epaminondas Fulg\u00eancio. Promovido por \u201dtempo de casa\u201d a procurador de Justi\u00e7a, \u00e9 titular da Procuradoria de Justi\u00e7a de Habeas Corpus. Foi Procurador-Geral de Justi\u00e7a Adjunto Institucional na administra\u00e7\u00e3o de Alceu Torres Marques e de Procurador-Geral de Justi\u00e7a Adjunto Jur\u00eddico na gest\u00e3o de Carlos Andr\u00e9 Mariani Bittencourt, atual n\u00famero 1 do MP.<\/p>\n<p>Fonte: Hoje em Dia<\/p>\n","protected":false},"excerpt":{"rendered":"<p>Apesar da grave crise financeira que assola o pa\u00eds, da possibilidade de congelamento de gastos com sa\u00fade e educa\u00e7\u00e3o, e da guerra entre Judici\u00e1rio e Legislativo em torno dos supersal\u00e1rios, candidatos a chefe do Minist\u00e9rio P\u00fablico em Minas lan\u00e7aram m\u00e3o de uma s\u00e9rie de promessas para engordar os contracheques dos mais de mil procuradores e [&hellip;]<\/p>\n","protected":false},"author":2,"featured_media":4066,"comment_status":"closed","ping_status":"open","sticky":false,"template":"","format":"standard","meta":{"advgb_blocks_editor_width":"","advgb_blocks_columns_visual_guide":"","_exactmetrics_skip_tracking":false,"_exactmetrics_sitenote_active":false,"_exactmetrics_sitenote_note":"","_exactmetrics_sitenote_category":0,"footnotes":""},"categories":[12],"tags":[1476,1477,1475],"class_list":["post-4065","post","type-post","status-publish","format-standard","has-post-thumbnail","hentry","category-politica","tag-beneficios","tag-candidatos-a-direcao","tag-ministerio-publico-de-minas-gerais"],"better_featured_image":{"id":4066,"alt_text":"","caption":"","description":"","media_type":"image","media_details":{"width":495,"height":540,"file":"2016\/11\/mp.jpg","sizes":{"thumbnail":{"file":"mp-138x150.jpg","width":138,"height":150,"mime-type":"image\/jpeg","source_url":"https:\/\/lavras.tv\/site\/wp-content\/uploads\/2016\/11\/mp-138x150.jpg"},"medium":{"file":"mp-275x300.jpg","width":275,"height":300,"mime-type":"image\/jpeg","source_url":"https:\/\/lavras.tv\/site\/wp-content\/uploads\/2016\/11\/mp-275x300.jpg"},"featured-slider-img":{"file":"mp-495x480.jpg","width":495,"height":480,"mime-type":"image\/jpeg","source_url":"https:\/\/lavras.tv\/site\/wp-content\/uploads\/2016\/11\/mp-495x480.jpg"},"featured-post-img":{"file":"mp-480x320.jpg","width":480,"height":320,"mime-type":"image\/jpeg","source_url":"https:\/\/lavras.tv\/site\/wp-content\/uploads\/2016\/11\/mp-480x320.jpg"},"sow-carousel-default":{"file":"mp-272x182.jpg","width":272,"height":182,"mime-type":"image\/jpeg","source_url":"https:\/\/lavras.tv\/site\/wp-content\/uploads\/2016\/11\/mp-272x182.jpg"}},"image_meta":{"aperture":"0","credit":"","camera":"","caption":"","created_timestamp":"0","copyright":"","focal_length":"0","iso":"0","shutter_speed":"0","title":"","orientation":"0","keywords":[]}},"post":4065,"source_url":"https:\/\/lavras.tv\/site\/wp-content\/uploads\/2016\/11\/mp.jpg"},"author_meta":{"display_name":"Lavras TV","author_link":"https:\/\/lavras.tv\/site\/author\/lavrastv\/"},"featured_img":"https:\/\/lavras.tv\/site\/wp-content\/uploads\/2016\/11\/mp-275x300.jpg","coauthors":[],"tax_additional":{"categories":{"linked":["<a href=\"https:\/\/lavras.tv\/site\/category\/politica\/\" class=\"advgb-post-tax-term\">Pol\u00edtica<\/a>"],"unlinked":["<span class=\"advgb-post-tax-term\">Pol\u00edtica<\/span>"]},"tags":{"linked":["<a href=\"https:\/\/lavras.tv\/site\/category\/politica\/\" class=\"advgb-post-tax-term\">benef\u00edcios<\/a>","<a href=\"https:\/\/lavras.tv\/site\/category\/politica\/\" class=\"advgb-post-tax-term\">candidatos \u00e0 dire\u00e7\u00e3o<\/a>","<a href=\"https:\/\/lavras.tv\/site\/category\/politica\/\" class=\"advgb-post-tax-term\">Minist\u00e9rio P\u00fablico de Minas Gerais<\/a>"],"unlinked":["<span class=\"advgb-post-tax-term\">benef\u00edcios<\/span>","<span class=\"advgb-post-tax-term\">candidatos \u00e0 dire\u00e7\u00e3o<\/span>","<span class=\"advgb-post-tax-term\">Minist\u00e9rio P\u00fablico de Minas Gerais<\/span>"]}},"comment_count":"0","relative_dates":{"created":"Publicado 9 anos atr\u00e1s","modified":"Atualizado 9 anos atr\u00e1s"},"absolute_dates":{"created":"Publicado em 18 de novembro de 2016","modified":"Atualizado em 18 de novembro de 2016"},"absolute_dates_time":{"created":"Publicado em 18 de novembro de 2016 11:58","modified":"Atualizado em 18 de novembro de 2016 11:58"},"featured_img_caption":"","series_order":"","_links":{"self":[{"href":"https:\/\/lavras.tv\/site\/wp-json\/wp\/v2\/posts\/4065","targetHints":{"allow":["GET"]}}],"collection":[{"href":"https:\/\/lavras.tv\/site\/wp-json\/wp\/v2\/posts"}],"about":[{"href":"https:\/\/lavras.tv\/site\/wp-json\/wp\/v2\/types\/post"}],"author":[{"embeddable":true,"href":"https:\/\/lavras.tv\/site\/wp-json\/wp\/v2\/users\/2"}],"replies":[{"embeddable":true,"href":"https:\/\/lavras.tv\/site\/wp-json\/wp\/v2\/comments?post=4065"}],"version-history":[{"count":1,"href":"https:\/\/lavras.tv\/site\/wp-json\/wp\/v2\/posts\/4065\/revisions"}],"predecessor-version":[{"id":4067,"href":"https:\/\/lavras.tv\/site\/wp-json\/wp\/v2\/posts\/4065\/revisions\/4067"}],"wp:featuredmedia":[{"embeddable":true,"href":"https:\/\/lavras.tv\/site\/wp-json\/wp\/v2\/media\/4066"}],"wp:attachment":[{"href":"https:\/\/lavras.tv\/site\/wp-json\/wp\/v2\/media?parent=4065"}],"wp:term":[{"taxonomy":"category","embeddable":true,"href":"https:\/\/lavras.tv\/site\/wp-json\/wp\/v2\/categories?post=4065"},{"taxonomy":"post_tag","embeddable":true,"href":"https:\/\/lavras.tv\/site\/wp-json\/wp\/v2\/tags?post=4065"}],"curies":[{"name":"wp","href":"https:\/\/api.w.org\/{rel}","templated":true}]}}