{"id":40875,"date":"2019-08-22T09:45:20","date_gmt":"2019-08-22T12:45:20","guid":{"rendered":"http:\/\/lavras.tv\/site\/?p=40875"},"modified":"2019-08-22T09:45:20","modified_gmt":"2019-08-22T12:45:20","slug":"pedido-de-expulsao-de-aecio-neves-e-rejeitado-pela-executiva-nacional-do-psdb","status":"publish","type":"post","link":"https:\/\/lavras.tv\/site\/2019\/08\/22\/pedido-de-expulsao-de-aecio-neves-e-rejeitado-pela-executiva-nacional-do-psdb\/","title":{"rendered":"Pedido de expuls\u00e3o de A\u00e9cio Neves \u00e9 rejeitado pela executiva nacional do PSDB"},"content":{"rendered":"<div class=\"lavra-antes-do-conteudo_2\" id=\"lavra-2276411053\"><div id=\"lavra-slider-27\" class=\"custom-slider lavra-slider-4058590984 lavra-slider\"><ul><li><div style=\"margin-left: auto;margin-right: auto;text-align: center;\" id=\"lavra-2216049912\"><a href=\"https:\/\/sistemas.lavras.mg.gov.br\/portalcidadao\/#df1b1a7c7b2a290bcb31e32771e610784662739a88807c0dacac58ede5f391a7530e299dc302d611ee73cb143fc22eaf93592e53e7b5bdb01b00a0b8d28dae460c141dd2ff83412e4dc1c31b16b25f33144a9e5620ea73b13f5bc1c59411d98439ad226e8af03840603796067d87afe130812cf3de24982d0e306f9e61e764e5\" aria-label=\"Lavras-TV&#8211;720x104px (1) (1)\"><img src=\"https:\/\/lavras.tv\/site\/wp-content\/uploads\/2025\/01\/Lavras-TV-720x104px-1-1.png\" alt=\"\"  srcset=\"https:\/\/lavras.tv\/site\/wp-content\/uploads\/2025\/01\/Lavras-TV-720x104px-1-1.png 720w, https:\/\/lavras.tv\/site\/wp-content\/uploads\/2025\/01\/Lavras-TV-720x104px-1-1-470x68.png 470w, https:\/\/lavras.tv\/site\/wp-content\/uploads\/2025\/01\/Lavras-TV-720x104px-1-1-170x25.png 170w, https:\/\/lavras.tv\/site\/wp-content\/uploads\/2025\/01\/Lavras-TV-720x104px-1-1-200x29.png 200w\" sizes=\"(max-width: 720px) 100vw, 720px\" width=\"720\" height=\"104\"  style=\"display: inline-block;\" \/><\/a><\/div><\/li><li><a href=\"https:\/\/sistemas.lavras.mg.gov.br\/portalcidadao\/#df1b1a7c7b2a290bcb31e32771e610784662739a88807c0dacac58ede5f391a7530e299dc302d611ee73cb143fc22eaf93592e53e7b5bdb01b00a0b8d28dae460c141dd2ff83412e4dc1c31b16b25f33144a9e5620ea73b13f5bc1c59411d98439ad226e8af03840603796067d87afe130812cf3de24982d0e306f9e61e764e5\" aria-label=\"Banner_Emprego_PortallavrasTV\"><img src=\"https:\/\/lavras.tv\/site\/wp-content\/uploads\/2025\/03\/Banner_Emprego_PortallavrasTV.png\" alt=\"\"  srcset=\"https:\/\/lavras.tv\/site\/wp-content\/uploads\/2025\/03\/Banner_Emprego_PortallavrasTV.png 720w, https:\/\/lavras.tv\/site\/wp-content\/uploads\/2025\/03\/Banner_Emprego_PortallavrasTV-470x68.png 470w, https:\/\/lavras.tv\/site\/wp-content\/uploads\/2025\/03\/Banner_Emprego_PortallavrasTV-170x25.png 170w, https:\/\/lavras.tv\/site\/wp-content\/uploads\/2025\/03\/Banner_Emprego_PortallavrasTV-200x29.png 200w\" sizes=\"(max-width: 720px) 100vw, 720px\" width=\"720\" height=\"104\"   \/><\/a><\/li><li><a href=\"https:\/\/sistemas.lavras.mg.gov.br\/portalcidadao\/#df1b1a7c7b2a290bcb31e32771e610784662739a88807c0dacac58ede5f391a7530e299dc302d611ee73cb143fc22eaf93592e53e7b5bdb01b00a0b8d28dae460c141dd2ff83412e4dc1c31b16b25f33144a9e5620ea73b13f5bc1c59411d98439ad226e8af03840603796067d87afe130812cf3de24982d0e306f9e61e764e5\" aria-label=\"Banner_Obras_PortallavrasTV\"><img src=\"https:\/\/lavras.tv\/site\/wp-content\/uploads\/2025\/03\/Banner_Obras_PortallavrasTV.png\" alt=\"\"  srcset=\"https:\/\/lavras.tv\/site\/wp-content\/uploads\/2025\/03\/Banner_Obras_PortallavrasTV.png 720w, https:\/\/lavras.tv\/site\/wp-content\/uploads\/2025\/03\/Banner_Obras_PortallavrasTV-470x68.png 470w, https:\/\/lavras.tv\/site\/wp-content\/uploads\/2025\/03\/Banner_Obras_PortallavrasTV-170x25.png 170w, https:\/\/lavras.tv\/site\/wp-content\/uploads\/2025\/03\/Banner_Obras_PortallavrasTV-200x29.png 200w\" sizes=\"(max-width: 720px) 100vw, 720px\" width=\"720\" height=\"104\"   \/><\/a><\/li><li><div style=\"margin-left: auto;margin-right: auto;text-align: center;\" id=\"lavra-1444706405\"><a href=\"https:\/\/sistemas.lavras.mg.gov.br\/portalcidadao\/#df1b1a7c7b2a290bcb31e32771e610784662739a88807c0dacac58ede5f391a7530e299dc302d611ee73cb143fc22eaf93592e53e7b5bdb01b00a0b8d28dae460c141dd2ff83412e4dc1c31b16b25f33144a9e5620ea73b13f5bc1c59411d98439ad226e8af03840603796067d87afe130812cf3de24982d0e306f9e61e764e5\" aria-label=\"Banner_Educa\u00e7\u00e3o_PortallavrasTV\"><img src=\"https:\/\/lavras.tv\/site\/wp-content\/uploads\/2025\/01\/Banner_Educacao_PortallavrasTV.png\" alt=\"\"  srcset=\"https:\/\/lavras.tv\/site\/wp-content\/uploads\/2025\/01\/Banner_Educacao_PortallavrasTV.png 720w, https:\/\/lavras.tv\/site\/wp-content\/uploads\/2025\/01\/Banner_Educacao_PortallavrasTV-470x68.png 470w, https:\/\/lavras.tv\/site\/wp-content\/uploads\/2025\/01\/Banner_Educacao_PortallavrasTV-170x25.png 170w, https:\/\/lavras.tv\/site\/wp-content\/uploads\/2025\/01\/Banner_Educacao_PortallavrasTV-200x29.png 200w\" sizes=\"(max-width: 720px) 100vw, 720px\" width=\"720\" height=\"104\"  style=\"display: inline-block;\" \/><\/a><\/div><\/li><li><a href=\"https:\/\/sistemas.lavras.mg.gov.br\/portalcidadao\/#df1b1a7c7b2a290bcb31e32771e610784662739a88807c0dacac58ede5f391a7530e299dc302d611ee73cb143fc22eaf93592e53e7b5bdb01b00a0b8d28dae460c141dd2ff83412e4dc1c31b16b25f33144a9e5620ea73b13f5bc1c59411d98439ad226e8af03840603796067d87afe130812cf3de24982d0e306f9e61e764e5\" aria-label=\"Banner_Sa\u00fade_PortallavrasTV\"><img src=\"https:\/\/lavras.tv\/site\/wp-content\/uploads\/2025\/03\/Banner_Saude_PortallavrasTV.png\" alt=\"\"  srcset=\"https:\/\/lavras.tv\/site\/wp-content\/uploads\/2025\/03\/Banner_Saude_PortallavrasTV.png 720w, https:\/\/lavras.tv\/site\/wp-content\/uploads\/2025\/03\/Banner_Saude_PortallavrasTV-470x68.png 470w, https:\/\/lavras.tv\/site\/wp-content\/uploads\/2025\/03\/Banner_Saude_PortallavrasTV-170x25.png 170w, https:\/\/lavras.tv\/site\/wp-content\/uploads\/2025\/03\/Banner_Saude_PortallavrasTV-200x29.png 200w\" sizes=\"(max-width: 720px) 100vw, 720px\" width=\"720\" height=\"104\"   \/><\/a><\/li><li><div id=\"lavra-267228491\" style=\"width:720px;height:104px;background-color:#ddd;overflow:scroll;\">\n\t<strong>Sa\u00edda da depura\u00e7\u00e3o de an\u00fancios<\/strong>\n\t<br><br>\n\tO an\u00fancio n\u00e3o \u00e9 exibido na p\u00e1gina<br><br>post atual: Pedido de expuls\u00e3o de A\u00e9cio Neves \u00e9 rejeitado pela executiva nacional do PSDB, ID: 40875<br><br><span style=\"color: red;\">O post atual n\u00e3o \u00e9 id\u00eantico ao post principal.<\/span><br><br>An\u00fancios: ROXO - TOPO INTERNA - ROTATIVO 2 (197)<br \/>Grupo de an\u00fancios: Princ_Meio01_720x104 (27)<br><br>Condi\u00e7\u00f5es de exibi\u00e7\u00e3o<div style=\"margin-bottom: 20px; white-space: pre-wrap; font-family: monospace; width: 100%; background: #ffe9e9;\"><strong>condi\u00e7\u00f5es gerais<\/strong><table border=\"1\"><thead><tr><th><\/th><th>An\u00fancios<\/th><th>wp_the_query<\/th><\/tr><\/thead><tr><td>is_main_query<\/td><td>1<\/td><td>1<\/td><\/tr><tr><td>is_rest_api<\/td><td>0<\/td><td>1<\/td><\/tr><tr><td>page<\/td><td>0<\/td><td>1<\/td><\/tr><tr><td>numpages<\/td><td>0<\/td><td>1<\/td><\/tr><tr><td>is_archive<\/td><td>1<\/td><td><\/td><\/tr><tr><td>is_search<\/td><td>1<\/td><td><\/td><\/tr><tr><td>is_home<\/td><td>1<\/td><td><\/td><\/tr><tr><td>is_404<\/td><td>1<\/td><td><\/td><\/tr><tr><td>is_attachment<\/td><td>1<\/td><td><\/td><\/tr><tr><td>is_singular<\/td><td>1<\/td><td><\/td><\/tr><tr><td>is_front_page<\/td><td>1<\/td><td><\/td><\/tr><tr><td>is_feed<\/td><td>1<\/td><td><\/td><\/tr><\/table><\/div><br><br><span style=\"color: red;\">Seu site usa HTTPS, mas o c\u00f3digo do an\u00fancio cont\u00e9m HTTP e pode n\u00e3o funcionar.<\/span>\t<br><br>\n\t<a style=\"color: green;\" href=\"https:\/\/wpadvancedads.com\/manual\/ad-debug-mode\/?utm_source=advanced-ads&utm_medium=link&utm_campaign=ad-debug-mode\" target=\"_blank\" rel=\"nofollow\">Encontre solu\u00e7\u00f5es no manual<\/a>\n<\/div>\n<\/li><\/ul><\/div><script>( window.advanced_ads_ready || jQuery( document ).ready ).call( null, function() {var $lavraslider4058590984 = jQuery( \".lavra-slider-4058590984\" );$lavraslider4058590984.on( \"unslider.ready\", function() { jQuery( \"div.custom-slider ul li\" ).css( \"display\", \"block\" ); });$lavraslider4058590984.unslider({ delay:4000, autoplay:true, nav:false, arrows:false, infinite:true });$lavraslider4058590984.on(\"mouseover\", function() {$lavraslider4058590984.unslider(\"stop\");}).on(\"mouseout\", function() {$lavraslider4058590984.unslider(\"start\");});});<\/script><\/div><p>A executiva nacional do PSDB rejeitou o pedido de expuls\u00e3o do partido do deputado A\u00e9cio Neves (PSDB-MG). <!--more-->Em uma reuni\u00e3o que durou cerca de cinco horas, o deputado Celso Sabino (PSDB-PA) apresentou seu parecer contra a representa\u00e7\u00e3o feita pelos diret\u00f3rios municipal e estadual do partido em S\u00e3o Paulo que pedia a sa\u00edda do ex-candidato \u00e0 Presid\u00eancia da Rep\u00fablica. Sabino considerou que n\u00e3o havia motivos e pediu pela rejei\u00e7\u00e3o. &#8220;Deputado n\u00e3o tem nenhuma condena\u00e7\u00e3o&#8221;, disse. &#8220;Partido n\u00e3o tem motivos para fazer a expuls\u00e3o&#8221;, disse.<\/p>\n<p><img fetchpriority=\"high\" decoding=\"async\" class=\"alignnone size-full wp-image-40876 aligncenter\" src=\"http:\/\/lavras.tv\/site\/wp-content\/uploads\/2019\/08\/aecio21-08-2019_21-0.jpg\" alt=\"\" width=\"650\" height=\"437\" srcset=\"https:\/\/lavras.tv\/site\/wp-content\/uploads\/2019\/08\/aecio21-08-2019_21-0.jpg 650w, https:\/\/lavras.tv\/site\/wp-content\/uploads\/2019\/08\/aecio21-08-2019_21-0-150x101.jpg 150w, https:\/\/lavras.tv\/site\/wp-content\/uploads\/2019\/08\/aecio21-08-2019_21-0-300x202.jpg 300w, https:\/\/lavras.tv\/site\/wp-content\/uploads\/2019\/08\/aecio21-08-2019_21-0-272x182.jpg 272w\" sizes=\"(max-width: 650px) 100vw, 650px\" \/><\/p>\n<p>A maioria dos membros presentes votou com o relator e, com isso, o pedido foi rejeitado. Foram 30 votos a favor. Apenas quatro foram contra o relat\u00f3rio e pediram para que o processo de expuls\u00e3o fosse aberto. Foram eles, o deputado Samuel Moreira (PSDB-SP), o prefeito de S\u00e3o Bernardo, Orlando Morando, o tesoureiro do partido C\u00e9sar Gontijo e o secret\u00e1rio de Sa\u00fade de S\u00e3o Paulo, Edson Aparecido. Houve uma absten\u00e7\u00e3o do l\u00edder do PSDB na C\u00e2mara, Carlos Sampaio (PSDB-SP).<\/p>\n<p>A rejei\u00e7\u00e3o do pedido de expuls\u00e3o \u00e9 considerada como uma derrota ao governador de S\u00e3o Paulo, Jo\u00e3o Doria, um dos principais defensores da expuls\u00e3o de A\u00e9cio do partido. O movimento para expulsar A\u00e9cio \u00e9 parte do que Doria chamou de &#8220;faxina \u00e9tica&#8221; no PSDB, que ano passado teve o pior desempenho eleitoral de sua hist\u00f3ria. H\u00e1 o temor de que a perman\u00eancia de A\u00e9cio no partido atrapalhe os planos eleitorais de Doria, para a Presid\u00eancia em 2022, e de Bruno Covas, prefeito de S\u00e3o Paulo, que disputar\u00e1 a recondu\u00e7\u00e3o ao cargo nas elei\u00e7\u00f5es do ano que vem.<\/p>\n<p>O presidente do partido, Bruno Ara\u00fajo, disse que a decis\u00e3o foi democr\u00e1tica e negou significasse uma derrota a Doria. &#8220;Jo\u00e3o Doria \u00e9 um aliado e um pr\u00e9-candidato a presidente de todos n\u00f3s no partido. \u00c9 uma discuss\u00e3o aparteada de rela\u00e7\u00f5es pessoais e pol\u00edticas&#8221;, disse.<\/p>\n<p>Segundo Ara\u00fajo, o PSDB respeitou as inst\u00e2ncias do partido de forma democr\u00e1tica. &#8220;Em cinco horas, o partido decidiu pelo arquivamento&#8221;, disse. &#8220;O assunto A\u00e9cio Neves em rela\u00e7\u00e3o aos fatos apresentados est\u00e1 encerrado&#8221;, afirmou. Segundo ele, mesmo que chegue qualquer nova representa\u00e7\u00e3o pedindo a expuls\u00e3o de A\u00e9cio, em rela\u00e7\u00e3o aos mesmos fatos, isso ser\u00e1 arquivado.<\/p>\n<p>A\u00e9cio \u00e9 alvo de ao menos oito inqu\u00e9ritos, abertos ap\u00f3s dela\u00e7\u00f5es da Odebrecht, da JBS e do ex-senador petista Delc\u00eddio do Amaral, e tamb\u00e9m \u00e9 r\u00e9u ainda n\u00e3o julgado, sob acusa\u00e7\u00e3o de corrup\u00e7\u00e3o passiva e obstru\u00e7\u00e3o da Justi\u00e7a. Para alguns, ele \u00e9 uma mancha na imagem dos tucanos, para outros ele est\u00e1 apenas sendo sacrificado em prol da pr\u00e9-campanha de Doria ao Pal\u00e1cio do Planalto.<\/p>\n<p>Para A\u00e9cio, a decis\u00e3o do partido foi democr\u00e1tica. &#8220;O partido tomou uma decis\u00e3o serena e democr\u00e1tica, n\u00e3o h\u00e1 aqui vitoriosos e vencidos&#8221;, afirmou o deputado. &#8220;Acho que isso permitir\u00e1 que o PSDB cumpra seu papel de um partido de centro, com a grave preocupa\u00e7\u00e3o social e que pode voltar a ser protagonista no processo pol\u00edtico brasileiro&#8221;, afirmou A\u00e9cio.<\/p>\n<p>Questionado se a decis\u00e3o era uma derrota a Doria, ele disse que n\u00e3o v\u00ea dessa forma. &#8220;Decis\u00e3o respeita estatuto e hist\u00f3ria daqueles que constru\u00edram hist\u00f3ria do PSDB. O partido simplesmente disse que tem regras&#8221;, afirmou.<\/p>\n<p>Fonte: Itatiaia<\/p>\n","protected":false},"excerpt":{"rendered":"<p>A executiva nacional do PSDB rejeitou o pedido de expuls\u00e3o do partido do deputado A\u00e9cio Neves (PSDB-MG).<\/p>\n","protected":false},"author":2,"featured_media":40876,"comment_status":"closed","ping_status":"open","sticky":false,"template":"","format":"standard","meta":{"advgb_blocks_editor_width":"","advgb_blocks_columns_visual_guide":"","_exactmetrics_skip_tracking":false,"_exactmetrics_sitenote_active":false,"_exactmetrics_sitenote_note":"","_exactmetrics_sitenote_category":0,"footnotes":""},"categories":[7,12],"tags":[],"class_list":["post-40875","post","type-post","status-publish","format-standard","has-post-thumbnail","hentry","category-destaques","category-politica"],"better_featured_image":{"id":40876,"alt_text":"","caption":"","description":"","media_type":"image","media_details":{"width":650,"height":437,"file":"2019\/08\/aecio21-08-2019_21-0.jpg","sizes":{"thumbnail":{"file":"aecio21-08-2019_21-0-150x101.jpg","width":150,"height":101,"mime-type":"image\/jpeg","source_url":"https:\/\/lavras.tv\/site\/wp-content\/uploads\/2019\/08\/aecio21-08-2019_21-0-150x101.jpg"},"medium":{"file":"aecio21-08-2019_21-0-300x202.jpg","width":300,"height":202,"mime-type":"image\/jpeg","source_url":"https:\/\/lavras.tv\/site\/wp-content\/uploads\/2019\/08\/aecio21-08-2019_21-0-300x202.jpg"},"featured-slider-img":{"file":"aecio21-08-2019_21-0-640x437.jpg","width":640,"height":437,"mime-type":"image\/jpeg","source_url":"https:\/\/lavras.tv\/site\/wp-content\/uploads\/2019\/08\/aecio21-08-2019_21-0-640x437.jpg"},"featured-post-img":{"file":"aecio21-08-2019_21-0-480x320.jpg","width":480,"height":320,"mime-type":"image\/jpeg","source_url":"https:\/\/lavras.tv\/site\/wp-content\/uploads\/2019\/08\/aecio21-08-2019_21-0-480x320.jpg"},"sow-carousel-default":{"file":"aecio21-08-2019_21-0-272x182.jpg","width":272,"height":182,"mime-type":"image\/jpeg","source_url":"https:\/\/lavras.tv\/site\/wp-content\/uploads\/2019\/08\/aecio21-08-2019_21-0-272x182.jpg"}},"image_meta":{"aperture":"0","credit":"","camera":"","caption":"","created_timestamp":"0","copyright":"","focal_length":"0","iso":"0","shutter_speed":"0","title":"","orientation":"0","keywords":[]}},"post":40875,"source_url":"https:\/\/lavras.tv\/site\/wp-content\/uploads\/2019\/08\/aecio21-08-2019_21-0.jpg"},"author_meta":{"display_name":"Lavras TV","author_link":"https:\/\/lavras.tv\/site\/author\/lavrastv\/"},"featured_img":"https:\/\/lavras.tv\/site\/wp-content\/uploads\/2019\/08\/aecio21-08-2019_21-0-300x202.jpg","coauthors":[],"tax_additional":{"categories":{"linked":["<a href=\"https:\/\/lavras.tv\/site\/category\/destaques\/\" class=\"advgb-post-tax-term\">Destaques<\/a>","<a href=\"https:\/\/lavras.tv\/site\/category\/politica\/\" class=\"advgb-post-tax-term\">Pol\u00edtica<\/a>"],"unlinked":["<span class=\"advgb-post-tax-term\">Destaques<\/span>","<span class=\"advgb-post-tax-term\">Pol\u00edtica<\/span>"]}},"comment_count":"0","relative_dates":{"created":"Publicado 7 anos atr\u00e1s","modified":"Atualizado 7 anos atr\u00e1s"},"absolute_dates":{"created":"Publicado em 22 de agosto de 2019","modified":"Atualizado em 22 de agosto de 2019"},"absolute_dates_time":{"created":"Publicado em 22 de agosto de 2019 09:45","modified":"Atualizado em 22 de agosto de 2019 09:45"},"featured_img_caption":"","series_order":"","_links":{"self":[{"href":"https:\/\/lavras.tv\/site\/wp-json\/wp\/v2\/posts\/40875","targetHints":{"allow":["GET"]}}],"collection":[{"href":"https:\/\/lavras.tv\/site\/wp-json\/wp\/v2\/posts"}],"about":[{"href":"https:\/\/lavras.tv\/site\/wp-json\/wp\/v2\/types\/post"}],"author":[{"embeddable":true,"href":"https:\/\/lavras.tv\/site\/wp-json\/wp\/v2\/users\/2"}],"replies":[{"embeddable":true,"href":"https:\/\/lavras.tv\/site\/wp-json\/wp\/v2\/comments?post=40875"}],"version-history":[{"count":1,"href":"https:\/\/lavras.tv\/site\/wp-json\/wp\/v2\/posts\/40875\/revisions"}],"predecessor-version":[{"id":40877,"href":"https:\/\/lavras.tv\/site\/wp-json\/wp\/v2\/posts\/40875\/revisions\/40877"}],"wp:featuredmedia":[{"embeddable":true,"href":"https:\/\/lavras.tv\/site\/wp-json\/wp\/v2\/media\/40876"}],"wp:attachment":[{"href":"https:\/\/lavras.tv\/site\/wp-json\/wp\/v2\/media?parent=40875"}],"wp:term":[{"taxonomy":"category","embeddable":true,"href":"https:\/\/lavras.tv\/site\/wp-json\/wp\/v2\/categories?post=40875"},{"taxonomy":"post_tag","embeddable":true,"href":"https:\/\/lavras.tv\/site\/wp-json\/wp\/v2\/tags?post=40875"}],"curies":[{"name":"wp","href":"https:\/\/api.w.org\/{rel}","templated":true}]}}