{"id":4095,"date":"2016-11-21T10:52:11","date_gmt":"2016-11-21T12:52:11","guid":{"rendered":"http:\/\/lavras.tv\/site\/?p=4095"},"modified":"2016-11-21T10:52:11","modified_gmt":"2016-11-21T12:52:11","slug":"vicintin-acusa-arbitro-de-perseguir-arrascaeta-e-meia-confirma-que-tomem-providencias","status":"publish","type":"post","link":"https:\/\/lavras.tv\/site\/2016\/11\/21\/vicintin-acusa-arbitro-de-perseguir-arrascaeta-e-meia-confirma-que-tomem-providencias\/","title":{"rendered":"Vicintin acusa \u00e1rbitro de perseguir Arrascaeta e meia confirma: &#8216;que tomem provid\u00eancias&#8217;"},"content":{"rendered":"<div class=\"lavra-antes-do-conteudo_2\" id=\"lavra-1888698818\"><div id=\"lavra-slider-27\" class=\"custom-slider lavra-slider-1683677150 lavra-slider\"><ul><li><div style=\"margin-left: auto;margin-right: auto;text-align: center;\" id=\"lavra-2845696393\"><a href=\"https:\/\/sistemas.lavras.mg.gov.br\/portalcidadao\/#df1b1a7c7b2a290bcb31e32771e610784662739a88807c0dacac58ede5f391a7530e299dc302d611ee73cb143fc22eaf93592e53e7b5bdb01b00a0b8d28dae460c141dd2ff83412e4dc1c31b16b25f33144a9e5620ea73b13f5bc1c59411d98439ad226e8af03840603796067d87afe130812cf3de24982d0e306f9e61e764e5\" aria-label=\"Lavras-TV&#8211;720x104px (1) (1)\"><img src=\"https:\/\/lavras.tv\/site\/wp-content\/uploads\/2025\/01\/Lavras-TV-720x104px-1-1.png\" alt=\"\"  srcset=\"https:\/\/lavras.tv\/site\/wp-content\/uploads\/2025\/01\/Lavras-TV-720x104px-1-1.png 720w, https:\/\/lavras.tv\/site\/wp-content\/uploads\/2025\/01\/Lavras-TV-720x104px-1-1-470x68.png 470w, https:\/\/lavras.tv\/site\/wp-content\/uploads\/2025\/01\/Lavras-TV-720x104px-1-1-170x25.png 170w, https:\/\/lavras.tv\/site\/wp-content\/uploads\/2025\/01\/Lavras-TV-720x104px-1-1-200x29.png 200w\" sizes=\"(max-width: 720px) 100vw, 720px\" width=\"720\" height=\"104\"  style=\"display: inline-block;\" \/><\/a><\/div><\/li><li><a href=\"https:\/\/sistemas.lavras.mg.gov.br\/portalcidadao\/#df1b1a7c7b2a290bcb31e32771e610784662739a88807c0dacac58ede5f391a7530e299dc302d611ee73cb143fc22eaf93592e53e7b5bdb01b00a0b8d28dae460c141dd2ff83412e4dc1c31b16b25f33144a9e5620ea73b13f5bc1c59411d98439ad226e8af03840603796067d87afe130812cf3de24982d0e306f9e61e764e5\" aria-label=\"Banner_Emprego_PortallavrasTV\"><img src=\"https:\/\/lavras.tv\/site\/wp-content\/uploads\/2025\/03\/Banner_Emprego_PortallavrasTV.png\" alt=\"\"  srcset=\"https:\/\/lavras.tv\/site\/wp-content\/uploads\/2025\/03\/Banner_Emprego_PortallavrasTV.png 720w, https:\/\/lavras.tv\/site\/wp-content\/uploads\/2025\/03\/Banner_Emprego_PortallavrasTV-470x68.png 470w, https:\/\/lavras.tv\/site\/wp-content\/uploads\/2025\/03\/Banner_Emprego_PortallavrasTV-170x25.png 170w, https:\/\/lavras.tv\/site\/wp-content\/uploads\/2025\/03\/Banner_Emprego_PortallavrasTV-200x29.png 200w\" sizes=\"(max-width: 720px) 100vw, 720px\" width=\"720\" height=\"104\"   \/><\/a><\/li><li><a href=\"https:\/\/sistemas.lavras.mg.gov.br\/portalcidadao\/#df1b1a7c7b2a290bcb31e32771e610784662739a88807c0dacac58ede5f391a7530e299dc302d611ee73cb143fc22eaf93592e53e7b5bdb01b00a0b8d28dae460c141dd2ff83412e4dc1c31b16b25f33144a9e5620ea73b13f5bc1c59411d98439ad226e8af03840603796067d87afe130812cf3de24982d0e306f9e61e764e5\" aria-label=\"Banner_Obras_PortallavrasTV\"><img src=\"https:\/\/lavras.tv\/site\/wp-content\/uploads\/2025\/03\/Banner_Obras_PortallavrasTV.png\" alt=\"\"  srcset=\"https:\/\/lavras.tv\/site\/wp-content\/uploads\/2025\/03\/Banner_Obras_PortallavrasTV.png 720w, https:\/\/lavras.tv\/site\/wp-content\/uploads\/2025\/03\/Banner_Obras_PortallavrasTV-470x68.png 470w, https:\/\/lavras.tv\/site\/wp-content\/uploads\/2025\/03\/Banner_Obras_PortallavrasTV-170x25.png 170w, https:\/\/lavras.tv\/site\/wp-content\/uploads\/2025\/03\/Banner_Obras_PortallavrasTV-200x29.png 200w\" sizes=\"(max-width: 720px) 100vw, 720px\" width=\"720\" height=\"104\"   \/><\/a><\/li><li><div style=\"margin-left: auto;margin-right: auto;text-align: center;\" id=\"lavra-1180914411\"><a href=\"https:\/\/sistemas.lavras.mg.gov.br\/portalcidadao\/#df1b1a7c7b2a290bcb31e32771e610784662739a88807c0dacac58ede5f391a7530e299dc302d611ee73cb143fc22eaf93592e53e7b5bdb01b00a0b8d28dae460c141dd2ff83412e4dc1c31b16b25f33144a9e5620ea73b13f5bc1c59411d98439ad226e8af03840603796067d87afe130812cf3de24982d0e306f9e61e764e5\" aria-label=\"Banner_Educa\u00e7\u00e3o_PortallavrasTV\"><img src=\"https:\/\/lavras.tv\/site\/wp-content\/uploads\/2025\/01\/Banner_Educacao_PortallavrasTV.png\" alt=\"\"  srcset=\"https:\/\/lavras.tv\/site\/wp-content\/uploads\/2025\/01\/Banner_Educacao_PortallavrasTV.png 720w, https:\/\/lavras.tv\/site\/wp-content\/uploads\/2025\/01\/Banner_Educacao_PortallavrasTV-470x68.png 470w, https:\/\/lavras.tv\/site\/wp-content\/uploads\/2025\/01\/Banner_Educacao_PortallavrasTV-170x25.png 170w, https:\/\/lavras.tv\/site\/wp-content\/uploads\/2025\/01\/Banner_Educacao_PortallavrasTV-200x29.png 200w\" sizes=\"(max-width: 720px) 100vw, 720px\" width=\"720\" height=\"104\"  style=\"display: inline-block;\" \/><\/a><\/div><\/li><li><a href=\"https:\/\/sistemas.lavras.mg.gov.br\/portalcidadao\/#df1b1a7c7b2a290bcb31e32771e610784662739a88807c0dacac58ede5f391a7530e299dc302d611ee73cb143fc22eaf93592e53e7b5bdb01b00a0b8d28dae460c141dd2ff83412e4dc1c31b16b25f33144a9e5620ea73b13f5bc1c59411d98439ad226e8af03840603796067d87afe130812cf3de24982d0e306f9e61e764e5\" aria-label=\"Banner_Sa\u00fade_PortallavrasTV\"><img src=\"https:\/\/lavras.tv\/site\/wp-content\/uploads\/2025\/03\/Banner_Saude_PortallavrasTV.png\" alt=\"\"  srcset=\"https:\/\/lavras.tv\/site\/wp-content\/uploads\/2025\/03\/Banner_Saude_PortallavrasTV.png 720w, https:\/\/lavras.tv\/site\/wp-content\/uploads\/2025\/03\/Banner_Saude_PortallavrasTV-470x68.png 470w, https:\/\/lavras.tv\/site\/wp-content\/uploads\/2025\/03\/Banner_Saude_PortallavrasTV-170x25.png 170w, https:\/\/lavras.tv\/site\/wp-content\/uploads\/2025\/03\/Banner_Saude_PortallavrasTV-200x29.png 200w\" sizes=\"(max-width: 720px) 100vw, 720px\" width=\"720\" height=\"104\"   \/><\/a><\/li><li><div id=\"lavra-3773658200\" style=\"width:720px;height:104px;background-color:#ddd;overflow:scroll;\">\n\t<strong>Sa\u00edda da depura\u00e7\u00e3o de an\u00fancios<\/strong>\n\t<br><br>\n\tO an\u00fancio n\u00e3o \u00e9 exibido na p\u00e1gina<br><br>post atual: Vicintin acusa \u00e1rbitro de perseguir Arrascaeta e meia confirma: 'que tomem provid\u00eancias', ID: 4095<br><br><span style=\"color: red;\">O post atual n\u00e3o \u00e9 id\u00eantico ao post principal.<\/span><br><br>An\u00fancios: ROXO - TOPO INTERNA - ROTATIVO 2 (197)<br \/>Grupo de an\u00fancios: Princ_Meio01_720x104 (27)<br><br>Condi\u00e7\u00f5es de exibi\u00e7\u00e3o<div style=\"margin-bottom: 20px; white-space: pre-wrap; font-family: monospace; width: 100%; background: #ffe9e9;\"><strong>condi\u00e7\u00f5es gerais<\/strong><table border=\"1\"><thead><tr><th><\/th><th>An\u00fancios<\/th><th>wp_the_query<\/th><\/tr><\/thead><tr><td>is_main_query<\/td><td>1<\/td><td>1<\/td><\/tr><tr><td>is_rest_api<\/td><td>0<\/td><td>1<\/td><\/tr><tr><td>page<\/td><td>0<\/td><td>1<\/td><\/tr><tr><td>numpages<\/td><td>0<\/td><td>1<\/td><\/tr><tr><td>is_archive<\/td><td>1<\/td><td><\/td><\/tr><tr><td>is_search<\/td><td>1<\/td><td><\/td><\/tr><tr><td>is_home<\/td><td>1<\/td><td><\/td><\/tr><tr><td>is_404<\/td><td>1<\/td><td><\/td><\/tr><tr><td>is_attachment<\/td><td>1<\/td><td><\/td><\/tr><tr><td>is_singular<\/td><td>1<\/td><td><\/td><\/tr><tr><td>is_front_page<\/td><td>1<\/td><td><\/td><\/tr><tr><td>is_feed<\/td><td>1<\/td><td><\/td><\/tr><\/table><\/div><br><br><span style=\"color: red;\">Seu site usa HTTPS, mas o c\u00f3digo do an\u00fancio cont\u00e9m HTTP e pode n\u00e3o funcionar.<\/span>\t<br><br>\n\t<a style=\"color: green;\" href=\"https:\/\/wpadvancedads.com\/manual\/ad-debug-mode\/?utm_source=advanced-ads&utm_medium=link&utm_campaign=ad-debug-mode\" target=\"_blank\" rel=\"nofollow\">Encontre solu\u00e7\u00f5es no manual<\/a>\n<\/div>\n<\/li><\/ul><\/div><script>( window.advanced_ads_ready || jQuery( document ).ready ).call( null, function() {var $lavraslider1683677150 = jQuery( \".lavra-slider-1683677150\" );$lavraslider1683677150.on( \"unslider.ready\", function() { jQuery( \"div.custom-slider ul li\" ).css( \"display\", \"block\" ); });$lavraslider1683677150.unslider({ delay:4000, autoplay:true, nav:false, arrows:false, infinite:true });$lavraslider1683677150.on(\"mouseover\", function() {$lavraslider1683677150.unslider(\"stop\");}).on(\"mouseout\", function() {$lavraslider1683677150.unslider(\"start\");});});<\/script><\/div><p>O meia De Arrascaeta viveu uma situa\u00e7\u00e3o inusitada na sua carreira no empate em 2 a 2 do Cruzeiro com o Santos, neste domingo, no Mineir\u00e3o, pela 36\u00aa rodada do Campeonato Brasileiro. <!--more-->Expulso aos 35 minutos do segundo tempo, o meio-campista uruguaio, que nunca havia recebido um cart\u00e3o vermelho como jogador, teria sido menosprezado pelo \u00e1rbitro Heber Roberto Lopes durante a partida com o Peixe.<\/p>\n<p>Em entrevista coletiva no Mineir\u00e3o\u00a0logo ap\u00f3s o confronto entre mineiros e paulistas, o vice-presidente cruzeirense\u00a0Bruno Vicintin, al\u00e9m de reclamar de um p\u00eanalti, na vis\u00e3o dele, a favor do Cruzeiro, tornou p\u00fablico o suposto menosprezo por parte de Heber ao jovem meio-campista celeste.<img fetchpriority=\"high\" decoding=\"async\" class=\"size-full wp-image-4096 alignleft\" src=\"http:\/\/lavras.tv\/site\/wp-content\/uploads\/2016\/11\/victin-e1479732651620.jpg\" alt=\"victin\" width=\"300\" height=\"263\" srcset=\"https:\/\/lavras.tv\/site\/wp-content\/uploads\/2016\/11\/victin-e1479732651620.jpg 300w, https:\/\/lavras.tv\/site\/wp-content\/uploads\/2016\/11\/victin-e1479732651620-150x132.jpg 150w\" sizes=\"(max-width: 300px) 100vw, 300px\" \/><\/p>\n<p>\u201cO que mais irrita a gente n\u00e3o \u00e9 nem o erro do \u00e1rbitro. \u00c9 um jogador como o Arrascaeta, que nunca foi expulso na carreira, que fez uma falta no jogo, ser expulso e chegar ao vesti\u00e1rio falando que o \u00e1rbitro est\u00e1 desde o come\u00e7o do jogo dizendo que ele n\u00e3o \u00e9 jogador de sele\u00e7\u00e3o, onde que ele estava na final da Copa Am\u00e9rica, se ele assistiu pela televis\u00e3o, que ele \u00e9 um \u00e1rbitro \u00f3timo, que apitou a final da Copa Am\u00e9rica (\u2026) Inclusive fez lamban\u00e7a l\u00e1\u201d, disse.<\/p>\n<p>O pr\u00f3prio fato foi confirmado por Arrascaeta, listado na pr\u00e9-lista do Uruguai para a Copa Am\u00e9rica, mas que no fim das contas foi cortado da lista final de Osc\u00e1r Tab\u00e1rez para o torneio entre sele\u00e7\u00f5es sul-americanas.<\/p>\n<p>\u201cEle (Heber Roberto Lopes) disse isso mesmo, mas eu n\u00e3o quero falar nada mais sobre o tema. Falei isso com o Bruno, que ele tome a medida que deva ser tomada. Hoje em dia o jogador que tem que chamar aten\u00e7\u00e3o no jogo, mas quem manda no campo \u00e9 o \u00e1rbitro e o jogador n\u00e3o pode fazer nada\u201d, critica.<\/p>\n<p>Jogador habilidos e marcado por sua boa vis\u00e3o de jogo, Arrascaeta n\u00e3o tinha no seu curr\u00edculo um cart\u00e3o vermelho sequer. Pelo comportamento do \u00e1rbitro durante a partida, o meio-campista afirma ter sofrido persegui\u00e7\u00e3o por parte de Heber Roberto Lopes.<\/p>\n<p>\u201cSim (sofreu persegui\u00e7\u00e3o), foi a \u00fanica falta (do Arrascaeta) que houve no jogo. N\u00e3o fiz com nenhuma inten\u00e7\u00e3o de acertar o advers\u00e1rio, e, sim, a bola. Primeira expuls\u00e3o da minha carreira, mas s\u00e3o coisas que acontecem no futebol e tenho que estar preparado para isso\u201d, disse, reclamando do comportamento do \u00e1rbitro.<\/p>\n<p>\u201cSenti um inc\u00f4mido dentro do jogo, um cara falar isso para um jogador. Hoje em dia tem cada coisa, tenho mesmo que estar preparado para isso\u201d, complementou.<\/p>\n<p>Para Bruno Vicintin, h\u00e1 tempos Heber Roberto Lopes prejudica o Cruzeiro. \u201cNo futebol, a gente tanto pede profissionalismo e aceitar que um \u00e1rbitro fique ofendendo os profissionais do Cruzeiro dentro do campo, depois daquela semifinal do Campeonato Mineiro, no ano passado, onde, para ser educado, ele nos assaltou depois de chutarem a cabe\u00e7a do (Leandro) Dami\u00e3o, e o Cruzeiro tomou o gol no lance seguinte\u201d, disparou, prometendo festa ap\u00f3s a aposentadoria de Lopes.<\/p>\n<p>\u201cSempre que esse senhor apita jogos do Cruzeiro a gente fica preocupado. O que mais quero, quando ele se aposentar, \u00e9 dar uma festa na Toca da Raposa. Se Deus quiser, isso est\u00e1 chegando. Parab\u00e9ns aos envolvidos de sempre o colocarem em jogos assim, sempre com lamban\u00e7as contra o Cruzeiro\u201d, disse.<\/p>\n<p><strong>Reclama\u00e7\u00e3o do p\u00eanalti<\/strong><\/p>\n<p>Vicintin reclamou bastante tamb\u00e9m de um lance envolvendo o meia Marcos Vin\u00edcius, que, dnetro da \u00e1rea, fez um cruzamento, mas a bola bateu no cotovelo do zagueiro santista.<\/p>\n<p>\u201cSinceramente, n\u00e3o estou nem ligando se eu vou ser punido, porque aguentar Heber Roberto Lopes \u00e9 demais. Um \u00e1rbitro desses, por ser Fifa, com o n\u00edvel que ele tem, a arbitragem que ele fez aqui hoje, \u00e9 imposs\u00edvel n\u00e3o achar que n\u00e3o foi p\u00eanalti\u201d, completou.<\/p>\n<p>Fonte: Hoje em Dia<\/p>\n","protected":false},"excerpt":{"rendered":"<p>O meia De Arrascaeta viveu uma situa\u00e7\u00e3o inusitada na sua carreira no empate em 2 a 2 do Cruzeiro com o Santos, neste domingo, no Mineir\u00e3o, pela 36\u00aa rodada do Campeonato Brasileiro.<\/p>\n","protected":false},"author":2,"featured_media":4096,"comment_status":"closed","ping_status":"open","sticky":false,"template":"","format":"standard","meta":{"advgb_blocks_editor_width":"","advgb_blocks_columns_visual_guide":"","_exactmetrics_skip_tracking":false,"_exactmetrics_sitenote_active":false,"_exactmetrics_sitenote_note":"","_exactmetrics_sitenote_category":0,"footnotes":""},"categories":[3],"tags":[939,908,1492,1491],"class_list":["post-4095","post","type-post","status-publish","format-standard","has-post-thumbnail","hentry","category-esportes","tag-campeonato-brasileiro","tag-cruzeiro","tag-santos","tag-vicintin"],"better_featured_image":{"id":4096,"alt_text":"","caption":"","description":"","media_type":"image","media_details":{"width":300,"height":263,"file":"2016\/11\/victin-e1479732651620.jpg","sizes":{"thumbnail":{"file":"victin-e1479732651620-150x132.jpg","width":150,"height":132,"mime-type":"image\/jpeg","source_url":"https:\/\/lavras.tv\/site\/wp-content\/uploads\/2016\/11\/victin-e1479732651620-150x132.jpg"},"medium":{"file":"victin-e1479732651620-300x263.jpg","width":300,"height":263,"mime-type":"image\/jpeg","source_url":"https:\/\/lavras.tv\/site\/wp-content\/uploads\/2016\/11\/victin-e1479732651620-300x263.jpg"},"featured-post-img":{"file":"victin-300x320.jpg","width":300,"height":320,"mime-type":"image\/jpeg","source_url":"https:\/\/lavras.tv\/site\/wp-content\/uploads\/2016\/11\/victin-300x320.jpg"},"sow-carousel-default":{"file":"victin-e1479732651620-272x182.jpg","width":272,"height":182,"mime-type":"image\/jpeg","source_url":"https:\/\/lavras.tv\/site\/wp-content\/uploads\/2016\/11\/victin-e1479732651620-272x182.jpg"}},"image_meta":{"aperture":"0","credit":"","camera":"","caption":"","created_timestamp":"0","copyright":"","focal_length":"0","iso":"0","shutter_speed":"0","title":"","orientation":"0","keywords":[]}},"post":4095,"source_url":"https:\/\/lavras.tv\/site\/wp-content\/uploads\/2016\/11\/victin-e1479732651620.jpg"},"author_meta":{"display_name":"Lavras TV","author_link":"https:\/\/lavras.tv\/site\/author\/lavrastv\/"},"featured_img":"https:\/\/lavras.tv\/site\/wp-content\/uploads\/2016\/11\/victin-e1479732651620-300x263.jpg","coauthors":[],"tax_additional":{"categories":{"linked":["<a href=\"https:\/\/lavras.tv\/site\/category\/esportes\/\" class=\"advgb-post-tax-term\">Esportes<\/a>"],"unlinked":["<span class=\"advgb-post-tax-term\">Esportes<\/span>"]},"tags":{"linked":["<a href=\"https:\/\/lavras.tv\/site\/category\/esportes\/\" class=\"advgb-post-tax-term\">campeonato brasileiro<\/a>","<a href=\"https:\/\/lavras.tv\/site\/category\/esportes\/\" class=\"advgb-post-tax-term\">cruzeiro<\/a>","<a href=\"https:\/\/lavras.tv\/site\/category\/esportes\/\" class=\"advgb-post-tax-term\">santos<\/a>","<a href=\"https:\/\/lavras.tv\/site\/category\/esportes\/\" class=\"advgb-post-tax-term\">vicintin<\/a>"],"unlinked":["<span class=\"advgb-post-tax-term\">campeonato brasileiro<\/span>","<span class=\"advgb-post-tax-term\">cruzeiro<\/span>","<span class=\"advgb-post-tax-term\">santos<\/span>","<span class=\"advgb-post-tax-term\">vicintin<\/span>"]}},"comment_count":"0","relative_dates":{"created":"Publicado 9 anos atr\u00e1s","modified":"Atualizado 9 anos atr\u00e1s"},"absolute_dates":{"created":"Publicado em 21 de novembro de 2016","modified":"Atualizado em 21 de novembro de 2016"},"absolute_dates_time":{"created":"Publicado em 21 de novembro de 2016 10:52","modified":"Atualizado em 21 de novembro de 2016 10:52"},"featured_img_caption":"","series_order":"","_links":{"self":[{"href":"https:\/\/lavras.tv\/site\/wp-json\/wp\/v2\/posts\/4095","targetHints":{"allow":["GET"]}}],"collection":[{"href":"https:\/\/lavras.tv\/site\/wp-json\/wp\/v2\/posts"}],"about":[{"href":"https:\/\/lavras.tv\/site\/wp-json\/wp\/v2\/types\/post"}],"author":[{"embeddable":true,"href":"https:\/\/lavras.tv\/site\/wp-json\/wp\/v2\/users\/2"}],"replies":[{"embeddable":true,"href":"https:\/\/lavras.tv\/site\/wp-json\/wp\/v2\/comments?post=4095"}],"version-history":[{"count":1,"href":"https:\/\/lavras.tv\/site\/wp-json\/wp\/v2\/posts\/4095\/revisions"}],"predecessor-version":[{"id":4097,"href":"https:\/\/lavras.tv\/site\/wp-json\/wp\/v2\/posts\/4095\/revisions\/4097"}],"wp:featuredmedia":[{"embeddable":true,"href":"https:\/\/lavras.tv\/site\/wp-json\/wp\/v2\/media\/4096"}],"wp:attachment":[{"href":"https:\/\/lavras.tv\/site\/wp-json\/wp\/v2\/media?parent=4095"}],"wp:term":[{"taxonomy":"category","embeddable":true,"href":"https:\/\/lavras.tv\/site\/wp-json\/wp\/v2\/categories?post=4095"},{"taxonomy":"post_tag","embeddable":true,"href":"https:\/\/lavras.tv\/site\/wp-json\/wp\/v2\/tags?post=4095"}],"curies":[{"name":"wp","href":"https:\/\/api.w.org\/{rel}","templated":true}]}}