{"id":4130,"date":"2016-11-22T10:14:54","date_gmt":"2016-11-22T12:14:54","guid":{"rendered":"http:\/\/lavras.tv\/site\/?p=4130"},"modified":"2016-11-22T10:14:54","modified_gmt":"2016-11-22T12:14:54","slug":"ufla-libera-comprovantes-de-processo-seletivo-para-graduacao-a-distancia","status":"publish","type":"post","link":"https:\/\/lavras.tv\/site\/2016\/11\/22\/ufla-libera-comprovantes-de-processo-seletivo-para-graduacao-a-distancia\/","title":{"rendered":"UFLA libera comprovantes de Processo Seletivo para gradua\u00e7\u00e3o a dist\u00e2ncia"},"content":{"rendered":"<div class=\"lavra-antes-do-conteudo_2\" id=\"lavra-1487740777\"><div id=\"lavra-slider-27\" class=\"custom-slider lavra-slider-390334882 lavra-slider\"><ul><li><div style=\"margin-left: auto;margin-right: auto;text-align: center;\" id=\"lavra-1700111217\"><a href=\"https:\/\/sistemas.lavras.mg.gov.br\/portalcidadao\/#df1b1a7c7b2a290bcb31e32771e610784662739a88807c0dacac58ede5f391a7530e299dc302d611ee73cb143fc22eaf93592e53e7b5bdb01b00a0b8d28dae460c141dd2ff83412e4dc1c31b16b25f33144a9e5620ea73b13f5bc1c59411d98439ad226e8af03840603796067d87afe130812cf3de24982d0e306f9e61e764e5\" aria-label=\"Lavras-TV&#8211;720x104px (1) (1)\"><img src=\"https:\/\/lavras.tv\/site\/wp-content\/uploads\/2025\/01\/Lavras-TV-720x104px-1-1.png\" alt=\"\"  srcset=\"https:\/\/lavras.tv\/site\/wp-content\/uploads\/2025\/01\/Lavras-TV-720x104px-1-1.png 720w, https:\/\/lavras.tv\/site\/wp-content\/uploads\/2025\/01\/Lavras-TV-720x104px-1-1-470x68.png 470w, https:\/\/lavras.tv\/site\/wp-content\/uploads\/2025\/01\/Lavras-TV-720x104px-1-1-170x25.png 170w, https:\/\/lavras.tv\/site\/wp-content\/uploads\/2025\/01\/Lavras-TV-720x104px-1-1-200x29.png 200w\" sizes=\"(max-width: 720px) 100vw, 720px\" width=\"720\" height=\"104\"  style=\"display: inline-block;\" \/><\/a><\/div><\/li><li><a href=\"https:\/\/sistemas.lavras.mg.gov.br\/portalcidadao\/#df1b1a7c7b2a290bcb31e32771e610784662739a88807c0dacac58ede5f391a7530e299dc302d611ee73cb143fc22eaf93592e53e7b5bdb01b00a0b8d28dae460c141dd2ff83412e4dc1c31b16b25f33144a9e5620ea73b13f5bc1c59411d98439ad226e8af03840603796067d87afe130812cf3de24982d0e306f9e61e764e5\" aria-label=\"Banner_Emprego_PortallavrasTV\"><img src=\"https:\/\/lavras.tv\/site\/wp-content\/uploads\/2025\/03\/Banner_Emprego_PortallavrasTV.png\" alt=\"\"  srcset=\"https:\/\/lavras.tv\/site\/wp-content\/uploads\/2025\/03\/Banner_Emprego_PortallavrasTV.png 720w, https:\/\/lavras.tv\/site\/wp-content\/uploads\/2025\/03\/Banner_Emprego_PortallavrasTV-470x68.png 470w, https:\/\/lavras.tv\/site\/wp-content\/uploads\/2025\/03\/Banner_Emprego_PortallavrasTV-170x25.png 170w, https:\/\/lavras.tv\/site\/wp-content\/uploads\/2025\/03\/Banner_Emprego_PortallavrasTV-200x29.png 200w\" sizes=\"(max-width: 720px) 100vw, 720px\" width=\"720\" height=\"104\"   \/><\/a><\/li><li><a href=\"https:\/\/sistemas.lavras.mg.gov.br\/portalcidadao\/#df1b1a7c7b2a290bcb31e32771e610784662739a88807c0dacac58ede5f391a7530e299dc302d611ee73cb143fc22eaf93592e53e7b5bdb01b00a0b8d28dae460c141dd2ff83412e4dc1c31b16b25f33144a9e5620ea73b13f5bc1c59411d98439ad226e8af03840603796067d87afe130812cf3de24982d0e306f9e61e764e5\" aria-label=\"Banner_Obras_PortallavrasTV\"><img src=\"https:\/\/lavras.tv\/site\/wp-content\/uploads\/2025\/03\/Banner_Obras_PortallavrasTV.png\" alt=\"\"  srcset=\"https:\/\/lavras.tv\/site\/wp-content\/uploads\/2025\/03\/Banner_Obras_PortallavrasTV.png 720w, https:\/\/lavras.tv\/site\/wp-content\/uploads\/2025\/03\/Banner_Obras_PortallavrasTV-470x68.png 470w, https:\/\/lavras.tv\/site\/wp-content\/uploads\/2025\/03\/Banner_Obras_PortallavrasTV-170x25.png 170w, https:\/\/lavras.tv\/site\/wp-content\/uploads\/2025\/03\/Banner_Obras_PortallavrasTV-200x29.png 200w\" sizes=\"(max-width: 720px) 100vw, 720px\" width=\"720\" height=\"104\"   \/><\/a><\/li><li><div style=\"margin-left: auto;margin-right: auto;text-align: center;\" id=\"lavra-3116107443\"><a href=\"https:\/\/sistemas.lavras.mg.gov.br\/portalcidadao\/#df1b1a7c7b2a290bcb31e32771e610784662739a88807c0dacac58ede5f391a7530e299dc302d611ee73cb143fc22eaf93592e53e7b5bdb01b00a0b8d28dae460c141dd2ff83412e4dc1c31b16b25f33144a9e5620ea73b13f5bc1c59411d98439ad226e8af03840603796067d87afe130812cf3de24982d0e306f9e61e764e5\" aria-label=\"Banner_Educa\u00e7\u00e3o_PortallavrasTV\"><img src=\"https:\/\/lavras.tv\/site\/wp-content\/uploads\/2025\/01\/Banner_Educacao_PortallavrasTV.png\" alt=\"\"  srcset=\"https:\/\/lavras.tv\/site\/wp-content\/uploads\/2025\/01\/Banner_Educacao_PortallavrasTV.png 720w, https:\/\/lavras.tv\/site\/wp-content\/uploads\/2025\/01\/Banner_Educacao_PortallavrasTV-470x68.png 470w, https:\/\/lavras.tv\/site\/wp-content\/uploads\/2025\/01\/Banner_Educacao_PortallavrasTV-170x25.png 170w, https:\/\/lavras.tv\/site\/wp-content\/uploads\/2025\/01\/Banner_Educacao_PortallavrasTV-200x29.png 200w\" sizes=\"(max-width: 720px) 100vw, 720px\" width=\"720\" height=\"104\"  style=\"display: inline-block;\" \/><\/a><\/div><\/li><li><a href=\"https:\/\/sistemas.lavras.mg.gov.br\/portalcidadao\/#df1b1a7c7b2a290bcb31e32771e610784662739a88807c0dacac58ede5f391a7530e299dc302d611ee73cb143fc22eaf93592e53e7b5bdb01b00a0b8d28dae460c141dd2ff83412e4dc1c31b16b25f33144a9e5620ea73b13f5bc1c59411d98439ad226e8af03840603796067d87afe130812cf3de24982d0e306f9e61e764e5\" aria-label=\"Banner_Sa\u00fade_PortallavrasTV\"><img src=\"https:\/\/lavras.tv\/site\/wp-content\/uploads\/2025\/03\/Banner_Saude_PortallavrasTV.png\" alt=\"\"  srcset=\"https:\/\/lavras.tv\/site\/wp-content\/uploads\/2025\/03\/Banner_Saude_PortallavrasTV.png 720w, https:\/\/lavras.tv\/site\/wp-content\/uploads\/2025\/03\/Banner_Saude_PortallavrasTV-470x68.png 470w, https:\/\/lavras.tv\/site\/wp-content\/uploads\/2025\/03\/Banner_Saude_PortallavrasTV-170x25.png 170w, https:\/\/lavras.tv\/site\/wp-content\/uploads\/2025\/03\/Banner_Saude_PortallavrasTV-200x29.png 200w\" sizes=\"(max-width: 720px) 100vw, 720px\" width=\"720\" height=\"104\"   \/><\/a><\/li><li><div id=\"lavra-2138978642\" style=\"width:720px;height:104px;background-color:#ddd;overflow:scroll;\">\n\t<strong>Sa\u00edda da depura\u00e7\u00e3o de an\u00fancios<\/strong>\n\t<br><br>\n\tO an\u00fancio n\u00e3o \u00e9 exibido na p\u00e1gina<br><br>post atual: UFLA libera comprovantes de Processo Seletivo para gradua\u00e7\u00e3o a dist\u00e2ncia, ID: 4130<br><br><span style=\"color: red;\">O post atual n\u00e3o \u00e9 id\u00eantico ao post principal.<\/span><br><br>An\u00fancios: ROXO - TOPO INTERNA - ROTATIVO 2 (197)<br \/>Grupo de an\u00fancios: Princ_Meio01_720x104 (27)<br><br>Condi\u00e7\u00f5es de exibi\u00e7\u00e3o<div style=\"margin-bottom: 20px; white-space: pre-wrap; font-family: monospace; width: 100%; background: #ffe9e9;\"><strong>condi\u00e7\u00f5es gerais<\/strong><table border=\"1\"><thead><tr><th><\/th><th>An\u00fancios<\/th><th>wp_the_query<\/th><\/tr><\/thead><tr><td>is_main_query<\/td><td>1<\/td><td>1<\/td><\/tr><tr><td>is_rest_api<\/td><td>0<\/td><td>1<\/td><\/tr><tr><td>page<\/td><td>0<\/td><td>1<\/td><\/tr><tr><td>numpages<\/td><td>0<\/td><td>1<\/td><\/tr><tr><td>is_archive<\/td><td>1<\/td><td><\/td><\/tr><tr><td>is_search<\/td><td>1<\/td><td><\/td><\/tr><tr><td>is_home<\/td><td>1<\/td><td><\/td><\/tr><tr><td>is_404<\/td><td>1<\/td><td><\/td><\/tr><tr><td>is_attachment<\/td><td>1<\/td><td><\/td><\/tr><tr><td>is_singular<\/td><td>1<\/td><td><\/td><\/tr><tr><td>is_front_page<\/td><td>1<\/td><td><\/td><\/tr><tr><td>is_feed<\/td><td>1<\/td><td><\/td><\/tr><\/table><\/div><br><br><span style=\"color: red;\">Seu site usa HTTPS, mas o c\u00f3digo do an\u00fancio cont\u00e9m HTTP e pode n\u00e3o funcionar.<\/span>\t<br><br>\n\t<a style=\"color: green;\" href=\"https:\/\/wpadvancedads.com\/manual\/ad-debug-mode\/?utm_source=advanced-ads&utm_medium=link&utm_campaign=ad-debug-mode\" target=\"_blank\" rel=\"nofollow\">Encontre solu\u00e7\u00f5es no manual<\/a>\n<\/div>\n<\/li><\/ul><\/div><script>( window.advanced_ads_ready || jQuery( document ).ready ).call( null, function() {var $lavraslider390334882 = jQuery( \".lavra-slider-390334882\" );$lavraslider390334882.on( \"unslider.ready\", function() { jQuery( \"div.custom-slider ul li\" ).css( \"display\", \"block\" ); });$lavraslider390334882.unslider({ delay:4000, autoplay:true, nav:false, arrows:false, infinite:true });$lavraslider390334882.on(\"mouseover\", function() {$lavraslider390334882.unslider(\"stop\");}).on(\"mouseout\", function() {$lavraslider390334882.unslider(\"start\");});});<\/script><\/div><p>O comprovante de inscri\u00e7\u00e3o, documento que indica o local, data e hor\u00e1rio das provas, foi disponibilizado aos candidatos do processo seletivo 2016\/2 para gradua\u00e7\u00e3o a dist\u00e2ncia da UFLA.<!--more--> O <a href=\"http:\/\/www.dips.ufla.br\/asp\/EAD\/20162\/consultas\/ConferenciaEAD.asp\">comprovante pode ser acessado neste endere\u00e7o<\/a>. Esse documento est\u00e1 dispon\u00edvel exclusivamente pela internet e cabe ao candidato imprimi-lo, pois a UFLA n\u00e3o enviar\u00e1 ao candidato.<\/p>\n<p>As provas ser\u00e3o realizadas no dia 27 de novembro nas cidades de Cambu\u00ed, Formiga, Lavras, Santa Rita de Caldas, S\u00e3o Sebasti\u00e3o do Para\u00edso e Varginha. Elas ser\u00e3o constitu\u00eddas por quest\u00f5es de m\u00faltipla escolha de L\u00edngua Portuguesa e Matem\u00e1tica, e uma Reda\u00e7\u00e3o.<\/p>\n<p>Por meio desse processo seletivo, a UFLA oferecer\u00e1 750 vagas para os cursos de Administra\u00e7\u00e3o P\u00fablica (Bacharelado), Letras \u2013 Portugu\u00eas (Licenciatura) e Pedagogia (Licenciatura), distribu\u00eddas em cidades-polo de Minas Gerais. Para cada curso, ser\u00e3o oferecidas 250 vagas, sendo metade delas reservadas para os candidatos que tenham cursado integralmente o ensino m\u00e9dio em escolas p\u00fablicas.<\/p>\n<p>As cidades-polo do curso de Administra\u00e7\u00e3o P\u00fablica s\u00e3o: Campos Gerais, Formiga, Lavras, Santa Rita de Caldas e Varginha. O curso de Letras-Portugu\u00eas ter\u00e1 como cidades-polo: Bom Despacho, Cambu\u00ed, Campo Belo, Formiga e Varginha. J\u00e1 as cidades-polo do curso de Pedagogia s\u00e3o: Bambu\u00ed, Cambu\u00ed, Lavras e S\u00e3o Sebasti\u00e3o do Para\u00edso.<\/p>\n<p><strong>Provas<\/strong><\/p>\n<p>As provas ter\u00e3o in\u00edcio \u00e0s 14 horas e dura\u00e7\u00e3o de 2 horas e meia \u2013 incluindo o tempo de preenchimento dos formul\u00e1rios de respostas e de reda\u00e7\u00e3o. As portarias ser\u00e3o abertas \u00e0s 13 horas e fechadas, pontualmente, \u00e0s 13h45. Para acessar o setor de realiza\u00e7\u00e3o da prova, o candidato dever\u00e1 <strong>apresentar o documento de identidade original <\/strong>(com fotografia) informado no requerimento de inscri\u00e7\u00e3o. Recomenda-se que o candidato tamb\u00e9m leve o comprovante de inscri\u00e7\u00e3o, para evitar confundir-se sobre o local. Durante a realiza\u00e7\u00e3o da prova, o candidato dever\u00e1 utilizar somente caneta com corpo transparente, de tinta azul.<\/p>\n<p><strong>Resultados<\/strong><\/p>\n<p>O resultado preliminar ser\u00e1 divulgado no endere\u00e7o eletr\u00f4nico <a href=\"http:\/\/www.dips.ufla.br\/\">www.dips.ufla.br<\/a>, a partir do dia 6\/12\/2016 (prova objetiva\/1\u00aa fase) e de 17\/1\/2017 (reda\u00e7\u00e3o\/2\u00aa fase). O resultado final e a lista de espera ser\u00e3o publicados a partir de 10\/2\/2017.<\/p>\n<p><strong>Sobre o curso<\/strong><\/p>\n<p>O curso \u00e9 semipresencial, com atividades obrigat\u00f3rias a serem desenvolvidas nas cidades-polo, em encontros presenciais previamente agendados, inclusive nos fins de semana. O per\u00edodo de integraliza\u00e7\u00e3o do curso \u00e9 de no m\u00ednimo quatro anos.<\/p>\n<p>Para realiza\u00e7\u00e3o do curso, o estudante dever\u00e1 ter acesso \u00e0 Internet e conhecimento b\u00e1sico de inform\u00e1tica que o capacite a elaborar textos, acessar correspond\u00eancia eletr\u00f4nica e interagir,\u00a0on-line, com tutores e professores do curso.<\/p>\n<p><a href=\"http:\/\/www.dips.ufla.br\/copese\/pagDetail.asp?id=130\">Consulte informa\u00e7\u00f5es sobre o processo seletivo de cursos a dist\u00e2ncia \u2013 2016\/2<\/a><\/p>\n<p><strong>Mais informa\u00e7\u00f5es:<\/strong><\/p>\n<p><a href=\"http:\/\/www.dips.ufla.br\/\">www.dips.ufla.br<\/a><\/p>\n<p>Fonte: Diretoria de Comunica\u00e7\u00e3o da UFLA<\/p>\n","protected":false},"excerpt":{"rendered":"<p>O comprovante de inscri\u00e7\u00e3o, documento que indica o local, data e hor\u00e1rio das provas, foi disponibilizado aos candidatos do processo seletivo 2016\/2 para gradua\u00e7\u00e3o a dist\u00e2ncia da UFLA.<\/p>\n","protected":false},"author":2,"featured_media":1328,"comment_status":"closed","ping_status":"open","sticky":false,"template":"","format":"standard","meta":{"advgb_blocks_editor_width":"","advgb_blocks_columns_visual_guide":"","_exactmetrics_skip_tracking":false,"_exactmetrics_sitenote_active":false,"_exactmetrics_sitenote_note":"","_exactmetrics_sitenote_category":0,"footnotes":""},"categories":[7,2],"tags":[1382,1517,796,1248,56],"class_list":["post-4130","post","type-post","status-publish","format-standard","has-post-thumbnail","hentry","category-destaques","category-noticias","tag-comprovante-de-inscricao","tag-graduacao-a-distancia","tag-processo-seletivo","tag-provas","tag-ufla"],"better_featured_image":{"id":1328,"alt_text":"","caption":"","description":"","media_type":"image","media_details":{"width":512,"height":384,"file":"2016\/08\/uflacampus.jpg","sizes":{"thumbnail":{"file":"uflacampus-150x113.jpg","width":150,"height":113,"mime-type":"image\/jpeg","source_url":"https:\/\/lavras.tv\/site\/wp-content\/uploads\/2016\/08\/uflacampus-150x113.jpg"},"medium":{"file":"uflacampus-300x225.jpg","width":300,"height":225,"mime-type":"image\/jpeg","source_url":"https:\/\/lavras.tv\/site\/wp-content\/uploads\/2016\/08\/uflacampus-300x225.jpg"},"featured-post-img":{"file":"uflacampus-480x320.jpg","width":480,"height":320,"mime-type":"image\/jpeg","source_url":"https:\/\/lavras.tv\/site\/wp-content\/uploads\/2016\/08\/uflacampus-480x320.jpg"},"sow-carousel-default":{"file":"uflacampus-272x182.jpg","width":272,"height":182,"mime-type":"image\/jpeg","source_url":"https:\/\/lavras.tv\/site\/wp-content\/uploads\/2016\/08\/uflacampus-272x182.jpg"}},"image_meta":{"aperture":"0","credit":"","camera":"","caption":"","created_timestamp":"0","copyright":"","focal_length":"0","iso":"0","shutter_speed":"0","title":"","orientation":"0","keywords":[]}},"post":1327,"source_url":"https:\/\/lavras.tv\/site\/wp-content\/uploads\/2016\/08\/uflacampus.jpg"},"author_meta":{"display_name":"Lavras TV","author_link":"https:\/\/lavras.tv\/site\/author\/lavrastv\/"},"featured_img":"https:\/\/lavras.tv\/site\/wp-content\/uploads\/2016\/08\/uflacampus-300x225.jpg","coauthors":[],"tax_additional":{"categories":{"linked":["<a href=\"https:\/\/lavras.tv\/site\/category\/destaques\/\" class=\"advgb-post-tax-term\">Destaques<\/a>","<a href=\"https:\/\/lavras.tv\/site\/category\/noticias\/\" class=\"advgb-post-tax-term\">Not\u00edcias<\/a>"],"unlinked":["<span class=\"advgb-post-tax-term\">Destaques<\/span>","<span class=\"advgb-post-tax-term\">Not\u00edcias<\/span>"]},"tags":{"linked":["<a href=\"https:\/\/lavras.tv\/site\/category\/noticias\/\" class=\"advgb-post-tax-term\">comprovante de inscri\u00e7\u00e3o<\/a>","<a href=\"https:\/\/lavras.tv\/site\/category\/noticias\/\" class=\"advgb-post-tax-term\">gradua\u00e7\u00e3o \u00e0 dist\u00e2ncia<\/a>","<a href=\"https:\/\/lavras.tv\/site\/category\/noticias\/\" class=\"advgb-post-tax-term\">Processo Seletivo<\/a>","<a href=\"https:\/\/lavras.tv\/site\/category\/noticias\/\" class=\"advgb-post-tax-term\">provas<\/a>","<a href=\"https:\/\/lavras.tv\/site\/category\/noticias\/\" class=\"advgb-post-tax-term\">ufla<\/a>"],"unlinked":["<span class=\"advgb-post-tax-term\">comprovante de inscri\u00e7\u00e3o<\/span>","<span class=\"advgb-post-tax-term\">gradua\u00e7\u00e3o \u00e0 dist\u00e2ncia<\/span>","<span class=\"advgb-post-tax-term\">Processo Seletivo<\/span>","<span class=\"advgb-post-tax-term\">provas<\/span>","<span class=\"advgb-post-tax-term\">ufla<\/span>"]}},"comment_count":"0","relative_dates":{"created":"Publicado 9 anos atr\u00e1s","modified":"Atualizado 9 anos atr\u00e1s"},"absolute_dates":{"created":"Publicado em 22 de novembro de 2016","modified":"Atualizado em 22 de novembro de 2016"},"absolute_dates_time":{"created":"Publicado em 22 de novembro de 2016 10:14","modified":"Atualizado em 22 de novembro de 2016 10:14"},"featured_img_caption":"","series_order":"","_links":{"self":[{"href":"https:\/\/lavras.tv\/site\/wp-json\/wp\/v2\/posts\/4130","targetHints":{"allow":["GET"]}}],"collection":[{"href":"https:\/\/lavras.tv\/site\/wp-json\/wp\/v2\/posts"}],"about":[{"href":"https:\/\/lavras.tv\/site\/wp-json\/wp\/v2\/types\/post"}],"author":[{"embeddable":true,"href":"https:\/\/lavras.tv\/site\/wp-json\/wp\/v2\/users\/2"}],"replies":[{"embeddable":true,"href":"https:\/\/lavras.tv\/site\/wp-json\/wp\/v2\/comments?post=4130"}],"version-history":[{"count":1,"href":"https:\/\/lavras.tv\/site\/wp-json\/wp\/v2\/posts\/4130\/revisions"}],"predecessor-version":[{"id":4131,"href":"https:\/\/lavras.tv\/site\/wp-json\/wp\/v2\/posts\/4130\/revisions\/4131"}],"wp:featuredmedia":[{"embeddable":true,"href":"https:\/\/lavras.tv\/site\/wp-json\/wp\/v2\/media\/1328"}],"wp:attachment":[{"href":"https:\/\/lavras.tv\/site\/wp-json\/wp\/v2\/media?parent=4130"}],"wp:term":[{"taxonomy":"category","embeddable":true,"href":"https:\/\/lavras.tv\/site\/wp-json\/wp\/v2\/categories?post=4130"},{"taxonomy":"post_tag","embeddable":true,"href":"https:\/\/lavras.tv\/site\/wp-json\/wp\/v2\/tags?post=4130"}],"curies":[{"name":"wp","href":"https:\/\/api.w.org\/{rel}","templated":true}]}}