{"id":4170,"date":"2016-11-23T10:48:08","date_gmt":"2016-11-23T12:48:08","guid":{"rendered":"http:\/\/lavras.tv\/site\/?p=4170"},"modified":"2016-11-23T10:48:08","modified_gmt":"2016-11-23T12:48:08","slug":"governo-federal-descarta-abertura-de-novos-concursos-em-2017","status":"publish","type":"post","link":"https:\/\/lavras.tv\/site\/2016\/11\/23\/governo-federal-descarta-abertura-de-novos-concursos-em-2017\/","title":{"rendered":"Governo federal descarta abertura de novos concursos em 2017"},"content":{"rendered":"<div class=\"lavra-antes-do-conteudo_2\" id=\"lavra-3447463277\"><div id=\"lavra-slider-27\" class=\"custom-slider lavra-slider-3236602152 lavra-slider\"><ul><li><div style=\"margin-left: auto;margin-right: auto;text-align: center;\" id=\"lavra-2400878739\"><a href=\"https:\/\/sistemas.lavras.mg.gov.br\/portalcidadao\/#df1b1a7c7b2a290bcb31e32771e610784662739a88807c0dacac58ede5f391a7530e299dc302d611ee73cb143fc22eaf93592e53e7b5bdb01b00a0b8d28dae460c141dd2ff83412e4dc1c31b16b25f33144a9e5620ea73b13f5bc1c59411d98439ad226e8af03840603796067d87afe130812cf3de24982d0e306f9e61e764e5\" aria-label=\"Lavras-TV&#8211;720x104px (1) (1)\"><img src=\"https:\/\/lavras.tv\/site\/wp-content\/uploads\/2025\/01\/Lavras-TV-720x104px-1-1.png\" alt=\"\"  srcset=\"https:\/\/lavras.tv\/site\/wp-content\/uploads\/2025\/01\/Lavras-TV-720x104px-1-1.png 720w, https:\/\/lavras.tv\/site\/wp-content\/uploads\/2025\/01\/Lavras-TV-720x104px-1-1-470x68.png 470w, https:\/\/lavras.tv\/site\/wp-content\/uploads\/2025\/01\/Lavras-TV-720x104px-1-1-170x25.png 170w, https:\/\/lavras.tv\/site\/wp-content\/uploads\/2025\/01\/Lavras-TV-720x104px-1-1-200x29.png 200w\" sizes=\"(max-width: 720px) 100vw, 720px\" width=\"720\" height=\"104\"  style=\"display: inline-block;\" \/><\/a><\/div><\/li><li><a href=\"https:\/\/sistemas.lavras.mg.gov.br\/portalcidadao\/#df1b1a7c7b2a290bcb31e32771e610784662739a88807c0dacac58ede5f391a7530e299dc302d611ee73cb143fc22eaf93592e53e7b5bdb01b00a0b8d28dae460c141dd2ff83412e4dc1c31b16b25f33144a9e5620ea73b13f5bc1c59411d98439ad226e8af03840603796067d87afe130812cf3de24982d0e306f9e61e764e5\" aria-label=\"Banner_Emprego_PortallavrasTV\"><img src=\"https:\/\/lavras.tv\/site\/wp-content\/uploads\/2025\/03\/Banner_Emprego_PortallavrasTV.png\" alt=\"\"  srcset=\"https:\/\/lavras.tv\/site\/wp-content\/uploads\/2025\/03\/Banner_Emprego_PortallavrasTV.png 720w, https:\/\/lavras.tv\/site\/wp-content\/uploads\/2025\/03\/Banner_Emprego_PortallavrasTV-470x68.png 470w, https:\/\/lavras.tv\/site\/wp-content\/uploads\/2025\/03\/Banner_Emprego_PortallavrasTV-170x25.png 170w, https:\/\/lavras.tv\/site\/wp-content\/uploads\/2025\/03\/Banner_Emprego_PortallavrasTV-200x29.png 200w\" sizes=\"(max-width: 720px) 100vw, 720px\" width=\"720\" height=\"104\"   \/><\/a><\/li><li><a href=\"https:\/\/sistemas.lavras.mg.gov.br\/portalcidadao\/#df1b1a7c7b2a290bcb31e32771e610784662739a88807c0dacac58ede5f391a7530e299dc302d611ee73cb143fc22eaf93592e53e7b5bdb01b00a0b8d28dae460c141dd2ff83412e4dc1c31b16b25f33144a9e5620ea73b13f5bc1c59411d98439ad226e8af03840603796067d87afe130812cf3de24982d0e306f9e61e764e5\" aria-label=\"Banner_Obras_PortallavrasTV\"><img src=\"https:\/\/lavras.tv\/site\/wp-content\/uploads\/2025\/03\/Banner_Obras_PortallavrasTV.png\" alt=\"\"  srcset=\"https:\/\/lavras.tv\/site\/wp-content\/uploads\/2025\/03\/Banner_Obras_PortallavrasTV.png 720w, https:\/\/lavras.tv\/site\/wp-content\/uploads\/2025\/03\/Banner_Obras_PortallavrasTV-470x68.png 470w, https:\/\/lavras.tv\/site\/wp-content\/uploads\/2025\/03\/Banner_Obras_PortallavrasTV-170x25.png 170w, https:\/\/lavras.tv\/site\/wp-content\/uploads\/2025\/03\/Banner_Obras_PortallavrasTV-200x29.png 200w\" sizes=\"(max-width: 720px) 100vw, 720px\" width=\"720\" height=\"104\"   \/><\/a><\/li><li><div style=\"margin-left: auto;margin-right: auto;text-align: center;\" id=\"lavra-1749207828\"><a href=\"https:\/\/sistemas.lavras.mg.gov.br\/portalcidadao\/#df1b1a7c7b2a290bcb31e32771e610784662739a88807c0dacac58ede5f391a7530e299dc302d611ee73cb143fc22eaf93592e53e7b5bdb01b00a0b8d28dae460c141dd2ff83412e4dc1c31b16b25f33144a9e5620ea73b13f5bc1c59411d98439ad226e8af03840603796067d87afe130812cf3de24982d0e306f9e61e764e5\" aria-label=\"Banner_Educa\u00e7\u00e3o_PortallavrasTV\"><img src=\"https:\/\/lavras.tv\/site\/wp-content\/uploads\/2025\/01\/Banner_Educacao_PortallavrasTV.png\" alt=\"\"  srcset=\"https:\/\/lavras.tv\/site\/wp-content\/uploads\/2025\/01\/Banner_Educacao_PortallavrasTV.png 720w, https:\/\/lavras.tv\/site\/wp-content\/uploads\/2025\/01\/Banner_Educacao_PortallavrasTV-470x68.png 470w, https:\/\/lavras.tv\/site\/wp-content\/uploads\/2025\/01\/Banner_Educacao_PortallavrasTV-170x25.png 170w, https:\/\/lavras.tv\/site\/wp-content\/uploads\/2025\/01\/Banner_Educacao_PortallavrasTV-200x29.png 200w\" sizes=\"(max-width: 720px) 100vw, 720px\" width=\"720\" height=\"104\"  style=\"display: inline-block;\" \/><\/a><\/div><\/li><li><a href=\"https:\/\/sistemas.lavras.mg.gov.br\/portalcidadao\/#df1b1a7c7b2a290bcb31e32771e610784662739a88807c0dacac58ede5f391a7530e299dc302d611ee73cb143fc22eaf93592e53e7b5bdb01b00a0b8d28dae460c141dd2ff83412e4dc1c31b16b25f33144a9e5620ea73b13f5bc1c59411d98439ad226e8af03840603796067d87afe130812cf3de24982d0e306f9e61e764e5\" aria-label=\"Banner_Sa\u00fade_PortallavrasTV\"><img src=\"https:\/\/lavras.tv\/site\/wp-content\/uploads\/2025\/03\/Banner_Saude_PortallavrasTV.png\" alt=\"\"  srcset=\"https:\/\/lavras.tv\/site\/wp-content\/uploads\/2025\/03\/Banner_Saude_PortallavrasTV.png 720w, https:\/\/lavras.tv\/site\/wp-content\/uploads\/2025\/03\/Banner_Saude_PortallavrasTV-470x68.png 470w, https:\/\/lavras.tv\/site\/wp-content\/uploads\/2025\/03\/Banner_Saude_PortallavrasTV-170x25.png 170w, https:\/\/lavras.tv\/site\/wp-content\/uploads\/2025\/03\/Banner_Saude_PortallavrasTV-200x29.png 200w\" sizes=\"(max-width: 720px) 100vw, 720px\" width=\"720\" height=\"104\"   \/><\/a><\/li><li><div id=\"lavra-3191566449\" style=\"width:720px;height:104px;background-color:#ddd;overflow:scroll;\">\n\t<strong>Sa\u00edda da depura\u00e7\u00e3o de an\u00fancios<\/strong>\n\t<br><br>\n\tO an\u00fancio n\u00e3o \u00e9 exibido na p\u00e1gina<br><br>post atual: Governo federal descarta abertura de novos concursos em 2017, ID: 4170<br><br><span style=\"color: red;\">O post atual n\u00e3o \u00e9 id\u00eantico ao post principal.<\/span><br><br>An\u00fancios: ROXO - TOPO INTERNA - ROTATIVO 2 (197)<br \/>Grupo de an\u00fancios: Princ_Meio01_720x104 (27)<br><br>Condi\u00e7\u00f5es de exibi\u00e7\u00e3o<div style=\"margin-bottom: 20px; white-space: pre-wrap; font-family: monospace; width: 100%; background: #ffe9e9;\"><strong>condi\u00e7\u00f5es gerais<\/strong><table border=\"1\"><thead><tr><th><\/th><th>An\u00fancios<\/th><th>wp_the_query<\/th><\/tr><\/thead><tr><td>is_main_query<\/td><td>1<\/td><td>1<\/td><\/tr><tr><td>is_rest_api<\/td><td>0<\/td><td>1<\/td><\/tr><tr><td>page<\/td><td>0<\/td><td>1<\/td><\/tr><tr><td>numpages<\/td><td>0<\/td><td>1<\/td><\/tr><tr><td>is_archive<\/td><td>1<\/td><td><\/td><\/tr><tr><td>is_search<\/td><td>1<\/td><td><\/td><\/tr><tr><td>is_home<\/td><td>1<\/td><td><\/td><\/tr><tr><td>is_404<\/td><td>1<\/td><td><\/td><\/tr><tr><td>is_attachment<\/td><td>1<\/td><td><\/td><\/tr><tr><td>is_singular<\/td><td>1<\/td><td><\/td><\/tr><tr><td>is_front_page<\/td><td>1<\/td><td><\/td><\/tr><tr><td>is_feed<\/td><td>1<\/td><td><\/td><\/tr><\/table><\/div><br><br><span style=\"color: red;\">Seu site usa HTTPS, mas o c\u00f3digo do an\u00fancio cont\u00e9m HTTP e pode n\u00e3o funcionar.<\/span>\t<br><br>\n\t<a style=\"color: green;\" href=\"https:\/\/wpadvancedads.com\/manual\/ad-debug-mode\/?utm_source=advanced-ads&utm_medium=link&utm_campaign=ad-debug-mode\" target=\"_blank\" rel=\"nofollow\">Encontre solu\u00e7\u00f5es no manual<\/a>\n<\/div>\n<\/li><\/ul><\/div><script>( window.advanced_ads_ready || jQuery( document ).ready ).call( null, function() {var $lavraslider3236602152 = jQuery( \".lavra-slider-3236602152\" );$lavraslider3236602152.on( \"unslider.ready\", function() { jQuery( \"div.custom-slider ul li\" ).css( \"display\", \"block\" ); });$lavraslider3236602152.unslider({ delay:4000, autoplay:true, nav:false, arrows:false, infinite:true });$lavraslider3236602152.on(\"mouseover\", function() {$lavraslider3236602152.unslider(\"stop\");}).on(\"mouseout\", function() {$lavraslider3236602152.unslider(\"start\");});});<\/script><\/div><p>A profunda crise econ\u00f4mica pela qual passa o Brasil fez secar a fonte de concursos p\u00fablicos federais, que englobam algumas das carreiras mais cobi\u00e7adas do pa\u00eds. <!--more-->At\u00e9 2014, a m\u00e9dia de vagas autorizadas pela Uni\u00e3o era superior a 20 mil, segundo a Associa\u00e7\u00e3o Nacional de Prote\u00e7\u00e3o e Apoio ao Concurso P\u00fablico (Anpac). Nos \u00faltimos dois anos, entretanto, as provas minguaram e esse n\u00famero despencou. E segundo o Minist\u00e9rio do Planejamento, as perspectivas para 2017 s\u00e3o praticamente nulas.<\/p>\n<p>\u201cEm 2016, houve autoriza\u00e7\u00f5es somente para substitui\u00e7\u00e3o de terceirizados e para o cumprimento de decis\u00f5es judiciais. Situa\u00e7\u00f5es como essas tamb\u00e9m poder\u00e3o ocorrer em 2017. No entanto, n\u00e3o existe, at\u00e9 o momento, nenhuma programa\u00e7\u00e3o de autoriza\u00e7\u00e3o para a realiza\u00e7\u00e3o de novos concursos no pr\u00f3ximo ano. Os concursos p\u00fablicos no Poder Executivo Federal permanecem suspensos, como medida de ajuste fiscal\u201d, informou a assessoria de imprensa do \u00f3rg\u00e3o, em nota.<\/p>\n<p>A not\u00edcia do \u201ccongelamento\u201d dos concursos, j\u00e1 expressada pelo ministro do Planejamento, Desenvolvimento e Gest\u00e3o, Dyogo Oliveira, caiu como uma bomba para concurseiros. As provas para os \u00f3rg\u00e3os da Uni\u00e3o s\u00e3o as \u201cqueridinhas\u201d dos candidatos, uma vez que os cargos t\u00eam os maiores sal\u00e1rios. Cursinhos preparat\u00f3rios amargam queda de at\u00e9 50% de estudantes nas salas de aula.<\/p>\n<p>\u201cAt\u00e9 2014, os concursos estavam bombando. Com todo o problema do pa\u00eds, 2015 foi p\u00e9ssimo e 2016 est\u00e1 pior ainda. A esperan\u00e7a \u00e9 a economia reagir e a situa\u00e7\u00e3o melhorar em 2017\u201d, diz a diretora-executiva da Anpac, Maria Thereza Sombra.<\/p>\n<p>Para o s\u00f3cio do grupo Ideal Cursos, Valdir Latorre, que viu a clientela cair pela metade, a debandada iniciou-se ainda em 2015. \u201cTudo come\u00e7ou quando a ex-presidente Dilma anunciou a paralisa\u00e7\u00e3o dos concursos por conta da crise, desestimulando muitos alunos\u201d, lamenta.<\/p>\n<p>No Pleno Preparat\u00f3rio, a apreens\u00e3o de quem vive em meio aos livros e sonha com a estabilidade do emprego p\u00fablico resultou em uma redu\u00e7\u00e3o de 20% nos matriculados. \u201cO contexto pol\u00edtico e econ\u00f4mico acabou impactando. Com medo de n\u00e3o sair o edital, muita gente adiou o curso. E outros ficaram sem dinheiro e se viram obrigados a esperar para investir na prepara\u00e7\u00e3o\u201d, diz a diretora do Pleno, Cristiane Mota.<\/p>\n<p>No entanto, ela defende que h\u00e1 outros concursos que escapam do corte. \u201cO Tribunal de Justi\u00e7a de Minas, por exemplo, tem or\u00e7amento pr\u00f3prio e j\u00e1 est\u00e1 com a comiss\u00e3o organizadora e examinadora formada. S\u00f3 falta a publica\u00e7\u00e3o do edital. \u00c9 preciso estar ligada nas oportunidades\u201d, afirma a diretora.<\/p>\n<div class=\"imageWrap w653 align-center\">\n<div class=\"image\"><img decoding=\"async\" class=\"aligncenter\" title=\"Cr\u00e9ditos: Cristiano Machado\/Hoje em Dia\" src=\"http:\/\/hojeemdia.com.br\/polopoly_fs\/1.429262!\/image\/image.jpg_gen\/derivatives\/landscape_653\/image.jpg\" alt=\"Governo federal descarta abertura de novos concursos em 2017\" \/><\/p>\n<div class=\"subtitle\">\n<p>BATALHA &#8211; Elizabeth de Castro foi demitida em julho e quer fazer concurso na \u00e1rea jur\u00eddica<\/p>\n<\/div>\n<\/div>\n<\/div>\n<p><strong>Demiss\u00e3o e estudo<\/strong><\/p>\n<p>Demitida em julho deste ano, a assistente social Elizabeth de Castro, 31, viu na crise a chance para dar uma guinada na vida profissional. Com o dinheiro do acerto, pagou R$ 1.500 \u00e0 vista por um curso preparat\u00f3rio com dura\u00e7\u00e3o de quatro meses. \u201cGosto muito da \u00e1rea jur\u00eddica e estou aproveitando o tempo que tenho livre para intensificar os estudos\u201d, diz ela.<\/p>\n<p>Especializado em processos seletivos na \u00e1rea jur\u00eddica, o Supremo Concursos n\u00e3o foi t\u00e3o impactado pela tesourada da Uni\u00e3o nos concursos. \u201cComo \u00f3rg\u00e3os como Tribunal de Justi\u00e7a e Minist\u00e9rio P\u00fablico t\u00eam independ\u00eancia financeira, as provas continuam. Alguns estados e munic\u00edpios, menos combalidos com a crise, t\u00eam realizado processos seletivos tamb\u00e9m\u201d, esclarece o diretor-geral, Frederico Neder.<\/p>\n<p>A diretora-executiva da Anpac, Maria Thereza Sombra, \u00e9 menos otimista. \u201cOs estados est\u00e3o quebrados. E as estatais est\u00e3o enxugando os custos, fazendo inclusive PDV (Plano de Demiss\u00e3o Volunt\u00e1ria). A m\u00e1quina p\u00fablica precisa funcionar bem, mas os governantes t\u00eam que colocar a m\u00e3o na consci\u00eancia\u201d, diz.<\/p>\n<p>Conforme o Hoje em Dia mostrou na edi\u00e7\u00e3o de ontem, empresas p\u00fablicas t\u00eam incentivado demiss\u00f5es e aposentadorias. S\u00f3 o Banco do Brasil incentivar\u00e1 a sa\u00edda de 18 mil trabalhadores em fun\u00e7\u00e3o do fechamento de ag\u00eancias. Essas vagas n\u00e3o ser\u00e3o reabertas.<\/p>\n<p>Fonte: Hoje em Dia<\/p>\n<p>&nbsp;<\/p>\n","protected":false},"excerpt":{"rendered":"<p>A profunda crise econ\u00f4mica pela qual passa o Brasil fez secar a fonte de concursos p\u00fablicos federais, que englobam algumas das carreiras mais cobi\u00e7adas do pa\u00eds.<\/p>\n","protected":false},"author":2,"featured_media":4171,"comment_status":"closed","ping_status":"open","sticky":false,"template":"","format":"standard","meta":{"advgb_blocks_editor_width":"","advgb_blocks_columns_visual_guide":"","_exactmetrics_skip_tracking":false,"_exactmetrics_sitenote_active":false,"_exactmetrics_sitenote_note":"","_exactmetrics_sitenote_category":0,"footnotes":""},"categories":[12],"tags":[895,99,1540,1541],"class_list":["post-4170","post","type-post","status-publish","format-standard","has-post-thumbnail","hentry","category-politica","tag-895","tag-concurso-publico","tag-governo-federal","tag-vagas-suspensas"],"better_featured_image":{"id":4171,"alt_text":"","caption":"","description":"","media_type":"image","media_details":{"width":515,"height":330,"file":"2016\/11\/concurso.jpg","sizes":{"thumbnail":{"file":"concurso-150x96.jpg","width":150,"height":96,"mime-type":"image\/jpeg","source_url":"https:\/\/lavras.tv\/site\/wp-content\/uploads\/2016\/11\/concurso-150x96.jpg"},"medium":{"file":"concurso-300x192.jpg","width":300,"height":192,"mime-type":"image\/jpeg","source_url":"https:\/\/lavras.tv\/site\/wp-content\/uploads\/2016\/11\/concurso-300x192.jpg"},"featured-post-img":{"file":"concurso-480x320.jpg","width":480,"height":320,"mime-type":"image\/jpeg","source_url":"https:\/\/lavras.tv\/site\/wp-content\/uploads\/2016\/11\/concurso-480x320.jpg"},"sow-carousel-default":{"file":"concurso-272x182.jpg","width":272,"height":182,"mime-type":"image\/jpeg","source_url":"https:\/\/lavras.tv\/site\/wp-content\/uploads\/2016\/11\/concurso-272x182.jpg"}},"image_meta":{"aperture":"0","credit":"","camera":"","caption":"","created_timestamp":"0","copyright":"","focal_length":"0","iso":"0","shutter_speed":"0","title":"","orientation":"1","keywords":[]}},"post":4170,"source_url":"https:\/\/lavras.tv\/site\/wp-content\/uploads\/2016\/11\/concurso.jpg"},"author_meta":{"display_name":"Lavras TV","author_link":"https:\/\/lavras.tv\/site\/author\/lavrastv\/"},"featured_img":"https:\/\/lavras.tv\/site\/wp-content\/uploads\/2016\/11\/concurso-300x192.jpg","coauthors":[],"tax_additional":{"categories":{"linked":["<a href=\"https:\/\/lavras.tv\/site\/category\/politica\/\" class=\"advgb-post-tax-term\">Pol\u00edtica<\/a>"],"unlinked":["<span class=\"advgb-post-tax-term\">Pol\u00edtica<\/span>"]},"tags":{"linked":["<a href=\"https:\/\/lavras.tv\/site\/category\/politica\/\" class=\"advgb-post-tax-term\">2017<\/a>","<a href=\"https:\/\/lavras.tv\/site\/category\/politica\/\" class=\"advgb-post-tax-term\">concurso publico<\/a>","<a href=\"https:\/\/lavras.tv\/site\/category\/politica\/\" class=\"advgb-post-tax-term\">governo federal<\/a>","<a href=\"https:\/\/lavras.tv\/site\/category\/politica\/\" class=\"advgb-post-tax-term\">vagas suspensas<\/a>"],"unlinked":["<span class=\"advgb-post-tax-term\">2017<\/span>","<span class=\"advgb-post-tax-term\">concurso publico<\/span>","<span class=\"advgb-post-tax-term\">governo federal<\/span>","<span class=\"advgb-post-tax-term\">vagas suspensas<\/span>"]}},"comment_count":"0","relative_dates":{"created":"Publicado 9 anos atr\u00e1s","modified":"Atualizado 9 anos atr\u00e1s"},"absolute_dates":{"created":"Publicado em 23 de novembro de 2016","modified":"Atualizado em 23 de novembro de 2016"},"absolute_dates_time":{"created":"Publicado em 23 de novembro de 2016 10:48","modified":"Atualizado em 23 de novembro de 2016 10:48"},"featured_img_caption":"","series_order":"","_links":{"self":[{"href":"https:\/\/lavras.tv\/site\/wp-json\/wp\/v2\/posts\/4170","targetHints":{"allow":["GET"]}}],"collection":[{"href":"https:\/\/lavras.tv\/site\/wp-json\/wp\/v2\/posts"}],"about":[{"href":"https:\/\/lavras.tv\/site\/wp-json\/wp\/v2\/types\/post"}],"author":[{"embeddable":true,"href":"https:\/\/lavras.tv\/site\/wp-json\/wp\/v2\/users\/2"}],"replies":[{"embeddable":true,"href":"https:\/\/lavras.tv\/site\/wp-json\/wp\/v2\/comments?post=4170"}],"version-history":[{"count":1,"href":"https:\/\/lavras.tv\/site\/wp-json\/wp\/v2\/posts\/4170\/revisions"}],"predecessor-version":[{"id":4172,"href":"https:\/\/lavras.tv\/site\/wp-json\/wp\/v2\/posts\/4170\/revisions\/4172"}],"wp:featuredmedia":[{"embeddable":true,"href":"https:\/\/lavras.tv\/site\/wp-json\/wp\/v2\/media\/4171"}],"wp:attachment":[{"href":"https:\/\/lavras.tv\/site\/wp-json\/wp\/v2\/media?parent=4170"}],"wp:term":[{"taxonomy":"category","embeddable":true,"href":"https:\/\/lavras.tv\/site\/wp-json\/wp\/v2\/categories?post=4170"},{"taxonomy":"post_tag","embeddable":true,"href":"https:\/\/lavras.tv\/site\/wp-json\/wp\/v2\/tags?post=4170"}],"curies":[{"name":"wp","href":"https:\/\/api.w.org\/{rel}","templated":true}]}}