{"id":4227,"date":"2016-11-24T09:37:23","date_gmt":"2016-11-24T11:37:23","guid":{"rendered":"http:\/\/lavras.tv\/site\/?p=4227"},"modified":"2016-11-24T09:37:23","modified_gmt":"2016-11-24T11:37:23","slug":"senac-oferece-vaga-de-emprego-para-orientador-de-cursos","status":"publish","type":"post","link":"https:\/\/lavras.tv\/site\/2016\/11\/24\/senac-oferece-vaga-de-emprego-para-orientador-de-cursos\/","title":{"rendered":"Senac oferece vaga de emprego para orientador de cursos"},"content":{"rendered":"<div class=\"lavra-antes-do-conteudo_2\" id=\"lavra-3575569080\"><div id=\"lavra-slider-27\" class=\"custom-slider lavra-slider-1030615126 lavra-slider\"><ul><li><div style=\"margin-left: auto;margin-right: auto;text-align: center;\" id=\"lavra-2462004691\"><a href=\"https:\/\/sistemas.lavras.mg.gov.br\/portalcidadao\/#df1b1a7c7b2a290bcb31e32771e610784662739a88807c0dacac58ede5f391a7530e299dc302d611ee73cb143fc22eaf93592e53e7b5bdb01b00a0b8d28dae460c141dd2ff83412e4dc1c31b16b25f33144a9e5620ea73b13f5bc1c59411d98439ad226e8af03840603796067d87afe130812cf3de24982d0e306f9e61e764e5\" aria-label=\"Lavras-TV&#8211;720x104px (1) (1)\"><img src=\"https:\/\/lavras.tv\/site\/wp-content\/uploads\/2025\/01\/Lavras-TV-720x104px-1-1.png\" alt=\"\"  srcset=\"https:\/\/lavras.tv\/site\/wp-content\/uploads\/2025\/01\/Lavras-TV-720x104px-1-1.png 720w, https:\/\/lavras.tv\/site\/wp-content\/uploads\/2025\/01\/Lavras-TV-720x104px-1-1-470x68.png 470w, https:\/\/lavras.tv\/site\/wp-content\/uploads\/2025\/01\/Lavras-TV-720x104px-1-1-170x25.png 170w, https:\/\/lavras.tv\/site\/wp-content\/uploads\/2025\/01\/Lavras-TV-720x104px-1-1-200x29.png 200w\" sizes=\"(max-width: 720px) 100vw, 720px\" width=\"720\" height=\"104\"  style=\"display: inline-block;\" \/><\/a><\/div><\/li><li><a href=\"https:\/\/sistemas.lavras.mg.gov.br\/portalcidadao\/#df1b1a7c7b2a290bcb31e32771e610784662739a88807c0dacac58ede5f391a7530e299dc302d611ee73cb143fc22eaf93592e53e7b5bdb01b00a0b8d28dae460c141dd2ff83412e4dc1c31b16b25f33144a9e5620ea73b13f5bc1c59411d98439ad226e8af03840603796067d87afe130812cf3de24982d0e306f9e61e764e5\" aria-label=\"Banner_Emprego_PortallavrasTV\"><img src=\"https:\/\/lavras.tv\/site\/wp-content\/uploads\/2025\/03\/Banner_Emprego_PortallavrasTV.png\" alt=\"\"  srcset=\"https:\/\/lavras.tv\/site\/wp-content\/uploads\/2025\/03\/Banner_Emprego_PortallavrasTV.png 720w, https:\/\/lavras.tv\/site\/wp-content\/uploads\/2025\/03\/Banner_Emprego_PortallavrasTV-470x68.png 470w, https:\/\/lavras.tv\/site\/wp-content\/uploads\/2025\/03\/Banner_Emprego_PortallavrasTV-170x25.png 170w, https:\/\/lavras.tv\/site\/wp-content\/uploads\/2025\/03\/Banner_Emprego_PortallavrasTV-200x29.png 200w\" sizes=\"(max-width: 720px) 100vw, 720px\" width=\"720\" height=\"104\"   \/><\/a><\/li><li><a href=\"https:\/\/sistemas.lavras.mg.gov.br\/portalcidadao\/#df1b1a7c7b2a290bcb31e32771e610784662739a88807c0dacac58ede5f391a7530e299dc302d611ee73cb143fc22eaf93592e53e7b5bdb01b00a0b8d28dae460c141dd2ff83412e4dc1c31b16b25f33144a9e5620ea73b13f5bc1c59411d98439ad226e8af03840603796067d87afe130812cf3de24982d0e306f9e61e764e5\" aria-label=\"Banner_Obras_PortallavrasTV\"><img src=\"https:\/\/lavras.tv\/site\/wp-content\/uploads\/2025\/03\/Banner_Obras_PortallavrasTV.png\" alt=\"\"  srcset=\"https:\/\/lavras.tv\/site\/wp-content\/uploads\/2025\/03\/Banner_Obras_PortallavrasTV.png 720w, https:\/\/lavras.tv\/site\/wp-content\/uploads\/2025\/03\/Banner_Obras_PortallavrasTV-470x68.png 470w, https:\/\/lavras.tv\/site\/wp-content\/uploads\/2025\/03\/Banner_Obras_PortallavrasTV-170x25.png 170w, https:\/\/lavras.tv\/site\/wp-content\/uploads\/2025\/03\/Banner_Obras_PortallavrasTV-200x29.png 200w\" sizes=\"(max-width: 720px) 100vw, 720px\" width=\"720\" height=\"104\"   \/><\/a><\/li><li><div style=\"margin-left: auto;margin-right: auto;text-align: center;\" id=\"lavra-4140562036\"><a href=\"https:\/\/sistemas.lavras.mg.gov.br\/portalcidadao\/#df1b1a7c7b2a290bcb31e32771e610784662739a88807c0dacac58ede5f391a7530e299dc302d611ee73cb143fc22eaf93592e53e7b5bdb01b00a0b8d28dae460c141dd2ff83412e4dc1c31b16b25f33144a9e5620ea73b13f5bc1c59411d98439ad226e8af03840603796067d87afe130812cf3de24982d0e306f9e61e764e5\" aria-label=\"Banner_Educa\u00e7\u00e3o_PortallavrasTV\"><img src=\"https:\/\/lavras.tv\/site\/wp-content\/uploads\/2025\/01\/Banner_Educacao_PortallavrasTV.png\" alt=\"\"  srcset=\"https:\/\/lavras.tv\/site\/wp-content\/uploads\/2025\/01\/Banner_Educacao_PortallavrasTV.png 720w, https:\/\/lavras.tv\/site\/wp-content\/uploads\/2025\/01\/Banner_Educacao_PortallavrasTV-470x68.png 470w, https:\/\/lavras.tv\/site\/wp-content\/uploads\/2025\/01\/Banner_Educacao_PortallavrasTV-170x25.png 170w, https:\/\/lavras.tv\/site\/wp-content\/uploads\/2025\/01\/Banner_Educacao_PortallavrasTV-200x29.png 200w\" sizes=\"(max-width: 720px) 100vw, 720px\" width=\"720\" height=\"104\"  style=\"display: inline-block;\" \/><\/a><\/div><\/li><li><a href=\"https:\/\/sistemas.lavras.mg.gov.br\/portalcidadao\/#df1b1a7c7b2a290bcb31e32771e610784662739a88807c0dacac58ede5f391a7530e299dc302d611ee73cb143fc22eaf93592e53e7b5bdb01b00a0b8d28dae460c141dd2ff83412e4dc1c31b16b25f33144a9e5620ea73b13f5bc1c59411d98439ad226e8af03840603796067d87afe130812cf3de24982d0e306f9e61e764e5\" aria-label=\"Banner_Sa\u00fade_PortallavrasTV\"><img src=\"https:\/\/lavras.tv\/site\/wp-content\/uploads\/2025\/03\/Banner_Saude_PortallavrasTV.png\" alt=\"\"  srcset=\"https:\/\/lavras.tv\/site\/wp-content\/uploads\/2025\/03\/Banner_Saude_PortallavrasTV.png 720w, https:\/\/lavras.tv\/site\/wp-content\/uploads\/2025\/03\/Banner_Saude_PortallavrasTV-470x68.png 470w, https:\/\/lavras.tv\/site\/wp-content\/uploads\/2025\/03\/Banner_Saude_PortallavrasTV-170x25.png 170w, https:\/\/lavras.tv\/site\/wp-content\/uploads\/2025\/03\/Banner_Saude_PortallavrasTV-200x29.png 200w\" sizes=\"(max-width: 720px) 100vw, 720px\" width=\"720\" height=\"104\"   \/><\/a><\/li><li><div id=\"lavra-2935035752\" style=\"width:720px;height:104px;background-color:#ddd;overflow:scroll;\">\n\t<strong>Sa\u00edda da depura\u00e7\u00e3o de an\u00fancios<\/strong>\n\t<br><br>\n\tO an\u00fancio n\u00e3o \u00e9 exibido na p\u00e1gina<br><br>post atual: Senac oferece vaga de emprego para orientador de cursos, ID: 4227<br><br><span style=\"color: red;\">O post atual n\u00e3o \u00e9 id\u00eantico ao post principal.<\/span><br><br>An\u00fancios: ROXO - TOPO INTERNA - ROTATIVO 2 (197)<br \/>Grupo de an\u00fancios: Princ_Meio01_720x104 (27)<br><br>Condi\u00e7\u00f5es de exibi\u00e7\u00e3o<div style=\"margin-bottom: 20px; white-space: pre-wrap; font-family: monospace; width: 100%; background: #ffe9e9;\"><strong>condi\u00e7\u00f5es gerais<\/strong><table border=\"1\"><thead><tr><th><\/th><th>An\u00fancios<\/th><th>wp_the_query<\/th><\/tr><\/thead><tr><td>is_main_query<\/td><td>1<\/td><td>1<\/td><\/tr><tr><td>is_rest_api<\/td><td>0<\/td><td>1<\/td><\/tr><tr><td>page<\/td><td>0<\/td><td>1<\/td><\/tr><tr><td>numpages<\/td><td>0<\/td><td>1<\/td><\/tr><tr><td>is_archive<\/td><td>1<\/td><td><\/td><\/tr><tr><td>is_search<\/td><td>1<\/td><td><\/td><\/tr><tr><td>is_home<\/td><td>1<\/td><td><\/td><\/tr><tr><td>is_404<\/td><td>1<\/td><td><\/td><\/tr><tr><td>is_attachment<\/td><td>1<\/td><td><\/td><\/tr><tr><td>is_singular<\/td><td>1<\/td><td><\/td><\/tr><tr><td>is_front_page<\/td><td>1<\/td><td><\/td><\/tr><tr><td>is_feed<\/td><td>1<\/td><td><\/td><\/tr><\/table><\/div><br><br><span style=\"color: red;\">Seu site usa HTTPS, mas o c\u00f3digo do an\u00fancio cont\u00e9m HTTP e pode n\u00e3o funcionar.<\/span>\t<br><br>\n\t<a style=\"color: green;\" href=\"https:\/\/wpadvancedads.com\/manual\/ad-debug-mode\/?utm_source=advanced-ads&utm_medium=link&utm_campaign=ad-debug-mode\" target=\"_blank\" rel=\"nofollow\">Encontre solu\u00e7\u00f5es no manual<\/a>\n<\/div>\n<\/li><\/ul><\/div><script>( window.advanced_ads_ready || jQuery( document ).ready ).call( null, function() {var $lavraslider1030615126 = jQuery( \".lavra-slider-1030615126\" );$lavraslider1030615126.on( \"unslider.ready\", function() { jQuery( \"div.custom-slider ul li\" ).css( \"display\", \"block\" ); });$lavraslider1030615126.unslider({ delay:4000, autoplay:true, nav:false, arrows:false, infinite:true });$lavraslider1030615126.on(\"mouseover\", function() {$lavraslider1030615126.unslider(\"stop\");}).on(\"mouseout\", function() {$lavraslider1030615126.unslider(\"start\");});});<\/script><\/div><p class=\"x_MsoNormal\">O Senac em Lavras est\u00e1 com uma vaga para <b>Orientador de Cursos <\/b>na \u00e1rea da beleza.<!--more--> O candidato deve ter ensino m\u00e9dio completo, experi\u00eancia profissional como cabeleireiro, maquiador, depilador, manicure e pedicure, al\u00e9m de atuar na \u00e1rea de est\u00e9tica e doc\u00eancia em educa\u00e7\u00e3o profissional. \u00c9 necess\u00e1rio residir em Lavras, ter dom\u00ednio do pacote office, habilidade em reda\u00e7\u00e3o empresarial, t\u00e9cnicas de avalia\u00e7\u00e3o e comunica\u00e7\u00e3o, metodologia e did\u00e1tica incluindo planejamento escolar. A jornada de trabalho se dar\u00e1 no per\u00edodo vespertino e noturno.<\/p>\n<p class=\"x_MsoNormal\">\u00a0<img fetchpriority=\"high\" decoding=\"async\" class=\"size-full wp-image-4228 aligncenter\" src=\"http:\/\/lavras.tv\/site\/wp-content\/uploads\/2016\/11\/senac.jpg\" alt=\"senac\" width=\"2048\" height=\"1365\" srcset=\"https:\/\/lavras.tv\/site\/wp-content\/uploads\/2016\/11\/senac.jpg 2048w, https:\/\/lavras.tv\/site\/wp-content\/uploads\/2016\/11\/senac-150x100.jpg 150w, https:\/\/lavras.tv\/site\/wp-content\/uploads\/2016\/11\/senac-300x200.jpg 300w, https:\/\/lavras.tv\/site\/wp-content\/uploads\/2016\/11\/senac-1024x683.jpg 1024w, https:\/\/lavras.tv\/site\/wp-content\/uploads\/2016\/11\/senac-480x320.jpg 480w, https:\/\/lavras.tv\/site\/wp-content\/uploads\/2016\/11\/senac-272x182.jpg 272w\" sizes=\"(max-width: 2048px) 100vw, 2048px\" \/><\/p>\n<p class=\"x_MsoNormal\">A vaga est\u00e1 dispon\u00edvel na se\u00e7\u00e3o <i>Trabalhe Conosco<\/i> no site <a href=\"http:\/\/www.mg.senac.br\/\" target=\"_blank\">www.mg.senac.br<\/a><span class=\"x_MsoHyperlink\">,<\/span> at\u00e9 o dia 27\/11.<\/p>\n<p class=\"x_MsoNormal\"><b>Sobre o Senac<\/b><\/p>\n<p class=\"x_MsoNormal\"><b>\u00a0<\/b>O Servi\u00e7o Nacional de Aprendizagem Comercial (Senac) completou 70 anos no dia 10 de janeiro de 2016. \u00c9 uma institui\u00e7\u00e3o de direito privado focada na educa\u00e7\u00e3o profissional. No portf\u00f3lio de cursos est\u00e3o os de aperfei\u00e7oamento, qualifica\u00e7\u00e3o, t\u00e9cnicos, gradua\u00e7\u00e3o (bacharelado e tecnologia) e p\u00f3s-gradua\u00e7\u00e3o, al\u00e9m de atividades de extens\u00e3o. Toda a programa\u00e7\u00e3o \u00e9 voltada para o com\u00e9rcio de bens, servi\u00e7os e turismo.<\/p>\n<p class=\"x_MsoNormal\">\u00a0A institui\u00e7\u00e3o possui 41 unidades educacionais distribu\u00eddas por Minas Gerais, que englobam: o Hotel Senac Grogot\u00f3 (primeiro hotel-escola da Am\u00e9rica Latina, localizado em Barbacena), o N\u00facleo de P\u00f3s-Gradua\u00e7\u00e3o e Educa\u00e7\u00e3o a Dist\u00e2ncia, a Faculdade Senac (unidades Barbacena, Belo Horizonte e Contagem), a Pousada Senac Tiradentes, al\u00e9m de tr\u00eas restaurantes-escola. O Senac disp\u00f5e, ainda, de 12 carretas do Programa SenacM\u00f3vel, que circulam por todo o estado, e s\u00e3o adaptadas especialmente para a realiza\u00e7\u00e3o de cursos profissionalizantes, atendendo \u00e0queles que n\u00e3o podem se deslocar at\u00e9 a sala de aula.<\/p>\n<p class=\"x_MsoNormal\">Fonte: Assessoria do Senac<\/p>\n","protected":false},"excerpt":{"rendered":"<p>O Senac em Lavras est\u00e1 com uma vaga para Orientador de Cursos na \u00e1rea da beleza.<\/p>\n","protected":false},"author":2,"featured_media":4228,"comment_status":"closed","ping_status":"open","sticky":false,"template":"","format":"standard","meta":{"advgb_blocks_editor_width":"","advgb_blocks_columns_visual_guide":"","_exactmetrics_skip_tracking":false,"_exactmetrics_sitenote_active":false,"_exactmetrics_sitenote_note":"","_exactmetrics_sitenote_category":0,"footnotes":""},"categories":[7,20,2],"tags":[34,1551,1552,845,1550],"class_list":["post-4227","post","type-post","status-publish","format-standard","has-post-thumbnail","hentry","category-destaques","category-empregos","category-noticias","tag-lavras","tag-orientador-de-curso-de-beleza","tag-professor","tag-senac","tag-vaga-de-emprego"],"better_featured_image":{"id":4228,"alt_text":"","caption":"","description":"","media_type":"image","media_details":{"width":2048,"height":1365,"file":"2016\/11\/senac.jpg","sizes":{"thumbnail":{"file":"senac-150x100.jpg","width":150,"height":100,"mime-type":"image\/jpeg","source_url":"https:\/\/lavras.tv\/site\/wp-content\/uploads\/2016\/11\/senac-150x100.jpg"},"medium":{"file":"senac-300x200.jpg","width":300,"height":200,"mime-type":"image\/jpeg","source_url":"https:\/\/lavras.tv\/site\/wp-content\/uploads\/2016\/11\/senac-300x200.jpg"},"large":{"file":"senac-1024x683.jpg","width":1024,"height":683,"mime-type":"image\/jpeg","source_url":"https:\/\/lavras.tv\/site\/wp-content\/uploads\/2016\/11\/senac-1024x683.jpg"},"featured-slider-img":{"file":"senac-640x480.jpg","width":640,"height":480,"mime-type":"image\/jpeg","source_url":"https:\/\/lavras.tv\/site\/wp-content\/uploads\/2016\/11\/senac-640x480.jpg"},"featured-post-img":{"file":"senac-480x320.jpg","width":480,"height":320,"mime-type":"image\/jpeg","source_url":"https:\/\/lavras.tv\/site\/wp-content\/uploads\/2016\/11\/senac-480x320.jpg"},"sow-carousel-default":{"file":"senac-272x182.jpg","width":272,"height":182,"mime-type":"image\/jpeg","source_url":"https:\/\/lavras.tv\/site\/wp-content\/uploads\/2016\/11\/senac-272x182.jpg"}},"image_meta":{"aperture":"0","credit":"","camera":"","caption":"","created_timestamp":"0","copyright":"","focal_length":"0","iso":"0","shutter_speed":"0","title":"","orientation":"0","keywords":[]}},"post":4227,"source_url":"https:\/\/lavras.tv\/site\/wp-content\/uploads\/2016\/11\/senac.jpg"},"author_meta":{"display_name":"Lavras TV","author_link":"https:\/\/lavras.tv\/site\/author\/lavrastv\/"},"featured_img":"https:\/\/lavras.tv\/site\/wp-content\/uploads\/2016\/11\/senac-300x200.jpg","coauthors":[],"tax_additional":{"categories":{"linked":["<a href=\"https:\/\/lavras.tv\/site\/category\/destaques\/\" class=\"advgb-post-tax-term\">Destaques<\/a>","<a href=\"https:\/\/lavras.tv\/site\/category\/empregos\/\" class=\"advgb-post-tax-term\">Empregos<\/a>","<a href=\"https:\/\/lavras.tv\/site\/category\/noticias\/\" class=\"advgb-post-tax-term\">Not\u00edcias<\/a>"],"unlinked":["<span class=\"advgb-post-tax-term\">Destaques<\/span>","<span class=\"advgb-post-tax-term\">Empregos<\/span>","<span class=\"advgb-post-tax-term\">Not\u00edcias<\/span>"]},"tags":{"linked":["<a href=\"https:\/\/lavras.tv\/site\/category\/noticias\/\" class=\"advgb-post-tax-term\">lavras<\/a>","<a href=\"https:\/\/lavras.tv\/site\/category\/noticias\/\" class=\"advgb-post-tax-term\">orientador de curso de beleza<\/a>","<a href=\"https:\/\/lavras.tv\/site\/category\/noticias\/\" class=\"advgb-post-tax-term\">professor<\/a>","<a href=\"https:\/\/lavras.tv\/site\/category\/noticias\/\" class=\"advgb-post-tax-term\">SENAC<\/a>","<a href=\"https:\/\/lavras.tv\/site\/category\/noticias\/\" class=\"advgb-post-tax-term\">vaga de emprego<\/a>"],"unlinked":["<span class=\"advgb-post-tax-term\">lavras<\/span>","<span class=\"advgb-post-tax-term\">orientador de curso de beleza<\/span>","<span class=\"advgb-post-tax-term\">professor<\/span>","<span class=\"advgb-post-tax-term\">SENAC<\/span>","<span class=\"advgb-post-tax-term\">vaga de emprego<\/span>"]}},"comment_count":"0","relative_dates":{"created":"Publicado 9 anos atr\u00e1s","modified":"Atualizado 9 anos atr\u00e1s"},"absolute_dates":{"created":"Publicado em 24 de novembro de 2016","modified":"Atualizado em 24 de novembro de 2016"},"absolute_dates_time":{"created":"Publicado em 24 de novembro de 2016 09:37","modified":"Atualizado em 24 de novembro de 2016 09:37"},"featured_img_caption":"","series_order":"","_links":{"self":[{"href":"https:\/\/lavras.tv\/site\/wp-json\/wp\/v2\/posts\/4227","targetHints":{"allow":["GET"]}}],"collection":[{"href":"https:\/\/lavras.tv\/site\/wp-json\/wp\/v2\/posts"}],"about":[{"href":"https:\/\/lavras.tv\/site\/wp-json\/wp\/v2\/types\/post"}],"author":[{"embeddable":true,"href":"https:\/\/lavras.tv\/site\/wp-json\/wp\/v2\/users\/2"}],"replies":[{"embeddable":true,"href":"https:\/\/lavras.tv\/site\/wp-json\/wp\/v2\/comments?post=4227"}],"version-history":[{"count":1,"href":"https:\/\/lavras.tv\/site\/wp-json\/wp\/v2\/posts\/4227\/revisions"}],"predecessor-version":[{"id":4229,"href":"https:\/\/lavras.tv\/site\/wp-json\/wp\/v2\/posts\/4227\/revisions\/4229"}],"wp:featuredmedia":[{"embeddable":true,"href":"https:\/\/lavras.tv\/site\/wp-json\/wp\/v2\/media\/4228"}],"wp:attachment":[{"href":"https:\/\/lavras.tv\/site\/wp-json\/wp\/v2\/media?parent=4227"}],"wp:term":[{"taxonomy":"category","embeddable":true,"href":"https:\/\/lavras.tv\/site\/wp-json\/wp\/v2\/categories?post=4227"},{"taxonomy":"post_tag","embeddable":true,"href":"https:\/\/lavras.tv\/site\/wp-json\/wp\/v2\/tags?post=4227"}],"curies":[{"name":"wp","href":"https:\/\/api.w.org\/{rel}","templated":true}]}}