{"id":4244,"date":"2016-11-24T15:42:06","date_gmt":"2016-11-24T17:42:06","guid":{"rendered":"http:\/\/lavras.tv\/site\/?p=4244"},"modified":"2016-11-24T15:42:06","modified_gmt":"2016-11-24T17:42:06","slug":"informe-parlamentar-psfs-de-lavras-serao-reformados-com-recurso-da-deputada-damina","status":"publish","type":"post","link":"https:\/\/lavras.tv\/site\/2016\/11\/24\/informe-parlamentar-psfs-de-lavras-serao-reformados-com-recurso-da-deputada-damina\/","title":{"rendered":"[Informe Parlamentar] PSF&#8217;s de Lavras ser\u00e3o reformados com recurso da deputada D\u00e2mina"},"content":{"rendered":"<div class=\"lavra-antes-do-conteudo_2\" id=\"lavra-2102151301\"><div id=\"lavra-slider-27\" class=\"custom-slider lavra-slider-1827654513 lavra-slider\"><ul><li><div style=\"margin-left: auto;margin-right: auto;text-align: center;\" id=\"lavra-3845312274\"><a href=\"https:\/\/sistemas.lavras.mg.gov.br\/portalcidadao\/#df1b1a7c7b2a290bcb31e32771e610784662739a88807c0dacac58ede5f391a7530e299dc302d611ee73cb143fc22eaf93592e53e7b5bdb01b00a0b8d28dae460c141dd2ff83412e4dc1c31b16b25f33144a9e5620ea73b13f5bc1c59411d98439ad226e8af03840603796067d87afe130812cf3de24982d0e306f9e61e764e5\" aria-label=\"Lavras-TV&#8211;720x104px (1) (1)\"><img src=\"https:\/\/lavras.tv\/site\/wp-content\/uploads\/2025\/01\/Lavras-TV-720x104px-1-1.png\" alt=\"\"  srcset=\"https:\/\/lavras.tv\/site\/wp-content\/uploads\/2025\/01\/Lavras-TV-720x104px-1-1.png 720w, https:\/\/lavras.tv\/site\/wp-content\/uploads\/2025\/01\/Lavras-TV-720x104px-1-1-470x68.png 470w, https:\/\/lavras.tv\/site\/wp-content\/uploads\/2025\/01\/Lavras-TV-720x104px-1-1-170x25.png 170w, https:\/\/lavras.tv\/site\/wp-content\/uploads\/2025\/01\/Lavras-TV-720x104px-1-1-200x29.png 200w\" sizes=\"(max-width: 720px) 100vw, 720px\" width=\"720\" height=\"104\"  style=\"display: inline-block;\" \/><\/a><\/div><\/li><li><a href=\"https:\/\/sistemas.lavras.mg.gov.br\/portalcidadao\/#df1b1a7c7b2a290bcb31e32771e610784662739a88807c0dacac58ede5f391a7530e299dc302d611ee73cb143fc22eaf93592e53e7b5bdb01b00a0b8d28dae460c141dd2ff83412e4dc1c31b16b25f33144a9e5620ea73b13f5bc1c59411d98439ad226e8af03840603796067d87afe130812cf3de24982d0e306f9e61e764e5\" aria-label=\"Banner_Emprego_PortallavrasTV\"><img src=\"https:\/\/lavras.tv\/site\/wp-content\/uploads\/2025\/03\/Banner_Emprego_PortallavrasTV.png\" alt=\"\"  srcset=\"https:\/\/lavras.tv\/site\/wp-content\/uploads\/2025\/03\/Banner_Emprego_PortallavrasTV.png 720w, https:\/\/lavras.tv\/site\/wp-content\/uploads\/2025\/03\/Banner_Emprego_PortallavrasTV-470x68.png 470w, https:\/\/lavras.tv\/site\/wp-content\/uploads\/2025\/03\/Banner_Emprego_PortallavrasTV-170x25.png 170w, https:\/\/lavras.tv\/site\/wp-content\/uploads\/2025\/03\/Banner_Emprego_PortallavrasTV-200x29.png 200w\" sizes=\"(max-width: 720px) 100vw, 720px\" width=\"720\" height=\"104\"   \/><\/a><\/li><li><a href=\"https:\/\/sistemas.lavras.mg.gov.br\/portalcidadao\/#df1b1a7c7b2a290bcb31e32771e610784662739a88807c0dacac58ede5f391a7530e299dc302d611ee73cb143fc22eaf93592e53e7b5bdb01b00a0b8d28dae460c141dd2ff83412e4dc1c31b16b25f33144a9e5620ea73b13f5bc1c59411d98439ad226e8af03840603796067d87afe130812cf3de24982d0e306f9e61e764e5\" aria-label=\"Banner_Obras_PortallavrasTV\"><img src=\"https:\/\/lavras.tv\/site\/wp-content\/uploads\/2025\/03\/Banner_Obras_PortallavrasTV.png\" alt=\"\"  srcset=\"https:\/\/lavras.tv\/site\/wp-content\/uploads\/2025\/03\/Banner_Obras_PortallavrasTV.png 720w, https:\/\/lavras.tv\/site\/wp-content\/uploads\/2025\/03\/Banner_Obras_PortallavrasTV-470x68.png 470w, https:\/\/lavras.tv\/site\/wp-content\/uploads\/2025\/03\/Banner_Obras_PortallavrasTV-170x25.png 170w, https:\/\/lavras.tv\/site\/wp-content\/uploads\/2025\/03\/Banner_Obras_PortallavrasTV-200x29.png 200w\" sizes=\"(max-width: 720px) 100vw, 720px\" width=\"720\" height=\"104\"   \/><\/a><\/li><li><div style=\"margin-left: auto;margin-right: auto;text-align: center;\" id=\"lavra-4144997927\"><a href=\"https:\/\/sistemas.lavras.mg.gov.br\/portalcidadao\/#df1b1a7c7b2a290bcb31e32771e610784662739a88807c0dacac58ede5f391a7530e299dc302d611ee73cb143fc22eaf93592e53e7b5bdb01b00a0b8d28dae460c141dd2ff83412e4dc1c31b16b25f33144a9e5620ea73b13f5bc1c59411d98439ad226e8af03840603796067d87afe130812cf3de24982d0e306f9e61e764e5\" aria-label=\"Banner_Educa\u00e7\u00e3o_PortallavrasTV\"><img src=\"https:\/\/lavras.tv\/site\/wp-content\/uploads\/2025\/01\/Banner_Educacao_PortallavrasTV.png\" alt=\"\"  srcset=\"https:\/\/lavras.tv\/site\/wp-content\/uploads\/2025\/01\/Banner_Educacao_PortallavrasTV.png 720w, https:\/\/lavras.tv\/site\/wp-content\/uploads\/2025\/01\/Banner_Educacao_PortallavrasTV-470x68.png 470w, https:\/\/lavras.tv\/site\/wp-content\/uploads\/2025\/01\/Banner_Educacao_PortallavrasTV-170x25.png 170w, https:\/\/lavras.tv\/site\/wp-content\/uploads\/2025\/01\/Banner_Educacao_PortallavrasTV-200x29.png 200w\" sizes=\"(max-width: 720px) 100vw, 720px\" width=\"720\" height=\"104\"  style=\"display: inline-block;\" \/><\/a><\/div><\/li><li><a href=\"https:\/\/sistemas.lavras.mg.gov.br\/portalcidadao\/#df1b1a7c7b2a290bcb31e32771e610784662739a88807c0dacac58ede5f391a7530e299dc302d611ee73cb143fc22eaf93592e53e7b5bdb01b00a0b8d28dae460c141dd2ff83412e4dc1c31b16b25f33144a9e5620ea73b13f5bc1c59411d98439ad226e8af03840603796067d87afe130812cf3de24982d0e306f9e61e764e5\" aria-label=\"Banner_Sa\u00fade_PortallavrasTV\"><img src=\"https:\/\/lavras.tv\/site\/wp-content\/uploads\/2025\/03\/Banner_Saude_PortallavrasTV.png\" alt=\"\"  srcset=\"https:\/\/lavras.tv\/site\/wp-content\/uploads\/2025\/03\/Banner_Saude_PortallavrasTV.png 720w, https:\/\/lavras.tv\/site\/wp-content\/uploads\/2025\/03\/Banner_Saude_PortallavrasTV-470x68.png 470w, https:\/\/lavras.tv\/site\/wp-content\/uploads\/2025\/03\/Banner_Saude_PortallavrasTV-170x25.png 170w, https:\/\/lavras.tv\/site\/wp-content\/uploads\/2025\/03\/Banner_Saude_PortallavrasTV-200x29.png 200w\" sizes=\"(max-width: 720px) 100vw, 720px\" width=\"720\" height=\"104\"   \/><\/a><\/li><li><div id=\"lavra-283144803\" style=\"width:720px;height:104px;background-color:#ddd;overflow:scroll;\">\n\t<strong>Sa\u00edda da depura\u00e7\u00e3o de an\u00fancios<\/strong>\n\t<br><br>\n\tO an\u00fancio n\u00e3o \u00e9 exibido na p\u00e1gina<br><br>post atual: [Informe Parlamentar] PSF's de Lavras ser\u00e3o reformados com recurso da deputada D\u00e2mina, ID: 4244<br><br><span style=\"color: red;\">O post atual n\u00e3o \u00e9 id\u00eantico ao post principal.<\/span><br><br>An\u00fancios: ROXO - TOPO INTERNA - ROTATIVO 2 (197)<br \/>Grupo de an\u00fancios: Princ_Meio01_720x104 (27)<br><br>Condi\u00e7\u00f5es de exibi\u00e7\u00e3o<div style=\"margin-bottom: 20px; white-space: pre-wrap; font-family: monospace; width: 100%; background: #ffe9e9;\"><strong>condi\u00e7\u00f5es gerais<\/strong><table border=\"1\"><thead><tr><th><\/th><th>An\u00fancios<\/th><th>wp_the_query<\/th><\/tr><\/thead><tr><td>is_main_query<\/td><td>1<\/td><td>1<\/td><\/tr><tr><td>is_rest_api<\/td><td>0<\/td><td>1<\/td><\/tr><tr><td>page<\/td><td>0<\/td><td>1<\/td><\/tr><tr><td>numpages<\/td><td>0<\/td><td>1<\/td><\/tr><tr><td>is_archive<\/td><td>1<\/td><td><\/td><\/tr><tr><td>is_search<\/td><td>1<\/td><td><\/td><\/tr><tr><td>is_home<\/td><td>1<\/td><td><\/td><\/tr><tr><td>is_404<\/td><td>1<\/td><td><\/td><\/tr><tr><td>is_attachment<\/td><td>1<\/td><td><\/td><\/tr><tr><td>is_singular<\/td><td>1<\/td><td><\/td><\/tr><tr><td>is_front_page<\/td><td>1<\/td><td><\/td><\/tr><tr><td>is_feed<\/td><td>1<\/td><td><\/td><\/tr><\/table><\/div><br><br><span style=\"color: red;\">Seu site usa HTTPS, mas o c\u00f3digo do an\u00fancio cont\u00e9m HTTP e pode n\u00e3o funcionar.<\/span>\t<br><br>\n\t<a style=\"color: green;\" href=\"https:\/\/wpadvancedads.com\/manual\/ad-debug-mode\/?utm_source=advanced-ads&utm_medium=link&utm_campaign=ad-debug-mode\" target=\"_blank\" rel=\"nofollow\">Encontre solu\u00e7\u00f5es no manual<\/a>\n<\/div>\n<\/li><\/ul><\/div><script>( window.advanced_ads_ready || jQuery( document ).ready ).call( null, function() {var $lavraslider1827654513 = jQuery( \".lavra-slider-1827654513\" );$lavraslider1827654513.on( \"unslider.ready\", function() { jQuery( \"div.custom-slider ul li\" ).css( \"display\", \"block\" ); });$lavraslider1827654513.unslider({ delay:4000, autoplay:true, nav:false, arrows:false, infinite:true });$lavraslider1827654513.on(\"mouseover\", function() {$lavraslider1827654513.unslider(\"stop\");}).on(\"mouseout\", function() {$lavraslider1827654513.unslider(\"start\");});});<\/script><\/div><p class=\"m_-6102788040150582341gmail-MsoNoSpacing\">Desde o in\u00edcio do seu mantado,\u00a0a deputada federal D\u00e2mina Pereira (PSL\/MG) vem refor\u00e7ando o compromisso que tem com a sa\u00fade de quem mora em Lavras e regi\u00e3o. Recentemente,\u00a0o Minist\u00e9rio da Sa\u00fade pagou mais uma emenda da parlamentar. Com o recurso tr\u00eas unidades do Programa Sa\u00fade da Fam\u00edlia &#8211; PSFs I, II e III da cidade, ser\u00e3o reformados.<\/p>\n<p class=\"m_-6102788040150582341gmail-MsoNoSpacing\">O valor de R$99 mil j\u00e1 est\u00e1 dispon\u00edvel no Fundo Municipal de Sa\u00fade e vai beneficiar as unidades dos bairros Cohab, Chacrinha e Novo Horizonte. Essa \u00e9 a primeira parcela do valor total de cada obra, o montante final \u00e9 de R$500 mil que ser\u00e1 pago em mais duas vezes.<\/p>\n<p class=\"m_-6102788040150582341gmail-MsoNoSpacing\">A secret\u00e1ria municipal de sa\u00fade Ana Marcia Moura, agradeceu a deputada e explicou sobre as reformas. \u201cA D\u00e2mina est\u00e1 representando muito bem Lavras e vem demonstrado que est\u00e1 atenta a sa\u00fade da popula\u00e7\u00e3o lavrense. \u201cEssas tr\u00eas PSFs atendem muitos pacientes e a estrutura atualmente n\u00e3o est\u00e1 boa. Esse recurso veio a calhar, porque o munic\u00edpio n\u00e3o est\u00e1 conseguido arcar com as despesas para fazer essas reformas\u201d, esclareceu.\u00a0<img fetchpriority=\"high\" decoding=\"async\" class=\"alignnone size-full wp-image-4245\" src=\"http:\/\/lavras.tv\/site\/wp-content\/uploads\/2016\/11\/Foto.jpg\" alt=\"foto\" width=\"2003\" height=\"1312\" srcset=\"https:\/\/lavras.tv\/site\/wp-content\/uploads\/2016\/11\/Foto.jpg 2003w, https:\/\/lavras.tv\/site\/wp-content\/uploads\/2016\/11\/Foto-150x98.jpg 150w, https:\/\/lavras.tv\/site\/wp-content\/uploads\/2016\/11\/Foto-300x197.jpg 300w, https:\/\/lavras.tv\/site\/wp-content\/uploads\/2016\/11\/Foto-1024x671.jpg 1024w\" sizes=\"(max-width: 2003px) 100vw, 2003px\" \/><\/p>\n<p class=\"m_-6102788040150582341gmail-MsoNoSpacing\">A parlamentar lembrou que o posto do bairro Chacrinha \u00e9 o maior e o primeiro de Lavras. \u201cContribuir para melhorar a estrutura do posto mais antigo do munic\u00edpio \u00e9 uma honra. Sabemos das dificuldades que o Brasil est\u00e1 passando na sa\u00fade, por isso, vou continuar trabalhando em prol de um atendimento de qualidade para os lavrenses\u201d, completou.<\/p>\n<p class=\"m_-6102788040150582341gmail-MsoNoSpacing\">De acordo com a Secretaria de Sa\u00fade de Lavras, as unidades atendem 10 mil pacientes cadastrados (que pertencem uma unidade espec\u00edfica) e\u00a0outros 3 mil\u00a0s\u00e3o\u00a0assistidos (usu\u00e1rios do SUS que n\u00e3o tem cobertura de PSF em seus bairros). Al\u00e9m disso, o posto do bairro Chacrinha recebe algumas consultas espec\u00edficas. O local funciona como um aux\u00edlio aos ambulat\u00f3rios m\u00e9dicos especializados nas \u00e1reas pediatria e urologia, entre outras.<\/p>\n","protected":false},"excerpt":{"rendered":"<p>Desde o in\u00edcio do seu mantado,\u00a0a deputada federal D\u00e2mina Pereira (PSL\/MG) vem refor\u00e7ando o compromisso que tem com a sa\u00fade de quem mora em Lavras e regi\u00e3o. Recentemente,\u00a0o Minist\u00e9rio da Sa\u00fade pagou mais uma emenda da parlamentar. Com o recurso tr\u00eas unidades do Programa Sa\u00fade da Fam\u00edlia &#8211; PSFs I, II e III da cidade, [&hellip;]<\/p>\n","protected":false},"author":2,"featured_media":4245,"comment_status":"closed","ping_status":"open","sticky":false,"template":"","format":"standard","meta":{"advgb_blocks_editor_width":"","advgb_blocks_columns_visual_guide":"","_exactmetrics_skip_tracking":false,"_exactmetrics_sitenote_active":false,"_exactmetrics_sitenote_note":"","_exactmetrics_sitenote_category":0,"footnotes":""},"categories":[7,12],"tags":[],"class_list":["post-4244","post","type-post","status-publish","format-standard","has-post-thumbnail","hentry","category-destaques","category-politica"],"better_featured_image":{"id":4245,"alt_text":"","caption":"","description":"","media_type":"image","media_details":{"width":2003,"height":1312,"file":"2016\/11\/Foto.jpg","sizes":{"thumbnail":{"file":"Foto-150x98.jpg","width":150,"height":98,"mime-type":"image\/jpeg","source_url":"https:\/\/lavras.tv\/site\/wp-content\/uploads\/2016\/11\/Foto-150x98.jpg"},"medium":{"file":"Foto-300x197.jpg","width":300,"height":197,"mime-type":"image\/jpeg","source_url":"https:\/\/lavras.tv\/site\/wp-content\/uploads\/2016\/11\/Foto-300x197.jpg"},"large":{"file":"Foto-1024x671.jpg","width":1024,"height":671,"mime-type":"image\/jpeg","source_url":"https:\/\/lavras.tv\/site\/wp-content\/uploads\/2016\/11\/Foto-1024x671.jpg"},"featured-slider-img":{"file":"Foto-640x480.jpg","width":640,"height":480,"mime-type":"image\/jpeg","source_url":"https:\/\/lavras.tv\/site\/wp-content\/uploads\/2016\/11\/Foto-640x480.jpg"},"featured-post-img":{"file":"Foto-480x320.jpg","width":480,"height":320,"mime-type":"image\/jpeg","source_url":"https:\/\/lavras.tv\/site\/wp-content\/uploads\/2016\/11\/Foto-480x320.jpg"},"sow-carousel-default":{"file":"Foto-272x182.jpg","width":272,"height":182,"mime-type":"image\/jpeg","source_url":"https:\/\/lavras.tv\/site\/wp-content\/uploads\/2016\/11\/Foto-272x182.jpg"}},"image_meta":{"aperture":"4.5","credit":"GUSTAVO LIMA","camera":"NIKON D800E","caption":"","created_timestamp":"1457536531","copyright":"GUSTAVO LIMA","focal_length":"145","iso":"2500","shutter_speed":"0.01","title":"","orientation":"1","keywords":[]}},"post":4244,"source_url":"https:\/\/lavras.tv\/site\/wp-content\/uploads\/2016\/11\/Foto.jpg"},"author_meta":{"display_name":"Lavras TV","author_link":"https:\/\/lavras.tv\/site\/author\/lavrastv\/"},"featured_img":"https:\/\/lavras.tv\/site\/wp-content\/uploads\/2016\/11\/Foto-300x197.jpg","coauthors":[],"tax_additional":{"categories":{"linked":["<a href=\"https:\/\/lavras.tv\/site\/category\/destaques\/\" class=\"advgb-post-tax-term\">Destaques<\/a>","<a href=\"https:\/\/lavras.tv\/site\/category\/politica\/\" class=\"advgb-post-tax-term\">Pol\u00edtica<\/a>"],"unlinked":["<span class=\"advgb-post-tax-term\">Destaques<\/span>","<span class=\"advgb-post-tax-term\">Pol\u00edtica<\/span>"]}},"comment_count":"0","relative_dates":{"created":"Publicado 9 anos atr\u00e1s","modified":"Atualizado 9 anos atr\u00e1s"},"absolute_dates":{"created":"Publicado em 24 de novembro de 2016","modified":"Atualizado em 24 de novembro de 2016"},"absolute_dates_time":{"created":"Publicado em 24 de novembro de 2016 15:42","modified":"Atualizado em 24 de novembro de 2016 15:42"},"featured_img_caption":"","series_order":"","_links":{"self":[{"href":"https:\/\/lavras.tv\/site\/wp-json\/wp\/v2\/posts\/4244","targetHints":{"allow":["GET"]}}],"collection":[{"href":"https:\/\/lavras.tv\/site\/wp-json\/wp\/v2\/posts"}],"about":[{"href":"https:\/\/lavras.tv\/site\/wp-json\/wp\/v2\/types\/post"}],"author":[{"embeddable":true,"href":"https:\/\/lavras.tv\/site\/wp-json\/wp\/v2\/users\/2"}],"replies":[{"embeddable":true,"href":"https:\/\/lavras.tv\/site\/wp-json\/wp\/v2\/comments?post=4244"}],"version-history":[{"count":2,"href":"https:\/\/lavras.tv\/site\/wp-json\/wp\/v2\/posts\/4244\/revisions"}],"predecessor-version":[{"id":4247,"href":"https:\/\/lavras.tv\/site\/wp-json\/wp\/v2\/posts\/4244\/revisions\/4247"}],"wp:featuredmedia":[{"embeddable":true,"href":"https:\/\/lavras.tv\/site\/wp-json\/wp\/v2\/media\/4245"}],"wp:attachment":[{"href":"https:\/\/lavras.tv\/site\/wp-json\/wp\/v2\/media?parent=4244"}],"wp:term":[{"taxonomy":"category","embeddable":true,"href":"https:\/\/lavras.tv\/site\/wp-json\/wp\/v2\/categories?post=4244"},{"taxonomy":"post_tag","embeddable":true,"href":"https:\/\/lavras.tv\/site\/wp-json\/wp\/v2\/tags?post=4244"}],"curies":[{"name":"wp","href":"https:\/\/api.w.org\/{rel}","templated":true}]}}