{"id":4261,"date":"2016-11-25T09:28:52","date_gmt":"2016-11-25T11:28:52","guid":{"rendered":"http:\/\/lavras.tv\/site\/?p=4261"},"modified":"2016-11-25T09:28:52","modified_gmt":"2016-11-25T11:28:52","slug":"gasto-com-folha-pode-extrapolar-lei-de-responsabilidade-fiscal-em-mg","status":"publish","type":"post","link":"https:\/\/lavras.tv\/site\/2016\/11\/25\/gasto-com-folha-pode-extrapolar-lei-de-responsabilidade-fiscal-em-mg\/","title":{"rendered":"Gasto com folha pode extrapolar Lei de Responsabilidade Fiscal em MG"},"content":{"rendered":"<div class=\"lavra-antes-do-conteudo_2\" id=\"lavra-2983157814\"><div id=\"lavra-slider-27\" class=\"custom-slider lavra-slider-1680373775 lavra-slider\"><ul><li><div style=\"margin-left: auto;margin-right: auto;text-align: center;\" id=\"lavra-503930670\"><a href=\"https:\/\/sistemas.lavras.mg.gov.br\/portalcidadao\/#df1b1a7c7b2a290bcb31e32771e610784662739a88807c0dacac58ede5f391a7530e299dc302d611ee73cb143fc22eaf93592e53e7b5bdb01b00a0b8d28dae460c141dd2ff83412e4dc1c31b16b25f33144a9e5620ea73b13f5bc1c59411d98439ad226e8af03840603796067d87afe130812cf3de24982d0e306f9e61e764e5\" aria-label=\"Lavras-TV&#8211;720x104px (1) (1)\"><img src=\"https:\/\/lavras.tv\/site\/wp-content\/uploads\/2025\/01\/Lavras-TV-720x104px-1-1.png\" alt=\"\"  srcset=\"https:\/\/lavras.tv\/site\/wp-content\/uploads\/2025\/01\/Lavras-TV-720x104px-1-1.png 720w, https:\/\/lavras.tv\/site\/wp-content\/uploads\/2025\/01\/Lavras-TV-720x104px-1-1-470x68.png 470w, https:\/\/lavras.tv\/site\/wp-content\/uploads\/2025\/01\/Lavras-TV-720x104px-1-1-170x25.png 170w, https:\/\/lavras.tv\/site\/wp-content\/uploads\/2025\/01\/Lavras-TV-720x104px-1-1-200x29.png 200w\" sizes=\"(max-width: 720px) 100vw, 720px\" width=\"720\" height=\"104\"  style=\"display: inline-block;\" \/><\/a><\/div><\/li><li><a href=\"https:\/\/sistemas.lavras.mg.gov.br\/portalcidadao\/#df1b1a7c7b2a290bcb31e32771e610784662739a88807c0dacac58ede5f391a7530e299dc302d611ee73cb143fc22eaf93592e53e7b5bdb01b00a0b8d28dae460c141dd2ff83412e4dc1c31b16b25f33144a9e5620ea73b13f5bc1c59411d98439ad226e8af03840603796067d87afe130812cf3de24982d0e306f9e61e764e5\" aria-label=\"Banner_Emprego_PortallavrasTV\"><img src=\"https:\/\/lavras.tv\/site\/wp-content\/uploads\/2025\/03\/Banner_Emprego_PortallavrasTV.png\" alt=\"\"  srcset=\"https:\/\/lavras.tv\/site\/wp-content\/uploads\/2025\/03\/Banner_Emprego_PortallavrasTV.png 720w, https:\/\/lavras.tv\/site\/wp-content\/uploads\/2025\/03\/Banner_Emprego_PortallavrasTV-470x68.png 470w, https:\/\/lavras.tv\/site\/wp-content\/uploads\/2025\/03\/Banner_Emprego_PortallavrasTV-170x25.png 170w, https:\/\/lavras.tv\/site\/wp-content\/uploads\/2025\/03\/Banner_Emprego_PortallavrasTV-200x29.png 200w\" sizes=\"(max-width: 720px) 100vw, 720px\" width=\"720\" height=\"104\"   \/><\/a><\/li><li><a href=\"https:\/\/sistemas.lavras.mg.gov.br\/portalcidadao\/#df1b1a7c7b2a290bcb31e32771e610784662739a88807c0dacac58ede5f391a7530e299dc302d611ee73cb143fc22eaf93592e53e7b5bdb01b00a0b8d28dae460c141dd2ff83412e4dc1c31b16b25f33144a9e5620ea73b13f5bc1c59411d98439ad226e8af03840603796067d87afe130812cf3de24982d0e306f9e61e764e5\" aria-label=\"Banner_Obras_PortallavrasTV\"><img src=\"https:\/\/lavras.tv\/site\/wp-content\/uploads\/2025\/03\/Banner_Obras_PortallavrasTV.png\" alt=\"\"  srcset=\"https:\/\/lavras.tv\/site\/wp-content\/uploads\/2025\/03\/Banner_Obras_PortallavrasTV.png 720w, https:\/\/lavras.tv\/site\/wp-content\/uploads\/2025\/03\/Banner_Obras_PortallavrasTV-470x68.png 470w, https:\/\/lavras.tv\/site\/wp-content\/uploads\/2025\/03\/Banner_Obras_PortallavrasTV-170x25.png 170w, https:\/\/lavras.tv\/site\/wp-content\/uploads\/2025\/03\/Banner_Obras_PortallavrasTV-200x29.png 200w\" sizes=\"(max-width: 720px) 100vw, 720px\" width=\"720\" height=\"104\"   \/><\/a><\/li><li><div style=\"margin-left: auto;margin-right: auto;text-align: center;\" id=\"lavra-945078094\"><a href=\"https:\/\/sistemas.lavras.mg.gov.br\/portalcidadao\/#df1b1a7c7b2a290bcb31e32771e610784662739a88807c0dacac58ede5f391a7530e299dc302d611ee73cb143fc22eaf93592e53e7b5bdb01b00a0b8d28dae460c141dd2ff83412e4dc1c31b16b25f33144a9e5620ea73b13f5bc1c59411d98439ad226e8af03840603796067d87afe130812cf3de24982d0e306f9e61e764e5\" aria-label=\"Banner_Educa\u00e7\u00e3o_PortallavrasTV\"><img src=\"https:\/\/lavras.tv\/site\/wp-content\/uploads\/2025\/01\/Banner_Educacao_PortallavrasTV.png\" alt=\"\"  srcset=\"https:\/\/lavras.tv\/site\/wp-content\/uploads\/2025\/01\/Banner_Educacao_PortallavrasTV.png 720w, https:\/\/lavras.tv\/site\/wp-content\/uploads\/2025\/01\/Banner_Educacao_PortallavrasTV-470x68.png 470w, https:\/\/lavras.tv\/site\/wp-content\/uploads\/2025\/01\/Banner_Educacao_PortallavrasTV-170x25.png 170w, https:\/\/lavras.tv\/site\/wp-content\/uploads\/2025\/01\/Banner_Educacao_PortallavrasTV-200x29.png 200w\" sizes=\"(max-width: 720px) 100vw, 720px\" width=\"720\" height=\"104\"  style=\"display: inline-block;\" \/><\/a><\/div><\/li><li><a href=\"https:\/\/sistemas.lavras.mg.gov.br\/portalcidadao\/#df1b1a7c7b2a290bcb31e32771e610784662739a88807c0dacac58ede5f391a7530e299dc302d611ee73cb143fc22eaf93592e53e7b5bdb01b00a0b8d28dae460c141dd2ff83412e4dc1c31b16b25f33144a9e5620ea73b13f5bc1c59411d98439ad226e8af03840603796067d87afe130812cf3de24982d0e306f9e61e764e5\" aria-label=\"Banner_Sa\u00fade_PortallavrasTV\"><img src=\"https:\/\/lavras.tv\/site\/wp-content\/uploads\/2025\/03\/Banner_Saude_PortallavrasTV.png\" alt=\"\"  srcset=\"https:\/\/lavras.tv\/site\/wp-content\/uploads\/2025\/03\/Banner_Saude_PortallavrasTV.png 720w, https:\/\/lavras.tv\/site\/wp-content\/uploads\/2025\/03\/Banner_Saude_PortallavrasTV-470x68.png 470w, https:\/\/lavras.tv\/site\/wp-content\/uploads\/2025\/03\/Banner_Saude_PortallavrasTV-170x25.png 170w, https:\/\/lavras.tv\/site\/wp-content\/uploads\/2025\/03\/Banner_Saude_PortallavrasTV-200x29.png 200w\" sizes=\"(max-width: 720px) 100vw, 720px\" width=\"720\" height=\"104\"   \/><\/a><\/li><li><div id=\"lavra-739214484\" style=\"width:720px;height:104px;background-color:#ddd;overflow:scroll;\">\n\t<strong>Sa\u00edda da depura\u00e7\u00e3o de an\u00fancios<\/strong>\n\t<br><br>\n\tO an\u00fancio n\u00e3o \u00e9 exibido na p\u00e1gina<br><br>post atual: Gasto com folha pode extrapolar Lei de Responsabilidade Fiscal em MG, ID: 4261<br><br><span style=\"color: red;\">O post atual n\u00e3o \u00e9 id\u00eantico ao post principal.<\/span><br><br>An\u00fancios: ROXO - TOPO INTERNA - ROTATIVO 2 (197)<br \/>Grupo de an\u00fancios: Princ_Meio01_720x104 (27)<br><br>Condi\u00e7\u00f5es de exibi\u00e7\u00e3o<div style=\"margin-bottom: 20px; white-space: pre-wrap; font-family: monospace; width: 100%; background: #ffe9e9;\"><strong>condi\u00e7\u00f5es gerais<\/strong><table border=\"1\"><thead><tr><th><\/th><th>An\u00fancios<\/th><th>wp_the_query<\/th><\/tr><\/thead><tr><td>is_main_query<\/td><td>1<\/td><td>1<\/td><\/tr><tr><td>is_rest_api<\/td><td>0<\/td><td>1<\/td><\/tr><tr><td>page<\/td><td>0<\/td><td>1<\/td><\/tr><tr><td>numpages<\/td><td>0<\/td><td>1<\/td><\/tr><tr><td>is_archive<\/td><td>1<\/td><td><\/td><\/tr><tr><td>is_search<\/td><td>1<\/td><td><\/td><\/tr><tr><td>is_home<\/td><td>1<\/td><td><\/td><\/tr><tr><td>is_404<\/td><td>1<\/td><td><\/td><\/tr><tr><td>is_attachment<\/td><td>1<\/td><td><\/td><\/tr><tr><td>is_singular<\/td><td>1<\/td><td><\/td><\/tr><tr><td>is_front_page<\/td><td>1<\/td><td><\/td><\/tr><tr><td>is_feed<\/td><td>1<\/td><td><\/td><\/tr><\/table><\/div><br><br><span style=\"color: red;\">Seu site usa HTTPS, mas o c\u00f3digo do an\u00fancio cont\u00e9m HTTP e pode n\u00e3o funcionar.<\/span>\t<br><br>\n\t<a style=\"color: green;\" href=\"https:\/\/wpadvancedads.com\/manual\/ad-debug-mode\/?utm_source=advanced-ads&utm_medium=link&utm_campaign=ad-debug-mode\" target=\"_blank\" rel=\"nofollow\">Encontre solu\u00e7\u00f5es no manual<\/a>\n<\/div>\n<\/li><\/ul><\/div><script>( window.advanced_ads_ready || jQuery( document ).ready ).call( null, function() {var $lavraslider1680373775 = jQuery( \".lavra-slider-1680373775\" );$lavraslider1680373775.on( \"unslider.ready\", function() { jQuery( \"div.custom-slider ul li\" ).css( \"display\", \"block\" ); });$lavraslider1680373775.unslider({ delay:4000, autoplay:true, nav:false, arrows:false, infinite:true });$lavraslider1680373775.on(\"mouseover\", function() {$lavraslider1680373775.unslider(\"stop\");}).on(\"mouseout\", function() {$lavraslider1680373775.unslider(\"start\");});});<\/script><\/div><p>Os gastos com folha de pagamento do Poder Executivo do governo de Minas Gerais est\u00e3o pr\u00f3ximos de extrapolar o limite da Lei de Responsabilidade Fiscal (LRF).<!--more--> De janeiro a outubro deste ano, as despesas com pessoal somaram mais de R$ 30 bilh\u00f5es, sendo que a receita bruta estava em pouco mais de R$ 60 bilh\u00f5es, segundo o <a href=\"http:\/\/www.transparencia.mg.gov.br\/\">Portal da Transpar\u00eancia<\/a>. De acordo com a LRF, os estados podem comprometer at\u00e9 49% da Receita Corrente L\u00edquida (RCL) com o funcionalismo p\u00fablico.<\/p>\n<p>De acordo com a Secretaria de Estado da Fazenda, no Relat\u00f3rio de Gest\u00e3o Fiscal (RGF) do 2\u00ba quadrimestre (de janeiro a agosto), publicado no fim de setembro, os gastos com a folha de pagamento j\u00e1 alcan\u00e7avam 47,37%. O \u00edndice ultrapassou o limite prudencial &#8211; imposi\u00e7\u00e3o de uma margem de seguran\u00e7a da qual o Estado deve se valer para n\u00e3o ir al\u00e9m do que determina a legisla\u00e7\u00e3o &#8211; da Lei de Responsabilidade Fiscal que \u00e9 de 46,55%. Caso haja infra\u00e7\u00e3o, o estado pode ficar impedido de fazer contrata\u00e7\u00f5es e at\u00e9 de receber transfer\u00eancias por parte da Uni\u00e3o.<\/p>\n<p><img fetchpriority=\"high\" decoding=\"async\" class=\"size-full wp-image-4262 aligncenter\" src=\"http:\/\/lavras.tv\/site\/wp-content\/uploads\/2016\/11\/governo-mg.jpg\" alt=\"governo-mg\" width=\"620\" height=\"465\" srcset=\"https:\/\/lavras.tv\/site\/wp-content\/uploads\/2016\/11\/governo-mg.jpg 620w, https:\/\/lavras.tv\/site\/wp-content\/uploads\/2016\/11\/governo-mg-150x113.jpg 150w, https:\/\/lavras.tv\/site\/wp-content\/uploads\/2016\/11\/governo-mg-300x225.jpg 300w\" sizes=\"(max-width: 620px) 100vw, 620px\" \/><\/p>\n<p>Segundo o Tesouro Nacional, em 2015, Minas Gerais comprometeu 78% da sua receita com a folha de pagamento, maior \u00edndice do pa\u00eds. Este valor se refere ao pagamento de todo o funcionalismo p\u00fablico do estado, incluindo os poderes Judici\u00e1rio e Legislativo. Neste caso, a LRF diz que o limite do gasto deve ser 60% da receita. Os 18% pagos al\u00e9m do permitido representam R$ 8,8 bilh\u00f5es. Com este dinheiro seria poss\u00edvel sustentar 36 hospitais do porte do Hospital de Pronto-Socorro Jo\u00e3o XXIII, o maior de Minas Gerais, por ano.<\/p>\n<p>A previs\u00e3o \u00e9 que o estado arrecade mais de R$ 84,4 bilh\u00f5es em 2016. A lei or\u00e7ament\u00e1ria do estado previu mais de R$ 92 bilh\u00f5es para 2016, sendo que 90% deste valor ficaram comprometidos com folha de pagamento, precat\u00f3rios e cumprimento constitucional em sa\u00fade e educa\u00e7\u00e3o. No in\u00edcio do ano, o governador disse que o d\u00e9ficit total no estado chegaria a R$ 8,9 bilh\u00f5es.<\/p>\n<p>O Tribunal de Contas do Estado (TCE) informou que h\u00e1 um alerta sobre o limite da LRF a ser enviado para o plen\u00e1rio da entidade, mas ainda n\u00e3o h\u00e1 delibera\u00e7\u00e3o sobre o assunto. O \u00faltimo a ser emitido foi publicado no Di\u00e1rio Oficial do dia 19 de abril\u00a0 de 2016, referente ao 3\u00b0 quadrimestre de 2015.<\/p>\n<p>O Executivo estadual atingiu 47,91% da Receita Corrente L\u00edquida na despesa\u00a0 com pessoal ultrapassando o limite prudencial de 95%,o que corresponderia a 46,55%. Com rela\u00e7\u00e3o a 2016, h\u00e1 um alerta a ser levado para o Plen\u00e1rio, mas ainda n\u00e3o h\u00e1 delibera\u00e7\u00e3o sobre o assunto.<\/p>\n<p><strong>Super sal\u00e1rios<\/strong><br \/>\nO governo de Minas Gerais ir\u00e1 gastar em 2016 mais de R$1,4 bilh\u00e3o com remunera\u00e7\u00f5es de servidores que superam os R$ 14 mil por m\u00eas, maior faixa salarial estabelecida no funcionalismo do Poder Executivo. De acordo com o <a href=\"http:\/\/www.transparencia.mg.gov.br\/\" target=\"_blank\">Portal da Transpar\u00eancia<\/a>, h\u00e1 delegados e coron\u00e9is da Pol\u00edcia Militar que ganham mais de R$ 35 mil. H\u00e1 sal\u00e1rios que chegam a R$ 43 mil.<\/p>\n<p>A Constitui\u00e7\u00e3o Federal afirma que o teto do funcionalismo estadual deve ser o sal\u00e1rio do governador.\u00a0 Fernando Pimentel (PT) recebe R$ 10,5 mil por m\u00eas. Por\u00e9m, o texto diz que os estados podem escolher se os vencimentos devem seguir a remunera\u00e7\u00e3o do governador ou o vencimento de um desembargador de Justi\u00e7a. Minas Gerais ficou com a segunda op\u00e7\u00e3o. O teto \u00e9 R$ 30.471,10, o que corresponde a 90,25% do sal\u00e1rio de um ministro do Supremo Tribunal Federal.<\/p>\n<p>Minas Gerais possui 403.530 servidores ativos e 228.788 servidores inativos, sendo que 377.447 do total s\u00e3o do Poder Executivo. A folha de pagamento consome R$ 3 bilh\u00f5es por m\u00eas, sendo R$ 2,5 bilh\u00f5es com os servidores do poder do estado. De acordo com o Portal da Transpar\u00eancia, 8.317 destes funcion\u00e1rios recebem mais de 16 sal\u00e1rios m\u00ednimos.<\/p>\n<p>\u201cTalvez um dos grandes problemas deste pa\u00eds, no que toca \u00e0 despesa com pessoal, n\u00e3o seja o valor do subs\u00eddio ou do vencimento, mas as formas &#8211; todas legais, diga-se &#8211; de se ultrapassar o teto. Deste modo, antes de se pensar em limita\u00e7\u00f5es ao investimento em sa\u00fade e educa\u00e7\u00e3o, por exemplo, talvez seja mais importante restabelecer aquilo que est\u00e1 claro no texto constitucional, aten\u00e7\u00e3o ao teto remunerat\u00f3rio dos cargos p\u00fablicos\u201d, disse o advogado especialista em direito p\u00fablico, Fl\u00e1vio Boson.<\/p>\n<p>Segundo a Secretaria de Estado da Fazenda (SEF), considerando-se apenas o pessoal civil da Administra\u00e7\u00e3o Direta, Funda\u00e7\u00f5es e Autarquias do Poder Executivo de Minas Gerais, s\u00e3o 31 os servidores que recebem remunera\u00e7\u00e3o superior ao teto, amparados por determina\u00e7\u00e3o judicial. O \u00f3rg\u00e3o ainda informou que o governo &#8220;contingenciou o or\u00e7amento, cortando R$ 2 bilh\u00f5es de despesas operacionais e de custeio da m\u00e1quina p\u00fablica, entretanto, sem afetar a presta\u00e7\u00e3o de servi\u00e7os \u00e0 popula\u00e7\u00e3o. Houve tamb\u00e9m uma reestrutura\u00e7\u00e3o administrativa, que incluiu a extin\u00e7\u00e3o e fus\u00e3o de \u00f3rg\u00e3os, redu\u00e7\u00e3o de cargos vagos e estruturas&#8221;.<\/p>\n<p>J\u00e1 a Pol\u00edcia Militar, cuja remunera\u00e7\u00e3o \u00e9 administrada pela pr\u00f3pria corpora\u00e7\u00e3o, informou em nota que \u201ctoda e qualquer remunera\u00e7\u00e3o que ultrapasse o contido no contexto legal \u00e9 descontado automaticamente no pr\u00f3prio contracheque. N\u00e3o h\u00e1 recebimentos que ultrapassem o contido na legisla\u00e7\u00e3o. Exce\u00e7\u00f5es feitas a algumas quest\u00f5es em que h\u00e1 determina\u00e7\u00f5es judiciais para tal (liminares)\u201d.<\/p>\n<p><strong>Escalonamento<\/strong><br \/>\nPara conseguir cumprir com os compromissos, o governo estadual tem parcelado o pagamento dos sal\u00e1rios. Segundo a assessoria do governo, desde fevereiro deste ano os funcion\u00e1rios p\u00fablicos com vencimento superior a R$ 3 mil recebem a remunera\u00e7\u00e3o em tr\u00eas datas. A medida, de acordo com a assessoria, impacta 25% dos trabalhadores.<\/p>\n<p>Segundo o executivo estadual, a arrecada\u00e7\u00e3o do estado at\u00e9 o 5\u00ba dia \u00fatil n\u00e3o tem sido suficiente para o pagamento integral dos sal\u00e1rios em 2016. O governo garantiu que, apesar do parcelamento, todos os sal\u00e1rios est\u00e3o em dia.<\/p>\n<p><strong>PM e educa\u00e7\u00e3o<\/strong><br \/>\nA Pol\u00edcia Militar e a Secretaria de Estado da Educa\u00e7\u00e3o (SEE), pastas que t\u00eam os maiores gastos com folha de pagamento do Poder Executivo do governo de Minas Gerais, possuem dados discrepantes. Enquanto um coronel pode chegar a ganhar R$ 43 mil por m\u00eas, o maior sal\u00e1rio pago pela SEE \u00e9 para o cargo de procurador: R$ 17,7 mil.<\/p>\n<p>Segundo o Portal da Transpar\u00eancia, 26% dos R$ 30 bilh\u00f5es gastos de janeiro a outubro com pessoal no Poder Executivo do Governo de Minas Gerais foram destinados \u00e0 Pol\u00edcia Militar. A corpora\u00e7\u00e3o s\u00f3 perde para o Fundo Financeiro de Previd\u00eancia, cuja fatia representa 27%. Em terceiro lugar vem a Secretaria de Estado de Educa\u00e7\u00e3o com 19%.<\/p>\n<p>Em dez meses, R$ 7,89 bilh\u00f5es foram gastos com a folha de pagamento de mais de 43 mil policiais militares em Minas Gerais, segundo o Portal da Transpar\u00eancia. J\u00e1 as despesas com os cerca de 240 mil servidores da SEE totalizaram R$5,84 bilh\u00f5es no mesmo per\u00edodo.<\/p>\n<p>Os policiais militares representam 34,76% dos servidores que recebem mais de 16 sal\u00e1rios m\u00ednimos (R$ 14 mil). J\u00e1 96% dos servidores que recebem at\u00e9 um sal\u00e1rio m\u00ednimo (R$880) s\u00e3o da pasta da educa\u00e7\u00e3o.<\/p>\n<p>\u201cProfessores bem remunerados, que tem carreira, que est\u00e3o satisfeitos, s\u00e3o professores que buscar\u00e3o forma\u00e7\u00e3o, que conseguir\u00e3o dar boas aulas, apesar dos curr\u00edculos escolares ruins. Fora isso ser\u00e1 o caos e a barb\u00e1rie. A reprodu\u00e7\u00e3o do pensamento da nossa sociedade de que investimentos em seguran\u00e7a s\u00e3o suficientes para que nos tornemos mais seguros n\u00e3o se provou eficaz. S\u00e3o necess\u00e1rias mudan\u00e7as e pr\u00e1ticas que diminuam o abismo da desigualdade em que vivemos\u201d, disse o professor de hist\u00f3ria da educa\u00e7\u00e3o da Universidade Federal de Minas Gerais (UFMG), Luciano Mendes de Faria Filho.<\/p>\n<p>Em nota, a Pol\u00edcia Militar (PM) informou que os altos sal\u00e1rios s\u00e3o permitidos gra\u00e7as ao plano de carreira. \u201cO militar faz jus a sua remunera\u00e7\u00e3o, acrescida dos quinqu\u00eanios equivalentes (que geralmente podem chegar a seis) aos postos e gradua\u00e7\u00f5es galgados. Somente no final desta jornada (30 anos) \u00e9 que o militar pode perceber sal\u00e1rios que atinjam a tais patamares\u201d.<\/p>\n<p>Fonte: G1<\/p>\n","protected":false},"excerpt":{"rendered":"<p>Os gastos com folha de pagamento do Poder Executivo do governo de Minas Gerais est\u00e3o pr\u00f3ximos de extrapolar o limite da Lei de Responsabilidade Fiscal (LRF).<\/p>\n","protected":false},"author":2,"featured_media":4262,"comment_status":"closed","ping_status":"open","sticky":false,"template":"","format":"standard","meta":{"advgb_blocks_editor_width":"","advgb_blocks_columns_visual_guide":"","_exactmetrics_skip_tracking":false,"_exactmetrics_sitenote_active":false,"_exactmetrics_sitenote_note":"","_exactmetrics_sitenote_category":0,"footnotes":""},"categories":[7,12],"tags":[257,964,1563],"class_list":["post-4261","post","type-post","status-publish","format-standard","has-post-thumbnail","hentry","category-destaques","category-politica","tag-crise","tag-governo-de-minas-gerais","tag-portal-da-transparencia"],"better_featured_image":{"id":4262,"alt_text":"","caption":"","description":"","media_type":"image","media_details":{"width":620,"height":465,"file":"2016\/11\/governo-mg.jpg","sizes":{"thumbnail":{"file":"governo-mg-150x113.jpg","width":150,"height":113,"mime-type":"image\/jpeg","source_url":"https:\/\/lavras.tv\/site\/wp-content\/uploads\/2016\/11\/governo-mg-150x113.jpg"},"medium":{"file":"governo-mg-300x225.jpg","width":300,"height":225,"mime-type":"image\/jpeg","source_url":"https:\/\/lavras.tv\/site\/wp-content\/uploads\/2016\/11\/governo-mg-300x225.jpg"},"featured-post-img":{"file":"governo-mg-480x320.jpg","width":480,"height":320,"mime-type":"image\/jpeg","source_url":"https:\/\/lavras.tv\/site\/wp-content\/uploads\/2016\/11\/governo-mg-480x320.jpg"},"sow-carousel-default":{"file":"governo-mg-272x182.jpg","width":272,"height":182,"mime-type":"image\/jpeg","source_url":"https:\/\/lavras.tv\/site\/wp-content\/uploads\/2016\/11\/governo-mg-272x182.jpg"}},"image_meta":{"aperture":"0","credit":"","camera":"","caption":"","created_timestamp":"0","copyright":"","focal_length":"0","iso":"0","shutter_speed":"0","title":"","orientation":"0","keywords":[]}},"post":4261,"source_url":"https:\/\/lavras.tv\/site\/wp-content\/uploads\/2016\/11\/governo-mg.jpg"},"author_meta":{"display_name":"Lavras TV","author_link":"https:\/\/lavras.tv\/site\/author\/lavrastv\/"},"featured_img":"https:\/\/lavras.tv\/site\/wp-content\/uploads\/2016\/11\/governo-mg-300x225.jpg","coauthors":[],"tax_additional":{"categories":{"linked":["<a href=\"https:\/\/lavras.tv\/site\/category\/destaques\/\" class=\"advgb-post-tax-term\">Destaques<\/a>","<a href=\"https:\/\/lavras.tv\/site\/category\/politica\/\" class=\"advgb-post-tax-term\">Pol\u00edtica<\/a>"],"unlinked":["<span class=\"advgb-post-tax-term\">Destaques<\/span>","<span class=\"advgb-post-tax-term\">Pol\u00edtica<\/span>"]},"tags":{"linked":["<a href=\"https:\/\/lavras.tv\/site\/category\/politica\/\" class=\"advgb-post-tax-term\">crise<\/a>","<a href=\"https:\/\/lavras.tv\/site\/category\/politica\/\" class=\"advgb-post-tax-term\">Governo de Minas gerais<\/a>","<a href=\"https:\/\/lavras.tv\/site\/category\/politica\/\" class=\"advgb-post-tax-term\">portal da transpar\u00eancia<\/a>"],"unlinked":["<span class=\"advgb-post-tax-term\">crise<\/span>","<span class=\"advgb-post-tax-term\">Governo de Minas gerais<\/span>","<span class=\"advgb-post-tax-term\">portal da transpar\u00eancia<\/span>"]}},"comment_count":"0","relative_dates":{"created":"Publicado 9 anos atr\u00e1s","modified":"Atualizado 9 anos atr\u00e1s"},"absolute_dates":{"created":"Publicado em 25 de novembro de 2016","modified":"Atualizado em 25 de novembro de 2016"},"absolute_dates_time":{"created":"Publicado em 25 de novembro de 2016 09:28","modified":"Atualizado em 25 de novembro de 2016 09:28"},"featured_img_caption":"","series_order":"","_links":{"self":[{"href":"https:\/\/lavras.tv\/site\/wp-json\/wp\/v2\/posts\/4261","targetHints":{"allow":["GET"]}}],"collection":[{"href":"https:\/\/lavras.tv\/site\/wp-json\/wp\/v2\/posts"}],"about":[{"href":"https:\/\/lavras.tv\/site\/wp-json\/wp\/v2\/types\/post"}],"author":[{"embeddable":true,"href":"https:\/\/lavras.tv\/site\/wp-json\/wp\/v2\/users\/2"}],"replies":[{"embeddable":true,"href":"https:\/\/lavras.tv\/site\/wp-json\/wp\/v2\/comments?post=4261"}],"version-history":[{"count":1,"href":"https:\/\/lavras.tv\/site\/wp-json\/wp\/v2\/posts\/4261\/revisions"}],"predecessor-version":[{"id":4263,"href":"https:\/\/lavras.tv\/site\/wp-json\/wp\/v2\/posts\/4261\/revisions\/4263"}],"wp:featuredmedia":[{"embeddable":true,"href":"https:\/\/lavras.tv\/site\/wp-json\/wp\/v2\/media\/4262"}],"wp:attachment":[{"href":"https:\/\/lavras.tv\/site\/wp-json\/wp\/v2\/media?parent=4261"}],"wp:term":[{"taxonomy":"category","embeddable":true,"href":"https:\/\/lavras.tv\/site\/wp-json\/wp\/v2\/categories?post=4261"},{"taxonomy":"post_tag","embeddable":true,"href":"https:\/\/lavras.tv\/site\/wp-json\/wp\/v2\/tags?post=4261"}],"curies":[{"name":"wp","href":"https:\/\/api.w.org\/{rel}","templated":true}]}}