{"id":4264,"date":"2016-11-25T09:36:01","date_gmt":"2016-11-25T11:36:01","guid":{"rendered":"http:\/\/lavras.tv\/site\/?p=4264"},"modified":"2016-11-25T09:39:06","modified_gmt":"2016-11-25T11:39:06","slug":"reitor-da-ufla-volta-a-brasilia-para-discutir-orcamento-de-2017","status":"publish","type":"post","link":"https:\/\/lavras.tv\/site\/2016\/11\/25\/reitor-da-ufla-volta-a-brasilia-para-discutir-orcamento-de-2017\/","title":{"rendered":"Reitor da UFLA volta a Bras\u00edlia para discutir or\u00e7amento de 2017"},"content":{"rendered":"<div class=\"lavra-antes-do-conteudo_2\" id=\"lavra-4131512476\"><div id=\"lavra-slider-27\" class=\"custom-slider lavra-slider-3662910583 lavra-slider\"><ul><li><div style=\"margin-left: auto;margin-right: auto;text-align: center;\" id=\"lavra-1567054272\"><a href=\"https:\/\/sistemas.lavras.mg.gov.br\/portalcidadao\/#df1b1a7c7b2a290bcb31e32771e610784662739a88807c0dacac58ede5f391a7530e299dc302d611ee73cb143fc22eaf93592e53e7b5bdb01b00a0b8d28dae460c141dd2ff83412e4dc1c31b16b25f33144a9e5620ea73b13f5bc1c59411d98439ad226e8af03840603796067d87afe130812cf3de24982d0e306f9e61e764e5\" aria-label=\"Lavras-TV&#8211;720x104px (1) (1)\"><img src=\"https:\/\/lavras.tv\/site\/wp-content\/uploads\/2025\/01\/Lavras-TV-720x104px-1-1.png\" alt=\"\"  srcset=\"https:\/\/lavras.tv\/site\/wp-content\/uploads\/2025\/01\/Lavras-TV-720x104px-1-1.png 720w, https:\/\/lavras.tv\/site\/wp-content\/uploads\/2025\/01\/Lavras-TV-720x104px-1-1-470x68.png 470w, https:\/\/lavras.tv\/site\/wp-content\/uploads\/2025\/01\/Lavras-TV-720x104px-1-1-170x25.png 170w, https:\/\/lavras.tv\/site\/wp-content\/uploads\/2025\/01\/Lavras-TV-720x104px-1-1-200x29.png 200w\" sizes=\"(max-width: 720px) 100vw, 720px\" width=\"720\" height=\"104\"  style=\"display: inline-block;\" \/><\/a><\/div><\/li><li><a href=\"https:\/\/sistemas.lavras.mg.gov.br\/portalcidadao\/#df1b1a7c7b2a290bcb31e32771e610784662739a88807c0dacac58ede5f391a7530e299dc302d611ee73cb143fc22eaf93592e53e7b5bdb01b00a0b8d28dae460c141dd2ff83412e4dc1c31b16b25f33144a9e5620ea73b13f5bc1c59411d98439ad226e8af03840603796067d87afe130812cf3de24982d0e306f9e61e764e5\" aria-label=\"Banner_Emprego_PortallavrasTV\"><img src=\"https:\/\/lavras.tv\/site\/wp-content\/uploads\/2025\/03\/Banner_Emprego_PortallavrasTV.png\" alt=\"\"  srcset=\"https:\/\/lavras.tv\/site\/wp-content\/uploads\/2025\/03\/Banner_Emprego_PortallavrasTV.png 720w, https:\/\/lavras.tv\/site\/wp-content\/uploads\/2025\/03\/Banner_Emprego_PortallavrasTV-470x68.png 470w, https:\/\/lavras.tv\/site\/wp-content\/uploads\/2025\/03\/Banner_Emprego_PortallavrasTV-170x25.png 170w, https:\/\/lavras.tv\/site\/wp-content\/uploads\/2025\/03\/Banner_Emprego_PortallavrasTV-200x29.png 200w\" sizes=\"(max-width: 720px) 100vw, 720px\" width=\"720\" height=\"104\"   \/><\/a><\/li><li><a href=\"https:\/\/sistemas.lavras.mg.gov.br\/portalcidadao\/#df1b1a7c7b2a290bcb31e32771e610784662739a88807c0dacac58ede5f391a7530e299dc302d611ee73cb143fc22eaf93592e53e7b5bdb01b00a0b8d28dae460c141dd2ff83412e4dc1c31b16b25f33144a9e5620ea73b13f5bc1c59411d98439ad226e8af03840603796067d87afe130812cf3de24982d0e306f9e61e764e5\" aria-label=\"Banner_Obras_PortallavrasTV\"><img src=\"https:\/\/lavras.tv\/site\/wp-content\/uploads\/2025\/03\/Banner_Obras_PortallavrasTV.png\" alt=\"\"  srcset=\"https:\/\/lavras.tv\/site\/wp-content\/uploads\/2025\/03\/Banner_Obras_PortallavrasTV.png 720w, https:\/\/lavras.tv\/site\/wp-content\/uploads\/2025\/03\/Banner_Obras_PortallavrasTV-470x68.png 470w, https:\/\/lavras.tv\/site\/wp-content\/uploads\/2025\/03\/Banner_Obras_PortallavrasTV-170x25.png 170w, https:\/\/lavras.tv\/site\/wp-content\/uploads\/2025\/03\/Banner_Obras_PortallavrasTV-200x29.png 200w\" sizes=\"(max-width: 720px) 100vw, 720px\" width=\"720\" height=\"104\"   \/><\/a><\/li><li><div style=\"margin-left: auto;margin-right: auto;text-align: center;\" id=\"lavra-987920952\"><a href=\"https:\/\/sistemas.lavras.mg.gov.br\/portalcidadao\/#df1b1a7c7b2a290bcb31e32771e610784662739a88807c0dacac58ede5f391a7530e299dc302d611ee73cb143fc22eaf93592e53e7b5bdb01b00a0b8d28dae460c141dd2ff83412e4dc1c31b16b25f33144a9e5620ea73b13f5bc1c59411d98439ad226e8af03840603796067d87afe130812cf3de24982d0e306f9e61e764e5\" aria-label=\"Banner_Educa\u00e7\u00e3o_PortallavrasTV\"><img src=\"https:\/\/lavras.tv\/site\/wp-content\/uploads\/2025\/01\/Banner_Educacao_PortallavrasTV.png\" alt=\"\"  srcset=\"https:\/\/lavras.tv\/site\/wp-content\/uploads\/2025\/01\/Banner_Educacao_PortallavrasTV.png 720w, https:\/\/lavras.tv\/site\/wp-content\/uploads\/2025\/01\/Banner_Educacao_PortallavrasTV-470x68.png 470w, https:\/\/lavras.tv\/site\/wp-content\/uploads\/2025\/01\/Banner_Educacao_PortallavrasTV-170x25.png 170w, https:\/\/lavras.tv\/site\/wp-content\/uploads\/2025\/01\/Banner_Educacao_PortallavrasTV-200x29.png 200w\" sizes=\"(max-width: 720px) 100vw, 720px\" width=\"720\" height=\"104\"  style=\"display: inline-block;\" \/><\/a><\/div><\/li><li><a href=\"https:\/\/sistemas.lavras.mg.gov.br\/portalcidadao\/#df1b1a7c7b2a290bcb31e32771e610784662739a88807c0dacac58ede5f391a7530e299dc302d611ee73cb143fc22eaf93592e53e7b5bdb01b00a0b8d28dae460c141dd2ff83412e4dc1c31b16b25f33144a9e5620ea73b13f5bc1c59411d98439ad226e8af03840603796067d87afe130812cf3de24982d0e306f9e61e764e5\" aria-label=\"Banner_Sa\u00fade_PortallavrasTV\"><img src=\"https:\/\/lavras.tv\/site\/wp-content\/uploads\/2025\/03\/Banner_Saude_PortallavrasTV.png\" alt=\"\"  srcset=\"https:\/\/lavras.tv\/site\/wp-content\/uploads\/2025\/03\/Banner_Saude_PortallavrasTV.png 720w, https:\/\/lavras.tv\/site\/wp-content\/uploads\/2025\/03\/Banner_Saude_PortallavrasTV-470x68.png 470w, https:\/\/lavras.tv\/site\/wp-content\/uploads\/2025\/03\/Banner_Saude_PortallavrasTV-170x25.png 170w, https:\/\/lavras.tv\/site\/wp-content\/uploads\/2025\/03\/Banner_Saude_PortallavrasTV-200x29.png 200w\" sizes=\"(max-width: 720px) 100vw, 720px\" width=\"720\" height=\"104\"   \/><\/a><\/li><li><div id=\"lavra-4060471609\" style=\"width:720px;height:104px;background-color:#ddd;overflow:scroll;\">\n\t<strong>Sa\u00edda da depura\u00e7\u00e3o de an\u00fancios<\/strong>\n\t<br><br>\n\tO an\u00fancio n\u00e3o \u00e9 exibido na p\u00e1gina<br><br>post atual: Reitor da UFLA volta a Bras\u00edlia para discutir or\u00e7amento de 2017, ID: 4264<br><br><span style=\"color: red;\">O post atual n\u00e3o \u00e9 id\u00eantico ao post principal.<\/span><br><br>An\u00fancios: ROXO - TOPO INTERNA - ROTATIVO 2 (197)<br \/>Grupo de an\u00fancios: Princ_Meio01_720x104 (27)<br><br>Condi\u00e7\u00f5es de exibi\u00e7\u00e3o<div style=\"margin-bottom: 20px; white-space: pre-wrap; font-family: monospace; width: 100%; background: #ffe9e9;\"><strong>condi\u00e7\u00f5es gerais<\/strong><table border=\"1\"><thead><tr><th><\/th><th>An\u00fancios<\/th><th>wp_the_query<\/th><\/tr><\/thead><tr><td>is_main_query<\/td><td>1<\/td><td>1<\/td><\/tr><tr><td>is_rest_api<\/td><td>0<\/td><td>1<\/td><\/tr><tr><td>page<\/td><td>0<\/td><td>1<\/td><\/tr><tr><td>numpages<\/td><td>0<\/td><td>1<\/td><\/tr><tr><td>is_archive<\/td><td>1<\/td><td><\/td><\/tr><tr><td>is_search<\/td><td>1<\/td><td><\/td><\/tr><tr><td>is_home<\/td><td>1<\/td><td><\/td><\/tr><tr><td>is_404<\/td><td>1<\/td><td><\/td><\/tr><tr><td>is_attachment<\/td><td>1<\/td><td><\/td><\/tr><tr><td>is_singular<\/td><td>1<\/td><td><\/td><\/tr><tr><td>is_front_page<\/td><td>1<\/td><td><\/td><\/tr><tr><td>is_feed<\/td><td>1<\/td><td><\/td><\/tr><\/table><\/div><br><br><span style=\"color: red;\">Seu site usa HTTPS, mas o c\u00f3digo do an\u00fancio cont\u00e9m HTTP e pode n\u00e3o funcionar.<\/span>\t<br><br>\n\t<a style=\"color: green;\" href=\"https:\/\/wpadvancedads.com\/manual\/ad-debug-mode\/?utm_source=advanced-ads&utm_medium=link&utm_campaign=ad-debug-mode\" target=\"_blank\" rel=\"nofollow\">Encontre solu\u00e7\u00f5es no manual<\/a>\n<\/div>\n<\/li><\/ul><\/div><script>( window.advanced_ads_ready || jQuery( document ).ready ).call( null, function() {var $lavraslider3662910583 = jQuery( \".lavra-slider-3662910583\" );$lavraslider3662910583.on( \"unslider.ready\", function() { jQuery( \"div.custom-slider ul li\" ).css( \"display\", \"block\" ); });$lavraslider3662910583.unslider({ delay:4000, autoplay:true, nav:false, arrows:false, infinite:true });$lavraslider3662910583.on(\"mouseover\", function() {$lavraslider3662910583.unslider(\"stop\");}).on(\"mouseout\", function() {$lavraslider3662910583.unslider(\"start\");});});<\/script><\/div><p>Nesta semana, o reitor da Universidade Federal de Lavras (UFLA), professor Jos\u00e9 Roberto Scolforo, participou de mais uma rodada de reuni\u00f5es em Bras\u00edlia\u00a0para reverter os contingenciamentos do or\u00e7amento de 2016 e garantir adicionais para o or\u00e7amento de 2017.<!--more--> As reuni\u00f5es com foco no or\u00e7amento tiveram in\u00edcio h\u00e1 cinco semanas, com viagens semanais a Bras\u00edlia, e seguem at\u00e9 a pr\u00f3xima semana, decisiva para a finaliza\u00e7\u00e3o das negocia\u00e7\u00f5es relacionadas ao or\u00e7amento das universidades federais em 2017 \u2013 PLOA\/2017.<\/p>\n<p>As reuni\u00f5es s\u00e3o acompanhadas do assessor para Assuntos de Parcerias, professor Ant\u00f4nio Nazareno Guimar\u00e3es Mendes e do assessor Especial de Governo, Wagner Vilas Boas de Souza.<img decoding=\"async\" class=\"alignleft\" src=\"http:\/\/www.ufla.br\/ascom\/wp-content\/uploads\/2016\/11\/2016-11-24-PHOTO-00000003-249x166.jpg\" alt=\"Reuni\u00e3o no Minist\u00e9rio da Educa\u00e7\u00e3o - com o ministro, secret\u00e1rios e deputados federais\" \/><\/p>\n<p>Al\u00e9m de garantir adicionais importantes para o or\u00e7amento de 2017, tamb\u00e9m foram feitas\u00a0articula\u00e7\u00f5es e negocia\u00e7\u00f5es que resultaram no descontingenciamento total do\u00a0Or\u00e7amento de 2016, com \u00eanfase nos recursos na rubrica de custeio (que chegou a 20%) e de capital (que chegou a 50%, o que implicaria na paraliza\u00e7\u00e3o e no comprometimento de cerca de 30\u00a0obras que se encontram\u00a0em andamento no c\u00e2mpus universit\u00e1rio).<\/p>\n<p>Para tanto, foram muitas reuni\u00f5es, em todas as esferas de decis\u00e3o do Minist\u00e9rio da Educa\u00e7\u00e3o (MEC), particularmente com o\u00a0ministro Mendon\u00e7a Filho, o secret\u00e1rio de Ensino Superior (Sesu\/MEC) Paulo\u00a0Barone e a subsecret\u00e1ria de Planejamento e Or\u00e7amento Iara Pinheiro.<\/p>\n<p>Nessas reuni\u00f5es, houve a presen\u00e7a constante de deputados da bancada de parlamentares de Minas Gerais, especialmente do deputado federal\u00a0Carlos Melles \u2013 DEM\/MG, que \u00e9 da base aliada do atual Governo e que\u00a0mant\u00e9m uma\u00a0rela\u00e7\u00e3o de apoio e amizade com a Dire\u00e7\u00e3o Executiva da UFLA h\u00e1 pelo menos\u00a020 anos.<\/p>\n<p>Em rela\u00e7\u00e3o ao or\u00e7amento de 2017, o reitor defendeu uma emenda da bancada mineira no PLOA-2017, que ser\u00e1 alocada na UFLA. A a\u00e7\u00e3o logrou \u00eaxito e a bancada encaminhou \u00e0 Relatoria Setorial de Educa\u00e7\u00e3o e Cultura da\u00a0Comiss\u00e3o Mista de Or\u00e7amento um pleito de R$ 100 milh\u00f5es, por meio de uma emenda de bancada n\u00e3o impositiva (atendendo a uma solicita\u00e7\u00e3o do Governo de MG, a bancada destinou seu limite de duas emendas impositivas \u00e0s \u00e1reas de Seguran\u00e7a P\u00fablica e de Sa\u00fade).<\/p>\n<p>Na sequ\u00eancia, para viabilizar a emenda destinada ao or\u00e7amento da UFLA,\u00a0as negocia\u00e7\u00f5es tiveram prosseguimento com o\u00a0relator Setorial de Educa\u00e7\u00e3o e Cultura, deputado federal S\u00e9rgio Souza \u2013 PMDB\/PR, sempre contando com o apoio de deputados federais que s\u00e3o parceiros da UFLA, como Carlos Melles \u2013 DEM\/MG,\u00a0Domingos S\u00e1vio \u2013 PSDB\/MG,\u00a0Reginaldo Lopes \u2013 PT\/MG. Os deputados Reginaldo Lopes e Domingos S\u00e1vio destinaram ainda, do montante de suas emendas individuais, duas emendas \u00e0 UFLA, respectivamente\u00a0no valor de R$ 500 mil e R$ 250 mil\u00a0para o ano de 2017.<img decoding=\"async\" class=\"alignright\" src=\"http:\/\/www.ufla.br\/ascom\/wp-content\/uploads\/2016\/11\/reitor-emenda-249x187.jpg\" alt=\"Reitor consegue emenda para a UFLA.\" \/><\/p>\n<div id=\"attachment_125689\" class=\"wp-caption alignright\"><a href=\"http:\/\/www.ufla.br\/ascom\/wp-content\/uploads\/2016\/11\/reitor-emenda.jpg\"><br \/>\n<\/a><\/p>\n<p class=\"wp-caption-text\">\n<\/div>\n<p>V\u00e1rias audi\u00eancias foram realizadas na Relatoria Setorial de Educa\u00e7\u00e3o e Cultura, com consultores do or\u00e7amento, com o relator e t\u00e9cnicos da Comiss\u00e3o Mista de Or\u00e7amento e continuar\u00e3o at\u00e9 a primeira semana de dezembro, quando o reitor e seus assessores dever\u00e3o finalizar os entendimentos com o relator-geral do Or\u00e7amento, senador Eduardo Braga \u2013 PMDB\/AM e sua equipe.<\/p>\n<p><b>Visita ao CNPq<\/b><\/p>\n<p>Em paralelo \u00e0s negocia\u00e7\u00f5es relativas ao or\u00e7amento (recupera\u00e7\u00e3o de dota\u00e7\u00f5es de 2016 e negocia\u00e7\u00e3o do PLOA-2017), foram realizadas audi\u00eancias no CNPq, em visita ao novo presidente, professor M\u00e1rio Neto Borges, que \u00e9 professor\u00a0<i>Honoris Causa<\/i>\u00a0da UFLA, professor aposentado pela UFSJ, ex-diretor Cient\u00edfico e presidente da Fapemig, de 2004 a 2014.<\/p>\n<p>No CNPq, foram discutidos projetos do interesse da UFLA, como a libera\u00e7\u00e3o de recursos do Instituto Nacional de Ci\u00eancia e Tecnologia do Caf\u00e9 (INCT-Caf\u00e9), que ocorrer\u00e1 em breve, com recursos assegurados pelo CNPq, Capes e Fapemig. Tamb\u00e9m foram pautadas as possibilidades de avan\u00e7o nas negocia\u00e7\u00f5es de outros dois INCT\u00b4s apresentados pela UFLA e cujos projetos foram recomendados na Chamada INCT \u2013\u00a0MCTI\/CNPq\/CAPES\/FAPs n\u00ba 16\/2014.O ministro do Esporte, Leonardo Picciani, o deputado Carlos Melles e Scolforo: para novos projetos voltados ao esporte e consolida\u00e7\u00e3o e equipamentos para a Pista de Atletismo.<img decoding=\"async\" class=\"alignleft\" src=\"http:\/\/www.ufla.br\/ascom\/wp-content\/uploads\/2016\/11\/2016-11-24-PHOTO-00000002-249x140.jpg\" alt=\"O ministro do Esporte, Leonardo Picciani, o deputado Carlos Melles e Scolforo: para novos projetos voltados ao esporte e consolida\u00e7\u00e3o e equipamentos para a Pista de Atletismo \" \/><\/p>\n<p>Solicitou-se ainda o apoio do professor M\u00e1rio Neto para o encaminhamento de proposta ao Minist\u00e9rio de Ci\u00eancia, Tecnologia, Inova\u00e7\u00e3o e Comunica\u00e7\u00f5es (MCTIC) e \u00e0 Financiadora de Estudos e projetos (Finep), relacionada \u00e0 conclus\u00e3o do Parque Cient\u00edfico e Tecnol\u00f3gico de Lavras \u2013 Lavrastec.<\/p>\n<p><b>Minist\u00e9rio dos Esportes<\/b><\/p>\n<p>O reitor Scolforo, acompanhado pelo deputado Carlos Melles, foi recebido em audi\u00eancia pelo ministro do Esporte, Leonardo Picciani, nesta ter\u00e7a-feira (23\/11). Na oportunidade, foram discutidos projetos da UFLA j\u00e1 aprovados pelo Minist\u00e9rio do Esporte e que aguardam disponibilidade or\u00e7ament\u00e1ria para libera\u00e7\u00e3o dos recursos \u2013 a piscina ol\u00edmpica aquecida, o Gin\u00e1sio de Gin\u00e1stica Aer\u00f3bica e os equipamentos da Pista de Atletismo, j\u00e1 conclu\u00edda e em pleno funcionamento.<\/p>\n<p>&nbsp;<\/p>\n<p>Fonte: Diretoria de Comunica\u00e7\u00e3o da UFLA<\/p>\n","protected":false},"excerpt":{"rendered":"<p>Nesta semana, o reitor da Universidade Federal de Lavras (UFLA), professor Jos\u00e9 Roberto Scolforo, participou de mais uma rodada de reuni\u00f5es em Bras\u00edlia\u00a0para reverter os contingenciamentos do or\u00e7amento de 2016 e garantir adicionais para o or\u00e7amento de 2017.<\/p>\n","protected":false},"author":2,"featured_media":4265,"comment_status":"closed","ping_status":"open","sticky":false,"template":"","format":"standard","meta":{"advgb_blocks_editor_width":"","advgb_blocks_columns_visual_guide":"","_exactmetrics_skip_tracking":false,"_exactmetrics_sitenote_active":false,"_exactmetrics_sitenote_note":"","_exactmetrics_sitenote_category":0,"footnotes":""},"categories":[7,12],"tags":[1338,1564,1336,56],"class_list":["post-4264","post","type-post","status-publish","format-standard","has-post-thumbnail","hentry","category-destaques","category-politica","tag-brasilia","tag-mec","tag-orcamento-2017","tag-ufla"],"better_featured_image":{"id":4265,"alt_text":"","caption":"","description":"","media_type":"image","media_details":{"width":1006,"height":756,"file":"2016\/11\/scolforo-brasilia.jpg","sizes":{"thumbnail":{"file":"scolforo-brasilia-150x113.jpg","width":150,"height":113,"mime-type":"image\/jpeg","source_url":"https:\/\/lavras.tv\/site\/wp-content\/uploads\/2016\/11\/scolforo-brasilia-150x113.jpg"},"medium":{"file":"scolforo-brasilia-300x225.jpg","width":300,"height":225,"mime-type":"image\/jpeg","source_url":"https:\/\/lavras.tv\/site\/wp-content\/uploads\/2016\/11\/scolforo-brasilia-300x225.jpg"},"featured-slider-img":{"file":"scolforo-brasilia-640x480.jpg","width":640,"height":480,"mime-type":"image\/jpeg","source_url":"https:\/\/lavras.tv\/site\/wp-content\/uploads\/2016\/11\/scolforo-brasilia-640x480.jpg"},"featured-post-img":{"file":"scolforo-brasilia-480x320.jpg","width":480,"height":320,"mime-type":"image\/jpeg","source_url":"https:\/\/lavras.tv\/site\/wp-content\/uploads\/2016\/11\/scolforo-brasilia-480x320.jpg"},"sow-carousel-default":{"file":"scolforo-brasilia-272x182.jpg","width":272,"height":182,"mime-type":"image\/jpeg","source_url":"https:\/\/lavras.tv\/site\/wp-content\/uploads\/2016\/11\/scolforo-brasilia-272x182.jpg"}},"image_meta":{"aperture":"0","credit":"HP 8300","camera":"","caption":"","created_timestamp":"1479999715","copyright":"","focal_length":"0","iso":"0","shutter_speed":"0","title":"","orientation":"0","keywords":[]}},"post":4264,"source_url":"https:\/\/lavras.tv\/site\/wp-content\/uploads\/2016\/11\/scolforo-brasilia.jpg"},"author_meta":{"display_name":"Lavras TV","author_link":"https:\/\/lavras.tv\/site\/author\/lavrastv\/"},"featured_img":"https:\/\/lavras.tv\/site\/wp-content\/uploads\/2016\/11\/scolforo-brasilia-300x225.jpg","coauthors":[],"tax_additional":{"categories":{"linked":["<a href=\"https:\/\/lavras.tv\/site\/category\/destaques\/\" class=\"advgb-post-tax-term\">Destaques<\/a>","<a href=\"https:\/\/lavras.tv\/site\/category\/politica\/\" class=\"advgb-post-tax-term\">Pol\u00edtica<\/a>"],"unlinked":["<span class=\"advgb-post-tax-term\">Destaques<\/span>","<span class=\"advgb-post-tax-term\">Pol\u00edtica<\/span>"]},"tags":{"linked":["<a href=\"https:\/\/lavras.tv\/site\/category\/politica\/\" class=\"advgb-post-tax-term\">bras\u00edlia<\/a>","<a href=\"https:\/\/lavras.tv\/site\/category\/politica\/\" class=\"advgb-post-tax-term\">MEC<\/a>","<a href=\"https:\/\/lavras.tv\/site\/category\/politica\/\" class=\"advgb-post-tax-term\">or\u00e7amento 2017<\/a>","<a href=\"https:\/\/lavras.tv\/site\/category\/politica\/\" class=\"advgb-post-tax-term\">ufla<\/a>"],"unlinked":["<span class=\"advgb-post-tax-term\">bras\u00edlia<\/span>","<span class=\"advgb-post-tax-term\">MEC<\/span>","<span class=\"advgb-post-tax-term\">or\u00e7amento 2017<\/span>","<span class=\"advgb-post-tax-term\">ufla<\/span>"]}},"comment_count":"0","relative_dates":{"created":"Publicado 9 anos atr\u00e1s","modified":"Atualizado 9 anos atr\u00e1s"},"absolute_dates":{"created":"Publicado em 25 de novembro de 2016","modified":"Atualizado em 25 de novembro de 2016"},"absolute_dates_time":{"created":"Publicado em 25 de novembro de 2016 09:36","modified":"Atualizado em 25 de novembro de 2016 09:39"},"featured_img_caption":"","series_order":"","_links":{"self":[{"href":"https:\/\/lavras.tv\/site\/wp-json\/wp\/v2\/posts\/4264","targetHints":{"allow":["GET"]}}],"collection":[{"href":"https:\/\/lavras.tv\/site\/wp-json\/wp\/v2\/posts"}],"about":[{"href":"https:\/\/lavras.tv\/site\/wp-json\/wp\/v2\/types\/post"}],"author":[{"embeddable":true,"href":"https:\/\/lavras.tv\/site\/wp-json\/wp\/v2\/users\/2"}],"replies":[{"embeddable":true,"href":"https:\/\/lavras.tv\/site\/wp-json\/wp\/v2\/comments?post=4264"}],"version-history":[{"count":1,"href":"https:\/\/lavras.tv\/site\/wp-json\/wp\/v2\/posts\/4264\/revisions"}],"predecessor-version":[{"id":4266,"href":"https:\/\/lavras.tv\/site\/wp-json\/wp\/v2\/posts\/4264\/revisions\/4266"}],"wp:featuredmedia":[{"embeddable":true,"href":"https:\/\/lavras.tv\/site\/wp-json\/wp\/v2\/media\/4265"}],"wp:attachment":[{"href":"https:\/\/lavras.tv\/site\/wp-json\/wp\/v2\/media?parent=4264"}],"wp:term":[{"taxonomy":"category","embeddable":true,"href":"https:\/\/lavras.tv\/site\/wp-json\/wp\/v2\/categories?post=4264"},{"taxonomy":"post_tag","embeddable":true,"href":"https:\/\/lavras.tv\/site\/wp-json\/wp\/v2\/tags?post=4264"}],"curies":[{"name":"wp","href":"https:\/\/api.w.org\/{rel}","templated":true}]}}