{"id":4270,"date":"2016-11-25T09:52:29","date_gmt":"2016-11-25T11:52:29","guid":{"rendered":"http:\/\/lavras.tv\/site\/?p=4270"},"modified":"2016-11-25T09:52:29","modified_gmt":"2016-11-25T11:52:29","slug":"quase-60-das-cidades-de-minas-em-situacao-de-alerta-ou-risco-contra-o-aedes","status":"publish","type":"post","link":"https:\/\/lavras.tv\/site\/2016\/11\/25\/quase-60-das-cidades-de-minas-em-situacao-de-alerta-ou-risco-contra-o-aedes\/","title":{"rendered":"Quase 60% das cidades de Minas em situa\u00e7\u00e3o de alerta ou risco contra o Aedes"},"content":{"rendered":"<div class=\"lavra-antes-do-conteudo_2\" id=\"lavra-1611863462\"><div id=\"lavra-slider-27\" class=\"custom-slider lavra-slider-58926705 lavra-slider\"><ul><li><div style=\"margin-left: auto;margin-right: auto;text-align: center;\" id=\"lavra-448549931\"><a href=\"https:\/\/sistemas.lavras.mg.gov.br\/portalcidadao\/#df1b1a7c7b2a290bcb31e32771e610784662739a88807c0dacac58ede5f391a7530e299dc302d611ee73cb143fc22eaf93592e53e7b5bdb01b00a0b8d28dae460c141dd2ff83412e4dc1c31b16b25f33144a9e5620ea73b13f5bc1c59411d98439ad226e8af03840603796067d87afe130812cf3de24982d0e306f9e61e764e5\" aria-label=\"Lavras-TV&#8211;720x104px (1) (1)\"><img src=\"https:\/\/lavras.tv\/site\/wp-content\/uploads\/2025\/01\/Lavras-TV-720x104px-1-1.png\" alt=\"\"  srcset=\"https:\/\/lavras.tv\/site\/wp-content\/uploads\/2025\/01\/Lavras-TV-720x104px-1-1.png 720w, https:\/\/lavras.tv\/site\/wp-content\/uploads\/2025\/01\/Lavras-TV-720x104px-1-1-470x68.png 470w, https:\/\/lavras.tv\/site\/wp-content\/uploads\/2025\/01\/Lavras-TV-720x104px-1-1-170x25.png 170w, https:\/\/lavras.tv\/site\/wp-content\/uploads\/2025\/01\/Lavras-TV-720x104px-1-1-200x29.png 200w\" sizes=\"(max-width: 720px) 100vw, 720px\" width=\"720\" height=\"104\"  style=\"display: inline-block;\" \/><\/a><\/div><\/li><li><a href=\"https:\/\/sistemas.lavras.mg.gov.br\/portalcidadao\/#df1b1a7c7b2a290bcb31e32771e610784662739a88807c0dacac58ede5f391a7530e299dc302d611ee73cb143fc22eaf93592e53e7b5bdb01b00a0b8d28dae460c141dd2ff83412e4dc1c31b16b25f33144a9e5620ea73b13f5bc1c59411d98439ad226e8af03840603796067d87afe130812cf3de24982d0e306f9e61e764e5\" aria-label=\"Banner_Emprego_PortallavrasTV\"><img src=\"https:\/\/lavras.tv\/site\/wp-content\/uploads\/2025\/03\/Banner_Emprego_PortallavrasTV.png\" alt=\"\"  srcset=\"https:\/\/lavras.tv\/site\/wp-content\/uploads\/2025\/03\/Banner_Emprego_PortallavrasTV.png 720w, https:\/\/lavras.tv\/site\/wp-content\/uploads\/2025\/03\/Banner_Emprego_PortallavrasTV-470x68.png 470w, https:\/\/lavras.tv\/site\/wp-content\/uploads\/2025\/03\/Banner_Emprego_PortallavrasTV-170x25.png 170w, https:\/\/lavras.tv\/site\/wp-content\/uploads\/2025\/03\/Banner_Emprego_PortallavrasTV-200x29.png 200w\" sizes=\"(max-width: 720px) 100vw, 720px\" width=\"720\" height=\"104\"   \/><\/a><\/li><li><a href=\"https:\/\/sistemas.lavras.mg.gov.br\/portalcidadao\/#df1b1a7c7b2a290bcb31e32771e610784662739a88807c0dacac58ede5f391a7530e299dc302d611ee73cb143fc22eaf93592e53e7b5bdb01b00a0b8d28dae460c141dd2ff83412e4dc1c31b16b25f33144a9e5620ea73b13f5bc1c59411d98439ad226e8af03840603796067d87afe130812cf3de24982d0e306f9e61e764e5\" aria-label=\"Banner_Obras_PortallavrasTV\"><img src=\"https:\/\/lavras.tv\/site\/wp-content\/uploads\/2025\/03\/Banner_Obras_PortallavrasTV.png\" alt=\"\"  srcset=\"https:\/\/lavras.tv\/site\/wp-content\/uploads\/2025\/03\/Banner_Obras_PortallavrasTV.png 720w, https:\/\/lavras.tv\/site\/wp-content\/uploads\/2025\/03\/Banner_Obras_PortallavrasTV-470x68.png 470w, https:\/\/lavras.tv\/site\/wp-content\/uploads\/2025\/03\/Banner_Obras_PortallavrasTV-170x25.png 170w, https:\/\/lavras.tv\/site\/wp-content\/uploads\/2025\/03\/Banner_Obras_PortallavrasTV-200x29.png 200w\" sizes=\"(max-width: 720px) 100vw, 720px\" width=\"720\" height=\"104\"   \/><\/a><\/li><li><div style=\"margin-left: auto;margin-right: auto;text-align: center;\" id=\"lavra-2004140309\"><a href=\"https:\/\/sistemas.lavras.mg.gov.br\/portalcidadao\/#df1b1a7c7b2a290bcb31e32771e610784662739a88807c0dacac58ede5f391a7530e299dc302d611ee73cb143fc22eaf93592e53e7b5bdb01b00a0b8d28dae460c141dd2ff83412e4dc1c31b16b25f33144a9e5620ea73b13f5bc1c59411d98439ad226e8af03840603796067d87afe130812cf3de24982d0e306f9e61e764e5\" aria-label=\"Banner_Educa\u00e7\u00e3o_PortallavrasTV\"><img src=\"https:\/\/lavras.tv\/site\/wp-content\/uploads\/2025\/01\/Banner_Educacao_PortallavrasTV.png\" alt=\"\"  srcset=\"https:\/\/lavras.tv\/site\/wp-content\/uploads\/2025\/01\/Banner_Educacao_PortallavrasTV.png 720w, https:\/\/lavras.tv\/site\/wp-content\/uploads\/2025\/01\/Banner_Educacao_PortallavrasTV-470x68.png 470w, https:\/\/lavras.tv\/site\/wp-content\/uploads\/2025\/01\/Banner_Educacao_PortallavrasTV-170x25.png 170w, https:\/\/lavras.tv\/site\/wp-content\/uploads\/2025\/01\/Banner_Educacao_PortallavrasTV-200x29.png 200w\" sizes=\"(max-width: 720px) 100vw, 720px\" width=\"720\" height=\"104\"  style=\"display: inline-block;\" \/><\/a><\/div><\/li><li><a href=\"https:\/\/sistemas.lavras.mg.gov.br\/portalcidadao\/#df1b1a7c7b2a290bcb31e32771e610784662739a88807c0dacac58ede5f391a7530e299dc302d611ee73cb143fc22eaf93592e53e7b5bdb01b00a0b8d28dae460c141dd2ff83412e4dc1c31b16b25f33144a9e5620ea73b13f5bc1c59411d98439ad226e8af03840603796067d87afe130812cf3de24982d0e306f9e61e764e5\" aria-label=\"Banner_Sa\u00fade_PortallavrasTV\"><img src=\"https:\/\/lavras.tv\/site\/wp-content\/uploads\/2025\/03\/Banner_Saude_PortallavrasTV.png\" alt=\"\"  srcset=\"https:\/\/lavras.tv\/site\/wp-content\/uploads\/2025\/03\/Banner_Saude_PortallavrasTV.png 720w, https:\/\/lavras.tv\/site\/wp-content\/uploads\/2025\/03\/Banner_Saude_PortallavrasTV-470x68.png 470w, https:\/\/lavras.tv\/site\/wp-content\/uploads\/2025\/03\/Banner_Saude_PortallavrasTV-170x25.png 170w, https:\/\/lavras.tv\/site\/wp-content\/uploads\/2025\/03\/Banner_Saude_PortallavrasTV-200x29.png 200w\" sizes=\"(max-width: 720px) 100vw, 720px\" width=\"720\" height=\"104\"   \/><\/a><\/li><li><div id=\"lavra-3360516675\" style=\"width:720px;height:104px;background-color:#ddd;overflow:scroll;\">\n\t<strong>Sa\u00edda da depura\u00e7\u00e3o de an\u00fancios<\/strong>\n\t<br><br>\n\tO an\u00fancio n\u00e3o \u00e9 exibido na p\u00e1gina<br><br>post atual: Quase 60% das cidades de Minas em situa\u00e7\u00e3o de alerta ou risco contra o Aedes, ID: 4270<br><br><span style=\"color: red;\">O post atual n\u00e3o \u00e9 id\u00eantico ao post principal.<\/span><br><br>An\u00fancios: ROXO - TOPO INTERNA - ROTATIVO 2 (197)<br \/>Grupo de an\u00fancios: Princ_Meio01_720x104 (27)<br><br>Condi\u00e7\u00f5es de exibi\u00e7\u00e3o<div style=\"margin-bottom: 20px; white-space: pre-wrap; font-family: monospace; width: 100%; background: #ffe9e9;\"><strong>condi\u00e7\u00f5es gerais<\/strong><table border=\"1\"><thead><tr><th><\/th><th>An\u00fancios<\/th><th>wp_the_query<\/th><\/tr><\/thead><tr><td>is_main_query<\/td><td>1<\/td><td>1<\/td><\/tr><tr><td>is_rest_api<\/td><td>0<\/td><td>1<\/td><\/tr><tr><td>page<\/td><td>0<\/td><td>1<\/td><\/tr><tr><td>numpages<\/td><td>0<\/td><td>1<\/td><\/tr><tr><td>is_archive<\/td><td>1<\/td><td><\/td><\/tr><tr><td>is_search<\/td><td>1<\/td><td><\/td><\/tr><tr><td>is_home<\/td><td>1<\/td><td><\/td><\/tr><tr><td>is_404<\/td><td>1<\/td><td><\/td><\/tr><tr><td>is_attachment<\/td><td>1<\/td><td><\/td><\/tr><tr><td>is_singular<\/td><td>1<\/td><td><\/td><\/tr><tr><td>is_front_page<\/td><td>1<\/td><td><\/td><\/tr><tr><td>is_feed<\/td><td>1<\/td><td><\/td><\/tr><\/table><\/div><br><br><span style=\"color: red;\">Seu site usa HTTPS, mas o c\u00f3digo do an\u00fancio cont\u00e9m HTTP e pode n\u00e3o funcionar.<\/span>\t<br><br>\n\t<a style=\"color: green;\" href=\"https:\/\/wpadvancedads.com\/manual\/ad-debug-mode\/?utm_source=advanced-ads&utm_medium=link&utm_campaign=ad-debug-mode\" target=\"_blank\" rel=\"nofollow\">Encontre solu\u00e7\u00f5es no manual<\/a>\n<\/div>\n<\/li><\/ul><\/div><script>( window.advanced_ads_ready || jQuery( document ).ready ).call( null, function() {var $lavraslider58926705 = jQuery( \".lavra-slider-58926705\" );$lavraslider58926705.on( \"unslider.ready\", function() { jQuery( \"div.custom-slider ul li\" ).css( \"display\", \"block\" ); });$lavraslider58926705.unslider({ delay:4000, autoplay:true, nav:false, arrows:false, infinite:true });$lavraslider58926705.on(\"mouseover\", function() {$lavraslider58926705.unslider(\"stop\");}).on(\"mouseout\", function() {$lavraslider58926705.unslider(\"start\");});});<\/script><\/div><p>Quase 60% dos munic\u00edpios mineiros analisados no \u00e2mbito do Levantamento R\u00e1pido de \u00cdndices para Aedes aegypti (LIRAa) de 2016, realizado pelo Minist\u00e9rio da Sa\u00fade, encontram-se em situa\u00e7\u00e3o de alerta ou risco de surto de dengue, chikungunya e zika.<!--more--> Isso significa que esses locais apresentam altos \u00edndices de criadouros do mosquito, vetor das tr\u00eas doen\u00e7as.<\/p>\n<p><img fetchpriority=\"high\" decoding=\"async\" class=\" wp-image-4271 aligncenter\" src=\"http:\/\/lavras.tv\/site\/wp-content\/uploads\/2016\/11\/dengue-mosquito.jpg\" alt=\"dengue-mosquito\" width=\"841\" height=\"557\" srcset=\"https:\/\/lavras.tv\/site\/wp-content\/uploads\/2016\/11\/dengue-mosquito.jpg 1000w, https:\/\/lavras.tv\/site\/wp-content\/uploads\/2016\/11\/dengue-mosquito-150x99.jpg 150w, https:\/\/lavras.tv\/site\/wp-content\/uploads\/2016\/11\/dengue-mosquito-300x199.jpg 300w\" sizes=\"(max-width: 841px) 100vw, 841px\" \/><\/p>\n<p>Das 138 cidades pesquisadas, 80 estavam com taxas de infesta\u00e7\u00e3o acima do que \u00e9 considerado satisfat\u00f3rio. Sete munic\u00edpios est\u00e3o em situa\u00e7\u00e3o mais grave, sendo que Mutum, no Vale do Rio Doce, \u00e9 a que apresenta o pior resultado, com 10,2. Ou seja, para cem locais pesquisados, dez est\u00e3o infestados.<\/p>\n<p>O percentual de cidades mineiras que encontram-se em estado de alerta e risco \u00e9 maior que a quantia em mesma situa\u00e7\u00e3o em todo o pa\u00eds. No Brasil, 37% das localidades pesquisadas se enquadram nessas categorias. Os dados foram divulgados ontem pelo Minist\u00e9rio, que anunciou a possibilidade de que o LIRAa passe a ser obrigat\u00f3rio para munic\u00edpios com mais de 2 mil im\u00f3veis a partir de 2017.<\/p>\n<p>Atualmente, o levantamento \u00e9 feito a partir da ades\u00e3o volunt\u00e1ria das prefeituras. Das 3.704 cidades que estavam aptas a realizar o estudo, 62,6% (2.284) participaram da edi\u00e7\u00e3o deste ano.<\/p>\n<p>Vinte e duas capitais foram inseridas na pesquisa, entre elas Belo Horizonte, que foi enquadrada em situa\u00e7\u00e3o satisfat\u00f3ria com rela\u00e7\u00e3o aos \u00edndices de infesta\u00e7\u00e3o do mosquito. Durante a divulga\u00e7\u00e3o dos dados, o Minist\u00e9rio da Sa\u00fade ainda anunciou a campanha deste ano para combate ao Aedes aegypti.<\/p>\n<p><strong>Preven\u00e7\u00e3o<\/strong><br \/>\nO foco, desta vez, ser\u00e3o as poss\u00edveis sequelas em caso de chikungunya, zika e dengue, al\u00e9m da import\u00e2ncia de eliminar os focos do vetor para diminuir as chances de contrair tais doen\u00e7as.<\/p>\n<p>O dep\u00f3sito domiciliar, categoria em que se enquadram vasos de plantas, garrafas, piscinas e calhas, foi o principal tipo de criadouro encontrado na regi\u00e3o Sudeste. O alerta \u00e9 importante porque a expectativa \u00e9 que haja um aumento dos casos de chikungunya.<\/p>\n<p>\u201cPara este ano, esperamos uma estabilidade nos casos de dengue e zika. Como chikungunya \u00e9 uma doen\u00e7a nova, e muitas pessoas ainda est\u00e3o suscet\u00edveis, pode ocorrer aumento de casos ainda este ano. Por\u00e9m, para o pr\u00f3ximo, tamb\u00e9m esperamos estabiliza\u00e7\u00e3o dos casos\u201d afirmou o ministro Ricardo Barros.<\/p>\n<p>Al\u00e9m do conhecido Dia \u201cD\u201d, que ser\u00e1 realizado em 2 de dezembro, quando h\u00e1 mobiliza\u00e7\u00e3o nacional, ser\u00e3o realizadas a\u00e7\u00f5es para lembrar que toda sexta-feira \u00e9 dia de eliminar criadouros do Aedes. A campanha traz como foco \u201cSexta sem mosquito. Toda sexta \u00e9 dia do mutir\u00e3o nacional de combate\u201d.<\/p>\n<p>Em Minas Gerais, a Secretaria de Estado de Sa\u00fade informou que as a\u00e7\u00f5es de controle das doen\u00e7as s\u00e3o permanentes, ocorrendo durante todo o ano, com mobiliza\u00e7\u00f5es e oficinas nas escolas. Uma nova campanha no Estado est\u00e1 em fase de elabora\u00e7\u00e3o e ser\u00e1 lan\u00e7ada nas pr\u00f3ximas semanas.<\/p>\n<p>Fonte: Hoje em Dia<\/p>\n","protected":false},"excerpt":{"rendered":"<p>Quase 60% dos munic\u00edpios mineiros analisados no \u00e2mbito do Levantamento R\u00e1pido de \u00cdndices para Aedes aegypti (LIRAa) de 2016, realizado pelo Minist\u00e9rio da Sa\u00fade, encontram-se em situa\u00e7\u00e3o de alerta ou risco de surto de dengue, chikungunya e zika.<\/p>\n","protected":false},"author":2,"featured_media":4271,"comment_status":"closed","ping_status":"open","sticky":false,"template":"","format":"standard","meta":{"advgb_blocks_editor_width":"","advgb_blocks_columns_visual_guide":"","_exactmetrics_skip_tracking":false,"_exactmetrics_sitenote_active":false,"_exactmetrics_sitenote_note":"","_exactmetrics_sitenote_category":0,"footnotes":""},"categories":[7,2],"tags":[1567,1438,530],"class_list":["post-4270","post","type-post","status-publish","format-standard","has-post-thumbnail","hentry","category-destaques","category-noticias","tag-alerta","tag-dengue","tag-minas-gerais"],"better_featured_image":{"id":4271,"alt_text":"","caption":"","description":"","media_type":"image","media_details":{"width":1000,"height":662,"file":"2016\/11\/dengue-mosquito.jpg","sizes":{"thumbnail":{"file":"dengue-mosquito-150x99.jpg","width":150,"height":99,"mime-type":"image\/jpeg","source_url":"https:\/\/lavras.tv\/site\/wp-content\/uploads\/2016\/11\/dengue-mosquito-150x99.jpg"},"medium":{"file":"dengue-mosquito-300x199.jpg","width":300,"height":199,"mime-type":"image\/jpeg","source_url":"https:\/\/lavras.tv\/site\/wp-content\/uploads\/2016\/11\/dengue-mosquito-300x199.jpg"},"featured-slider-img":{"file":"dengue-mosquito-640x480.jpg","width":640,"height":480,"mime-type":"image\/jpeg","source_url":"https:\/\/lavras.tv\/site\/wp-content\/uploads\/2016\/11\/dengue-mosquito-640x480.jpg"},"featured-post-img":{"file":"dengue-mosquito-480x320.jpg","width":480,"height":320,"mime-type":"image\/jpeg","source_url":"https:\/\/lavras.tv\/site\/wp-content\/uploads\/2016\/11\/dengue-mosquito-480x320.jpg"},"sow-carousel-default":{"file":"dengue-mosquito-272x182.jpg","width":272,"height":182,"mime-type":"image\/jpeg","source_url":"https:\/\/lavras.tv\/site\/wp-content\/uploads\/2016\/11\/dengue-mosquito-272x182.jpg"}},"image_meta":{"aperture":"0","credit":"","camera":"","caption":"","created_timestamp":"0","copyright":"","focal_length":"0","iso":"0","shutter_speed":"0","title":"","orientation":"0","keywords":[]}},"post":4270,"source_url":"https:\/\/lavras.tv\/site\/wp-content\/uploads\/2016\/11\/dengue-mosquito.jpg"},"author_meta":{"display_name":"Lavras TV","author_link":"https:\/\/lavras.tv\/site\/author\/lavrastv\/"},"featured_img":"https:\/\/lavras.tv\/site\/wp-content\/uploads\/2016\/11\/dengue-mosquito-300x199.jpg","coauthors":[],"tax_additional":{"categories":{"linked":["<a href=\"https:\/\/lavras.tv\/site\/category\/destaques\/\" class=\"advgb-post-tax-term\">Destaques<\/a>","<a href=\"https:\/\/lavras.tv\/site\/category\/noticias\/\" class=\"advgb-post-tax-term\">Not\u00edcias<\/a>"],"unlinked":["<span class=\"advgb-post-tax-term\">Destaques<\/span>","<span class=\"advgb-post-tax-term\">Not\u00edcias<\/span>"]},"tags":{"linked":["<a href=\"https:\/\/lavras.tv\/site\/category\/noticias\/\" class=\"advgb-post-tax-term\">alerta<\/a>","<a href=\"https:\/\/lavras.tv\/site\/category\/noticias\/\" class=\"advgb-post-tax-term\">Dengue<\/a>","<a href=\"https:\/\/lavras.tv\/site\/category\/noticias\/\" class=\"advgb-post-tax-term\">minas gerais<\/a>"],"unlinked":["<span class=\"advgb-post-tax-term\">alerta<\/span>","<span class=\"advgb-post-tax-term\">Dengue<\/span>","<span class=\"advgb-post-tax-term\">minas gerais<\/span>"]}},"comment_count":"0","relative_dates":{"created":"Publicado 9 anos atr\u00e1s","modified":"Atualizado 9 anos atr\u00e1s"},"absolute_dates":{"created":"Publicado em 25 de novembro de 2016","modified":"Atualizado em 25 de novembro de 2016"},"absolute_dates_time":{"created":"Publicado em 25 de novembro de 2016 09:52","modified":"Atualizado em 25 de novembro de 2016 09:52"},"featured_img_caption":"","series_order":"","_links":{"self":[{"href":"https:\/\/lavras.tv\/site\/wp-json\/wp\/v2\/posts\/4270","targetHints":{"allow":["GET"]}}],"collection":[{"href":"https:\/\/lavras.tv\/site\/wp-json\/wp\/v2\/posts"}],"about":[{"href":"https:\/\/lavras.tv\/site\/wp-json\/wp\/v2\/types\/post"}],"author":[{"embeddable":true,"href":"https:\/\/lavras.tv\/site\/wp-json\/wp\/v2\/users\/2"}],"replies":[{"embeddable":true,"href":"https:\/\/lavras.tv\/site\/wp-json\/wp\/v2\/comments?post=4270"}],"version-history":[{"count":1,"href":"https:\/\/lavras.tv\/site\/wp-json\/wp\/v2\/posts\/4270\/revisions"}],"predecessor-version":[{"id":4272,"href":"https:\/\/lavras.tv\/site\/wp-json\/wp\/v2\/posts\/4270\/revisions\/4272"}],"wp:featuredmedia":[{"embeddable":true,"href":"https:\/\/lavras.tv\/site\/wp-json\/wp\/v2\/media\/4271"}],"wp:attachment":[{"href":"https:\/\/lavras.tv\/site\/wp-json\/wp\/v2\/media?parent=4270"}],"wp:term":[{"taxonomy":"category","embeddable":true,"href":"https:\/\/lavras.tv\/site\/wp-json\/wp\/v2\/categories?post=4270"},{"taxonomy":"post_tag","embeddable":true,"href":"https:\/\/lavras.tv\/site\/wp-json\/wp\/v2\/tags?post=4270"}],"curies":[{"name":"wp","href":"https:\/\/api.w.org\/{rel}","templated":true}]}}