{"id":4273,"date":"2016-11-25T09:59:42","date_gmt":"2016-11-25T11:59:42","guid":{"rendered":"http:\/\/lavras.tv\/site\/?p=4273"},"modified":"2016-11-25T09:59:42","modified_gmt":"2016-11-25T11:59:42","slug":"primeira-liga-divulga-tabela-com-15-times-e-jogos-de-fevereiro-a-outubro-do-proximo-ano","status":"publish","type":"post","link":"https:\/\/lavras.tv\/site\/2016\/11\/25\/primeira-liga-divulga-tabela-com-15-times-e-jogos-de-fevereiro-a-outubro-do-proximo-ano\/","title":{"rendered":"Primeira Liga divulga tabela com 15 times e jogos de fevereiro a outubro do pr\u00f3ximo ano"},"content":{"rendered":"<div class=\"lavra-antes-do-conteudo_2\" id=\"lavra-1949133891\"><div id=\"lavra-slider-27\" class=\"custom-slider lavra-slider-4280401388 lavra-slider\"><ul><li><div style=\"margin-left: auto;margin-right: auto;text-align: center;\" id=\"lavra-4097378936\"><a href=\"https:\/\/sistemas.lavras.mg.gov.br\/portalcidadao\/#df1b1a7c7b2a290bcb31e32771e610784662739a88807c0dacac58ede5f391a7530e299dc302d611ee73cb143fc22eaf93592e53e7b5bdb01b00a0b8d28dae460c141dd2ff83412e4dc1c31b16b25f33144a9e5620ea73b13f5bc1c59411d98439ad226e8af03840603796067d87afe130812cf3de24982d0e306f9e61e764e5\" aria-label=\"Lavras-TV&#8211;720x104px (1) (1)\"><img src=\"https:\/\/lavras.tv\/site\/wp-content\/uploads\/2025\/01\/Lavras-TV-720x104px-1-1.png\" alt=\"\"  srcset=\"https:\/\/lavras.tv\/site\/wp-content\/uploads\/2025\/01\/Lavras-TV-720x104px-1-1.png 720w, https:\/\/lavras.tv\/site\/wp-content\/uploads\/2025\/01\/Lavras-TV-720x104px-1-1-470x68.png 470w, https:\/\/lavras.tv\/site\/wp-content\/uploads\/2025\/01\/Lavras-TV-720x104px-1-1-170x25.png 170w, https:\/\/lavras.tv\/site\/wp-content\/uploads\/2025\/01\/Lavras-TV-720x104px-1-1-200x29.png 200w\" sizes=\"(max-width: 720px) 100vw, 720px\" width=\"720\" height=\"104\"  style=\"display: inline-block;\" \/><\/a><\/div><\/li><li><a href=\"https:\/\/sistemas.lavras.mg.gov.br\/portalcidadao\/#df1b1a7c7b2a290bcb31e32771e610784662739a88807c0dacac58ede5f391a7530e299dc302d611ee73cb143fc22eaf93592e53e7b5bdb01b00a0b8d28dae460c141dd2ff83412e4dc1c31b16b25f33144a9e5620ea73b13f5bc1c59411d98439ad226e8af03840603796067d87afe130812cf3de24982d0e306f9e61e764e5\" aria-label=\"Banner_Emprego_PortallavrasTV\"><img src=\"https:\/\/lavras.tv\/site\/wp-content\/uploads\/2025\/03\/Banner_Emprego_PortallavrasTV.png\" alt=\"\"  srcset=\"https:\/\/lavras.tv\/site\/wp-content\/uploads\/2025\/03\/Banner_Emprego_PortallavrasTV.png 720w, https:\/\/lavras.tv\/site\/wp-content\/uploads\/2025\/03\/Banner_Emprego_PortallavrasTV-470x68.png 470w, https:\/\/lavras.tv\/site\/wp-content\/uploads\/2025\/03\/Banner_Emprego_PortallavrasTV-170x25.png 170w, https:\/\/lavras.tv\/site\/wp-content\/uploads\/2025\/03\/Banner_Emprego_PortallavrasTV-200x29.png 200w\" sizes=\"(max-width: 720px) 100vw, 720px\" width=\"720\" height=\"104\"   \/><\/a><\/li><li><a href=\"https:\/\/sistemas.lavras.mg.gov.br\/portalcidadao\/#df1b1a7c7b2a290bcb31e32771e610784662739a88807c0dacac58ede5f391a7530e299dc302d611ee73cb143fc22eaf93592e53e7b5bdb01b00a0b8d28dae460c141dd2ff83412e4dc1c31b16b25f33144a9e5620ea73b13f5bc1c59411d98439ad226e8af03840603796067d87afe130812cf3de24982d0e306f9e61e764e5\" aria-label=\"Banner_Obras_PortallavrasTV\"><img src=\"https:\/\/lavras.tv\/site\/wp-content\/uploads\/2025\/03\/Banner_Obras_PortallavrasTV.png\" alt=\"\"  srcset=\"https:\/\/lavras.tv\/site\/wp-content\/uploads\/2025\/03\/Banner_Obras_PortallavrasTV.png 720w, https:\/\/lavras.tv\/site\/wp-content\/uploads\/2025\/03\/Banner_Obras_PortallavrasTV-470x68.png 470w, https:\/\/lavras.tv\/site\/wp-content\/uploads\/2025\/03\/Banner_Obras_PortallavrasTV-170x25.png 170w, https:\/\/lavras.tv\/site\/wp-content\/uploads\/2025\/03\/Banner_Obras_PortallavrasTV-200x29.png 200w\" sizes=\"(max-width: 720px) 100vw, 720px\" width=\"720\" height=\"104\"   \/><\/a><\/li><li><div style=\"margin-left: auto;margin-right: auto;text-align: center;\" id=\"lavra-1050630197\"><a href=\"https:\/\/sistemas.lavras.mg.gov.br\/portalcidadao\/#df1b1a7c7b2a290bcb31e32771e610784662739a88807c0dacac58ede5f391a7530e299dc302d611ee73cb143fc22eaf93592e53e7b5bdb01b00a0b8d28dae460c141dd2ff83412e4dc1c31b16b25f33144a9e5620ea73b13f5bc1c59411d98439ad226e8af03840603796067d87afe130812cf3de24982d0e306f9e61e764e5\" aria-label=\"Banner_Educa\u00e7\u00e3o_PortallavrasTV\"><img src=\"https:\/\/lavras.tv\/site\/wp-content\/uploads\/2025\/01\/Banner_Educacao_PortallavrasTV.png\" alt=\"\"  srcset=\"https:\/\/lavras.tv\/site\/wp-content\/uploads\/2025\/01\/Banner_Educacao_PortallavrasTV.png 720w, https:\/\/lavras.tv\/site\/wp-content\/uploads\/2025\/01\/Banner_Educacao_PortallavrasTV-470x68.png 470w, https:\/\/lavras.tv\/site\/wp-content\/uploads\/2025\/01\/Banner_Educacao_PortallavrasTV-170x25.png 170w, https:\/\/lavras.tv\/site\/wp-content\/uploads\/2025\/01\/Banner_Educacao_PortallavrasTV-200x29.png 200w\" sizes=\"(max-width: 720px) 100vw, 720px\" width=\"720\" height=\"104\"  style=\"display: inline-block;\" \/><\/a><\/div><\/li><li><a href=\"https:\/\/sistemas.lavras.mg.gov.br\/portalcidadao\/#df1b1a7c7b2a290bcb31e32771e610784662739a88807c0dacac58ede5f391a7530e299dc302d611ee73cb143fc22eaf93592e53e7b5bdb01b00a0b8d28dae460c141dd2ff83412e4dc1c31b16b25f33144a9e5620ea73b13f5bc1c59411d98439ad226e8af03840603796067d87afe130812cf3de24982d0e306f9e61e764e5\" aria-label=\"Banner_Sa\u00fade_PortallavrasTV\"><img src=\"https:\/\/lavras.tv\/site\/wp-content\/uploads\/2025\/03\/Banner_Saude_PortallavrasTV.png\" alt=\"\"  srcset=\"https:\/\/lavras.tv\/site\/wp-content\/uploads\/2025\/03\/Banner_Saude_PortallavrasTV.png 720w, https:\/\/lavras.tv\/site\/wp-content\/uploads\/2025\/03\/Banner_Saude_PortallavrasTV-470x68.png 470w, https:\/\/lavras.tv\/site\/wp-content\/uploads\/2025\/03\/Banner_Saude_PortallavrasTV-170x25.png 170w, https:\/\/lavras.tv\/site\/wp-content\/uploads\/2025\/03\/Banner_Saude_PortallavrasTV-200x29.png 200w\" sizes=\"(max-width: 720px) 100vw, 720px\" width=\"720\" height=\"104\"   \/><\/a><\/li><li><div id=\"lavra-518496048\" style=\"width:720px;height:104px;background-color:#ddd;overflow:scroll;\">\n\t<strong>Sa\u00edda da depura\u00e7\u00e3o de an\u00fancios<\/strong>\n\t<br><br>\n\tO an\u00fancio n\u00e3o \u00e9 exibido na p\u00e1gina<br><br>post atual: Primeira Liga divulga tabela com 15 times e jogos de fevereiro a outubro do pr\u00f3ximo ano, ID: 4273<br><br><span style=\"color: red;\">O post atual n\u00e3o \u00e9 id\u00eantico ao post principal.<\/span><br><br>An\u00fancios: ROXO - TOPO INTERNA - ROTATIVO 2 (197)<br \/>Grupo de an\u00fancios: Princ_Meio01_720x104 (27)<br><br>Condi\u00e7\u00f5es de exibi\u00e7\u00e3o<div style=\"margin-bottom: 20px; white-space: pre-wrap; font-family: monospace; width: 100%; background: #ffe9e9;\"><strong>condi\u00e7\u00f5es gerais<\/strong><table border=\"1\"><thead><tr><th><\/th><th>An\u00fancios<\/th><th>wp_the_query<\/th><\/tr><\/thead><tr><td>is_main_query<\/td><td>1<\/td><td>1<\/td><\/tr><tr><td>is_rest_api<\/td><td>0<\/td><td>1<\/td><\/tr><tr><td>page<\/td><td>0<\/td><td>1<\/td><\/tr><tr><td>numpages<\/td><td>0<\/td><td>1<\/td><\/tr><tr><td>is_archive<\/td><td>1<\/td><td><\/td><\/tr><tr><td>is_search<\/td><td>1<\/td><td><\/td><\/tr><tr><td>is_home<\/td><td>1<\/td><td><\/td><\/tr><tr><td>is_404<\/td><td>1<\/td><td><\/td><\/tr><tr><td>is_attachment<\/td><td>1<\/td><td><\/td><\/tr><tr><td>is_singular<\/td><td>1<\/td><td><\/td><\/tr><tr><td>is_front_page<\/td><td>1<\/td><td><\/td><\/tr><tr><td>is_feed<\/td><td>1<\/td><td><\/td><\/tr><\/table><\/div><br><br><span style=\"color: red;\">Seu site usa HTTPS, mas o c\u00f3digo do an\u00fancio cont\u00e9m HTTP e pode n\u00e3o funcionar.<\/span>\t<br><br>\n\t<a style=\"color: green;\" href=\"https:\/\/wpadvancedads.com\/manual\/ad-debug-mode\/?utm_source=advanced-ads&utm_medium=link&utm_campaign=ad-debug-mode\" target=\"_blank\" rel=\"nofollow\">Encontre solu\u00e7\u00f5es no manual<\/a>\n<\/div>\n<\/li><\/ul><\/div><script>( window.advanced_ads_ready || jQuery( document ).ready ).call( null, function() {var $lavraslider4280401388 = jQuery( \".lavra-slider-4280401388\" );$lavraslider4280401388.on( \"unslider.ready\", function() { jQuery( \"div.custom-slider ul li\" ).css( \"display\", \"block\" ); });$lavraslider4280401388.unslider({ delay:4000, autoplay:true, nav:false, arrows:false, infinite:true });$lavraslider4280401388.on(\"mouseover\", function() {$lavraslider4280401388.unslider(\"stop\");}).on(\"mouseout\", function() {$lavraslider4280401388.unslider(\"start\");});});<\/script><\/div><p>Ap\u00f3s muita indefini\u00e7\u00e3o, os tr\u00eas clubes de Belo Horizonte (Am\u00e9rica, Atl\u00e9tico e Cruzeiro) foram confirmados na\u00a0Primeira Liga de 2017. <!--more-->Nesta quinta-feira, a organiza\u00e7\u00e3o do torneio amistoso, que re\u00fane outros gigantes como Flamengo, Fluminense, Gr\u00eamio e Internacional, divulgou a tabela para a edi\u00e7\u00e3o do pr\u00f3ximo ano marcando jogos para per\u00edodos em que ter\u00e3o atletas servindo sele\u00e7\u00f5es nacionais.<\/p>\n<p><img fetchpriority=\"high\" decoding=\"async\" class=\"size-full wp-image-4274 aligncenter\" src=\"http:\/\/lavras.tv\/site\/wp-content\/uploads\/2016\/11\/primeira-liga.jpeg\" alt=\"primeira-liga\" width=\"460\" height=\"305\" srcset=\"https:\/\/lavras.tv\/site\/wp-content\/uploads\/2016\/11\/primeira-liga.jpeg 460w, https:\/\/lavras.tv\/site\/wp-content\/uploads\/2016\/11\/primeira-liga-150x99.jpeg 150w, https:\/\/lavras.tv\/site\/wp-content\/uploads\/2016\/11\/primeira-liga-300x199.jpeg 300w\" sizes=\"(max-width: 460px) 100vw, 460px\" \/><\/p>\n<p>A competi\u00e7\u00e3o, com 15 clubes, n\u00e3o faz parte do calend\u00e1rio oficial da Confedera\u00e7\u00e3o Brasileira de Futebol (CBF) e come\u00e7a com rodadas nos dias 22 e 25 de janeiro, antes, portanto, do in\u00edcio da temporada. Foi uma exig\u00eancia dos clubes que a temporada s\u00f3 come\u00e7asse no fim de janeiro, no \u00faltimo fim de semana, para que houvesse mais tempo para a pr\u00e9-temporada. Agora, esse per\u00edodo para treinos ser\u00e1 utilizado para jogos oficiais.<\/p>\n<p>Depois, a Primeira Liga ser\u00e1 retomada em 1\u00ba de mar\u00e7o, quarta-feira de Cinzas. Chama aten\u00e7\u00e3o o fato de que a data, no calend\u00e1rio oficial da CBF, \u00e9 destinada a jogos de campeonatos Estaduais, da Copa Libertadores e da Sul-Americana.<\/p>\n<p>As \u00faltimas duas rodadas da primeira fase ser\u00e3o em 22 e 29 de mar\u00e7o, per\u00edodo em que a sele\u00e7\u00e3o brasileira estar\u00e1 concentrada para jogar contra Uruguai e Paraguai. Novamente, h\u00e1 jogos dos Estaduais marcados para as mesmas datas.<\/p>\n<p>Os dois primeiros colocados de cada grupo, mais os dois melhores terceiros colocados avan\u00e7am \u00e0s quartas de final, que ser\u00e3o jogadas em 30 de agosto, uma quarta-feira. Depois, a log\u00edstica ter\u00e1 de ser r\u00e1pida para as semifinais, no dia 3 de setembro, domingo. Nessas datas, o Brasileir\u00e3o estar\u00e1 parado por causa de compromissos da sele\u00e7\u00e3o brasileira nas Eliminat\u00f3rias.<\/p>\n<p>A final da Primeira Liga est\u00e1 marcada para 8 de outubro, na v\u00e9spera da \u00faltima rodada das Eliminat\u00f3rias, um domingo. Assim como as datas das quartas de final e das semifinais, esse dia aparece como &#8220;vago&#8221; no calend\u00e1rio oficial.<\/p>\n<p><strong>GRUPOS<\/strong><\/p>\n<p>Com a desist\u00eancia de Atl\u00e9tico-PR e Coritiba, que n\u00e3o concordaram com a divis\u00e3o do dinheiro proveniente da venda dos direitos de televis\u00e3o para a Rede Globo, o Londrina entrou na Primeira Liga 2017. Antes, o Brasil de Pelotas tamb\u00e9m havia sido inclu\u00eddo. Luverdense, Cear\u00e1, Atl\u00e9tico-GO e Juventude tamb\u00e9m s\u00e3o associados, mas n\u00e3o jogar\u00e3o o torneio.<\/p>\n<p>A divis\u00e3o dos grupos ser\u00e1 feita mediante sorteio dirigido. As chaves j\u00e1 est\u00e3o formadas com vagas como &#8220;RJ1&#8221; e &#8220;MG2&#8221;, faltando sortear que clube fica com cada vaga.<\/p>\n<p>No Grupo A est\u00e3o RS1, RJ1, MG1, PR2 e SC3, no B est\u00e3o RS2, MG2, RJ2, SC1 e SC4, enquanto que o C \u00e9 composto por RS3, MG3, PR1, SC2 e SC5.<\/p>\n<p>Fonte: Itatiaia<\/p>\n","protected":false},"excerpt":{"rendered":"<p>Ap\u00f3s muita indefini\u00e7\u00e3o, os tr\u00eas clubes de Belo Horizonte (Am\u00e9rica, Atl\u00e9tico e Cruzeiro) foram confirmados na\u00a0Primeira Liga de 2017.<\/p>\n","protected":false},"author":2,"featured_media":4274,"comment_status":"closed","ping_status":"open","sticky":false,"template":"","format":"standard","meta":{"advgb_blocks_editor_width":"","advgb_blocks_columns_visual_guide":"","_exactmetrics_skip_tracking":false,"_exactmetrics_sitenote_active":false,"_exactmetrics_sitenote_note":"","_exactmetrics_sitenote_category":0,"footnotes":""},"categories":[3],"tags":[895,966,1036,1568],"class_list":["post-4273","post","type-post","status-publish","format-standard","has-post-thumbnail","hentry","category-esportes","tag-895","tag-esporte","tag-futebol","tag-primeira-liga"],"better_featured_image":{"id":4274,"alt_text":"","caption":"","description":"","media_type":"image","media_details":{"width":460,"height":305,"file":"2016\/11\/primeira-liga.jpeg","sizes":{"thumbnail":{"file":"primeira-liga-150x99.jpeg","width":150,"height":99,"mime-type":"image\/jpeg","source_url":"https:\/\/lavras.tv\/site\/wp-content\/uploads\/2016\/11\/primeira-liga-150x99.jpeg"},"medium":{"file":"primeira-liga-300x199.jpeg","width":300,"height":199,"mime-type":"image\/jpeg","source_url":"https:\/\/lavras.tv\/site\/wp-content\/uploads\/2016\/11\/primeira-liga-300x199.jpeg"},"sow-carousel-default":{"file":"primeira-liga-272x182.jpeg","width":272,"height":182,"mime-type":"image\/jpeg","source_url":"https:\/\/lavras.tv\/site\/wp-content\/uploads\/2016\/11\/primeira-liga-272x182.jpeg"}},"image_meta":{"aperture":"2.8","credit":"DANIEL TEOBALDO\/FUTURA PRESS","camera":"Canon EOS 7D Mark II","caption":"Bola da competi\u00e7\u00e3o durante a partida entre Atl\u00e9tico MG e Flamengo RJ v\u00e1lida pela Primeira Liga (Copa Sul-Minas-Rio) 2016 no Est\u00e1dio Mineir\u00e3o em Belo Horizonte (MG), nesta quarta-feira (27).","created_timestamp":"1453925280","copyright":"Daniel Teobaldo\/Futura Press","focal_length":"90","iso":"1600","shutter_speed":"0.003125","title":"","orientation":"0","keywords":[]}},"post":4273,"source_url":"https:\/\/lavras.tv\/site\/wp-content\/uploads\/2016\/11\/primeira-liga.jpeg"},"author_meta":{"display_name":"Lavras TV","author_link":"https:\/\/lavras.tv\/site\/author\/lavrastv\/"},"featured_img":"https:\/\/lavras.tv\/site\/wp-content\/uploads\/2016\/11\/primeira-liga-300x199.jpeg","coauthors":[],"tax_additional":{"categories":{"linked":["<a href=\"https:\/\/lavras.tv\/site\/category\/esportes\/\" class=\"advgb-post-tax-term\">Esportes<\/a>"],"unlinked":["<span class=\"advgb-post-tax-term\">Esportes<\/span>"]},"tags":{"linked":["<a href=\"https:\/\/lavras.tv\/site\/category\/esportes\/\" class=\"advgb-post-tax-term\">2017<\/a>","<a href=\"https:\/\/lavras.tv\/site\/category\/esportes\/\" class=\"advgb-post-tax-term\">esporte<\/a>","<a href=\"https:\/\/lavras.tv\/site\/category\/esportes\/\" class=\"advgb-post-tax-term\">futebol<\/a>","<a href=\"https:\/\/lavras.tv\/site\/category\/esportes\/\" class=\"advgb-post-tax-term\">primeira liga<\/a>"],"unlinked":["<span class=\"advgb-post-tax-term\">2017<\/span>","<span class=\"advgb-post-tax-term\">esporte<\/span>","<span class=\"advgb-post-tax-term\">futebol<\/span>","<span class=\"advgb-post-tax-term\">primeira liga<\/span>"]}},"comment_count":"0","relative_dates":{"created":"Publicado 9 anos atr\u00e1s","modified":"Atualizado 9 anos atr\u00e1s"},"absolute_dates":{"created":"Publicado em 25 de novembro de 2016","modified":"Atualizado em 25 de novembro de 2016"},"absolute_dates_time":{"created":"Publicado em 25 de novembro de 2016 09:59","modified":"Atualizado em 25 de novembro de 2016 09:59"},"featured_img_caption":"","series_order":"","_links":{"self":[{"href":"https:\/\/lavras.tv\/site\/wp-json\/wp\/v2\/posts\/4273","targetHints":{"allow":["GET"]}}],"collection":[{"href":"https:\/\/lavras.tv\/site\/wp-json\/wp\/v2\/posts"}],"about":[{"href":"https:\/\/lavras.tv\/site\/wp-json\/wp\/v2\/types\/post"}],"author":[{"embeddable":true,"href":"https:\/\/lavras.tv\/site\/wp-json\/wp\/v2\/users\/2"}],"replies":[{"embeddable":true,"href":"https:\/\/lavras.tv\/site\/wp-json\/wp\/v2\/comments?post=4273"}],"version-history":[{"count":1,"href":"https:\/\/lavras.tv\/site\/wp-json\/wp\/v2\/posts\/4273\/revisions"}],"predecessor-version":[{"id":4275,"href":"https:\/\/lavras.tv\/site\/wp-json\/wp\/v2\/posts\/4273\/revisions\/4275"}],"wp:featuredmedia":[{"embeddable":true,"href":"https:\/\/lavras.tv\/site\/wp-json\/wp\/v2\/media\/4274"}],"wp:attachment":[{"href":"https:\/\/lavras.tv\/site\/wp-json\/wp\/v2\/media?parent=4273"}],"wp:term":[{"taxonomy":"category","embeddable":true,"href":"https:\/\/lavras.tv\/site\/wp-json\/wp\/v2\/categories?post=4273"},{"taxonomy":"post_tag","embeddable":true,"href":"https:\/\/lavras.tv\/site\/wp-json\/wp\/v2\/tags?post=4273"}],"curies":[{"name":"wp","href":"https:\/\/api.w.org\/{rel}","templated":true}]}}