{"id":4279,"date":"2016-11-25T10:06:41","date_gmt":"2016-11-25T12:06:41","guid":{"rendered":"http:\/\/lavras.tv\/site\/?p=4279"},"modified":"2016-11-25T10:06:41","modified_gmt":"2016-11-25T12:06:41","slug":"apos-tres-meses-sem-clube-jaqueline-acerta-volta-ao-minas-para-disputa-da-superliga","status":"publish","type":"post","link":"https:\/\/lavras.tv\/site\/2016\/11\/25\/apos-tres-meses-sem-clube-jaqueline-acerta-volta-ao-minas-para-disputa-da-superliga\/","title":{"rendered":"Ap\u00f3s tr\u00eas meses sem clube, Jaqueline acerta volta ao Minas para disputa da Superliga"},"content":{"rendered":"<div class=\"lavra-antes-do-conteudo_2\" id=\"lavra-979129013\"><div id=\"lavra-slider-27\" class=\"custom-slider lavra-slider-77650949 lavra-slider\"><ul><li><div style=\"margin-left: auto;margin-right: auto;text-align: center;\" id=\"lavra-2338453277\"><a href=\"https:\/\/sistemas.lavras.mg.gov.br\/portalcidadao\/#df1b1a7c7b2a290bcb31e32771e610784662739a88807c0dacac58ede5f391a7530e299dc302d611ee73cb143fc22eaf93592e53e7b5bdb01b00a0b8d28dae460c141dd2ff83412e4dc1c31b16b25f33144a9e5620ea73b13f5bc1c59411d98439ad226e8af03840603796067d87afe130812cf3de24982d0e306f9e61e764e5\" aria-label=\"Lavras-TV&#8211;720x104px (1) (1)\"><img src=\"https:\/\/lavras.tv\/site\/wp-content\/uploads\/2025\/01\/Lavras-TV-720x104px-1-1.png\" alt=\"\"  srcset=\"https:\/\/lavras.tv\/site\/wp-content\/uploads\/2025\/01\/Lavras-TV-720x104px-1-1.png 720w, https:\/\/lavras.tv\/site\/wp-content\/uploads\/2025\/01\/Lavras-TV-720x104px-1-1-470x68.png 470w, https:\/\/lavras.tv\/site\/wp-content\/uploads\/2025\/01\/Lavras-TV-720x104px-1-1-170x25.png 170w, https:\/\/lavras.tv\/site\/wp-content\/uploads\/2025\/01\/Lavras-TV-720x104px-1-1-200x29.png 200w\" sizes=\"(max-width: 720px) 100vw, 720px\" width=\"720\" height=\"104\"  style=\"display: inline-block;\" \/><\/a><\/div><\/li><li><a href=\"https:\/\/sistemas.lavras.mg.gov.br\/portalcidadao\/#df1b1a7c7b2a290bcb31e32771e610784662739a88807c0dacac58ede5f391a7530e299dc302d611ee73cb143fc22eaf93592e53e7b5bdb01b00a0b8d28dae460c141dd2ff83412e4dc1c31b16b25f33144a9e5620ea73b13f5bc1c59411d98439ad226e8af03840603796067d87afe130812cf3de24982d0e306f9e61e764e5\" aria-label=\"Banner_Emprego_PortallavrasTV\"><img src=\"https:\/\/lavras.tv\/site\/wp-content\/uploads\/2025\/03\/Banner_Emprego_PortallavrasTV.png\" alt=\"\"  srcset=\"https:\/\/lavras.tv\/site\/wp-content\/uploads\/2025\/03\/Banner_Emprego_PortallavrasTV.png 720w, https:\/\/lavras.tv\/site\/wp-content\/uploads\/2025\/03\/Banner_Emprego_PortallavrasTV-470x68.png 470w, https:\/\/lavras.tv\/site\/wp-content\/uploads\/2025\/03\/Banner_Emprego_PortallavrasTV-170x25.png 170w, https:\/\/lavras.tv\/site\/wp-content\/uploads\/2025\/03\/Banner_Emprego_PortallavrasTV-200x29.png 200w\" sizes=\"(max-width: 720px) 100vw, 720px\" width=\"720\" height=\"104\"   \/><\/a><\/li><li><a href=\"https:\/\/sistemas.lavras.mg.gov.br\/portalcidadao\/#df1b1a7c7b2a290bcb31e32771e610784662739a88807c0dacac58ede5f391a7530e299dc302d611ee73cb143fc22eaf93592e53e7b5bdb01b00a0b8d28dae460c141dd2ff83412e4dc1c31b16b25f33144a9e5620ea73b13f5bc1c59411d98439ad226e8af03840603796067d87afe130812cf3de24982d0e306f9e61e764e5\" aria-label=\"Banner_Obras_PortallavrasTV\"><img src=\"https:\/\/lavras.tv\/site\/wp-content\/uploads\/2025\/03\/Banner_Obras_PortallavrasTV.png\" alt=\"\"  srcset=\"https:\/\/lavras.tv\/site\/wp-content\/uploads\/2025\/03\/Banner_Obras_PortallavrasTV.png 720w, https:\/\/lavras.tv\/site\/wp-content\/uploads\/2025\/03\/Banner_Obras_PortallavrasTV-470x68.png 470w, https:\/\/lavras.tv\/site\/wp-content\/uploads\/2025\/03\/Banner_Obras_PortallavrasTV-170x25.png 170w, https:\/\/lavras.tv\/site\/wp-content\/uploads\/2025\/03\/Banner_Obras_PortallavrasTV-200x29.png 200w\" sizes=\"(max-width: 720px) 100vw, 720px\" width=\"720\" height=\"104\"   \/><\/a><\/li><li><div style=\"margin-left: auto;margin-right: auto;text-align: center;\" id=\"lavra-2815554257\"><a href=\"https:\/\/sistemas.lavras.mg.gov.br\/portalcidadao\/#df1b1a7c7b2a290bcb31e32771e610784662739a88807c0dacac58ede5f391a7530e299dc302d611ee73cb143fc22eaf93592e53e7b5bdb01b00a0b8d28dae460c141dd2ff83412e4dc1c31b16b25f33144a9e5620ea73b13f5bc1c59411d98439ad226e8af03840603796067d87afe130812cf3de24982d0e306f9e61e764e5\" aria-label=\"Banner_Educa\u00e7\u00e3o_PortallavrasTV\"><img src=\"https:\/\/lavras.tv\/site\/wp-content\/uploads\/2025\/01\/Banner_Educacao_PortallavrasTV.png\" alt=\"\"  srcset=\"https:\/\/lavras.tv\/site\/wp-content\/uploads\/2025\/01\/Banner_Educacao_PortallavrasTV.png 720w, https:\/\/lavras.tv\/site\/wp-content\/uploads\/2025\/01\/Banner_Educacao_PortallavrasTV-470x68.png 470w, https:\/\/lavras.tv\/site\/wp-content\/uploads\/2025\/01\/Banner_Educacao_PortallavrasTV-170x25.png 170w, https:\/\/lavras.tv\/site\/wp-content\/uploads\/2025\/01\/Banner_Educacao_PortallavrasTV-200x29.png 200w\" sizes=\"(max-width: 720px) 100vw, 720px\" width=\"720\" height=\"104\"  style=\"display: inline-block;\" \/><\/a><\/div><\/li><li><a href=\"https:\/\/sistemas.lavras.mg.gov.br\/portalcidadao\/#df1b1a7c7b2a290bcb31e32771e610784662739a88807c0dacac58ede5f391a7530e299dc302d611ee73cb143fc22eaf93592e53e7b5bdb01b00a0b8d28dae460c141dd2ff83412e4dc1c31b16b25f33144a9e5620ea73b13f5bc1c59411d98439ad226e8af03840603796067d87afe130812cf3de24982d0e306f9e61e764e5\" aria-label=\"Banner_Sa\u00fade_PortallavrasTV\"><img src=\"https:\/\/lavras.tv\/site\/wp-content\/uploads\/2025\/03\/Banner_Saude_PortallavrasTV.png\" alt=\"\"  srcset=\"https:\/\/lavras.tv\/site\/wp-content\/uploads\/2025\/03\/Banner_Saude_PortallavrasTV.png 720w, https:\/\/lavras.tv\/site\/wp-content\/uploads\/2025\/03\/Banner_Saude_PortallavrasTV-470x68.png 470w, https:\/\/lavras.tv\/site\/wp-content\/uploads\/2025\/03\/Banner_Saude_PortallavrasTV-170x25.png 170w, https:\/\/lavras.tv\/site\/wp-content\/uploads\/2025\/03\/Banner_Saude_PortallavrasTV-200x29.png 200w\" sizes=\"(max-width: 720px) 100vw, 720px\" width=\"720\" height=\"104\"   \/><\/a><\/li><li><div id=\"lavra-2416993466\" style=\"width:720px;height:104px;background-color:#ddd;overflow:scroll;\">\n\t<strong>Sa\u00edda da depura\u00e7\u00e3o de an\u00fancios<\/strong>\n\t<br><br>\n\tO an\u00fancio n\u00e3o \u00e9 exibido na p\u00e1gina<br><br>post atual: Ap\u00f3s tr\u00eas meses sem clube, Jaqueline acerta volta ao Minas para disputa da Superliga, ID: 4279<br><br><span style=\"color: red;\">O post atual n\u00e3o \u00e9 id\u00eantico ao post principal.<\/span><br><br>An\u00fancios: ROXO - TOPO INTERNA - ROTATIVO 2 (197)<br \/>Grupo de an\u00fancios: Princ_Meio01_720x104 (27)<br><br>Condi\u00e7\u00f5es de exibi\u00e7\u00e3o<div style=\"margin-bottom: 20px; white-space: pre-wrap; font-family: monospace; width: 100%; background: #ffe9e9;\"><strong>condi\u00e7\u00f5es gerais<\/strong><table border=\"1\"><thead><tr><th><\/th><th>An\u00fancios<\/th><th>wp_the_query<\/th><\/tr><\/thead><tr><td>is_main_query<\/td><td>1<\/td><td>1<\/td><\/tr><tr><td>is_rest_api<\/td><td>0<\/td><td>1<\/td><\/tr><tr><td>page<\/td><td>0<\/td><td>1<\/td><\/tr><tr><td>numpages<\/td><td>0<\/td><td>1<\/td><\/tr><tr><td>is_archive<\/td><td>1<\/td><td><\/td><\/tr><tr><td>is_search<\/td><td>1<\/td><td><\/td><\/tr><tr><td>is_home<\/td><td>1<\/td><td><\/td><\/tr><tr><td>is_404<\/td><td>1<\/td><td><\/td><\/tr><tr><td>is_attachment<\/td><td>1<\/td><td><\/td><\/tr><tr><td>is_singular<\/td><td>1<\/td><td><\/td><\/tr><tr><td>is_front_page<\/td><td>1<\/td><td><\/td><\/tr><tr><td>is_feed<\/td><td>1<\/td><td><\/td><\/tr><\/table><\/div><br><br><span style=\"color: red;\">Seu site usa HTTPS, mas o c\u00f3digo do an\u00fancio cont\u00e9m HTTP e pode n\u00e3o funcionar.<\/span>\t<br><br>\n\t<a style=\"color: green;\" href=\"https:\/\/wpadvancedads.com\/manual\/ad-debug-mode\/?utm_source=advanced-ads&utm_medium=link&utm_campaign=ad-debug-mode\" target=\"_blank\" rel=\"nofollow\">Encontre solu\u00e7\u00f5es no manual<\/a>\n<\/div>\n<\/li><\/ul><\/div><script>( window.advanced_ads_ready || jQuery( document ).ready ).call( null, function() {var $lavraslider77650949 = jQuery( \".lavra-slider-77650949\" );$lavraslider77650949.on( \"unslider.ready\", function() { jQuery( \"div.custom-slider ul li\" ).css( \"display\", \"block\" ); });$lavraslider77650949.unslider({ delay:4000, autoplay:true, nav:false, arrows:false, infinite:true });$lavraslider77650949.on(\"mouseover\", function() {$lavraslider77650949.unslider(\"stop\");}).on(\"mouseout\", function() {$lavraslider77650949.unslider(\"start\");});});<\/script><\/div><p>Uma das principais jogadoras do v\u00f4lei brasileiro na \u00faltima d\u00e9cada e pe\u00e7a fundamental na sele\u00e7\u00e3o brasileira, Jaqueline come\u00e7ou a Superliga Feminina desempregada. <!--more-->Nesta quinta-feira, por\u00e9m, acertou seu futuro. Ela foi anunciada como refor\u00e7o do Camponesa\/Minas, equipe que defendeu na temporada 2014\/15.<\/p>\n<p><img fetchpriority=\"high\" decoding=\"async\" class=\"size-full wp-image-4280 aligncenter\" src=\"http:\/\/lavras.tv\/site\/wp-content\/uploads\/2016\/11\/jaqueline-e1480075565679.jpeg\" alt=\"jaqueline\" width=\"640\" height=\"480\" srcset=\"https:\/\/lavras.tv\/site\/wp-content\/uploads\/2016\/11\/jaqueline-e1480075565679.jpeg 640w, https:\/\/lavras.tv\/site\/wp-content\/uploads\/2016\/11\/jaqueline-e1480075565679-150x113.jpeg 150w, https:\/\/lavras.tv\/site\/wp-content\/uploads\/2016\/11\/jaqueline-e1480075565679-300x225.jpeg 300w\" sizes=\"(max-width: 640px) 100vw, 640px\" \/><\/p>\n<p>A dificuldade de Jaqueline encontrar um clube era um dos argumentos contr\u00e1rios ao ranking de pontos da Confedera\u00e7\u00e3o Brasileira de V\u00f4lei (CBV). Cada equipe pode ter no m\u00e1ximo duas atletas de sete pontos, como \u00e9 Jaqueline, ao mesmo tempo em que, com o corte nos investimentos do Sesi-SP para sua equipe feminina, s\u00f3 Rexona\/Sesc-Rio e V\u00f4lei Nestl\u00e9\/Osasco se mostravam com or\u00e7amento para tal luxo.<\/p>\n<p>Fabiana, a outra estrela que estava no Sesi-SP na temporada passada, logo fechou com o Praia Clube, de Uberl\u00e2ndia, mas Jaqueline ficou sem marcado. Assim, disputou a Olimp\u00edada sem clube e assim continuou at\u00e9 esta quinta-feira.<\/p>\n<p>Ela chega ao Minas com a equipe no sexto lugar da Superliga, com tr\u00eas vit\u00f3rias (sobre S\u00e3o Caetano, Sesi-SP e Rio do Sul) e duas derrotas (para Bauru e Pinheiros). Vai se juntar \u00e0 norte-americana Destinee Hooker, que j\u00e1 foi uma das melhores do mundo, s\u00f3 chegou recentemente e ainda n\u00e3o estreou.<\/p>\n<p>Com Jaqueline e Hooker, o Minas passa a ter time em condi\u00e7\u00f5es de chegar \u00e0 final da Superliga, algo que n\u00e3o consegue desde 2004. O elenco conta ainda com L\u00e9ia, libero da sele\u00e7\u00e3o brasileira na Olimp\u00edada, Rosamaria, Pri Daroit, Naiane e Carol Gattaz, todas com passagens pela sele\u00e7\u00e3o.<\/p>\n<p>Fonte: Itatiaia<\/p>\n","protected":false},"excerpt":{"rendered":"<p>Uma das principais jogadoras do v\u00f4lei brasileiro na \u00faltima d\u00e9cada e pe\u00e7a fundamental na sele\u00e7\u00e3o brasileira, Jaqueline come\u00e7ou a Superliga Feminina desempregada.<\/p>\n","protected":false},"author":2,"featured_media":4280,"comment_status":"closed","ping_status":"open","sticky":false,"template":"","format":"standard","meta":{"advgb_blocks_editor_width":"","advgb_blocks_columns_visual_guide":"","_exactmetrics_skip_tracking":false,"_exactmetrics_sitenote_active":false,"_exactmetrics_sitenote_note":"","_exactmetrics_sitenote_category":0,"footnotes":""},"categories":[3],"tags":[750,1569,1570,690],"class_list":["post-4279","post","type-post","status-publish","format-standard","has-post-thumbnail","hentry","category-esportes","tag-esportes","tag-jaqueline","tag-superliga","tag-volei"],"better_featured_image":{"id":4280,"alt_text":"","caption":"","description":"","media_type":"image","media_details":{"width":640,"height":480,"file":"2016\/11\/jaqueline-e1480075565679.jpeg","sizes":{"thumbnail":{"file":"jaqueline-e1480075565679-150x113.jpeg","width":150,"height":113,"mime-type":"image\/jpeg","source_url":"https:\/\/lavras.tv\/site\/wp-content\/uploads\/2016\/11\/jaqueline-e1480075565679-150x113.jpeg"},"medium":{"file":"jaqueline-e1480075565679-300x225.jpeg","width":300,"height":225,"mime-type":"image\/jpeg","source_url":"https:\/\/lavras.tv\/site\/wp-content\/uploads\/2016\/11\/jaqueline-e1480075565679-300x225.jpeg"},"featured-post-img":{"file":"jaqueline-e1480075565679-480x320.jpeg","width":480,"height":320,"mime-type":"image\/jpeg","source_url":"https:\/\/lavras.tv\/site\/wp-content\/uploads\/2016\/11\/jaqueline-e1480075565679-480x320.jpeg"},"sow-carousel-default":{"file":"jaqueline-e1480075565679-272x182.jpeg","width":272,"height":182,"mime-type":"image\/jpeg","source_url":"https:\/\/lavras.tv\/site\/wp-content\/uploads\/2016\/11\/jaqueline-e1480075565679-272x182.jpeg"}},"image_meta":{"aperture":"0","credit":"","camera":"","caption":"","created_timestamp":"0","copyright":"","focal_length":"0","iso":"0","shutter_speed":"0","title":"","orientation":"0","keywords":[]}},"post":4279,"source_url":"https:\/\/lavras.tv\/site\/wp-content\/uploads\/2016\/11\/jaqueline-e1480075565679.jpeg"},"author_meta":{"display_name":"Lavras TV","author_link":"https:\/\/lavras.tv\/site\/author\/lavrastv\/"},"featured_img":"https:\/\/lavras.tv\/site\/wp-content\/uploads\/2016\/11\/jaqueline-e1480075565679-300x225.jpeg","coauthors":[],"tax_additional":{"categories":{"linked":["<a href=\"https:\/\/lavras.tv\/site\/category\/esportes\/\" class=\"advgb-post-tax-term\">Esportes<\/a>"],"unlinked":["<span class=\"advgb-post-tax-term\">Esportes<\/span>"]},"tags":{"linked":["<a href=\"https:\/\/lavras.tv\/site\/category\/esportes\/\" class=\"advgb-post-tax-term\">esportes<\/a>","<a href=\"https:\/\/lavras.tv\/site\/category\/esportes\/\" class=\"advgb-post-tax-term\">jaqueline<\/a>","<a href=\"https:\/\/lavras.tv\/site\/category\/esportes\/\" class=\"advgb-post-tax-term\">superliga<\/a>","<a href=\"https:\/\/lavras.tv\/site\/category\/esportes\/\" class=\"advgb-post-tax-term\">volei<\/a>"],"unlinked":["<span class=\"advgb-post-tax-term\">esportes<\/span>","<span class=\"advgb-post-tax-term\">jaqueline<\/span>","<span class=\"advgb-post-tax-term\">superliga<\/span>","<span class=\"advgb-post-tax-term\">volei<\/span>"]}},"comment_count":"0","relative_dates":{"created":"Publicado 9 anos atr\u00e1s","modified":"Atualizado 9 anos atr\u00e1s"},"absolute_dates":{"created":"Publicado em 25 de novembro de 2016","modified":"Atualizado em 25 de novembro de 2016"},"absolute_dates_time":{"created":"Publicado em 25 de novembro de 2016 10:06","modified":"Atualizado em 25 de novembro de 2016 10:06"},"featured_img_caption":"","series_order":"","_links":{"self":[{"href":"https:\/\/lavras.tv\/site\/wp-json\/wp\/v2\/posts\/4279","targetHints":{"allow":["GET"]}}],"collection":[{"href":"https:\/\/lavras.tv\/site\/wp-json\/wp\/v2\/posts"}],"about":[{"href":"https:\/\/lavras.tv\/site\/wp-json\/wp\/v2\/types\/post"}],"author":[{"embeddable":true,"href":"https:\/\/lavras.tv\/site\/wp-json\/wp\/v2\/users\/2"}],"replies":[{"embeddable":true,"href":"https:\/\/lavras.tv\/site\/wp-json\/wp\/v2\/comments?post=4279"}],"version-history":[{"count":1,"href":"https:\/\/lavras.tv\/site\/wp-json\/wp\/v2\/posts\/4279\/revisions"}],"predecessor-version":[{"id":4281,"href":"https:\/\/lavras.tv\/site\/wp-json\/wp\/v2\/posts\/4279\/revisions\/4281"}],"wp:featuredmedia":[{"embeddable":true,"href":"https:\/\/lavras.tv\/site\/wp-json\/wp\/v2\/media\/4280"}],"wp:attachment":[{"href":"https:\/\/lavras.tv\/site\/wp-json\/wp\/v2\/media?parent=4279"}],"wp:term":[{"taxonomy":"category","embeddable":true,"href":"https:\/\/lavras.tv\/site\/wp-json\/wp\/v2\/categories?post=4279"},{"taxonomy":"post_tag","embeddable":true,"href":"https:\/\/lavras.tv\/site\/wp-json\/wp\/v2\/tags?post=4279"}],"curies":[{"name":"wp","href":"https:\/\/api.w.org\/{rel}","templated":true}]}}