{"id":4297,"date":"2016-11-28T08:49:47","date_gmt":"2016-11-28T10:49:47","guid":{"rendered":"http:\/\/lavras.tv\/site\/?p=4297"},"modified":"2016-11-28T08:49:47","modified_gmt":"2016-11-28T10:49:47","slug":"palmeiras-vence-a-chapecoense-e-conquista-o-campeonato-brasileiro","status":"publish","type":"post","link":"https:\/\/lavras.tv\/site\/2016\/11\/28\/palmeiras-vence-a-chapecoense-e-conquista-o-campeonato-brasileiro\/","title":{"rendered":"Palmeiras vence a Chapecoense e conquista o Campeonato Brasileiro"},"content":{"rendered":"<div class=\"lavra-antes-do-conteudo_2\" id=\"lavra-4184736357\"><div id=\"lavra-slider-27\" class=\"custom-slider lavra-slider-980013329 lavra-slider\"><ul><li><div style=\"margin-left: auto;margin-right: auto;text-align: center;\" id=\"lavra-3789534665\"><a href=\"https:\/\/sistemas.lavras.mg.gov.br\/portalcidadao\/#df1b1a7c7b2a290bcb31e32771e610784662739a88807c0dacac58ede5f391a7530e299dc302d611ee73cb143fc22eaf93592e53e7b5bdb01b00a0b8d28dae460c141dd2ff83412e4dc1c31b16b25f33144a9e5620ea73b13f5bc1c59411d98439ad226e8af03840603796067d87afe130812cf3de24982d0e306f9e61e764e5\" aria-label=\"Lavras-TV&#8211;720x104px (1) (1)\"><img src=\"https:\/\/lavras.tv\/site\/wp-content\/uploads\/2025\/01\/Lavras-TV-720x104px-1-1.png\" alt=\"\"  srcset=\"https:\/\/lavras.tv\/site\/wp-content\/uploads\/2025\/01\/Lavras-TV-720x104px-1-1.png 720w, https:\/\/lavras.tv\/site\/wp-content\/uploads\/2025\/01\/Lavras-TV-720x104px-1-1-470x68.png 470w, https:\/\/lavras.tv\/site\/wp-content\/uploads\/2025\/01\/Lavras-TV-720x104px-1-1-170x25.png 170w, https:\/\/lavras.tv\/site\/wp-content\/uploads\/2025\/01\/Lavras-TV-720x104px-1-1-200x29.png 200w\" sizes=\"(max-width: 720px) 100vw, 720px\" width=\"720\" height=\"104\"  style=\"display: inline-block;\" \/><\/a><\/div><\/li><li><a href=\"https:\/\/sistemas.lavras.mg.gov.br\/portalcidadao\/#df1b1a7c7b2a290bcb31e32771e610784662739a88807c0dacac58ede5f391a7530e299dc302d611ee73cb143fc22eaf93592e53e7b5bdb01b00a0b8d28dae460c141dd2ff83412e4dc1c31b16b25f33144a9e5620ea73b13f5bc1c59411d98439ad226e8af03840603796067d87afe130812cf3de24982d0e306f9e61e764e5\" aria-label=\"Banner_Emprego_PortallavrasTV\"><img src=\"https:\/\/lavras.tv\/site\/wp-content\/uploads\/2025\/03\/Banner_Emprego_PortallavrasTV.png\" alt=\"\"  srcset=\"https:\/\/lavras.tv\/site\/wp-content\/uploads\/2025\/03\/Banner_Emprego_PortallavrasTV.png 720w, https:\/\/lavras.tv\/site\/wp-content\/uploads\/2025\/03\/Banner_Emprego_PortallavrasTV-470x68.png 470w, https:\/\/lavras.tv\/site\/wp-content\/uploads\/2025\/03\/Banner_Emprego_PortallavrasTV-170x25.png 170w, https:\/\/lavras.tv\/site\/wp-content\/uploads\/2025\/03\/Banner_Emprego_PortallavrasTV-200x29.png 200w\" sizes=\"(max-width: 720px) 100vw, 720px\" width=\"720\" height=\"104\"   \/><\/a><\/li><li><a href=\"https:\/\/sistemas.lavras.mg.gov.br\/portalcidadao\/#df1b1a7c7b2a290bcb31e32771e610784662739a88807c0dacac58ede5f391a7530e299dc302d611ee73cb143fc22eaf93592e53e7b5bdb01b00a0b8d28dae460c141dd2ff83412e4dc1c31b16b25f33144a9e5620ea73b13f5bc1c59411d98439ad226e8af03840603796067d87afe130812cf3de24982d0e306f9e61e764e5\" aria-label=\"Banner_Obras_PortallavrasTV\"><img src=\"https:\/\/lavras.tv\/site\/wp-content\/uploads\/2025\/03\/Banner_Obras_PortallavrasTV.png\" alt=\"\"  srcset=\"https:\/\/lavras.tv\/site\/wp-content\/uploads\/2025\/03\/Banner_Obras_PortallavrasTV.png 720w, https:\/\/lavras.tv\/site\/wp-content\/uploads\/2025\/03\/Banner_Obras_PortallavrasTV-470x68.png 470w, https:\/\/lavras.tv\/site\/wp-content\/uploads\/2025\/03\/Banner_Obras_PortallavrasTV-170x25.png 170w, https:\/\/lavras.tv\/site\/wp-content\/uploads\/2025\/03\/Banner_Obras_PortallavrasTV-200x29.png 200w\" sizes=\"(max-width: 720px) 100vw, 720px\" width=\"720\" height=\"104\"   \/><\/a><\/li><li><div style=\"margin-left: auto;margin-right: auto;text-align: center;\" id=\"lavra-73290802\"><a href=\"https:\/\/sistemas.lavras.mg.gov.br\/portalcidadao\/#df1b1a7c7b2a290bcb31e32771e610784662739a88807c0dacac58ede5f391a7530e299dc302d611ee73cb143fc22eaf93592e53e7b5bdb01b00a0b8d28dae460c141dd2ff83412e4dc1c31b16b25f33144a9e5620ea73b13f5bc1c59411d98439ad226e8af03840603796067d87afe130812cf3de24982d0e306f9e61e764e5\" aria-label=\"Banner_Educa\u00e7\u00e3o_PortallavrasTV\"><img src=\"https:\/\/lavras.tv\/site\/wp-content\/uploads\/2025\/01\/Banner_Educacao_PortallavrasTV.png\" alt=\"\"  srcset=\"https:\/\/lavras.tv\/site\/wp-content\/uploads\/2025\/01\/Banner_Educacao_PortallavrasTV.png 720w, https:\/\/lavras.tv\/site\/wp-content\/uploads\/2025\/01\/Banner_Educacao_PortallavrasTV-470x68.png 470w, https:\/\/lavras.tv\/site\/wp-content\/uploads\/2025\/01\/Banner_Educacao_PortallavrasTV-170x25.png 170w, https:\/\/lavras.tv\/site\/wp-content\/uploads\/2025\/01\/Banner_Educacao_PortallavrasTV-200x29.png 200w\" sizes=\"(max-width: 720px) 100vw, 720px\" width=\"720\" height=\"104\"  style=\"display: inline-block;\" \/><\/a><\/div><\/li><li><a href=\"https:\/\/sistemas.lavras.mg.gov.br\/portalcidadao\/#df1b1a7c7b2a290bcb31e32771e610784662739a88807c0dacac58ede5f391a7530e299dc302d611ee73cb143fc22eaf93592e53e7b5bdb01b00a0b8d28dae460c141dd2ff83412e4dc1c31b16b25f33144a9e5620ea73b13f5bc1c59411d98439ad226e8af03840603796067d87afe130812cf3de24982d0e306f9e61e764e5\" aria-label=\"Banner_Sa\u00fade_PortallavrasTV\"><img src=\"https:\/\/lavras.tv\/site\/wp-content\/uploads\/2025\/03\/Banner_Saude_PortallavrasTV.png\" alt=\"\"  srcset=\"https:\/\/lavras.tv\/site\/wp-content\/uploads\/2025\/03\/Banner_Saude_PortallavrasTV.png 720w, https:\/\/lavras.tv\/site\/wp-content\/uploads\/2025\/03\/Banner_Saude_PortallavrasTV-470x68.png 470w, https:\/\/lavras.tv\/site\/wp-content\/uploads\/2025\/03\/Banner_Saude_PortallavrasTV-170x25.png 170w, https:\/\/lavras.tv\/site\/wp-content\/uploads\/2025\/03\/Banner_Saude_PortallavrasTV-200x29.png 200w\" sizes=\"(max-width: 720px) 100vw, 720px\" width=\"720\" height=\"104\"   \/><\/a><\/li><li><div id=\"lavra-3679851178\" style=\"width:720px;height:104px;background-color:#ddd;overflow:scroll;\">\n\t<strong>Sa\u00edda da depura\u00e7\u00e3o de an\u00fancios<\/strong>\n\t<br><br>\n\tO an\u00fancio n\u00e3o \u00e9 exibido na p\u00e1gina<br><br>post atual: Palmeiras vence a Chapecoense e conquista o Campeonato Brasileiro, ID: 4297<br><br><span style=\"color: red;\">O post atual n\u00e3o \u00e9 id\u00eantico ao post principal.<\/span><br><br>An\u00fancios: ROXO - TOPO INTERNA - ROTATIVO 2 (197)<br \/>Grupo de an\u00fancios: Princ_Meio01_720x104 (27)<br><br>Condi\u00e7\u00f5es de exibi\u00e7\u00e3o<div style=\"margin-bottom: 20px; white-space: pre-wrap; font-family: monospace; width: 100%; background: #ffe9e9;\"><strong>condi\u00e7\u00f5es gerais<\/strong><table border=\"1\"><thead><tr><th><\/th><th>An\u00fancios<\/th><th>wp_the_query<\/th><\/tr><\/thead><tr><td>is_main_query<\/td><td>1<\/td><td>1<\/td><\/tr><tr><td>is_rest_api<\/td><td>0<\/td><td>1<\/td><\/tr><tr><td>page<\/td><td>0<\/td><td>1<\/td><\/tr><tr><td>numpages<\/td><td>0<\/td><td>1<\/td><\/tr><tr><td>is_archive<\/td><td>1<\/td><td><\/td><\/tr><tr><td>is_search<\/td><td>1<\/td><td><\/td><\/tr><tr><td>is_home<\/td><td>1<\/td><td><\/td><\/tr><tr><td>is_404<\/td><td>1<\/td><td><\/td><\/tr><tr><td>is_attachment<\/td><td>1<\/td><td><\/td><\/tr><tr><td>is_singular<\/td><td>1<\/td><td><\/td><\/tr><tr><td>is_front_page<\/td><td>1<\/td><td><\/td><\/tr><tr><td>is_feed<\/td><td>1<\/td><td><\/td><\/tr><\/table><\/div><br><br><span style=\"color: red;\">Seu site usa HTTPS, mas o c\u00f3digo do an\u00fancio cont\u00e9m HTTP e pode n\u00e3o funcionar.<\/span>\t<br><br>\n\t<a style=\"color: green;\" href=\"https:\/\/wpadvancedads.com\/manual\/ad-debug-mode\/?utm_source=advanced-ads&utm_medium=link&utm_campaign=ad-debug-mode\" target=\"_blank\" rel=\"nofollow\">Encontre solu\u00e7\u00f5es no manual<\/a>\n<\/div>\n<\/li><\/ul><\/div><script>( window.advanced_ads_ready || jQuery( document ).ready ).call( null, function() {var $lavraslider980013329 = jQuery( \".lavra-slider-980013329\" );$lavraslider980013329.on( \"unslider.ready\", function() { jQuery( \"div.custom-slider ul li\" ).css( \"display\", \"block\" ); });$lavraslider980013329.unslider({ delay:4000, autoplay:true, nav:false, arrows:false, infinite:true });$lavraslider980013329.on(\"mouseover\", function() {$lavraslider980013329.unslider(\"stop\");}).on(\"mouseout\", function() {$lavraslider980013329.unslider(\"start\");});});<\/script><\/div><p>O Palmeiras \u00e9 o campe\u00e3o brasileiro com uma rodada de antecipa\u00e7\u00e3o, ao vencer a Chapecoense por 1 a 0 neste domingo e abrir sete pontos de vantagem para o Flamengo, segundo colocado. <!--more-->No entanto, a dist\u00e2ncia j\u00e1 foi bem menor. No dia 17 de setembro, o Alviverde tinha apenas um ponto \u00e0 frente do Rubro-Negro e enfrentava o Corinthians, em Itaquera. O time de <span class=\"semantica-autolink-topico-tip\">Cuca<\/span> fez 2 a 0, com gols de Mina e Mois\u00e9s, e seguiu em primeiro.<\/p>\n<p>Em entrevista ao &#8220;Troca de Passes&#8221;, o treinador lembrou esta vit\u00f3ria no cl\u00e1ssico e disse que foi a mais importante na caminhada para o t\u00edtulo brasileiro.<\/p>\n<p>&#8211; Foram muitos jogos importantes que a gente venceu. Se eu tivesse que nomear um, seria aquele do Corinthians. A gente tinha empatado com o Flamengo, na quarta, e jogamos com o Corinthians no s\u00e1bado. O Flamengo jogava com o Figueirense, no Pacaembu, no domingo. Se a gente perdesse ou empatasse e o Flamengo ganhasse, o Flamengo passaria a frente. A\u00ed, acho que o Flamengo embalaria e seria muito dif\u00edcil conter. Naquele jogo, n\u00f3s n\u00e3o tivemos o Gabriel Jesus e o Vitor Hugo. Fizemos um jogo perfeito e vencemos por 2 a 0. Foi um jogo que nos encaminhou muito forte para o t\u00edtulo &#8211; disse Cuca.<\/p>\n<div id=\"bc6c1d9b-40bf-3b3b-0c0d-f38503b5ae89\" class=\"foto componente-conteudo\"><img fetchpriority=\"high\" decoding=\"async\" class=\"aligncenter\" title=\"Cuca Palmeiras  (Foto: Ag\u00eancia Estado)\" src=\"http:\/\/s2.glbimg.com\/eKGsD2OFOQt7NSN0gTz4jZl-Ths=\/491x0:1485x1316\/300x397\/s.glbimg.com\/es\/ge\/f\/original\/2016\/11\/27\/cuca_campeao_8dSY5Za.jpg\" alt=\"Cuca Palmeiras  (Foto: Ag\u00eancia Estado)\" width=\"300\" height=\"397\" \/><\/div>\n<p>O t\u00e9cnico tamb\u00e9m n\u00e3o quis comentar sua sa\u00edda do Palmeiras ap\u00f3s o t\u00edtulo. Cuca afirmou que ainda pretende conversar com o presidente eleito, Maur\u00edcio Galiotte. Mas o t\u00e9cnico afirmou que, mesmo sem ele, o elenco alviverde seguir\u00e1 forte.<\/p>\n<p>&#8211; N\u00e3o \u00e9 dia de falar em ficar, n\u00e3o ficar. N\u00e3o queria gastar energia com isso, queria guardar tudo para o jogo. A gente teve um presidente eleito, o Maur\u00edcio, gente boa, cara do bem, do futebol. Vai fazer um grande trabalho. Durante a semana, a gente conversa, acerta o que tem que acertar para ficar ou para sair. Vou conversar com ele algumas coisas minhas, particulares. O Palmeiras, com o Cuca ou sem o Cuca, tem uma espinha dorsal muito boa. E tem a intelig\u00eancia do Alexandre Mattos, que sabe que o Palmeiras deve estar mais fortalecido no ano que vem.<\/p>\n<p>Cuca lembrou ainda a entrevista, antes de o Brasileir\u00e3o come\u00e7ar, em que prometeu o t\u00edtulo. O treinador afirmou que a declara\u00e7\u00e3o foi importante para transmitir confian\u00e7a aos jogadores e, de quebra, ainda criou um v\u00ednculo entre ele e o elenco.<\/p>\n<p>&#8211; Aquela promessa que eu fiz, foi em uma hora em que a gente estava precisando muito do treinador. O time estava sem confian\u00e7a, perdendo jogos do Campeonato Paulista, perdeu para o \u00c1gua Santa por 4 a 1, perdeu para o Audax. Eu precisava fazer alguma coisa. Eu chamei a responsabilidade, disse que o time que era chacota seria campe\u00e3o. Hoje eu n\u00e3o faria isso, porque n\u00e3o tem a necessidade. Mas criou um elo, um v\u00ednculo de confian\u00e7a, de parceria com os jogadores. Fazia quatro, cinco jogos que eu estava no Palmeiras, n\u00e3o tinha um conhecimento do grupo. Aquilo foi um elo muito forte que a gente criou e se sacrificou para conseguir o t\u00edtulo.<\/p>\n<p>O Palmeiras ainda enfrenta o Vit\u00f3ria, no pr\u00f3ximo domingo, para encerrar a campanha no Brasileir\u00e3o.<\/p>\n<p>Fonte: Sportv<\/p>\n","protected":false},"excerpt":{"rendered":"<p>O Palmeiras \u00e9 o campe\u00e3o brasileiro com uma rodada de antecipa\u00e7\u00e3o, ao vencer a Chapecoense por 1 a 0 neste domingo e abrir sete pontos de vantagem para o Flamengo, segundo colocado.<\/p>\n","protected":false},"author":2,"featured_media":4298,"comment_status":"closed","ping_status":"open","sticky":false,"template":"","format":"standard","meta":{"advgb_blocks_editor_width":"","advgb_blocks_columns_visual_guide":"","_exactmetrics_skip_tracking":false,"_exactmetrics_sitenote_active":false,"_exactmetrics_sitenote_note":"","_exactmetrics_sitenote_category":0,"footnotes":""},"categories":[3],"tags":[1586,1293,1585,1036,1584],"class_list":["post-4297","post","type-post","status-publish","format-standard","has-post-thumbnail","hentry","category-esportes","tag-antecipacao","tag-brasileirao","tag-campeao","tag-futebol","tag-palmeiras"],"better_featured_image":{"id":4298,"alt_text":"","caption":"","description":"","media_type":"image","media_details":{"width":275,"height":183,"file":"2016\/11\/palmeiras.jpg","sizes":{"thumbnail":{"file":"palmeiras-150x100.jpg","width":150,"height":100,"mime-type":"image\/jpeg","source_url":"https:\/\/lavras.tv\/site\/wp-content\/uploads\/2016\/11\/palmeiras-150x100.jpg"},"sow-carousel-default":{"file":"palmeiras-272x182.jpg","width":272,"height":182,"mime-type":"image\/jpeg","source_url":"https:\/\/lavras.tv\/site\/wp-content\/uploads\/2016\/11\/palmeiras-272x182.jpg"}},"image_meta":{"aperture":"0","credit":"","camera":"","caption":"","created_timestamp":"0","copyright":"","focal_length":"0","iso":"0","shutter_speed":"0","title":"","orientation":"0","keywords":[]}},"post":4297,"source_url":"https:\/\/lavras.tv\/site\/wp-content\/uploads\/2016\/11\/palmeiras.jpg"},"author_meta":{"display_name":"Lavras TV","author_link":"https:\/\/lavras.tv\/site\/author\/lavrastv\/"},"featured_img":"https:\/\/lavras.tv\/site\/wp-content\/uploads\/2016\/11\/palmeiras.jpg","coauthors":[],"tax_additional":{"categories":{"linked":["<a href=\"https:\/\/lavras.tv\/site\/category\/esportes\/\" class=\"advgb-post-tax-term\">Esportes<\/a>"],"unlinked":["<span class=\"advgb-post-tax-term\">Esportes<\/span>"]},"tags":{"linked":["<a href=\"https:\/\/lavras.tv\/site\/category\/esportes\/\" class=\"advgb-post-tax-term\">antecipa\u00e7\u00e3o<\/a>","<a href=\"https:\/\/lavras.tv\/site\/category\/esportes\/\" class=\"advgb-post-tax-term\">Brasileir\u00e3o<\/a>","<a href=\"https:\/\/lavras.tv\/site\/category\/esportes\/\" class=\"advgb-post-tax-term\">campe\u00e3o<\/a>","<a href=\"https:\/\/lavras.tv\/site\/category\/esportes\/\" class=\"advgb-post-tax-term\">futebol<\/a>","<a href=\"https:\/\/lavras.tv\/site\/category\/esportes\/\" class=\"advgb-post-tax-term\">palmeiras<\/a>"],"unlinked":["<span class=\"advgb-post-tax-term\">antecipa\u00e7\u00e3o<\/span>","<span class=\"advgb-post-tax-term\">Brasileir\u00e3o<\/span>","<span class=\"advgb-post-tax-term\">campe\u00e3o<\/span>","<span class=\"advgb-post-tax-term\">futebol<\/span>","<span class=\"advgb-post-tax-term\">palmeiras<\/span>"]}},"comment_count":"0","relative_dates":{"created":"Publicado 9 anos atr\u00e1s","modified":"Atualizado 9 anos atr\u00e1s"},"absolute_dates":{"created":"Publicado em 28 de novembro de 2016","modified":"Atualizado em 28 de novembro de 2016"},"absolute_dates_time":{"created":"Publicado em 28 de novembro de 2016 08:49","modified":"Atualizado em 28 de novembro de 2016 08:49"},"featured_img_caption":"","series_order":"","_links":{"self":[{"href":"https:\/\/lavras.tv\/site\/wp-json\/wp\/v2\/posts\/4297","targetHints":{"allow":["GET"]}}],"collection":[{"href":"https:\/\/lavras.tv\/site\/wp-json\/wp\/v2\/posts"}],"about":[{"href":"https:\/\/lavras.tv\/site\/wp-json\/wp\/v2\/types\/post"}],"author":[{"embeddable":true,"href":"https:\/\/lavras.tv\/site\/wp-json\/wp\/v2\/users\/2"}],"replies":[{"embeddable":true,"href":"https:\/\/lavras.tv\/site\/wp-json\/wp\/v2\/comments?post=4297"}],"version-history":[{"count":1,"href":"https:\/\/lavras.tv\/site\/wp-json\/wp\/v2\/posts\/4297\/revisions"}],"predecessor-version":[{"id":4299,"href":"https:\/\/lavras.tv\/site\/wp-json\/wp\/v2\/posts\/4297\/revisions\/4299"}],"wp:featuredmedia":[{"embeddable":true,"href":"https:\/\/lavras.tv\/site\/wp-json\/wp\/v2\/media\/4298"}],"wp:attachment":[{"href":"https:\/\/lavras.tv\/site\/wp-json\/wp\/v2\/media?parent=4297"}],"wp:term":[{"taxonomy":"category","embeddable":true,"href":"https:\/\/lavras.tv\/site\/wp-json\/wp\/v2\/categories?post=4297"},{"taxonomy":"post_tag","embeddable":true,"href":"https:\/\/lavras.tv\/site\/wp-json\/wp\/v2\/tags?post=4297"}],"curies":[{"name":"wp","href":"https:\/\/api.w.org\/{rel}","templated":true}]}}