{"id":4336,"date":"2016-11-29T08:07:31","date_gmt":"2016-11-29T10:07:31","guid":{"rendered":"http:\/\/lavras.tv\/site\/?p=4336"},"modified":"2016-11-29T08:07:31","modified_gmt":"2016-11-29T10:07:31","slug":"tae-kwon-do-lavrense-da-show-em-brasilia","status":"publish","type":"post","link":"https:\/\/lavras.tv\/site\/2016\/11\/29\/tae-kwon-do-lavrense-da-show-em-brasilia\/","title":{"rendered":"Tae Kwon-Do lavrense d\u00e1 show em Bras\u00edlia"},"content":{"rendered":"<div class=\"lavra-antes-do-conteudo_2\" id=\"lavra-1167358910\"><div id=\"lavra-slider-27\" class=\"custom-slider lavra-slider-215671411 lavra-slider\"><ul><li><div style=\"margin-left: auto;margin-right: auto;text-align: center;\" id=\"lavra-3392026670\"><a href=\"https:\/\/sistemas.lavras.mg.gov.br\/portalcidadao\/#df1b1a7c7b2a290bcb31e32771e610784662739a88807c0dacac58ede5f391a7530e299dc302d611ee73cb143fc22eaf93592e53e7b5bdb01b00a0b8d28dae460c141dd2ff83412e4dc1c31b16b25f33144a9e5620ea73b13f5bc1c59411d98439ad226e8af03840603796067d87afe130812cf3de24982d0e306f9e61e764e5\" aria-label=\"Lavras-TV&#8211;720x104px (1) (1)\"><img src=\"https:\/\/lavras.tv\/site\/wp-content\/uploads\/2025\/01\/Lavras-TV-720x104px-1-1.png\" alt=\"\"  srcset=\"https:\/\/lavras.tv\/site\/wp-content\/uploads\/2025\/01\/Lavras-TV-720x104px-1-1.png 720w, https:\/\/lavras.tv\/site\/wp-content\/uploads\/2025\/01\/Lavras-TV-720x104px-1-1-470x68.png 470w, https:\/\/lavras.tv\/site\/wp-content\/uploads\/2025\/01\/Lavras-TV-720x104px-1-1-170x25.png 170w, https:\/\/lavras.tv\/site\/wp-content\/uploads\/2025\/01\/Lavras-TV-720x104px-1-1-200x29.png 200w\" sizes=\"(max-width: 720px) 100vw, 720px\" width=\"720\" height=\"104\"  style=\"display: inline-block;\" \/><\/a><\/div><\/li><li><a href=\"https:\/\/sistemas.lavras.mg.gov.br\/portalcidadao\/#df1b1a7c7b2a290bcb31e32771e610784662739a88807c0dacac58ede5f391a7530e299dc302d611ee73cb143fc22eaf93592e53e7b5bdb01b00a0b8d28dae460c141dd2ff83412e4dc1c31b16b25f33144a9e5620ea73b13f5bc1c59411d98439ad226e8af03840603796067d87afe130812cf3de24982d0e306f9e61e764e5\" aria-label=\"Banner_Emprego_PortallavrasTV\"><img src=\"https:\/\/lavras.tv\/site\/wp-content\/uploads\/2025\/03\/Banner_Emprego_PortallavrasTV.png\" alt=\"\"  srcset=\"https:\/\/lavras.tv\/site\/wp-content\/uploads\/2025\/03\/Banner_Emprego_PortallavrasTV.png 720w, https:\/\/lavras.tv\/site\/wp-content\/uploads\/2025\/03\/Banner_Emprego_PortallavrasTV-470x68.png 470w, https:\/\/lavras.tv\/site\/wp-content\/uploads\/2025\/03\/Banner_Emprego_PortallavrasTV-170x25.png 170w, https:\/\/lavras.tv\/site\/wp-content\/uploads\/2025\/03\/Banner_Emprego_PortallavrasTV-200x29.png 200w\" sizes=\"(max-width: 720px) 100vw, 720px\" width=\"720\" height=\"104\"   \/><\/a><\/li><li><a href=\"https:\/\/sistemas.lavras.mg.gov.br\/portalcidadao\/#df1b1a7c7b2a290bcb31e32771e610784662739a88807c0dacac58ede5f391a7530e299dc302d611ee73cb143fc22eaf93592e53e7b5bdb01b00a0b8d28dae460c141dd2ff83412e4dc1c31b16b25f33144a9e5620ea73b13f5bc1c59411d98439ad226e8af03840603796067d87afe130812cf3de24982d0e306f9e61e764e5\" aria-label=\"Banner_Obras_PortallavrasTV\"><img src=\"https:\/\/lavras.tv\/site\/wp-content\/uploads\/2025\/03\/Banner_Obras_PortallavrasTV.png\" alt=\"\"  srcset=\"https:\/\/lavras.tv\/site\/wp-content\/uploads\/2025\/03\/Banner_Obras_PortallavrasTV.png 720w, https:\/\/lavras.tv\/site\/wp-content\/uploads\/2025\/03\/Banner_Obras_PortallavrasTV-470x68.png 470w, https:\/\/lavras.tv\/site\/wp-content\/uploads\/2025\/03\/Banner_Obras_PortallavrasTV-170x25.png 170w, https:\/\/lavras.tv\/site\/wp-content\/uploads\/2025\/03\/Banner_Obras_PortallavrasTV-200x29.png 200w\" sizes=\"(max-width: 720px) 100vw, 720px\" width=\"720\" height=\"104\"   \/><\/a><\/li><li><div style=\"margin-left: auto;margin-right: auto;text-align: center;\" id=\"lavra-2517707597\"><a href=\"https:\/\/sistemas.lavras.mg.gov.br\/portalcidadao\/#df1b1a7c7b2a290bcb31e32771e610784662739a88807c0dacac58ede5f391a7530e299dc302d611ee73cb143fc22eaf93592e53e7b5bdb01b00a0b8d28dae460c141dd2ff83412e4dc1c31b16b25f33144a9e5620ea73b13f5bc1c59411d98439ad226e8af03840603796067d87afe130812cf3de24982d0e306f9e61e764e5\" aria-label=\"Banner_Educa\u00e7\u00e3o_PortallavrasTV\"><img src=\"https:\/\/lavras.tv\/site\/wp-content\/uploads\/2025\/01\/Banner_Educacao_PortallavrasTV.png\" alt=\"\"  srcset=\"https:\/\/lavras.tv\/site\/wp-content\/uploads\/2025\/01\/Banner_Educacao_PortallavrasTV.png 720w, https:\/\/lavras.tv\/site\/wp-content\/uploads\/2025\/01\/Banner_Educacao_PortallavrasTV-470x68.png 470w, https:\/\/lavras.tv\/site\/wp-content\/uploads\/2025\/01\/Banner_Educacao_PortallavrasTV-170x25.png 170w, https:\/\/lavras.tv\/site\/wp-content\/uploads\/2025\/01\/Banner_Educacao_PortallavrasTV-200x29.png 200w\" sizes=\"(max-width: 720px) 100vw, 720px\" width=\"720\" height=\"104\"  style=\"display: inline-block;\" \/><\/a><\/div><\/li><li><a href=\"https:\/\/sistemas.lavras.mg.gov.br\/portalcidadao\/#df1b1a7c7b2a290bcb31e32771e610784662739a88807c0dacac58ede5f391a7530e299dc302d611ee73cb143fc22eaf93592e53e7b5bdb01b00a0b8d28dae460c141dd2ff83412e4dc1c31b16b25f33144a9e5620ea73b13f5bc1c59411d98439ad226e8af03840603796067d87afe130812cf3de24982d0e306f9e61e764e5\" aria-label=\"Banner_Sa\u00fade_PortallavrasTV\"><img src=\"https:\/\/lavras.tv\/site\/wp-content\/uploads\/2025\/03\/Banner_Saude_PortallavrasTV.png\" alt=\"\"  srcset=\"https:\/\/lavras.tv\/site\/wp-content\/uploads\/2025\/03\/Banner_Saude_PortallavrasTV.png 720w, https:\/\/lavras.tv\/site\/wp-content\/uploads\/2025\/03\/Banner_Saude_PortallavrasTV-470x68.png 470w, https:\/\/lavras.tv\/site\/wp-content\/uploads\/2025\/03\/Banner_Saude_PortallavrasTV-170x25.png 170w, https:\/\/lavras.tv\/site\/wp-content\/uploads\/2025\/03\/Banner_Saude_PortallavrasTV-200x29.png 200w\" sizes=\"(max-width: 720px) 100vw, 720px\" width=\"720\" height=\"104\"   \/><\/a><\/li><li><div id=\"lavra-295620298\" style=\"width:720px;height:104px;background-color:#ddd;overflow:scroll;\">\n\t<strong>Sa\u00edda da depura\u00e7\u00e3o de an\u00fancios<\/strong>\n\t<br><br>\n\tO an\u00fancio n\u00e3o \u00e9 exibido na p\u00e1gina<br><br>post atual: Tae Kwon-Do lavrense d\u00e1 show em Bras\u00edlia, ID: 4336<br><br><span style=\"color: red;\">O post atual n\u00e3o \u00e9 id\u00eantico ao post principal.<\/span><br><br>An\u00fancios: ROXO - TOPO INTERNA - ROTATIVO 2 (197)<br \/>Grupo de an\u00fancios: Princ_Meio01_720x104 (27)<br><br>Condi\u00e7\u00f5es de exibi\u00e7\u00e3o<div style=\"margin-bottom: 20px; white-space: pre-wrap; font-family: monospace; width: 100%; background: #ffe9e9;\"><strong>condi\u00e7\u00f5es gerais<\/strong><table border=\"1\"><thead><tr><th><\/th><th>An\u00fancios<\/th><th>wp_the_query<\/th><\/tr><\/thead><tr><td>is_main_query<\/td><td>1<\/td><td>1<\/td><\/tr><tr><td>is_rest_api<\/td><td>0<\/td><td>1<\/td><\/tr><tr><td>page<\/td><td>0<\/td><td>1<\/td><\/tr><tr><td>numpages<\/td><td>0<\/td><td>1<\/td><\/tr><tr><td>is_archive<\/td><td>1<\/td><td><\/td><\/tr><tr><td>is_search<\/td><td>1<\/td><td><\/td><\/tr><tr><td>is_home<\/td><td>1<\/td><td><\/td><\/tr><tr><td>is_404<\/td><td>1<\/td><td><\/td><\/tr><tr><td>is_attachment<\/td><td>1<\/td><td><\/td><\/tr><tr><td>is_singular<\/td><td>1<\/td><td><\/td><\/tr><tr><td>is_front_page<\/td><td>1<\/td><td><\/td><\/tr><tr><td>is_feed<\/td><td>1<\/td><td><\/td><\/tr><\/table><\/div><br><br><span style=\"color: red;\">Seu site usa HTTPS, mas o c\u00f3digo do an\u00fancio cont\u00e9m HTTP e pode n\u00e3o funcionar.<\/span>\t<br><br>\n\t<a style=\"color: green;\" href=\"https:\/\/wpadvancedads.com\/manual\/ad-debug-mode\/?utm_source=advanced-ads&utm_medium=link&utm_campaign=ad-debug-mode\" target=\"_blank\" rel=\"nofollow\">Encontre solu\u00e7\u00f5es no manual<\/a>\n<\/div>\n<\/li><\/ul><\/div><script>( window.advanced_ads_ready || jQuery( document ).ready ).call( null, function() {var $lavraslider215671411 = jQuery( \".lavra-slider-215671411\" );$lavraslider215671411.on( \"unslider.ready\", function() { jQuery( \"div.custom-slider ul li\" ).css( \"display\", \"block\" ); });$lavraslider215671411.unslider({ delay:4000, autoplay:true, nav:false, arrows:false, infinite:true });$lavraslider215671411.on(\"mouseover\", function() {$lavraslider215671411.unslider(\"stop\");}).on(\"mouseout\", function() {$lavraslider215671411.unslider(\"start\");});});<\/script><\/div><p>Aconteceu neste fim de semana, em Bras\u00edlia (DF), aconteceu a Copa do Brasil de Tae Kwon-Do. <!--more-->Este evento fecha o calend\u00e1rio competitivo de 2016 e contou com a participa\u00e7\u00e3o de atletas de todo Brasil, onde valeu 15 pontos para o Ranking Nacional.<\/p>\n<p>A Academia Gym Center esteve presente com 8 atletas distribu\u00eddos nas categorias Cadetes, Juvenil e Adulto. O atleta Lucas Wallace de Oliveira se sagrou campe\u00e3o na categoria Cadete at\u00e9 57 Kg, ap\u00f3s vencer 3 lutas. Outro atleta que se sagrou campe\u00e3o da competi\u00e7\u00e3o foi David Eduardo Silva na categoria Juvenil at\u00e9 78 Kg. David enfrentou em sua primeira luta o atleta catarinense Vitor Candido no qual venceu por um placar de 2 a 1. No inicio do ano, David tinha sido derrotado pelo mesmo atleta no Grand Slam (Seletiva para o Campeonato Mundial), j\u00e1 na final venceu o atleta do Paran\u00e1 (John Carlos) por um placar el\u00e1stico de 14 a 4. A atleta Stef\u00e2nia Tavares tamb\u00e9m se sagrou campe\u00e3 da competi\u00e7\u00e3o na categoria Adulta at\u00e9 49 Kg. Em sua primeira luta Stef\u00e2nia enfrentou a atleta de S\u00e3o Paulo (Carolina Almeida) vencendo-a por um placar de 1 a 0 que foi definido nos \u00faltimos 2 segundos de luta. Em sua segunda luta, Stef\u00e2nia enfrentou a atleta 2\u00aa do Ranking Nacional a pernambucana Gisely Bianca, no qual venceu por um placar de 7 a 2. J\u00e1 na final, Stef\u00e2nia enfrentou uma de suas maiores advers\u00e1rias e uma das atletas mais experientes do Brasil na categoria, a atleta do Paran\u00e1 (Let\u00edcia Farias). Stef\u00e2nia come\u00e7ou perdendo a luta por um placar de 2 a 0, mas no \u00faltimo round (3\u00ba Round), numa luta emocionante, Stef\u00e2nia superou sua advers\u00e1ria e virou o placar para 5 a 2 e assim se sagrando campe\u00e3 da competi\u00e7\u00e3o.<\/p>\n<p><img fetchpriority=\"high\" decoding=\"async\" class=\" wp-image-4337 aligncenter\" src=\"http:\/\/lavras.tv\/site\/wp-content\/uploads\/2016\/11\/IMG-20161127-WA0053.jpg\" alt=\"img-20161127-wa0053\" width=\"670\" height=\"377\" srcset=\"https:\/\/lavras.tv\/site\/wp-content\/uploads\/2016\/11\/IMG-20161127-WA0053.jpg 960w, https:\/\/lavras.tv\/site\/wp-content\/uploads\/2016\/11\/IMG-20161127-WA0053-150x84.jpg 150w, https:\/\/lavras.tv\/site\/wp-content\/uploads\/2016\/11\/IMG-20161127-WA0053-300x169.jpg 300w\" sizes=\"(max-width: 670px) 100vw, 670px\" \/><\/p>\n<p>A atleta Thallita Fabrino Silva Salles conquistou a medalha de bronze na categoria Juvenil at\u00e9 63 Kg. Thallita venceu sua primeira luta contra a atleta do Paran\u00e1 (Ana Paula Alves), mas infelizmente foi derrotada na semi final por um placar de 3 a 2 pela atleta de Santa Catarina (Amanda Kingerski). O atleta Luiz Felipe Pereira tamb\u00e9m conquistou a medalha de bronze na competi\u00e7\u00e3o na categoria Juvenil acima de 78 Kg. Luiz venceu sua primeira luta contra o atleta do Cear\u00e1 (Francisco Brasil), mas foi derrotado na semi final pelo atleta do Acre (Daniel Souza) e assim conquistando a medalha de bronze.<\/p>\n<p>Os atletas Erick Luis Silva (Juvenil at\u00e9 51 Kg), Keven Guilherme (Juvenil at\u00e9 63 Kg) e Matheus Dias Maciel (Juvenil at\u00e9 68 Kg) tamb\u00e9m participaram da competi\u00e7\u00e3o, mas n\u00e3o subindo ao p\u00f3dio os atletas se mostraram grande espirito de luta, no qual buscaram resultado at\u00e9 o \u00faltimo segundo de luta.<\/p>\n<p>A Equipe Gym Center tamb\u00e9m conquistou 2 medalhas de prata e uma medalha de bronze com atletas vinculados a ela. Os atletas Vice Campe\u00f5es foram a Mariana Braga na categoria Cadete at\u00e9 59 Kg e Aaron C\u00e9zar Vargas na categoria Adulta at\u00e9 58 Kg. A medalha de bronze ficou com o atleta Kelwin Geremias na categoria Cadete at\u00e9 41 Kg.<\/p>\n<p>O Mestre Valdeci Zampieri (T\u00e9cnico da Equipe) ficou muito feliz e satisfeito com o resultado de seus atletas, pois est\u00e3o no caminho certo, onde mostram excelente resultados numa das competi\u00e7\u00f5es mais importante do pa\u00eds.<\/p>\n<p>A equipe agradece a HBens Construtora e Incorporadora pelo apoio que tem prestado aos atletas e ao Prof. Fernando Roberto de Oliveira (Atletismo Cria Lavras da UFLA) por todo suporte na fase de prepara\u00e7\u00e3o f\u00edsica dos atletas.<\/p>\n<p>J\u00e1 os atletas Lucas Wallace de Oliveira, Thallita Fabrino e Matheus Dias Maciel, juntamente com o Mestre Valdeci Zampieri agradecem a Secretaria de Esportes de Minas Gerais pelo apoio atrav\u00e9s do Bolsa Atleta e Bolsa T\u00e9cnico.<\/p>\n","protected":false},"excerpt":{"rendered":"<p>Aconteceu neste fim de semana, em Bras\u00edlia (DF), aconteceu a Copa do Brasil de Tae Kwon-Do.<\/p>\n","protected":false},"author":2,"featured_media":4337,"comment_status":"closed","ping_status":"open","sticky":false,"template":"","format":"standard","meta":{"advgb_blocks_editor_width":"","advgb_blocks_columns_visual_guide":"","_exactmetrics_skip_tracking":false,"_exactmetrics_sitenote_active":false,"_exactmetrics_sitenote_note":"","_exactmetrics_sitenote_category":0,"footnotes":""},"categories":[7,3],"tags":[895,922,966,34,44,1603,801],"class_list":["post-4336","post","type-post","status-publish","format-standard","has-post-thumbnail","hentry","category-destaques","category-esportes","tag-895","tag-copa-do-brasil","tag-esporte","tag-lavras","tag-lavras-mg","tag-tae-kwon-do","tag-valdeci-zampieri"],"better_featured_image":{"id":4337,"alt_text":"","caption":"","description":"","media_type":"image","media_details":{"width":960,"height":540,"file":"2016\/11\/IMG-20161127-WA0053.jpg","sizes":{"thumbnail":{"file":"IMG-20161127-WA0053-150x84.jpg","width":150,"height":84,"mime-type":"image\/jpeg","source_url":"https:\/\/lavras.tv\/site\/wp-content\/uploads\/2016\/11\/IMG-20161127-WA0053-150x84.jpg"},"medium":{"file":"IMG-20161127-WA0053-300x169.jpg","width":300,"height":169,"mime-type":"image\/jpeg","source_url":"https:\/\/lavras.tv\/site\/wp-content\/uploads\/2016\/11\/IMG-20161127-WA0053-300x169.jpg"},"featured-slider-img":{"file":"IMG-20161127-WA0053-640x480.jpg","width":640,"height":480,"mime-type":"image\/jpeg","source_url":"https:\/\/lavras.tv\/site\/wp-content\/uploads\/2016\/11\/IMG-20161127-WA0053-640x480.jpg"},"featured-post-img":{"file":"IMG-20161127-WA0053-480x320.jpg","width":480,"height":320,"mime-type":"image\/jpeg","source_url":"https:\/\/lavras.tv\/site\/wp-content\/uploads\/2016\/11\/IMG-20161127-WA0053-480x320.jpg"},"sow-carousel-default":{"file":"IMG-20161127-WA0053-272x182.jpg","width":272,"height":182,"mime-type":"image\/jpeg","source_url":"https:\/\/lavras.tv\/site\/wp-content\/uploads\/2016\/11\/IMG-20161127-WA0053-272x182.jpg"}},"image_meta":{"aperture":"0","credit":"","camera":"","caption":"","created_timestamp":"0","copyright":"","focal_length":"0","iso":"0","shutter_speed":"0","title":"","orientation":"0","keywords":[]}},"post":4336,"source_url":"https:\/\/lavras.tv\/site\/wp-content\/uploads\/2016\/11\/IMG-20161127-WA0053.jpg"},"author_meta":{"display_name":"Lavras TV","author_link":"https:\/\/lavras.tv\/site\/author\/lavrastv\/"},"featured_img":"https:\/\/lavras.tv\/site\/wp-content\/uploads\/2016\/11\/IMG-20161127-WA0053-300x169.jpg","coauthors":[],"tax_additional":{"categories":{"linked":["<a href=\"https:\/\/lavras.tv\/site\/category\/destaques\/\" class=\"advgb-post-tax-term\">Destaques<\/a>","<a href=\"https:\/\/lavras.tv\/site\/category\/esportes\/\" class=\"advgb-post-tax-term\">Esportes<\/a>"],"unlinked":["<span class=\"advgb-post-tax-term\">Destaques<\/span>","<span class=\"advgb-post-tax-term\">Esportes<\/span>"]},"tags":{"linked":["<a href=\"https:\/\/lavras.tv\/site\/category\/esportes\/\" class=\"advgb-post-tax-term\">2017<\/a>","<a href=\"https:\/\/lavras.tv\/site\/category\/esportes\/\" class=\"advgb-post-tax-term\">copa do brasil<\/a>","<a href=\"https:\/\/lavras.tv\/site\/category\/esportes\/\" class=\"advgb-post-tax-term\">esporte<\/a>","<a href=\"https:\/\/lavras.tv\/site\/category\/esportes\/\" class=\"advgb-post-tax-term\">lavras<\/a>","<a href=\"https:\/\/lavras.tv\/site\/category\/esportes\/\" class=\"advgb-post-tax-term\">lavras mg<\/a>","<a href=\"https:\/\/lavras.tv\/site\/category\/esportes\/\" class=\"advgb-post-tax-term\">tae-kwon-do<\/a>","<a href=\"https:\/\/lavras.tv\/site\/category\/esportes\/\" class=\"advgb-post-tax-term\">valdeci zampieri<\/a>"],"unlinked":["<span class=\"advgb-post-tax-term\">2017<\/span>","<span class=\"advgb-post-tax-term\">copa do brasil<\/span>","<span class=\"advgb-post-tax-term\">esporte<\/span>","<span class=\"advgb-post-tax-term\">lavras<\/span>","<span class=\"advgb-post-tax-term\">lavras mg<\/span>","<span class=\"advgb-post-tax-term\">tae-kwon-do<\/span>","<span class=\"advgb-post-tax-term\">valdeci zampieri<\/span>"]}},"comment_count":"0","relative_dates":{"created":"Publicado 9 anos atr\u00e1s","modified":"Atualizado 9 anos atr\u00e1s"},"absolute_dates":{"created":"Publicado em 29 de novembro de 2016","modified":"Atualizado em 29 de novembro de 2016"},"absolute_dates_time":{"created":"Publicado em 29 de novembro de 2016 08:07","modified":"Atualizado em 29 de novembro de 2016 08:07"},"featured_img_caption":"","series_order":"","_links":{"self":[{"href":"https:\/\/lavras.tv\/site\/wp-json\/wp\/v2\/posts\/4336","targetHints":{"allow":["GET"]}}],"collection":[{"href":"https:\/\/lavras.tv\/site\/wp-json\/wp\/v2\/posts"}],"about":[{"href":"https:\/\/lavras.tv\/site\/wp-json\/wp\/v2\/types\/post"}],"author":[{"embeddable":true,"href":"https:\/\/lavras.tv\/site\/wp-json\/wp\/v2\/users\/2"}],"replies":[{"embeddable":true,"href":"https:\/\/lavras.tv\/site\/wp-json\/wp\/v2\/comments?post=4336"}],"version-history":[{"count":1,"href":"https:\/\/lavras.tv\/site\/wp-json\/wp\/v2\/posts\/4336\/revisions"}],"predecessor-version":[{"id":4338,"href":"https:\/\/lavras.tv\/site\/wp-json\/wp\/v2\/posts\/4336\/revisions\/4338"}],"wp:featuredmedia":[{"embeddable":true,"href":"https:\/\/lavras.tv\/site\/wp-json\/wp\/v2\/media\/4337"}],"wp:attachment":[{"href":"https:\/\/lavras.tv\/site\/wp-json\/wp\/v2\/media?parent=4336"}],"wp:term":[{"taxonomy":"category","embeddable":true,"href":"https:\/\/lavras.tv\/site\/wp-json\/wp\/v2\/categories?post=4336"},{"taxonomy":"post_tag","embeddable":true,"href":"https:\/\/lavras.tv\/site\/wp-json\/wp\/v2\/tags?post=4336"}],"curies":[{"name":"wp","href":"https:\/\/api.w.org\/{rel}","templated":true}]}}